{"id":16923,"date":"2025-02-06T22:40:19","date_gmt":"2025-02-07T01:40:19","guid":{"rendered":"https:\/\/www.em.com.br\/emfoco\/?p=16923"},"modified":"2025-02-05T15:55:58","modified_gmt":"2025-02-05T18:55:58","slug":"conheca-o-apple-invites-o-novo-app-da-apple-para-eventos-sociais","status":"publish","type":"post","link":"https:\/\/www.em.com.br\/emfoco\/2025\/02\/06\/conheca-o-apple-invites-o-novo-app-da-apple-para-eventos-sociais\/","title":{"rendered":"Conhe\u00e7a o Apple Invites! O novo app da Apple para eventos sociais"},"content":{"rendered":"\n<p>A <strong>Apple <\/strong>deu um passo significativo no mundo dos aplicativos de organiza\u00e7\u00e3o com o lan\u00e7amento do <a href=\"https:\/\/www.apple.com\/newsroom\/2025\/02\/introducing-apple-invites-a-new-app-that-brings-people-together\/\" target=\"_blank\" rel=\"noreferrer noopener\">Apple Invites<\/a>, em mar\u00e7o de 2025. Este <strong>novo aplicativo<\/strong> procura revitalizar a forma como<strong> eventos sociais s\u00e3o planejados e geridos, prometendo uma experi\u00eancia mais integrada e facilitada<\/strong>. Ao reunir diversas funcionalidades essenciais em uma \u00fanica plataforma, o <strong>Apple Invites<\/strong> visa elevar a experi\u00eancia de cria\u00e7\u00e3o e gerenciamento de eventos.<\/p>\n\n\n\n<p>O Apple Invites permite que os usu\u00e1rios planejem eventos de forma eficiente, oferecendo op\u00e7\u00f5es para visualizar e gerenciar reuni\u00f5es e encontros facilmente. O aplicativo destaca-se por oferecer funcionalidades modernas, tais como a capacidade de personalizar o design dos convites e compartilhar detalhes importantes do evento.<\/p>\n\n\n\n<h2 class=\"wp-block-heading\">O que o Apple Invites oferece?<\/h2>\n\n\n\n<p>Entre os muitos recursos do Apple Invites, <strong>a integra\u00e7\u00e3o com apps vizinhos como o Tempo e o Apple Music se sobressai<\/strong>. Isso permite que os anfitri\u00f5es do evento ofere\u00e7am uma experi\u00eancia interativa, com previs\u00f5es do tempo exibidas diretamente no convite e playlists colaborativas para animar a ocasi\u00e3o. Tal integra\u00e7\u00e3o garante que todos os detalhes importantes do evento fiquem acess\u00edveis de forma conveniente.<\/p>\n\n\n\n<p>Embora o <a href=\"https:\/\/www.em.com.br\/emfoco\/2025\/01\/31\/apple-libera-atualizacao-para-corrigir-falha-de-seguranca-no-iphone-e-mac\/\" target=\"_blank\" rel=\"noreferrer noopener\">Apple <\/a>Invites seja acess\u00edvel a todos, criar e gerenciar eventos requer uma assinatura do<strong> iCloud Plus<\/strong>. Esse modelo de assinatura garante que recursos avan\u00e7ados estejam dispon\u00edveis para aqueles que desejam uma personaliza\u00e7\u00e3o mais profunda e controle sobre os eventos que organizam.<\/p>\n\n\n\n<blockquote class=\"instagram-media\" data-instgrm-captioned data-instgrm-permalink=\"https:\/\/www.instagram.com\/p\/DFqJ3DaPTyL\/?utm_source=ig_embed&amp;utm_campaign=loading\" data-instgrm-version=\"14\" style=\" background:#FFF; border:0; border-radius:3px; box-shadow:0 0 1px 0 rgba(0,0,0,0.5),0 1px 10px 0 rgba(0,0,0,0.15); margin: 1px; max-width:540px; min-width:326px; padding:0; width:99.375%; width:-webkit-calc(100% - 2px); width:calc(100% - 2px);\"><div style=\"padding:16px;\"> <a href=\"https:\/\/www.instagram.com\/p\/DFqJ3DaPTyL\/?utm_source=ig_embed&amp;utm_campaign=loading\" style=\" background:#FFFFFF; line-height:0; padding:0 0; text-align:center; text-decoration:none; width:100%;\" target=\"_blank\"> <div style=\" display: flex; flex-direction: row; align-items: center;\"> <div style=\"background-color: #F4F4F4; border-radius: 50%; flex-grow: 0; height: 40px; margin-right: 14px; width: 40px;\"><\/div> <div style=\"display: flex; flex-direction: column; flex-grow: 1; justify-content: center;\"> <div style=\" background-color: #F4F4F4; border-radius: 4px; flex-grow: 0; height: 14px; margin-bottom: 6px; width: 100px;\"><\/div> <div style=\" background-color: #F4F4F4; border-radius: 4px; flex-grow: 0; height: 14px; width: 60px;\"><\/div><\/div><\/div><div style=\"padding: 19% 0;\"><\/div> <div style=\"display:block; height:50px; margin:0 auto 12px; width:50px;\"><svg width=\"50px\" height=\"50px\" viewBox=\"0 0 60 60\" version=\"1.1\" xmlns=\"https:\/\/www.w3.org\/2000\/svg\" xmlns:xlink=\"https:\/\/www.w3.org\/1999\/xlink\"><g stroke=\"none\" stroke-width=\"1\" fill=\"none\" fill-rule=\"evenodd\"><g transform=\"translate(-511.000000, -20.000000)\" fill=\"#000000\"><g><path d=\"M556.869,30.41 C554.814,30.41 553.148,32.076 553.148,34.131 C553.148,36.186 554.814,37.852 556.869,37.852 C558.924,37.852 560.59,36.186 560.59,34.131 C560.59,32.076 558.924,30.41 556.869,30.41 M541,60.657 C535.114,60.657 530.342,55.887 530.342,50 C530.342,44.114 535.114,39.342 541,39.342 C546.887,39.342 551.658,44.114 551.658,50 C551.658,55.887 546.887,60.657 541,60.657 M541,33.886 C532.1,33.886 524.886,41.1 524.886,50 C524.886,58.899 532.1,66.113 541,66.113 C549.9,66.113 557.115,58.899 557.115,50 C557.115,41.1 549.9,33.886 541,33.886 M565.378,62.101 C565.244,65.022 564.756,66.606 564.346,67.663 C563.803,69.06 563.154,70.057 562.106,71.106 C561.058,72.155 560.06,72.803 558.662,73.347 C557.607,73.757 556.021,74.244 553.102,74.378 C549.944,74.521 548.997,74.552 541,74.552 C533.003,74.552 532.056,74.521 528.898,74.378 C525.979,74.244 524.393,73.757 523.338,73.347 C521.94,72.803 520.942,72.155 519.894,71.106 C518.846,70.057 518.197,69.06 517.654,67.663 C517.244,66.606 516.755,65.022 516.623,62.101 C516.479,58.943 516.448,57.996 516.448,50 C516.448,42.003 516.479,41.056 516.623,37.899 C516.755,34.978 517.244,33.391 517.654,32.338 C518.197,30.938 518.846,29.942 519.894,28.894 C520.942,27.846 521.94,27.196 523.338,26.654 C524.393,26.244 525.979,25.756 528.898,25.623 C532.057,25.479 533.004,25.448 541,25.448 C548.997,25.448 549.943,25.479 553.102,25.623 C556.021,25.756 557.607,26.244 558.662,26.654 C560.06,27.196 561.058,27.846 562.106,28.894 C563.154,29.942 563.803,30.938 564.346,32.338 C564.756,33.391 565.244,34.978 565.378,37.899 C565.522,41.056 565.552,42.003 565.552,50 C565.552,57.996 565.522,58.943 565.378,62.101 M570.82,37.631 C570.674,34.438 570.167,32.258 569.425,30.349 C568.659,28.377 567.633,26.702 565.965,25.035 C564.297,23.368 562.623,22.342 560.652,21.575 C558.743,20.834 556.562,20.326 553.369,20.18 C550.169,20.033 549.148,20 541,20 C532.853,20 531.831,20.033 528.631,20.18 C525.438,20.326 523.257,20.834 521.349,21.575 C519.376,22.342 517.703,23.368 516.035,25.035 C514.368,26.702 513.342,28.377 512.574,30.349 C511.834,32.258 511.326,34.438 511.181,37.631 C511.035,40.831 511,41.851 511,50 C511,58.147 511.035,59.17 511.181,62.369 C511.326,65.562 511.834,67.743 512.574,69.651 C513.342,71.625 514.368,73.296 516.035,74.965 C517.703,76.634 519.376,77.658 521.349,78.425 C523.257,79.167 525.438,79.673 528.631,79.82 C531.831,79.965 532.853,80.001 541,80.001 C549.148,80.001 550.169,79.965 553.369,79.82 C556.562,79.673 558.743,79.167 560.652,78.425 C562.623,77.658 564.297,76.634 565.965,74.965 C567.633,73.296 568.659,71.625 569.425,69.651 C570.167,67.743 570.674,65.562 570.82,62.369 C570.966,59.17 571,58.147 571,50 C571,41.851 570.966,40.831 570.82,37.631\"><\/path><\/g><\/g><\/g><\/svg><\/div><div style=\"padding-top: 8px;\"> <div style=\" color:#3897f0; font-family:Arial,sans-serif; font-size:14px; font-style:normal; font-weight:550; line-height:18px;\">Ver essa foto no Instagram<\/div><\/div><div style=\"padding: 12.5% 0;\"><\/div> <div style=\"display: flex; flex-direction: row; margin-bottom: 14px; align-items: center;\"><div> <div style=\"background-color: #F4F4F4; border-radius: 50%; height: 12.5px; width: 12.5px; transform: translateX(0px) translateY(7px);\"><\/div> <div style=\"background-color: #F4F4F4; height: 12.5px; transform: rotate(-45deg) translateX(3px) translateY(1px); width: 12.5px; flex-grow: 0; margin-right: 14px; margin-left: 2px;\"><\/div> <div style=\"background-color: #F4F4F4; border-radius: 50%; height: 12.5px; width: 12.5px; transform: translateX(9px) translateY(-18px);\"><\/div><\/div><div style=\"margin-left: 8px;\"> <div style=\" background-color: #F4F4F4; border-radius: 50%; flex-grow: 0; height: 20px; width: 20px;\"><\/div> <div style=\" width: 0; height: 0; border-top: 2px solid transparent; border-left: 6px solid #f4f4f4; border-bottom: 2px solid transparent; transform: translateX(16px) translateY(-4px) rotate(30deg)\"><\/div><\/div><div style=\"margin-left: auto;\"> <div style=\" width: 0px; border-top: 8px solid #F4F4F4; border-right: 8px solid transparent; transform: translateY(16px);\"><\/div> <div style=\" background-color: #F4F4F4; flex-grow: 0; height: 12px; width: 16px; transform: translateY(-4px);\"><\/div> <div style=\" width: 0; height: 0; border-top: 8px solid #F4F4F4; border-left: 8px solid transparent; transform: translateY(-4px) translateX(8px);\"><\/div><\/div><\/div> <div style=\"display: flex; flex-direction: column; flex-grow: 1; justify-content: center; margin-bottom: 24px;\"> <div style=\" background-color: #F4F4F4; border-radius: 4px; flex-grow: 0; height: 14px; margin-bottom: 6px; width: 224px;\"><\/div> <div style=\" background-color: #F4F4F4; border-radius: 4px; flex-grow: 0; height: 14px; width: 144px;\"><\/div><\/div><\/a><p style=\" color:#c9c8cd; font-family:Arial,sans-serif; font-size:14px; line-height:17px; margin-bottom:0; margin-top:8px; overflow:hidden; padding:8px 0 7px; text-align:center; text-overflow:ellipsis; white-space:nowrap;\"><a href=\"https:\/\/www.instagram.com\/p\/DFqJ3DaPTyL\/?utm_source=ig_embed&amp;utm_campaign=loading\" style=\" color:#c9c8cd; font-family:Arial,sans-serif; font-size:14px; font-style:normal; font-weight:normal; line-height:17px; text-decoration:none;\" target=\"_blank\">Uma publica\u00e7\u00e3o compartilhada por Apple Hub (@theapplehub)<\/a><\/p><\/div><\/blockquote>\n<script async src=\"\/\/www.instagram.com\/embed.js\"><\/script>\n\n\n\n<h2 class=\"wp-block-heading\">Qual \u00e9 o seu diferencial?<\/h2>\n\n\n\n<p>O Apple Invites torna-se um forte concorrente frente a outros aplicativos atrav\u00e9s de sua abordagem \u00fanica e centrada no usu\u00e1rio. <strong>O foco na experi\u00eancia do usu\u00e1rio<\/strong> \u00e9 evidente na forma como ele incorpora ferramentas conhecidas dentro do ecossistema Apple, criando assim uma experi\u00eancia mais fluida para quem j\u00e1 faz parte do ambiente da empresa.<\/p>\n\n\n\n<p>A <strong>facilidade de uso e a integra\u00e7\u00e3o com servi\u00e7os populares da Apple fazem com que o Apple Invites se destaque num mercado competitivo<\/strong>. No entanto, em locais onde a popularidade da Apple \u00e9 menor, pode ser um desafio competir com solu\u00e7\u00f5es alternativas amplamente utilizadas.<\/p>\n\n\n\n<h2 class=\"wp-block-heading\">Participa\u00e7\u00e3o em eventos para usu\u00e1rios de outros sistemas<\/h2>\n\n\n\n<p>Ainda que o Apple Invites seja otimizado para dispositivos Apple, <strong>ele n\u00e3o exclui usu\u00e1rios de outras plataformas<\/strong>. Estes podem aceitar convites e acompanhar informa\u00e7\u00f5es b\u00e1sicas do evento atrav\u00e9s de uma interface web adaptada para navegadores. Isso amplia significativamente o alcance do aplicativo, permitindo que pessoas sem dispositivos Apple ainda fa\u00e7am parte dos eventos organizados.<\/p>\n\n\n\n<p>Para uma participa\u00e7\u00e3o completa, \u00e9 recomendado que todos se inscrevam para uma conta gratuita no<a href=\"https:\/\/www.icloud.com\/\" target=\"_blank\" rel=\"noreferrer noopener\"> iCloud<\/a>. Essa inscri\u00e7\u00e3o facilita o acesso a funcionalidades adicionais e garante que os usu\u00e1rios possam compartilhar uma experi\u00eancia mais completa durante os eventos.<\/p>\n","protected":false},"excerpt":{"rendered":"<p>A Apple deu um passo significativo no mundo dos aplicativos de organiza\u00e7\u00e3o com o lan\u00e7amento do Apple Invites, em mar\u00e7o de 2025. Este novo aplicativo procura revitalizar a forma como eventos sociais s\u00e3o planejados e geridos, prometendo uma experi\u00eancia mais integrada e facilitada. Ao reunir diversas funcionalidades essenciais em uma \u00fanica plataforma, o Apple Invites [&hellip;]<\/p>\n","protected":false},"author":9,"featured_media":16613,"comment_status":"open","ping_status":"open","sticky":false,"template":"","format":"standard","meta":{"jnews-multi-image_gallery":[],"jnews_single_post":{"format":"standard"},"jnews_primary_category":[],"jnews_social_meta":[],"jnews_override_counter":[],"footnotes":""},"categories":[1,4204],"tags":[4632,3662],"class_list":["post-16923","post","type-post","status-publish","format-standard","has-post-thumbnail","hentry","category-noticias","category-tecnologia","tag-app-invites","tag-apple"],"yoast_head":"<!-- This site is optimized with the Yoast SEO plugin v23.8 - https:\/\/yoast.com\/wordpress\/plugins\/seo\/ -->\n<title>Conhe\u00e7a o Apple Invites! O novo app da Apple para eventos sociais<\/title>\n<meta name=\"description\" content=\"Descubra como o Apple Invites simplifica a cria\u00e7\u00e3o e gest\u00e3o de eventos com integra\u00e7\u00e3o ao ecossistema Apple e funcionalidades inovadoras.\" \/>\n<meta name=\"robots\" content=\"index, follow, max-snippet:-1, max-image-preview:large, max-video-preview:-1\" \/>\n<link rel=\"canonical\" href=\"https:\/\/www.em.com.br\/emfoco\/2025\/02\/06\/conheca-o-apple-invites-o-novo-app-da-apple-para-eventos-sociais\/\" \/>\n<meta property=\"og:locale\" content=\"pt_BR\" \/>\n<meta property=\"og:type\" content=\"article\" \/>\n<meta property=\"og:title\" content=\"Conhe\u00e7a o Apple Invites! O novo app da Apple para eventos sociais\" \/>\n<meta property=\"og:description\" content=\"Descubra como o Apple Invites simplifica a cria\u00e7\u00e3o e gest\u00e3o de eventos com integra\u00e7\u00e3o ao ecossistema Apple e funcionalidades inovadoras.\" \/>\n<meta property=\"og:url\" content=\"https:\/\/www.em.com.br\/emfoco\/2025\/02\/06\/conheca-o-apple-invites-o-novo-app-da-apple-para-eventos-sociais\/\" \/>\n<meta property=\"og:site_name\" content=\"Estado de Minas - Em foco\" \/>\n<meta property=\"article:published_time\" content=\"2025-02-07T01:40:19+00:00\" \/>\n<meta property=\"article:modified_time\" content=\"2025-02-05T18:55:58+00:00\" \/>\n<meta property=\"og:image\" content=\"https:\/\/www.em.com.br\/emfoco\/wp-content\/uploads\/2025\/02\/iphone-16_1738687400627.jpg\" \/>\n\t<meta property=\"og:image:width\" content=\"1280\" \/>\n\t<meta property=\"og:image:height\" content=\"720\" \/>\n\t<meta property=\"og:image:type\" content=\"image\/jpeg\" \/>\n<meta name=\"author\" content=\"Daniely Cardoso\" \/>\n<meta name=\"twitter:card\" content=\"summary_large_image\" \/>\n<meta name=\"twitter:label1\" content=\"Escrito por\" \/>\n\t<meta name=\"twitter:data1\" content=\"Daniely Cardoso\" \/>\n\t<meta name=\"twitter:label2\" content=\"Est. tempo de leitura\" \/>\n\t<meta name=\"twitter:data2\" content=\"3 minutos\" \/>\n<!-- \/ Yoast SEO plugin. -->","yoast_head_json":{"title":"Conhe\u00e7a o Apple Invites! O novo app da Apple para eventos sociais","description":"Descubra como o Apple Invites simplifica a cria\u00e7\u00e3o e gest\u00e3o de eventos com integra\u00e7\u00e3o ao ecossistema Apple e funcionalidades inovadoras.","robots":{"index":"index","follow":"follow","max-snippet":"max-snippet:-1","max-image-preview":"max-image-preview:large","max-video-preview":"max-video-preview:-1"},"canonical":"https:\/\/www.em.com.br\/emfoco\/2025\/02\/06\/conheca-o-apple-invites-o-novo-app-da-apple-para-eventos-sociais\/","og_locale":"pt_BR","og_type":"article","og_title":"Conhe\u00e7a o Apple Invites! O novo app da Apple para eventos sociais","og_description":"Descubra como o Apple Invites simplifica a cria\u00e7\u00e3o e gest\u00e3o de eventos com integra\u00e7\u00e3o ao ecossistema Apple e funcionalidades inovadoras.","og_url":"https:\/\/www.em.com.br\/emfoco\/2025\/02\/06\/conheca-o-apple-invites-o-novo-app-da-apple-para-eventos-sociais\/","og_site_name":"Estado de Minas - Em foco","article_published_time":"2025-02-07T01:40:19+00:00","article_modified_time":"2025-02-05T18:55:58+00:00","og_image":[{"width":1280,"height":720,"url":"https:\/\/www.em.com.br\/emfoco\/wp-content\/uploads\/2025\/02\/iphone-16_1738687400627.jpg","type":"image\/jpeg"}],"author":"Daniely Cardoso","twitter_card":"summary_large_image","twitter_misc":{"Escrito por":"Daniely Cardoso","Est. tempo de leitura":"3 minutos"},"schema":{"@context":"https:\/\/schema.org","@graph":[{"@type":"WebPage","@id":"https:\/\/www.em.com.br\/emfoco\/2025\/02\/06\/conheca-o-apple-invites-o-novo-app-da-apple-para-eventos-sociais\/","url":"https:\/\/www.em.com.br\/emfoco\/2025\/02\/06\/conheca-o-apple-invites-o-novo-app-da-apple-para-eventos-sociais\/","name":"Conhe\u00e7a o Apple Invites! O novo app da Apple para eventos sociais","isPartOf":{"@id":"https:\/\/www.em.com.br\/emfoco\/#website"},"primaryImageOfPage":{"@id":"https:\/\/www.em.com.br\/emfoco\/2025\/02\/06\/conheca-o-apple-invites-o-novo-app-da-apple-para-eventos-sociais\/#primaryimage"},"image":{"@id":"https:\/\/www.em.com.br\/emfoco\/2025\/02\/06\/conheca-o-apple-invites-o-novo-app-da-apple-para-eventos-sociais\/#primaryimage"},"thumbnailUrl":"https:\/\/www.em.com.br\/emfoco\/wp-content\/uploads\/2025\/02\/iphone-16_1738687400627.jpg","datePublished":"2025-02-07T01:40:19+00:00","dateModified":"2025-02-05T18:55:58+00:00","author":{"@id":"https:\/\/www.em.com.br\/emfoco\/#\/schema\/person\/0a8186d72f2c3a5c6276d90b41f271a0"},"description":"Descubra como o Apple Invites simplifica a cria\u00e7\u00e3o e gest\u00e3o de eventos com integra\u00e7\u00e3o ao ecossistema Apple e funcionalidades inovadoras.","breadcrumb":{"@id":"https:\/\/www.em.com.br\/emfoco\/2025\/02\/06\/conheca-o-apple-invites-o-novo-app-da-apple-para-eventos-sociais\/#breadcrumb"},"inLanguage":"pt-BR","potentialAction":[{"@type":"ReadAction","target":["https:\/\/www.em.com.br\/emfoco\/2025\/02\/06\/conheca-o-apple-invites-o-novo-app-da-apple-para-eventos-sociais\/"]}]},{"@type":"ImageObject","inLanguage":"pt-BR","@id":"https:\/\/www.em.com.br\/emfoco\/2025\/02\/06\/conheca-o-apple-invites-o-novo-app-da-apple-para-eventos-sociais\/#primaryimage","url":"https:\/\/www.em.com.br\/emfoco\/wp-content\/uploads\/2025\/02\/iphone-16_1738687400627.jpg","contentUrl":"https:\/\/www.em.com.br\/emfoco\/wp-content\/uploads\/2025\/02\/iphone-16_1738687400627.jpg","width":1280,"height":720,"caption":"Imagem ilustrativa do iPhone - Cr\u00e9ditos: depositphotos.com \/ Mojahid_Mottakin"},{"@type":"BreadcrumbList","@id":"https:\/\/www.em.com.br\/emfoco\/2025\/02\/06\/conheca-o-apple-invites-o-novo-app-da-apple-para-eventos-sociais\/#breadcrumb","itemListElement":[{"@type":"ListItem","position":1,"name":"In\u00edcio","item":"https:\/\/www.em.com.br\/emfoco\/"},{"@type":"ListItem","position":2,"name":"Conhe\u00e7a o Apple Invites! O novo app da Apple para eventos sociais"}]},{"@type":"WebSite","@id":"https:\/\/www.em.com.br\/emfoco\/#website","url":"https:\/\/www.em.com.br\/emfoco\/","name":"Estado de Minas - Em foco","description":"Acompanhe as \u00faltimas not\u00edcias e fique bem informado sobre tudo o que acontece em Minas Gerais, Brasil e no mundo.","potentialAction":[{"@type":"SearchAction","target":{"@type":"EntryPoint","urlTemplate":"https:\/\/www.em.com.br\/emfoco\/?s={search_term_string}"},"query-input":{"@type":"PropertyValueSpecification","valueRequired":true,"valueName":"search_term_string"}}],"inLanguage":"pt-BR"},{"@type":"Person","@id":"https:\/\/www.em.com.br\/emfoco\/#\/schema\/person\/0a8186d72f2c3a5c6276d90b41f271a0","name":"Daniely Cardoso","image":{"@type":"ImageObject","inLanguage":"pt-BR","@id":"https:\/\/www.em.com.br\/emfoco\/#\/schema\/person\/image\/","url":"https:\/\/secure.gravatar.com\/avatar\/4b80ddbd124d1f071b626d52d62e5dff?s=96&d=mm&r=g","contentUrl":"https:\/\/secure.gravatar.com\/avatar\/4b80ddbd124d1f071b626d52d62e5dff?s=96&d=mm&r=g","caption":"Daniely Cardoso"},"url":"https:\/\/www.em.com.br\/emfoco\/author\/danielymyth\/"}]}},"_links":{"self":[{"href":"https:\/\/www.em.com.br\/emfoco\/wp-json\/wp\/v2\/posts\/16923","targetHints":{"allow":["GET"]}}],"collection":[{"href":"https:\/\/www.em.com.br\/emfoco\/wp-json\/wp\/v2\/posts"}],"about":[{"href":"https:\/\/www.em.com.br\/emfoco\/wp-json\/wp\/v2\/types\/post"}],"author":[{"embeddable":true,"href":"https:\/\/www.em.com.br\/emfoco\/wp-json\/wp\/v2\/users\/9"}],"replies":[{"embeddable":true,"href":"https:\/\/www.em.com.br\/emfoco\/wp-json\/wp\/v2\/comments?post=16923"}],"version-history":[{"count":8,"href":"https:\/\/www.em.com.br\/emfoco\/wp-json\/wp\/v2\/posts\/16923\/revisions"}],"predecessor-version":[{"id":17015,"href":"https:\/\/www.em.com.br\/emfoco\/wp-json\/wp\/v2\/posts\/16923\/revisions\/17015"}],"wp:featuredmedia":[{"embeddable":true,"href":"https:\/\/www.em.com.br\/emfoco\/wp-json\/wp\/v2\/media\/16613"}],"wp:attachment":[{"href":"https:\/\/www.em.com.br\/emfoco\/wp-json\/wp\/v2\/media?parent=16923"}],"wp:term":[{"taxonomy":"category","embeddable":true,"href":"https:\/\/www.em.com.br\/emfoco\/wp-json\/wp\/v2\/categories?post=16923"},{"taxonomy":"post_tag","embeddable":true,"href":"https:\/\/www.em.com.br\/emfoco\/wp-json\/wp\/v2\/tags?post=16923"}],"curies":[{"name":"wp","href":"https:\/\/api.w.org\/{rel}","templated":true}]}}