{"id":169178,"date":"2026-02-14T07:05:00","date_gmt":"2026-02-14T10:05:00","guid":{"rendered":"https:\/\/www.em.com.br\/emfoco\/?p=169178"},"modified":"2026-02-13T20:29:35","modified_gmt":"2026-02-13T23:29:35","slug":"a-estrategia-mais-eficaz-para-fortalecer-o-cerebro-apos-os-60-anos","status":"publish","type":"post","link":"https:\/\/www.em.com.br\/emfoco\/2026\/02\/14\/a-estrategia-mais-eficaz-para-fortalecer-o-cerebro-apos-os-60-anos\/","title":{"rendered":"A estrat\u00e9gia mais eficaz para fortalecer o c\u00e9rebro ap\u00f3s os 60 anos"},"content":{"rendered":"\n<p>No decorrer dos \u00faltimos anos, a pr\u00e1tica de\u00a0<strong>treinamento cerebral focado na velocidade de processamento<\/strong>\u00a0ganhou popularidade, especialmente entre aqueles preocupados com o avan\u00e7o de doen\u00e7as neurodegenerativas como o Alzheimer. Pesquisas de longo prazo com idosos t\u00eam mostrado efeitos promissores e duradouros desse tipo de treinamento. Ao contr\u00e1rio dos tradicionais jogos de mem\u00f3ria, a ci\u00eancia agora se volta para atividades que exigem r\u00e1pidas respostas a est\u00edmulos sensoriais, apostando em ganhos adicionais para a <a href=\"https:\/\/www.correiobraziliense.com.br\/cbradar\/dra-najla-smaili-quando-a-menstruacao-irregular-merece-atencao-medica\/\" target=\"_blank\" rel=\"noreferrer noopener\">sa\u00fade <\/a>cerebral.<\/p>\n\n\n\n<h2 class=\"wp-block-heading\">Como o treino de velocidade de processamento beneficia o c\u00e9rebro?<\/h2>\n\n\n\n<p>Especificamente, a&nbsp;<em>velocidade de processamento<\/em>&nbsp;refere-se ao tempo necess\u00e1rio para que o c\u00e9rebro identifique, analise e reaja a uma informa\u00e7\u00e3o. Essa fun\u00e7\u00e3o tende a se desacelerar com o envelhecimento, impactando aten\u00e7\u00e3o, capacidade de decis\u00e3o e execu\u00e7\u00e3o de tarefas m\u00faltiplas.<\/p>\n\n\n\n<p>O treinamento nessa \u00e1rea estimula redes neurais cruciais para respostas eficientes e percep\u00e7\u00e3o agu\u00e7ada. Al\u00e9m disso, pode favorecer a autonomia em atividades cotidianas, como atravessar a rua com seguran\u00e7a, responder a imprevistos ao dirigir ou lidar com m\u00faltiplas demandas ao mesmo tempo.<\/p>\n\n\n<div class=\"wp-block-image\">\n<figure class=\"aligncenter size-large\"><img loading=\"lazy\" decoding=\"async\" width=\"1024\" height=\"576\" src=\"https:\/\/www.em.com.br\/emfoco\/wp-content\/uploads\/2025\/09\/Aneurisma-Cerebral_1756930083362-1024x576.jpg\" alt=\"\" class=\"wp-image-100447\" srcset=\"https:\/\/www.em.com.br\/emfoco\/wp-content\/uploads\/2025\/09\/Aneurisma-Cerebral_1756930083362-1024x576.jpg 1024w, https:\/\/www.em.com.br\/emfoco\/wp-content\/uploads\/2025\/09\/Aneurisma-Cerebral_1756930083362-300x169.jpg 300w, https:\/\/www.em.com.br\/emfoco\/wp-content\/uploads\/2025\/09\/Aneurisma-Cerebral_1756930083362-768x432.jpg 768w, https:\/\/www.em.com.br\/emfoco\/wp-content\/uploads\/2025\/09\/Aneurisma-Cerebral_1756930083362-750x422.jpg 750w, https:\/\/www.em.com.br\/emfoco\/wp-content\/uploads\/2025\/09\/Aneurisma-Cerebral_1756930083362-1140x641.jpg 1140w, https:\/\/www.em.com.br\/emfoco\/wp-content\/uploads\/2025\/09\/Aneurisma-Cerebral_1756930083362.jpg 1280w\" sizes=\"auto, (max-width: 1024px) 100vw, 1024px\" \/><figcaption class=\"wp-element-caption\">C\u00e9rebro- Cr\u00e9ditos: depositphotos.com \/ robeo123<\/figcaption><\/figure><\/div>\n\n\n<h2 class=\"wp-block-heading\">Como funcionam os benef\u00edcios do treino de velocidade de processamento?<\/h2>\n\n\n\n<p>Estudos de neuroimagem revelam que tarefas r\u00e1pidas e desafiadoras melhoram a efici\u00eancia da comunica\u00e7\u00e3o entre diferentes \u00e1reas do c\u00e9rebro. Isso favorece a&nbsp;<strong>reserva cognitiva<\/strong>, isto \u00e9, a capacidade do c\u00e9rebro de se adaptar frente a perdas estruturais e compensar danos ao longo do tempo.<\/p>\n\n\n\n<p>Refor\u00e7ar os circuitos neurais antes que ocorra um comprometimento significativo, por exemplo, em cen\u00e1rios de dem\u00eancia, oferece mais resili\u00eancia frente ao envelhecimento. Tamb\u00e9m h\u00e1 evid\u00eancias de melhora na aten\u00e7\u00e3o seletiva e dividida, preservando habilidades essenciais, como organizar tarefas e manter o foco em ambientes cheios de distra\u00e7\u00f5es.<\/p>\n\n\n\n<h2 class=\"wp-block-heading\">O treino de velocidade realmente reduz o risco de dem\u00eancia?<\/h2>\n\n\n\n<p>Estudos de longo prazo acompanharam participantes para analisar o impacto do&nbsp;<strong>treinamento cognitivo<\/strong>&nbsp;no risco de desenvolver dem\u00eancia. Resultados indicam que aqueles treinados especificamente para velocidade de processamento apresentaram menor incid\u00eancia da doen\u00e7a em compara\u00e7\u00e3o a outros grupos ou a pessoas sem qualquer programa estruturado.<\/p>\n\n\n\n<p>Participantes que completaram as sess\u00f5es indicadas apresentaram uma diminui\u00e7\u00e3o de risco de cerca de 25% a 30%, com efeito positivo ampliado por sess\u00f5es de refor\u00e7o ao longo dos anos. Embora n\u00e3o substitua acompanhamento m\u00e9dico, esse tipo de treino surge como complemento relevante \u00e0s medidas tradicionais de preven\u00e7\u00e3o.<\/p>\n\n\n\n<h2 class=\"wp-block-heading\">Quais atividades ajudam a estimular a cogni\u00e7\u00e3o em idosos?<\/h2>\n\n\n\n<p>Embora muitos estudos usem programas digitais espec\u00edficos, diferentes formas podem ser incorporadas \u00e0 rotina para promover&nbsp;<strong>agilidade mental<\/strong>. A ess\u00eancia est\u00e1 em propor tarefas que exijam respostas r\u00e1pidas e mudan\u00e7a de foco, sem causar desconforto, sempre respeitando o ritmo da pessoa.<\/p>\n\n\n\n<p>Para facilitar a escolha e a adapta\u00e7\u00e3o das pr\u00e1ticas ao dia a dia, seguem exemplos de atividades que estimulam velocidade de processamento, aten\u00e7\u00e3o e flexibilidade cognitiva:<\/p>\n\n\n\n<!-- \ud83c\udf3f Tabela: \u26a1 Atividades para Estimular Aten\u00e7\u00e3o e Velocidade de Processamento -->\n\n<div class=\"tabela-macho\" role=\"region\" aria-labelledby=\"atencao-caption\">\n  <style>\n    .tabela-macho{\n      --bg: #ffffff;\n      --text: #1f2937;\n      --muted: #6b7280;\n      --border: #e5e7eb;\n      --primary: #be185d;\n      --primary-bg: #fce7f3;\n      --highlight: #fff1f2;\n      --radius: 16px;\n      --shadow: 0 8px 22px rgba(0,0,0,.06);\n      margin:1rem 0 2rem; background:var(--bg);\n      border:1px solid var(--border); border-radius:var(--radius);\n      box-shadow:var(--shadow); overflow:hidden;\n      font-family:\"Poppins\",sans-serif; font-size:.97rem;\n    }\n    .tabela-macho .header{\n      padding:1rem 1.25rem; border-bottom:1px solid var(--border);\n      background:linear-gradient(90deg,var(--highlight) 0%,var(--primary-bg) 100%);\n    }\n    .tabela-macho .header h3{ margin:0; font-size:1.25rem; font-weight:700; color:var(--text); }\n    .tabela-macho .header p{ margin:.35rem 0 0; font-size:.95rem; color:var(--muted); }\n    .tabela-macho .table-wrap{ overflow-x:auto; -webkit-overflow-scrolling:touch; scrollbar-width:thin; }\n    .tabela-macho table{ width:100%; border-collapse:separate; border-spacing:0; min-width:700px; }\n    .tabela-macho thead th{\n      text-align:left; font-weight:700; color:var(--text);\n      background:var(--primary-bg); padding:.9rem 1rem; border-bottom:2px solid var(--border);\n    }\n    .tabela-macho tbody td{\n      padding:1rem; border-bottom:1px solid var(--border);\n      vertical-align:top; color:var(--text); background:#fff; line-height:1.5;\n    }\n    .tabela-macho tbody tr:nth-child(odd) td{ background:var(--highlight); }\n    .tabela-macho tbody tr:hover td{ background:color-mix(in oklab, var(--primary-bg) 70%, white); transition:all .25s ease-in-out; }\n    .tabela-macho .name{ font-weight:700; font-size:1rem; color:var(--text); }\n    .tabela-macho .desc{ color:var(--muted); }\n    .tabela-macho .price{\n      display:inline-block; background:color-mix(in oklab, var(--primary) 10%, white);\n      color:var(--primary); border:1px solid var(--border); border-radius:999px;\n      padding:.35rem .7rem; font-weight:700; font-size:.9rem; margin-top:.3rem;\n    }\n    @media (max-width:640px){ .tabela-macho table{ min-width:600px; } .tabela-macho .header h3{ font-size:1.1rem; } }\n  <\/style>\n\n  <div class=\"header\">\n    <h3 id=\"atencao-caption\">\u26a1 Atividades para Estimular Aten\u00e7\u00e3o e Velocidade de Processamento<\/h3>\n    <p>Exerc\u00edcios cognitivos que trabalham foco, reconhecimento de padr\u00f5es e resposta r\u00e1pida.<\/p>\n  <\/div>\n\n  <div class=\"table-wrap\" tabindex=\"0\" aria-label=\"\u26a1 Atividades para Estimular Aten\u00e7\u00e3o e Velocidade de Processamento\">\n    <table>\n      <thead>\n        <tr>\n          <th>Tipo de Atividade<\/th>\n          <th>Descri\u00e7\u00e3o<\/th>\n        <\/tr>\n      <\/thead>\n      <tbody>\n        <tr>\n          <td><span class=\"name\">Jogos digitais<\/span><\/td>\n          <td><span class=\"desc\">Desafios com rea\u00e7\u00e3o r\u00e1pida, pareamento de s\u00edmbolos e sequ\u00eancias de cores e sons.<\/span><\/td>\n        <\/tr>\n        <tr>\n          <td><span class=\"name\">Jogos de cartas ou tabuleiro<\/span><\/td>\n          <td><span class=\"desc\">Atividades que demandam decis\u00e3o r\u00e1pida e reconhecimento de padr\u00f5es.<\/span><\/td>\n        <\/tr>\n        <tr>\n          <td><span class=\"name\">Exerc\u00edcios visuais<\/span><\/td>\n          <td><span class=\"desc\">Localiza\u00e7\u00e3o de objetos, identifica\u00e7\u00e3o de diferen\u00e7as e busca visual cronometrada.<\/span><\/td>\n        <\/tr>\n        <tr>\n          <td><span class=\"name\">Tarefas auditivas<\/span><\/td>\n          <td><span class=\"desc\">Rea\u00e7\u00e3o ao reconhecimento de sons ou palavras espec\u00edficas em meio a distra\u00e7\u00f5es.<\/span><\/td>\n        <\/tr>\n        <tr>\n          <td><span class=\"name\">Desafios com tempo<\/span><\/td>\n          <td><span class=\"desc\">Resolu\u00e7\u00e3o r\u00e1pida de opera\u00e7\u00f5es ou organiza\u00e7\u00e3o de palavras por categorias em poucos segundos.<\/span><\/td>\n        <\/tr>\n      <\/tbody>\n    <\/table>\n  <\/div>\n<\/div>\n\n\n\n\n<h2 class=\"wp-block-heading\">Como estruturar o treino de velocidade de processamento no dia a dia?<\/h2>\n\n\n\n<p>Uma abordagem estruturada pode incluir atividades planejadas de 3 a 5 vezes por semana, com sess\u00f5es de 15 a 30 minutos. Alternar tipos de tarefas e aumentar gradualmente a dificuldade s\u00e3o estrat\u00e9gias comuns para desafiar o c\u00e9rebro continuamente e evitar a monotonia.<\/p>\n\n\n\n<p>\u00c9 importante ressaltar que o treinamento cerebral deve fazer parte de um&nbsp;<strong>estilo de vida abrangente<\/strong>&nbsp;que favore\u00e7a a sa\u00fade do c\u00e9rebro. Manter atividade f\u00edsica regular, alimenta\u00e7\u00e3o equilibrada, controle de doen\u00e7as cardiovasculares e envolvimento social ativo potencializa os efeitos do treino de velocidade de processamento ao longo dos anos.<\/p>\n\n\n<a href=\"https:\/\/www.instagram.com\/dra.annaluisabf\/\" target=\"_blank\" style=\"text-decoration: none; color: inherit;\">\n  <span style=\"display:inline-block; border:1px solid #ccc; border-radius:10px; padding:15px; max-width:550px; font-family:sans-serif; box-shadow:0 2px 5px rgba(0,0,0,0.1);\">\n    <span style=\"margin:0 0 15px 0; font-weight:bold; color:#2c3e50; text-align: center;\">Entre em contato:<\/span>\n\n    <span style=\"display:flex; align-items:center;\">\n      <img decoding=\"async\" src=\"https:\/\/www.correiobraziliense.com.br\/cbradar\/wp-content\/uploads\/2025\/08\/dra_anna_luisa.jpeg\" alt=\"Dra Anna Lu\u00edsa\" style=\"border-radius:50%; width:80px; height:80px; margin-right:15px;\">\n      <span style=\"flex:1;\">\n        <h3 style=\"margin:0 0 5px 0;\">Dra. Anna Lu\u00edsa Barbosa Fernandes<\/h3>\n        <p style=\"margin:0 0 10px 0;\">CRM-GO 33.271<\/p>\n        <span style=\"display:flex; gap:10px;\">\n          <img decoding=\"async\" src=\"https:\/\/cdn-icons-png.flaticon.com\/24\/1384\/1384063.png\" alt=\"Instagram\">\n        <\/span>\n      <\/span>\n    <\/span>\n  <\/span>\n<\/a>","protected":false},"excerpt":{"rendered":"<p>No decorrer dos \u00faltimos anos, a pr\u00e1tica de\u00a0treinamento cerebral focado na velocidade de processamento\u00a0ganhou popularidade, especialmente entre aqueles preocupados com o avan\u00e7o de doen\u00e7as neurodegenerativas como o Alzheimer. Pesquisas de longo prazo com idosos t\u00eam mostrado efeitos promissores e duradouros desse tipo de treinamento. Ao contr\u00e1rio dos tradicionais jogos de mem\u00f3ria, a ci\u00eancia agora se [&hellip;]<\/p>\n","protected":false},"author":25,"featured_media":153961,"comment_status":"open","ping_status":"open","sticky":false,"template":"","format":"standard","meta":{"jnews-multi-image_gallery":[],"jnews_single_post":{"format":"standard"},"jnews_primary_category":[],"jnews_social_meta":[],"jnews_override_counter":[],"footnotes":""},"categories":[9053],"tags":[711,327,415],"class_list":["post-169178","post","type-post","status-publish","format-standard","has-post-thumbnail","hentry","category-saude","tag-bem-estar","tag-qualidade-de-vida","tag-saude"],"yoast_head":"<!-- This site is optimized with the Yoast SEO plugin v23.8 - https:\/\/yoast.com\/wordpress\/plugins\/seo\/ -->\n<title>A estrat\u00e9gia mais eficaz para fortalecer o c\u00e9rebro ap\u00f3s os 60 anos - Estado de Minas - Em foco<\/title>\n<meta name=\"description\" content=\"Estudos indicam que treino cognitivo pode diminuir risco de Alzheimer em idosos. Saiba como estimular velocidade de processamento e fortalecer a reserva cognitiva.\" \/>\n<meta name=\"robots\" content=\"index, follow, max-snippet:-1, max-image-preview:large, max-video-preview:-1\" \/>\n<link rel=\"canonical\" href=\"https:\/\/www.em.com.br\/emfoco\/2026\/02\/14\/a-estrategia-mais-eficaz-para-fortalecer-o-cerebro-apos-os-60-anos\/\" \/>\n<meta property=\"og:locale\" content=\"pt_BR\" \/>\n<meta property=\"og:type\" content=\"article\" \/>\n<meta property=\"og:title\" content=\"A estrat\u00e9gia mais eficaz para fortalecer o c\u00e9rebro ap\u00f3s os 60 anos - Estado de Minas - Em foco\" \/>\n<meta property=\"og:description\" content=\"Estudos indicam que treino cognitivo pode diminuir risco de Alzheimer em idosos. Saiba como estimular velocidade de processamento e fortalecer a reserva cognitiva.\" \/>\n<meta property=\"og:url\" content=\"https:\/\/www.em.com.br\/emfoco\/2026\/02\/14\/a-estrategia-mais-eficaz-para-fortalecer-o-cerebro-apos-os-60-anos\/\" \/>\n<meta property=\"og:site_name\" content=\"Estado de Minas - Em foco\" \/>\n<meta property=\"article:published_time\" content=\"2026-02-14T10:05:00+00:00\" \/>\n<meta property=\"article:modified_time\" content=\"2026-02-13T23:29:35+00:00\" \/>\n<meta property=\"og:image\" content=\"https:\/\/www.em.com.br\/emfoco\/wp-content\/uploads\/2026\/01\/cerebro_1768239962988.jpg\" \/>\n\t<meta property=\"og:image:width\" content=\"1280\" \/>\n\t<meta property=\"og:image:height\" content=\"720\" \/>\n\t<meta property=\"og:image:type\" content=\"image\/jpeg\" \/>\n<meta name=\"author\" content=\"Guilherme Lopes\" \/>\n<meta name=\"twitter:card\" content=\"summary_large_image\" \/>\n<meta name=\"twitter:label1\" content=\"Escrito por\" \/>\n\t<meta name=\"twitter:data1\" content=\"Guilherme Lopes\" \/>\n\t<meta name=\"twitter:label2\" content=\"Est. tempo de leitura\" \/>\n\t<meta name=\"twitter:data2\" content=\"5 minutos\" \/>\n<!-- \/ Yoast SEO plugin. -->","yoast_head_json":{"title":"A estrat\u00e9gia mais eficaz para fortalecer o c\u00e9rebro ap\u00f3s os 60 anos - Estado de Minas - Em foco","description":"Estudos indicam que treino cognitivo pode diminuir risco de Alzheimer em idosos. Saiba como estimular velocidade de processamento e fortalecer a reserva cognitiva.","robots":{"index":"index","follow":"follow","max-snippet":"max-snippet:-1","max-image-preview":"max-image-preview:large","max-video-preview":"max-video-preview:-1"},"canonical":"https:\/\/www.em.com.br\/emfoco\/2026\/02\/14\/a-estrategia-mais-eficaz-para-fortalecer-o-cerebro-apos-os-60-anos\/","og_locale":"pt_BR","og_type":"article","og_title":"A estrat\u00e9gia mais eficaz para fortalecer o c\u00e9rebro ap\u00f3s os 60 anos - Estado de Minas - Em foco","og_description":"Estudos indicam que treino cognitivo pode diminuir risco de Alzheimer em idosos. Saiba como estimular velocidade de processamento e fortalecer a reserva cognitiva.","og_url":"https:\/\/www.em.com.br\/emfoco\/2026\/02\/14\/a-estrategia-mais-eficaz-para-fortalecer-o-cerebro-apos-os-60-anos\/","og_site_name":"Estado de Minas - Em foco","article_published_time":"2026-02-14T10:05:00+00:00","article_modified_time":"2026-02-13T23:29:35+00:00","og_image":[{"width":1280,"height":720,"url":"https:\/\/www.em.com.br\/emfoco\/wp-content\/uploads\/2026\/01\/cerebro_1768239962988.jpg","type":"image\/jpeg"}],"author":"Guilherme Lopes","twitter_card":"summary_large_image","twitter_misc":{"Escrito por":"Guilherme Lopes","Est. tempo de leitura":"5 minutos"},"schema":{"@context":"https:\/\/schema.org","@graph":[{"@type":"WebPage","@id":"https:\/\/www.em.com.br\/emfoco\/2026\/02\/14\/a-estrategia-mais-eficaz-para-fortalecer-o-cerebro-apos-os-60-anos\/","url":"https:\/\/www.em.com.br\/emfoco\/2026\/02\/14\/a-estrategia-mais-eficaz-para-fortalecer-o-cerebro-apos-os-60-anos\/","name":"A estrat\u00e9gia mais eficaz para fortalecer o c\u00e9rebro ap\u00f3s os 60 anos - Estado de Minas - Em foco","isPartOf":{"@id":"https:\/\/www.em.com.br\/emfoco\/#website"},"primaryImageOfPage":{"@id":"https:\/\/www.em.com.br\/emfoco\/2026\/02\/14\/a-estrategia-mais-eficaz-para-fortalecer-o-cerebro-apos-os-60-anos\/#primaryimage"},"image":{"@id":"https:\/\/www.em.com.br\/emfoco\/2026\/02\/14\/a-estrategia-mais-eficaz-para-fortalecer-o-cerebro-apos-os-60-anos\/#primaryimage"},"thumbnailUrl":"https:\/\/www.em.com.br\/emfoco\/wp-content\/uploads\/2026\/01\/cerebro_1768239962988.jpg","datePublished":"2026-02-14T10:05:00+00:00","dateModified":"2026-02-13T23:29:35+00:00","author":{"@id":"https:\/\/www.em.com.br\/emfoco\/#\/schema\/person\/f6eade2e287023da170a1b2b329f68e5"},"description":"Estudos indicam que treino cognitivo pode diminuir risco de Alzheimer em idosos. Saiba como estimular velocidade de processamento e fortalecer a reserva cognitiva.","breadcrumb":{"@id":"https:\/\/www.em.com.br\/emfoco\/2026\/02\/14\/a-estrategia-mais-eficaz-para-fortalecer-o-cerebro-apos-os-60-anos\/#breadcrumb"},"inLanguage":"pt-BR","potentialAction":[{"@type":"ReadAction","target":["https:\/\/www.em.com.br\/emfoco\/2026\/02\/14\/a-estrategia-mais-eficaz-para-fortalecer-o-cerebro-apos-os-60-anos\/"]}]},{"@type":"ImageObject","inLanguage":"pt-BR","@id":"https:\/\/www.em.com.br\/emfoco\/2026\/02\/14\/a-estrategia-mais-eficaz-para-fortalecer-o-cerebro-apos-os-60-anos\/#primaryimage","url":"https:\/\/www.em.com.br\/emfoco\/wp-content\/uploads\/2026\/01\/cerebro_1768239962988.jpg","contentUrl":"https:\/\/www.em.com.br\/emfoco\/wp-content\/uploads\/2026\/01\/cerebro_1768239962988.jpg","width":1280,"height":720,"caption":"c\u00e9rebro - Cr\u00e9ditos: depositphotos.com \/ Infolight"},{"@type":"BreadcrumbList","@id":"https:\/\/www.em.com.br\/emfoco\/2026\/02\/14\/a-estrategia-mais-eficaz-para-fortalecer-o-cerebro-apos-os-60-anos\/#breadcrumb","itemListElement":[{"@type":"ListItem","position":1,"name":"In\u00edcio","item":"https:\/\/www.em.com.br\/emfoco\/"},{"@type":"ListItem","position":2,"name":"A estrat\u00e9gia mais eficaz para fortalecer o c\u00e9rebro ap\u00f3s os 60 anos"}]},{"@type":"WebSite","@id":"https:\/\/www.em.com.br\/emfoco\/#website","url":"https:\/\/www.em.com.br\/emfoco\/","name":"Estado de Minas - Em foco","description":"Acompanhe as \u00faltimas not\u00edcias e fique bem informado sobre tudo o que acontece em Minas Gerais, Brasil e no mundo.","potentialAction":[{"@type":"SearchAction","target":{"@type":"EntryPoint","urlTemplate":"https:\/\/www.em.com.br\/emfoco\/?s={search_term_string}"},"query-input":{"@type":"PropertyValueSpecification","valueRequired":true,"valueName":"search_term_string"}}],"inLanguage":"pt-BR"},{"@type":"Person","@id":"https:\/\/www.em.com.br\/emfoco\/#\/schema\/person\/f6eade2e287023da170a1b2b329f68e5","name":"Guilherme Lopes","image":{"@type":"ImageObject","inLanguage":"pt-BR","@id":"https:\/\/www.em.com.br\/emfoco\/#\/schema\/person\/image\/","url":"https:\/\/secure.gravatar.com\/avatar\/df9adfb835d344bc0af109d41756253f?s=96&d=mm&r=g","contentUrl":"https:\/\/secure.gravatar.com\/avatar\/df9adfb835d344bc0af109d41756253f?s=96&d=mm&r=g","caption":"Guilherme Lopes"},"url":"https:\/\/www.em.com.br\/emfoco\/author\/guilherme_saude\/"}]}},"_links":{"self":[{"href":"https:\/\/www.em.com.br\/emfoco\/wp-json\/wp\/v2\/posts\/169178","targetHints":{"allow":["GET"]}}],"collection":[{"href":"https:\/\/www.em.com.br\/emfoco\/wp-json\/wp\/v2\/posts"}],"about":[{"href":"https:\/\/www.em.com.br\/emfoco\/wp-json\/wp\/v2\/types\/post"}],"author":[{"embeddable":true,"href":"https:\/\/www.em.com.br\/emfoco\/wp-json\/wp\/v2\/users\/25"}],"replies":[{"embeddable":true,"href":"https:\/\/www.em.com.br\/emfoco\/wp-json\/wp\/v2\/comments?post=169178"}],"version-history":[{"count":1,"href":"https:\/\/www.em.com.br\/emfoco\/wp-json\/wp\/v2\/posts\/169178\/revisions"}],"predecessor-version":[{"id":169182,"href":"https:\/\/www.em.com.br\/emfoco\/wp-json\/wp\/v2\/posts\/169178\/revisions\/169182"}],"wp:featuredmedia":[{"embeddable":true,"href":"https:\/\/www.em.com.br\/emfoco\/wp-json\/wp\/v2\/media\/153961"}],"wp:attachment":[{"href":"https:\/\/www.em.com.br\/emfoco\/wp-json\/wp\/v2\/media?parent=169178"}],"wp:term":[{"taxonomy":"category","embeddable":true,"href":"https:\/\/www.em.com.br\/emfoco\/wp-json\/wp\/v2\/categories?post=169178"},{"taxonomy":"post_tag","embeddable":true,"href":"https:\/\/www.em.com.br\/emfoco\/wp-json\/wp\/v2\/tags?post=169178"}],"curies":[{"name":"wp","href":"https:\/\/api.w.org\/{rel}","templated":true}]}}