{"id":16874,"date":"2025-02-08T08:20:09","date_gmt":"2025-02-08T11:20:09","guid":{"rendered":"https:\/\/www.em.com.br\/emfoco\/?p=16874"},"modified":"2025-02-08T08:20:10","modified_gmt":"2025-02-08T11:20:10","slug":"comunicado-para-quem-usa-o-cpf-ao-comprar-em-mercados-em-2025","status":"publish","type":"post","link":"https:\/\/www.em.com.br\/emfoco\/2025\/02\/08\/comunicado-para-quem-usa-o-cpf-ao-comprar-em-mercados-em-2025\/","title":{"rendered":"Comunicado para quem usa o CPF ao comprar em mercados em 2025"},"content":{"rendered":"\n<p>O programa &#8220;<strong>CPF na Nota<\/strong>&#8221; \u00e9 uma iniciativa adotada por v\u00e1rias regi\u00f5es brasileiras com o intuito de fomentar a emiss\u00e3o de notas fiscais por parte dos consumidores. O principal objetivo \u00e9 garantir que a tributa\u00e7\u00e3o ocorra adequadamente, diminuindo a sonega\u00e7\u00e3o de impostos. Com essa pr\u00e1tica, ao solicitar que o <strong>CPF<\/strong> seja inclu\u00eddo na nota fiscal, os cidad\u00e3os contribuem significativamente para a fiscaliza\u00e7\u00e3o fiscal e tamb\u00e9m podem se beneficiar financeiramente.<\/p>\n\n\n\n<p>Al\u00e9m de ajudar na arrecada\u00e7\u00e3o fiscal, o programa oferece recompensas aos consumidores, como cr\u00e9ditos que podem ser convertidos ou sorteados, dependendo das regras locais. Estas medidas incentivam uma maior ades\u00e3o ao programa e promovem a conscientiza\u00e7\u00e3o sobre a import\u00e2ncia da cidadania fiscal, assegurando que as transa\u00e7\u00f5es comerciais sejam mais transparentes.<\/p>\n\n\n\n<h2 class=\"wp-block-heading\">Como consultar seus cr\u00e9ditos?<\/h2>\n\n\n\n<p>Verificar os cr\u00e9ditos obtidos atrav\u00e9s do &#8220;CPF na Nota&#8221; \u00e9 uma tarefa simples que pode ser realizada online. Os estados que participam do programa disp\u00f5em de plataformas digitais que permitem aos consumidores acessar suas informa\u00e7\u00f5es. O procedimento para essa consulta geralmente segue estes passos:<\/p>\n\n\n\n<ol class=\"wp-block-list\">\n<li>Visite o site oficial do programa no estado de resid\u00eancia.<\/li>\n\n\n\n<li>Acesse sua conta com CPF e senha previamente cadastrados.<\/li>\n\n\n\n<li>Entre na se\u00e7\u00e3o de consulta de cr\u00e9ditos para visualizar o saldo dispon\u00edvel e as poss\u00edveis op\u00e7\u00f5es de uso.<\/li>\n<\/ol>\n\n\n\n<p>Estas plataformas s\u00e3o intuitivas e permitem que o usu\u00e1rio acompanhe facilmente seus ganhos ao longo do tempo.<\/p>\n\n\n\n<figure class=\"wp-block-image size-large\"><img loading=\"lazy\" decoding=\"async\" width=\"1024\" height=\"576\" src=\"https:\/\/www.em.com.br\/emfoco\/wp-content\/uploads\/2024\/12\/CPF_1735328129110-1024x576.jpg\" alt=\"Transforme suas compras em sorte: Entenda como o programa CPF na Nota funciona\" class=\"wp-image-7088\" srcset=\"https:\/\/www.em.com.br\/emfoco\/wp-content\/uploads\/2024\/12\/CPF_1735328129110-1024x576.jpg 1024w, https:\/\/www.em.com.br\/emfoco\/wp-content\/uploads\/2024\/12\/CPF_1735328129110-300x169.jpg 300w, https:\/\/www.em.com.br\/emfoco\/wp-content\/uploads\/2024\/12\/CPF_1735328129110-768x432.jpg 768w, https:\/\/www.em.com.br\/emfoco\/wp-content\/uploads\/2024\/12\/CPF_1735328129110-750x422.jpg 750w, https:\/\/www.em.com.br\/emfoco\/wp-content\/uploads\/2024\/12\/CPF_1735328129110-1140x641.jpg 1140w, https:\/\/www.em.com.br\/emfoco\/wp-content\/uploads\/2024\/12\/CPF_1735328129110.jpg 1280w\" sizes=\"auto, (max-width: 1024px) 100vw, 1024px\" \/><figcaption class=\"wp-element-caption\">Imagem Ilustrativa do CPF &#8211; Cr\u00e9ditos: depositphotos.com \/ Mehaniq<\/figcaption><\/figure>\n\n\n\n<h2 class=\"wp-block-heading\">Quais estados est\u00e3o envolvidos?<\/h2>\n\n\n\n<p>O &#8220;CPF na Nota&#8221; foi implementado em diversas regi\u00f5es do <strong>Brasil<\/strong>, cada uma com suas particularidades. Exemplos de estados que participam do programa incluem:<\/p>\n\n\n\n<ul class=\"wp-block-list\">\n<li><strong>S\u00e3o Paulo:<\/strong> Iniciou a <strong>Nota Fiscal Paulista<\/strong>, oferecendo sorteios com pr\u00eamios em dinheiro regularmente.<\/li>\n\n\n\n<li><strong>Distrito Federal:<\/strong> Os cr\u00e9ditos acumulados podem ser utilizados para reduzir o valor do <strong>IPVA<\/strong> devido.<\/li>\n\n\n\n<li><strong>Rond\u00f4nia:<\/strong> Disp\u00f5e de sorteios peri\u00f3dicos e descontos em impostos municipais como incentivo ao programa.<\/li>\n<\/ul>\n\n\n\n<h2 class=\"wp-block-heading\">Estrat\u00e9gias para melhorar as chances nos sorteios<\/h2>\n\n\n\n<p>Para maximizar a chance de ganhar nos sorteios do &#8220;CPF na Nota&#8221;, algumas estrat\u00e9gias podem ser seguidas. O fundamental \u00e9 sempre pedir a inclus\u00e3o do CPF nas notas fiscais ao realizar qualquer compra. Isso n\u00e3o s\u00f3 aumenta as chances de participar dos sorteios, como tamb\u00e9m ajuda no ac\u00famulo de cr\u00e9ditos.<\/p>\n\n\n\n<p>Ficar atento ao calend\u00e1rio de sorteios e entender as regras espec\u00edficas do estado pode aumentar as chances de sucesso. Al\u00e9m disso, diversificar os tipos de estabelecimentos onde as compras s\u00e3o feitas pode render bilhetes adicionais em determinados estados, potencializando as chances de ganhar pr\u00eamios.<\/p>\n\n\n\n<h2 class=\"wp-block-heading\">Benef\u00edcios do programa para a sociedade<\/h2>\n\n\n\n<p>Aderir ao programa &#8220;CPF na Nota&#8221; traz vantagens n\u00e3o apenas aos indiv\u00edduos, mas para toda a sociedade. Al\u00e9m das compensa\u00e7\u00f5es financeiras, o programa contribui para um ambiente de maior responsabilidade e consci\u00eancia fiscal. Ele estimula um comportamento econ\u00f4mico mais justo e transparente, ao mesmo tempo, em que facilita a atua\u00e7\u00e3o das autoridades fiscais na coleta de impostos de forma correta.<\/p>\n\n\n\n<p>Com essa iniciativa, o cidad\u00e3o participa ativamente do processo econ\u00f4mico, promovendo melhorias na gest\u00e3o dos recursos p\u00fablicos e refor\u00e7ando um sistema tribut\u00e1rio mais justo para todos.<\/p>\n","protected":false},"excerpt":{"rendered":"<p>O programa &#8220;CPF na Nota&#8221; \u00e9 uma iniciativa adotada por v\u00e1rias regi\u00f5es brasileiras com o intuito de fomentar a emiss\u00e3o de notas fiscais por parte dos consumidores. O principal objetivo \u00e9 garantir que a tributa\u00e7\u00e3o ocorra adequadamente, diminuindo a sonega\u00e7\u00e3o de impostos. Com essa pr\u00e1tica, ao solicitar que o CPF seja inclu\u00eddo na nota fiscal, [&hellip;]<\/p>\n","protected":false},"author":5,"featured_media":13856,"comment_status":"open","ping_status":"open","sticky":false,"template":"","format":"standard","meta":{"jnews-multi-image_gallery":[],"jnews_single_post":{"format":"standard"},"jnews_primary_category":[],"jnews_social_meta":[],"jnews_override_counter":[],"footnotes":""},"categories":[28,1],"tags":[848,398,3134,2588],"class_list":["post-16874","post","type-post","status-publish","format-standard","has-post-thumbnail","hentry","category-economia","category-noticias","tag-cpf","tag-cpf-na-nota","tag-cpf-na-nota-fiscal","tag-programa-cpf-na-nota"],"yoast_head":"<!-- This site is optimized with the Yoast SEO plugin v23.8 - https:\/\/yoast.com\/wordpress\/plugins\/seo\/ -->\n<title>Comunicado para quem usa o CPF ao comprar em mercados em 2025 - Estado de Minas - Em foco<\/title>\n<meta name=\"description\" content=\"Entenda como o programa &quot;CPF na Nota&quot; funciona, veja como consultar cr\u00e9ditos e descubra os benef\u00edcios dispon\u00edveis no seu estado.\" \/>\n<meta name=\"robots\" content=\"index, follow, max-snippet:-1, max-image-preview:large, max-video-preview:-1\" \/>\n<link rel=\"canonical\" href=\"https:\/\/www.em.com.br\/emfoco\/2025\/02\/08\/comunicado-para-quem-usa-o-cpf-ao-comprar-em-mercados-em-2025\/\" \/>\n<meta property=\"og:locale\" content=\"pt_BR\" \/>\n<meta property=\"og:type\" content=\"article\" \/>\n<meta property=\"og:title\" content=\"Comunicado para quem usa o CPF ao comprar em mercados em 2025 - Estado de Minas - Em foco\" \/>\n<meta property=\"og:description\" content=\"Entenda como o programa &quot;CPF na Nota&quot; funciona, veja como consultar cr\u00e9ditos e descubra os benef\u00edcios dispon\u00edveis no seu estado.\" \/>\n<meta property=\"og:url\" content=\"https:\/\/www.em.com.br\/emfoco\/2025\/02\/08\/comunicado-para-quem-usa-o-cpf-ao-comprar-em-mercados-em-2025\/\" \/>\n<meta property=\"og:site_name\" content=\"Estado de Minas - Em foco\" \/>\n<meta property=\"article:published_time\" content=\"2025-02-08T11:20:09+00:00\" \/>\n<meta property=\"article:modified_time\" content=\"2025-02-08T11:20:10+00:00\" \/>\n<meta property=\"og:image\" content=\"https:\/\/www.em.com.br\/emfoco\/wp-content\/uploads\/2025\/01\/recibo_1737909938344.jpg\" \/>\n\t<meta property=\"og:image:width\" content=\"1280\" \/>\n\t<meta property=\"og:image:height\" content=\"720\" \/>\n\t<meta property=\"og:image:type\" content=\"image\/jpeg\" \/>\n<meta name=\"author\" content=\"N\u00fabia Rangel\" \/>\n<meta name=\"twitter:card\" content=\"summary_large_image\" \/>\n<meta name=\"twitter:label1\" content=\"Escrito por\" \/>\n\t<meta name=\"twitter:data1\" content=\"N\u00fabia Rangel\" \/>\n\t<meta name=\"twitter:label2\" content=\"Est. tempo de leitura\" \/>\n\t<meta name=\"twitter:data2\" content=\"4 minutos\" \/>\n<!-- \/ Yoast SEO plugin. -->","yoast_head_json":{"title":"Comunicado para quem usa o CPF ao comprar em mercados em 2025 - Estado de Minas - Em foco","description":"Entenda como o programa \"CPF na Nota\" funciona, veja como consultar cr\u00e9ditos e descubra os benef\u00edcios dispon\u00edveis no seu estado.","robots":{"index":"index","follow":"follow","max-snippet":"max-snippet:-1","max-image-preview":"max-image-preview:large","max-video-preview":"max-video-preview:-1"},"canonical":"https:\/\/www.em.com.br\/emfoco\/2025\/02\/08\/comunicado-para-quem-usa-o-cpf-ao-comprar-em-mercados-em-2025\/","og_locale":"pt_BR","og_type":"article","og_title":"Comunicado para quem usa o CPF ao comprar em mercados em 2025 - Estado de Minas - Em foco","og_description":"Entenda como o programa \"CPF na Nota\" funciona, veja como consultar cr\u00e9ditos e descubra os benef\u00edcios dispon\u00edveis no seu estado.","og_url":"https:\/\/www.em.com.br\/emfoco\/2025\/02\/08\/comunicado-para-quem-usa-o-cpf-ao-comprar-em-mercados-em-2025\/","og_site_name":"Estado de Minas - Em foco","article_published_time":"2025-02-08T11:20:09+00:00","article_modified_time":"2025-02-08T11:20:10+00:00","og_image":[{"width":1280,"height":720,"url":"https:\/\/www.em.com.br\/emfoco\/wp-content\/uploads\/2025\/01\/recibo_1737909938344.jpg","type":"image\/jpeg"}],"author":"N\u00fabia Rangel","twitter_card":"summary_large_image","twitter_misc":{"Escrito por":"N\u00fabia Rangel","Est. tempo de leitura":"4 minutos"},"schema":{"@context":"https:\/\/schema.org","@graph":[{"@type":"WebPage","@id":"https:\/\/www.em.com.br\/emfoco\/2025\/02\/08\/comunicado-para-quem-usa-o-cpf-ao-comprar-em-mercados-em-2025\/","url":"https:\/\/www.em.com.br\/emfoco\/2025\/02\/08\/comunicado-para-quem-usa-o-cpf-ao-comprar-em-mercados-em-2025\/","name":"Comunicado para quem usa o CPF ao comprar em mercados em 2025 - Estado de Minas - Em foco","isPartOf":{"@id":"https:\/\/www.em.com.br\/emfoco\/#website"},"primaryImageOfPage":{"@id":"https:\/\/www.em.com.br\/emfoco\/2025\/02\/08\/comunicado-para-quem-usa-o-cpf-ao-comprar-em-mercados-em-2025\/#primaryimage"},"image":{"@id":"https:\/\/www.em.com.br\/emfoco\/2025\/02\/08\/comunicado-para-quem-usa-o-cpf-ao-comprar-em-mercados-em-2025\/#primaryimage"},"thumbnailUrl":"https:\/\/www.em.com.br\/emfoco\/wp-content\/uploads\/2025\/01\/recibo_1737909938344.jpg","datePublished":"2025-02-08T11:20:09+00:00","dateModified":"2025-02-08T11:20:10+00:00","author":{"@id":"https:\/\/www.em.com.br\/emfoco\/#\/schema\/person\/524437ef54f8a5d32591b143307f2e20"},"description":"Entenda como o programa \"CPF na Nota\" funciona, veja como consultar cr\u00e9ditos e descubra os benef\u00edcios dispon\u00edveis no seu estado.","breadcrumb":{"@id":"https:\/\/www.em.com.br\/emfoco\/2025\/02\/08\/comunicado-para-quem-usa-o-cpf-ao-comprar-em-mercados-em-2025\/#breadcrumb"},"inLanguage":"pt-BR","potentialAction":[{"@type":"ReadAction","target":["https:\/\/www.em.com.br\/emfoco\/2025\/02\/08\/comunicado-para-quem-usa-o-cpf-ao-comprar-em-mercados-em-2025\/"]}]},{"@type":"ImageObject","inLanguage":"pt-BR","@id":"https:\/\/www.em.com.br\/emfoco\/2025\/02\/08\/comunicado-para-quem-usa-o-cpf-ao-comprar-em-mercados-em-2025\/#primaryimage","url":"https:\/\/www.em.com.br\/emfoco\/wp-content\/uploads\/2025\/01\/recibo_1737909938344.jpg","contentUrl":"https:\/\/www.em.com.br\/emfoco\/wp-content\/uploads\/2025\/01\/recibo_1737909938344.jpg","width":1280,"height":720,"caption":"Imagem Ilustrativa de Nota Fiscal - Cr\u00e9ditos: depositphotos.com \/ Nomadsoul1"},{"@type":"BreadcrumbList","@id":"https:\/\/www.em.com.br\/emfoco\/2025\/02\/08\/comunicado-para-quem-usa-o-cpf-ao-comprar-em-mercados-em-2025\/#breadcrumb","itemListElement":[{"@type":"ListItem","position":1,"name":"In\u00edcio","item":"https:\/\/www.em.com.br\/emfoco\/"},{"@type":"ListItem","position":2,"name":"Comunicado para quem usa o CPF ao comprar em mercados em 2025"}]},{"@type":"WebSite","@id":"https:\/\/www.em.com.br\/emfoco\/#website","url":"https:\/\/www.em.com.br\/emfoco\/","name":"Estado de Minas - Em foco","description":"Acompanhe as \u00faltimas not\u00edcias e fique bem informado sobre tudo o que acontece em Minas Gerais, Brasil e no mundo.","potentialAction":[{"@type":"SearchAction","target":{"@type":"EntryPoint","urlTemplate":"https:\/\/www.em.com.br\/emfoco\/?s={search_term_string}"},"query-input":{"@type":"PropertyValueSpecification","valueRequired":true,"valueName":"search_term_string"}}],"inLanguage":"pt-BR"},{"@type":"Person","@id":"https:\/\/www.em.com.br\/emfoco\/#\/schema\/person\/524437ef54f8a5d32591b143307f2e20","name":"N\u00fabia Rangel","image":{"@type":"ImageObject","inLanguage":"pt-BR","@id":"https:\/\/www.em.com.br\/emfoco\/#\/schema\/person\/image\/","url":"https:\/\/secure.gravatar.com\/avatar\/47cff2827a5ba23c37e8068c86817ea4?s=96&d=mm&r=g","contentUrl":"https:\/\/secure.gravatar.com\/avatar\/47cff2827a5ba23c37e8068c86817ea4?s=96&d=mm&r=g","caption":"N\u00fabia Rangel"},"sameAs":["https:\/\/www.em.com.br\/emfoco\/"],"url":"https:\/\/www.em.com.br\/emfoco\/author\/nubiamyth\/"}]}},"_links":{"self":[{"href":"https:\/\/www.em.com.br\/emfoco\/wp-json\/wp\/v2\/posts\/16874","targetHints":{"allow":["GET"]}}],"collection":[{"href":"https:\/\/www.em.com.br\/emfoco\/wp-json\/wp\/v2\/posts"}],"about":[{"href":"https:\/\/www.em.com.br\/emfoco\/wp-json\/wp\/v2\/types\/post"}],"author":[{"embeddable":true,"href":"https:\/\/www.em.com.br\/emfoco\/wp-json\/wp\/v2\/users\/5"}],"replies":[{"embeddable":true,"href":"https:\/\/www.em.com.br\/emfoco\/wp-json\/wp\/v2\/comments?post=16874"}],"version-history":[{"count":3,"href":"https:\/\/www.em.com.br\/emfoco\/wp-json\/wp\/v2\/posts\/16874\/revisions"}],"predecessor-version":[{"id":16880,"href":"https:\/\/www.em.com.br\/emfoco\/wp-json\/wp\/v2\/posts\/16874\/revisions\/16880"}],"wp:featuredmedia":[{"embeddable":true,"href":"https:\/\/www.em.com.br\/emfoco\/wp-json\/wp\/v2\/media\/13856"}],"wp:attachment":[{"href":"https:\/\/www.em.com.br\/emfoco\/wp-json\/wp\/v2\/media?parent=16874"}],"wp:term":[{"taxonomy":"category","embeddable":true,"href":"https:\/\/www.em.com.br\/emfoco\/wp-json\/wp\/v2\/categories?post=16874"},{"taxonomy":"post_tag","embeddable":true,"href":"https:\/\/www.em.com.br\/emfoco\/wp-json\/wp\/v2\/tags?post=16874"}],"curies":[{"name":"wp","href":"https:\/\/api.w.org\/{rel}","templated":true}]}}