{"id":168654,"date":"2026-02-13T08:05:00","date_gmt":"2026-02-13T11:05:00","guid":{"rendered":"https:\/\/www.em.com.br\/emfoco\/?p=168654"},"modified":"2026-02-12T20:25:21","modified_gmt":"2026-02-12T23:25:21","slug":"o-erro-mais-perigoso-apos-cirurgia-plastica-no-carnaval-que-pode-comprometer-resultados","status":"publish","type":"post","link":"https:\/\/www.em.com.br\/emfoco\/2026\/02\/13\/o-erro-mais-perigoso-apos-cirurgia-plastica-no-carnaval-que-pode-comprometer-resultados\/","title":{"rendered":"O erro mais perigoso ap\u00f3s cirurgia pl\u00e1stica no Carnaval que pode comprometer resultados"},"content":{"rendered":"\n<p>Durante o Carnaval, um dos per\u00edodos mais esperados e movimentados no Brasil, muitas pessoas cogitam passar por procedimentos cir\u00fargicos para estarem em forma e prontas para as festividades. No entanto, a fase <strong>P\u00f3s-Ooperat\u00f3ria<\/strong> requer aten\u00e7\u00e3o especial para garantir a recupera\u00e7\u00e3o adequada e evitar complica\u00e7\u00f5es que possam surgir com o tempo.<\/p>\n\n\n\n<p>A alta m\u00e9dica obtida ap\u00f3s uma&nbsp;<em>cirurgia pl\u00e1stica<\/em>&nbsp;n\u00e3o deve ser confundida com a plena recupera\u00e7\u00e3o do organismo. Durante os festejos, o calor e a necessidade de ficar em p\u00e9 por longos per\u00edodos s\u00e3o condi\u00e7\u00f5es que podem dificultar a cicatriza\u00e7\u00e3o e inclusive colocar em risco a integridade dos resultados desejados. Assim, \u00e9 necess\u00e1rio que os pacientes compreendam as limita\u00e7\u00f5es nesse momento delicado.<\/p>\n\n\n\n<h2 class=\"wp-block-heading\">Quais cuidados s\u00e3o essenciais ap\u00f3s uma cirurgia pl\u00e1stica?<\/h2>\n\n\n\n<p>Cuidar do corpo ap\u00f3s uma cirurgia pl\u00e1stica n\u00e3o \u00e9 apenas uma recomenda\u00e7\u00e3o m\u00e9dica, mas uma necessidade. A primeira preocupa\u00e7\u00e3o deve ser evitar atividades f\u00edsicas intensas, j\u00e1 que o esfor\u00e7o pode levar a complica\u00e7\u00f5es s\u00e9rias, como hemorragias e incha\u00e7os. Al\u00e9m disso, a exposi\u00e7\u00e3o prolongada ao sol e ao calor deve ser evitada, pois contribui para o edema e pode agravar processos inflamat\u00f3rios.<\/p>\n\n\n\n<p>A fisioterapeuta Mariane Altomare alerta sobre a import\u00e2ncia do repouso e do manejo adequado da cicatriza\u00e7\u00e3o. Segundo ela, a disciplina \u00e9 fundamental para prevenir infec\u00e7\u00f5es e problemas na recupera\u00e7\u00e3o. Os pacientes devem seguir rigorosamente as orienta\u00e7\u00f5es m\u00e9dicas, incluindo o uso de cintas compressivas e a realiza\u00e7\u00e3o de sess\u00f5es de drenagem linf\u00e1tica, quando prescritas.<\/p>\n\n\n\n<h2 class=\"wp-block-heading\">\u00c9 poss\u00edvel curtir o Carnaval durante o p\u00f3s-operat\u00f3rio?<\/h2>\n\n\n\n<p>A pergunta que muitos fazem \u00e9 se, ap\u00f3s uma cirurgia, \u00e9 poss\u00edvel aproveitar o Carnaval. A resposta \u00e9 positiva, contudo, com modera\u00e7\u00e3o e bom senso. Os m\u00e9dicos destacam que o envolvimento em festas deve ser limitado, priorizando eventos leves e pausas frequentes para descansar. \u00c9 essencial manter-se hidratado e evitar bebidas alco\u00f3licas, que podem interferir na medica\u00e7\u00e3o e nos processos de cicatriza\u00e7\u00e3o.<\/p>\n\n\n\n<p>Uma estrat\u00e9gia eficaz \u00e9 planejar a participa\u00e7\u00e3o em atividades que n\u00e3o exijam altas temperaturas ou grande desgaste f\u00edsico. Outras dicas incluem o uso de roupas confort\u00e1veis e que n\u00e3o pressionem o corpo de maneira inadequada, ajudando a evitar desconforto, especialmente nas \u00e1reas operadas.<\/p>\n\n\n<div class=\"wp-block-image\">\n<figure class=\"aligncenter size-large\"><img loading=\"lazy\" decoding=\"async\" width=\"1024\" height=\"576\" src=\"https:\/\/www.em.com.br\/emfoco\/wp-content\/uploads\/2026\/02\/Pos-Ooperatoria_1770937502371-1024x576.jpg\" alt=\"\" class=\"wp-image-168664\" srcset=\"https:\/\/www.em.com.br\/emfoco\/wp-content\/uploads\/2026\/02\/Pos-Ooperatoria_1770937502371-1024x576.jpg 1024w, https:\/\/www.em.com.br\/emfoco\/wp-content\/uploads\/2026\/02\/Pos-Ooperatoria_1770937502371-300x169.jpg 300w, https:\/\/www.em.com.br\/emfoco\/wp-content\/uploads\/2026\/02\/Pos-Ooperatoria_1770937502371-768x432.jpg 768w, https:\/\/www.em.com.br\/emfoco\/wp-content\/uploads\/2026\/02\/Pos-Ooperatoria_1770937502371-750x422.jpg 750w, https:\/\/www.em.com.br\/emfoco\/wp-content\/uploads\/2026\/02\/Pos-Ooperatoria_1770937502371-1140x641.jpg 1140w, https:\/\/www.em.com.br\/emfoco\/wp-content\/uploads\/2026\/02\/Pos-Ooperatoria_1770937502371.jpg 1280w\" sizes=\"auto, (max-width: 1024px) 100vw, 1024px\" \/><figcaption class=\"wp-element-caption\">Como proteger resultados est\u00e9ticos e evitar complica\u00e7\u00f5es no p\u00f3s-operat\u00f3rio &#8211; Cr\u00e9ditos: depositphotos.com \/ toricheks2016.gmail.com<\/figcaption><\/figure><\/div>\n\n\n<h2 class=\"wp-block-heading\">Quais s\u00e3o as orienta\u00e7\u00f5es finais para manter a sa\u00fade ap\u00f3s a cirurgia?<\/h2>\n\n\n\n<p>Para aqueles que decidiram passar por uma cirurgia logo antes do Carnaval, o planejamento \u00e9 fundamental. A escolha de um profissional qualificado e a ades\u00e3o a um cronograma de recupera\u00e7\u00e3o seguro fazem toda a diferen\u00e7a no processo de reabilita\u00e7\u00e3o. Este planejamento deve incluir a organiza\u00e7\u00e3o do ambiente em que o paciente passar\u00e1 o p\u00f3s-operat\u00f3rio, garantindo conforto e acessibilidade.<\/p>\n\n\n\n<p>Seguir rigorosamente as instru\u00e7\u00f5es m\u00e9dicas \u00e9 crucial. O foco deve ser manter uma dieta equilibrada para promover a regenera\u00e7\u00e3o do tecido e estar sempre atento a qualquer sinal de complica\u00e7\u00e3o, como dor excessiva ou incha\u00e7o incomum. Com aten\u00e7\u00e3o a esses detalhes, \u00e9 poss\u00edvel desfrutar de um Carnaval seguro, mesmo ap\u00f3s um procedimento cir\u00fargico.<\/p>\n\n\n\n<p>Finalmente, entender o pr\u00f3prio corpo e seus limites \u00e9 vital para garantir que o per\u00edodo de recupera\u00e7\u00e3o seja tranquilo e sem intercorr\u00eancias. Ao respeitar as indica\u00e7\u00f5es profissionais, o paciente n\u00e3o apenas preserva sua sa\u00fade como tamb\u00e9m garante resultados est\u00e9ticos duradouros e satisfat\u00f3rios.<\/p>\n\n\n<a href=\"https:\/\/www.instagram.com\/dra.annaluisabf\/\" target=\"_blank\" style=\"text-decoration: none; color: inherit;\">\n  <span style=\"display:inline-block; border:1px solid #ccc; border-radius:10px; padding:15px; max-width:550px; font-family:sans-serif; box-shadow:0 2px 5px rgba(0,0,0,0.1);\">\n    <span style=\"margin:0 0 15px 0; font-weight:bold; color:#2c3e50; text-align: center;\">Entre em contato:<\/span>\n\n    <span style=\"display:flex; align-items:center;\">\n      <img decoding=\"async\" src=\"https:\/\/www.correiobraziliense.com.br\/cbradar\/wp-content\/uploads\/2025\/08\/dra_anna_luisa.jpeg\" alt=\"Dra Anna Lu\u00edsa\" style=\"border-radius:50%; width:80px; height:80px; margin-right:15px;\">\n      <span style=\"flex:1;\">\n        <h3 style=\"margin:0 0 5px 0;\">Dra. Anna Lu\u00edsa Barbosa Fernandes<\/h3>\n        <p style=\"margin:0 0 10px 0;\">CRM-GO 33.271<\/p>\n        <span style=\"display:flex; gap:10px;\">\n          <img decoding=\"async\" src=\"https:\/\/cdn-icons-png.flaticon.com\/24\/1384\/1384063.png\" alt=\"Instagram\">\n        <\/span>\n      <\/span>\n    <\/span>\n  <\/span>\n<\/a>","protected":false},"excerpt":{"rendered":"<p>Durante o Carnaval, um dos per\u00edodos mais esperados e movimentados no Brasil, muitas pessoas cogitam passar por procedimentos cir\u00fargicos para estarem em forma e prontas para as festividades. No entanto, a fase P\u00f3s-Ooperat\u00f3ria requer aten\u00e7\u00e3o especial para garantir a recupera\u00e7\u00e3o adequada e evitar complica\u00e7\u00f5es que possam surgir com o tempo. A alta m\u00e9dica obtida ap\u00f3s [&hellip;]<\/p>\n","protected":false},"author":25,"featured_media":168656,"comment_status":"open","ping_status":"open","sticky":false,"template":"","format":"standard","meta":{"jnews-multi-image_gallery":[],"jnews_single_post":{"format":"standard"},"jnews_primary_category":[],"jnews_social_meta":[],"jnews_override_counter":[],"footnotes":""},"categories":[1],"tags":[],"class_list":["post-168654","post","type-post","status-publish","format-standard","has-post-thumbnail","hentry","category-noticias"],"yoast_head":"<!-- This site is optimized with the Yoast SEO plugin v23.8 - https:\/\/yoast.com\/wordpress\/plugins\/seo\/ -->\n<title>O erro mais perigoso ap\u00f3s cirurgia pl\u00e1stica no Carnaval que pode comprometer resultados - Estado de Minas - Em foco<\/title>\n<meta name=\"description\" content=\"Cirurgia pl\u00e1stica antes do Carnaval exige cuidados especiais. Veja como evitar complica\u00e7\u00f5es e preservar resultados.\" \/>\n<meta name=\"robots\" content=\"index, follow, max-snippet:-1, max-image-preview:large, max-video-preview:-1\" \/>\n<link rel=\"canonical\" href=\"https:\/\/www.em.com.br\/emfoco\/2026\/02\/13\/o-erro-mais-perigoso-apos-cirurgia-plastica-no-carnaval-que-pode-comprometer-resultados\/\" \/>\n<meta property=\"og:locale\" content=\"pt_BR\" \/>\n<meta property=\"og:type\" content=\"article\" \/>\n<meta property=\"og:title\" content=\"O erro mais perigoso ap\u00f3s cirurgia pl\u00e1stica no Carnaval que pode comprometer resultados - Estado de Minas - Em foco\" \/>\n<meta property=\"og:description\" content=\"Cirurgia pl\u00e1stica antes do Carnaval exige cuidados especiais. Veja como evitar complica\u00e7\u00f5es e preservar resultados.\" \/>\n<meta property=\"og:url\" content=\"https:\/\/www.em.com.br\/emfoco\/2026\/02\/13\/o-erro-mais-perigoso-apos-cirurgia-plastica-no-carnaval-que-pode-comprometer-resultados\/\" \/>\n<meta property=\"og:site_name\" content=\"Estado de Minas - Em foco\" \/>\n<meta property=\"article:published_time\" content=\"2026-02-13T11:05:00+00:00\" \/>\n<meta property=\"article:modified_time\" content=\"2026-02-12T23:25:21+00:00\" \/>\n<meta property=\"og:image\" content=\"https:\/\/www.em.com.br\/emfoco\/wp-content\/uploads\/2026\/02\/Pos-Ooperatoria_1770937453636.jpg\" \/>\n\t<meta property=\"og:image:width\" content=\"1280\" \/>\n\t<meta property=\"og:image:height\" content=\"720\" \/>\n\t<meta property=\"og:image:type\" content=\"image\/jpeg\" \/>\n<meta name=\"author\" content=\"Guilherme Lopes\" \/>\n<meta name=\"twitter:card\" content=\"summary_large_image\" \/>\n<meta name=\"twitter:label1\" content=\"Escrito por\" \/>\n\t<meta name=\"twitter:data1\" content=\"Guilherme Lopes\" \/>\n\t<meta name=\"twitter:label2\" content=\"Est. tempo de leitura\" \/>\n\t<meta name=\"twitter:data2\" content=\"4 minutos\" \/>\n<!-- \/ Yoast SEO plugin. -->","yoast_head_json":{"title":"O erro mais perigoso ap\u00f3s cirurgia pl\u00e1stica no Carnaval que pode comprometer resultados - Estado de Minas - Em foco","description":"Cirurgia pl\u00e1stica antes do Carnaval exige cuidados especiais. Veja como evitar complica\u00e7\u00f5es e preservar resultados.","robots":{"index":"index","follow":"follow","max-snippet":"max-snippet:-1","max-image-preview":"max-image-preview:large","max-video-preview":"max-video-preview:-1"},"canonical":"https:\/\/www.em.com.br\/emfoco\/2026\/02\/13\/o-erro-mais-perigoso-apos-cirurgia-plastica-no-carnaval-que-pode-comprometer-resultados\/","og_locale":"pt_BR","og_type":"article","og_title":"O erro mais perigoso ap\u00f3s cirurgia pl\u00e1stica no Carnaval que pode comprometer resultados - Estado de Minas - Em foco","og_description":"Cirurgia pl\u00e1stica antes do Carnaval exige cuidados especiais. Veja como evitar complica\u00e7\u00f5es e preservar resultados.","og_url":"https:\/\/www.em.com.br\/emfoco\/2026\/02\/13\/o-erro-mais-perigoso-apos-cirurgia-plastica-no-carnaval-que-pode-comprometer-resultados\/","og_site_name":"Estado de Minas - Em foco","article_published_time":"2026-02-13T11:05:00+00:00","article_modified_time":"2026-02-12T23:25:21+00:00","og_image":[{"width":1280,"height":720,"url":"https:\/\/www.em.com.br\/emfoco\/wp-content\/uploads\/2026\/02\/Pos-Ooperatoria_1770937453636.jpg","type":"image\/jpeg"}],"author":"Guilherme Lopes","twitter_card":"summary_large_image","twitter_misc":{"Escrito por":"Guilherme Lopes","Est. tempo de leitura":"4 minutos"},"schema":{"@context":"https:\/\/schema.org","@graph":[{"@type":"WebPage","@id":"https:\/\/www.em.com.br\/emfoco\/2026\/02\/13\/o-erro-mais-perigoso-apos-cirurgia-plastica-no-carnaval-que-pode-comprometer-resultados\/","url":"https:\/\/www.em.com.br\/emfoco\/2026\/02\/13\/o-erro-mais-perigoso-apos-cirurgia-plastica-no-carnaval-que-pode-comprometer-resultados\/","name":"O erro mais perigoso ap\u00f3s cirurgia pl\u00e1stica no Carnaval que pode comprometer resultados - Estado de Minas - Em foco","isPartOf":{"@id":"https:\/\/www.em.com.br\/emfoco\/#website"},"primaryImageOfPage":{"@id":"https:\/\/www.em.com.br\/emfoco\/2026\/02\/13\/o-erro-mais-perigoso-apos-cirurgia-plastica-no-carnaval-que-pode-comprometer-resultados\/#primaryimage"},"image":{"@id":"https:\/\/www.em.com.br\/emfoco\/2026\/02\/13\/o-erro-mais-perigoso-apos-cirurgia-plastica-no-carnaval-que-pode-comprometer-resultados\/#primaryimage"},"thumbnailUrl":"https:\/\/www.em.com.br\/emfoco\/wp-content\/uploads\/2026\/02\/Pos-Ooperatoria_1770937453636.jpg","datePublished":"2026-02-13T11:05:00+00:00","dateModified":"2026-02-12T23:25:21+00:00","author":{"@id":"https:\/\/www.em.com.br\/emfoco\/#\/schema\/person\/f6eade2e287023da170a1b2b329f68e5"},"description":"Cirurgia pl\u00e1stica antes do Carnaval exige cuidados especiais. Veja como evitar complica\u00e7\u00f5es e preservar resultados.","breadcrumb":{"@id":"https:\/\/www.em.com.br\/emfoco\/2026\/02\/13\/o-erro-mais-perigoso-apos-cirurgia-plastica-no-carnaval-que-pode-comprometer-resultados\/#breadcrumb"},"inLanguage":"pt-BR","potentialAction":[{"@type":"ReadAction","target":["https:\/\/www.em.com.br\/emfoco\/2026\/02\/13\/o-erro-mais-perigoso-apos-cirurgia-plastica-no-carnaval-que-pode-comprometer-resultados\/"]}]},{"@type":"ImageObject","inLanguage":"pt-BR","@id":"https:\/\/www.em.com.br\/emfoco\/2026\/02\/13\/o-erro-mais-perigoso-apos-cirurgia-plastica-no-carnaval-que-pode-comprometer-resultados\/#primaryimage","url":"https:\/\/www.em.com.br\/emfoco\/wp-content\/uploads\/2026\/02\/Pos-Ooperatoria_1770937453636.jpg","contentUrl":"https:\/\/www.em.com.br\/emfoco\/wp-content\/uploads\/2026\/02\/Pos-Ooperatoria_1770937453636.jpg","width":1280,"height":720,"caption":"A estrat\u00e9gia mais inteligente para equilibrar Carnaval e recupera\u00e7\u00e3o cir\u00fargica: - Cr\u00e9ditos: depositphotos.com \/ IgorVetushko"},{"@type":"BreadcrumbList","@id":"https:\/\/www.em.com.br\/emfoco\/2026\/02\/13\/o-erro-mais-perigoso-apos-cirurgia-plastica-no-carnaval-que-pode-comprometer-resultados\/#breadcrumb","itemListElement":[{"@type":"ListItem","position":1,"name":"In\u00edcio","item":"https:\/\/www.em.com.br\/emfoco\/"},{"@type":"ListItem","position":2,"name":"O erro mais perigoso ap\u00f3s cirurgia pl\u00e1stica no Carnaval que pode comprometer resultados"}]},{"@type":"WebSite","@id":"https:\/\/www.em.com.br\/emfoco\/#website","url":"https:\/\/www.em.com.br\/emfoco\/","name":"Estado de Minas - Em foco","description":"Acompanhe as \u00faltimas not\u00edcias e fique bem informado sobre tudo o que acontece em Minas Gerais, Brasil e no mundo.","potentialAction":[{"@type":"SearchAction","target":{"@type":"EntryPoint","urlTemplate":"https:\/\/www.em.com.br\/emfoco\/?s={search_term_string}"},"query-input":{"@type":"PropertyValueSpecification","valueRequired":true,"valueName":"search_term_string"}}],"inLanguage":"pt-BR"},{"@type":"Person","@id":"https:\/\/www.em.com.br\/emfoco\/#\/schema\/person\/f6eade2e287023da170a1b2b329f68e5","name":"Guilherme Lopes","image":{"@type":"ImageObject","inLanguage":"pt-BR","@id":"https:\/\/www.em.com.br\/emfoco\/#\/schema\/person\/image\/","url":"https:\/\/secure.gravatar.com\/avatar\/df9adfb835d344bc0af109d41756253f?s=96&d=mm&r=g","contentUrl":"https:\/\/secure.gravatar.com\/avatar\/df9adfb835d344bc0af109d41756253f?s=96&d=mm&r=g","caption":"Guilherme Lopes"},"url":"https:\/\/www.em.com.br\/emfoco\/author\/guilherme_saude\/"}]}},"_links":{"self":[{"href":"https:\/\/www.em.com.br\/emfoco\/wp-json\/wp\/v2\/posts\/168654","targetHints":{"allow":["GET"]}}],"collection":[{"href":"https:\/\/www.em.com.br\/emfoco\/wp-json\/wp\/v2\/posts"}],"about":[{"href":"https:\/\/www.em.com.br\/emfoco\/wp-json\/wp\/v2\/types\/post"}],"author":[{"embeddable":true,"href":"https:\/\/www.em.com.br\/emfoco\/wp-json\/wp\/v2\/users\/25"}],"replies":[{"embeddable":true,"href":"https:\/\/www.em.com.br\/emfoco\/wp-json\/wp\/v2\/comments?post=168654"}],"version-history":[{"count":1,"href":"https:\/\/www.em.com.br\/emfoco\/wp-json\/wp\/v2\/posts\/168654\/revisions"}],"predecessor-version":[{"id":168665,"href":"https:\/\/www.em.com.br\/emfoco\/wp-json\/wp\/v2\/posts\/168654\/revisions\/168665"}],"wp:featuredmedia":[{"embeddable":true,"href":"https:\/\/www.em.com.br\/emfoco\/wp-json\/wp\/v2\/media\/168656"}],"wp:attachment":[{"href":"https:\/\/www.em.com.br\/emfoco\/wp-json\/wp\/v2\/media?parent=168654"}],"wp:term":[{"taxonomy":"category","embeddable":true,"href":"https:\/\/www.em.com.br\/emfoco\/wp-json\/wp\/v2\/categories?post=168654"},{"taxonomy":"post_tag","embeddable":true,"href":"https:\/\/www.em.com.br\/emfoco\/wp-json\/wp\/v2\/tags?post=168654"}],"curies":[{"name":"wp","href":"https:\/\/api.w.org\/{rel}","templated":true}]}}