{"id":168638,"date":"2026-02-13T07:05:00","date_gmt":"2026-02-13T10:05:00","guid":{"rendered":"https:\/\/www.em.com.br\/emfoco\/?p=168638"},"modified":"2026-02-12T19:54:44","modified_gmt":"2026-02-12T22:54:44","slug":"o-alerta-mais-importante-sobre-ferro-baixo-em-adolescentes-e-sangramento-intenso","status":"publish","type":"post","link":"https:\/\/www.em.com.br\/emfoco\/2026\/02\/13\/o-alerta-mais-importante-sobre-ferro-baixo-em-adolescentes-e-sangramento-intenso\/","title":{"rendered":"O alerta mais importante sobre ferro baixo em adolescentes e sangramento intenso"},"content":{"rendered":"\n<p>A avalia\u00e7\u00e3o dos h\u00e1bitos alimentares e do padr\u00e3o menstrual de adolescentes desempenha um papel crucial no cuidado cl\u00ednico, tanto quanto os exames laboratoriais para verificar os n\u00edveis de Ferro e ferritina no organismo. Uma pesquisa realizada na Su\u00e9cia, envolvendo 394 estudantes p\u00f3s-menarca, revelou a liga\u00e7\u00e3o significativa entre dieta, padr\u00f5es de menstrua\u00e7\u00e3o e a sa\u00fade do ferro entre jovens, destacando que a an\u00e1lise conjunta dessas vari\u00e1veis \u00e9 essencial para compreender o estado de sa\u00fade das adolescentes.<\/p>\n\n\n\n<h2 class=\"wp-block-heading\">Qual a rela\u00e7\u00e3o entre dieta, menstrua\u00e7\u00e3o e n\u00edveis de ferro nas adolescentes?<\/h2>\n\n\n\n<p>Os resultados do estudo mostraram que 40% das participantes apresentaram n\u00edveis de ferritina abaixo da recomenda\u00e7\u00e3o da Organiza\u00e7\u00e3o Mundial da Sa\u00fade. O sangramento menstrual intenso, relatado por mais da metade das jovens, correlacionou-se com n\u00edveis baixos de ferro e hemoglobina, o que eleva o risco de fadiga, queda no rendimento escolar e maior vulnerabilidade a infec\u00e7\u00f5es.<\/p>\n\n\n\n<p>Essa condi\u00e7\u00e3o foi ainda mais pronunciada em adolescentes com dietas restritivas em carne, com maior chance de defici\u00eancia de ferro em compara\u00e7\u00e3o \u00e0s on\u00edvoras. A pesquisa refor\u00e7a que avaliar apenas a hemoglobina \u00e9 insuficiente, sendo fundamental investigar tamb\u00e9m o padr\u00e3o de menstrua\u00e7\u00e3o, a qualidade da alimenta\u00e7\u00e3o e o uso de suplementos nutricionais.<\/p>\n\n\n\n<p>Para compreender melhor se existe um <strong>n\u00edvel ideal de ferritina<\/strong>, assista ao v\u00eddeo a seguir, no qual o <strong>Dr. Roberto Yano<\/strong> explica o assunto de forma clara e did\u00e1tica no <strong>canal Dr. Roberto Yano<\/strong>.<\/p>\n\n\n\n<iframe loading=\"lazy\" width=\"1396\" height=\"785\" src=\"https:\/\/www.youtube.com\/embed\/GTJeRzbVQqo\" title=\"N\u00edvel de ferritina ideal existe?\" frameborder=\"0\" allow=\"accelerometer; autoplay; clipboard-write; encrypted-media; gyroscope; picture-in-picture; web-share\" referrerpolicy=\"strict-origin-when-cross-origin\" allowfullscreen><\/iframe>\n\n\n\n<h2 class=\"wp-block-heading\">Como \u00e9 a vulnerabilidade das adolescentes \u00e0 defici\u00eancia de ferro?<\/h2>\n\n\n\n<p>A defici\u00eancia de ferro e a anemia n\u00e3o s\u00e3o sin\u00f4nimos: a primeira refere-se \u00e0 redu\u00e7\u00e3o dos estoques de ferro, enquanto a anemia ocorre quando essa defici\u00eancia j\u00e1 impacta a produ\u00e7\u00e3o de hemoglobina. Na adolesc\u00eancia, a demanda aumentada de ferro pela puberdade, associada ao in\u00edcio das perdas menstruais, torna essa faixa et\u00e1ria especialmente suscet\u00edvel ao problema.<\/p>\n\n\n\n<p>Sintomas como fadiga, irritabilidade e dificuldade de concentra\u00e7\u00e3o podem ser subestimados ou atribu\u00eddos apenas ao crescimento, estresse escolar ou altera\u00e7\u00f5es emocionais t\u00edpicas da idade. Por isso, a investiga\u00e7\u00e3o cl\u00ednica deve incluir perguntas dirigidas sobre ciclo menstrual, alimenta\u00e7\u00e3o e desempenho nas atividades di\u00e1rias.<\/p>\n\n\n\n<h2 class=\"wp-block-heading\">Qual a influ\u00eancia da alimenta\u00e7\u00e3o e do estilo de vida na sa\u00fade do ferro?<\/h2>\n\n\n\n<p>As dietas pobres em carne, quando n\u00e3o bem planejadas, podem acentuar a defici\u00eancia de ferro, sobretudo se combinadas a consumo excessivo de ultraprocessados e jejum frequente. O exerc\u00edcio f\u00edsico intenso sem reposi\u00e7\u00e3o adequada de nutrientes e a aceita\u00e7\u00e3o de sangramento menstrual abundante como \u201cnormal\u201d tamb\u00e9m agravam o quadro.<\/p>\n\n\n\n<p>Alguns h\u00e1bitos di\u00e1rios podem reduzir ou aumentar a absor\u00e7\u00e3o de ferro, tornando importante orientar as adolescentes sobre escolhas simples que fazem diferen\u00e7a, como:<\/p>\n\n\n\n<ul class=\"wp-block-list\">\n<li>Consumir fontes de ferro (como feij\u00e3o, lentilha, carne, folhas verde-escuras) em refei\u00e7\u00f5es regulares.<\/li>\n\n\n\n<li>Associar alimentos ricos em vitamina C (laranja, acerola, lim\u00e3o) \u00e0s fontes de ferro para melhorar a absor\u00e7\u00e3o.<\/li>\n\n\n\n<li>Evitar excesso de caf\u00e9, ch\u00e1 preto e refrigerantes junto \u00e0s principais refei\u00e7\u00f5es, pois podem prejudicar a absor\u00e7\u00e3o do mineral.<\/li>\n\n\n\n<li>Buscar acompanhamento nutricional ao adotar dietas vegetarianas ou veganas, garantindo aporte adequado de ferro e outros micronutrientes.<\/li>\n<\/ul>\n\n\n\n<h2 class=\"wp-block-heading\">Quais as op\u00e7\u00f5es de tratamento para defici\u00eancia de ferro em adolescentes?<\/h2>\n\n\n\n<p>O tratamento da defici\u00eancia de ferro varia conforme a gravidade e os sintomas apresentados, podendo incluir suplementa\u00e7\u00e3o oral, ajustes na alimenta\u00e7\u00e3o e, em casos selecionados, reposi\u00e7\u00e3o intravenosa. Em situa\u00e7\u00f5es de fluxo menstrual muito intenso, o uso de anticoncepcionais ou outros m\u00e9todos hormonais pode ser indicado para reduzir a perda de sangue e proteger os estoques de ferro.<\/p>\n\n\n\n<p>Uma abordagem cl\u00ednica abrangente, que contemple investiga\u00e7\u00e3o do ciclo menstrual, avalia\u00e7\u00e3o nutricional e exames laboratoriais, \u00e9 essencial para melhorar a qualidade de vida e o desempenho f\u00edsico e escolar das adolescentes. A aten\u00e7\u00e3o proativa a esses fatores ajuda a prevenir a defici\u00eancia de ferro e a garantir um desenvolvimento saud\u00e1vel durante essa fase cr\u00edtica da vida.<\/p>\n\n\n<a href=\"https:\/\/www.instagram.com\/dra.annaluisabf\/\" target=\"_blank\" style=\"text-decoration: none; color: inherit;\">\n  <span style=\"display:inline-block; border:1px solid #ccc; border-radius:10px; padding:15px; max-width:550px; font-family:sans-serif; box-shadow:0 2px 5px rgba(0,0,0,0.1);\">\n    <span style=\"margin:0 0 15px 0; font-weight:bold; color:#2c3e50; text-align: center;\">Entre em contato:<\/span>\n\n    <span style=\"display:flex; align-items:center;\">\n      <img decoding=\"async\" src=\"https:\/\/www.correiobraziliense.com.br\/cbradar\/wp-content\/uploads\/2025\/08\/dra_anna_luisa.jpeg\" alt=\"Dra Anna Lu\u00edsa\" style=\"border-radius:50%; width:80px; height:80px; margin-right:15px;\">\n      <span style=\"flex:1;\">\n        <h3 style=\"margin:0 0 5px 0;\">Dra. Anna Lu\u00edsa Barbosa Fernandes<\/h3>\n        <p style=\"margin:0 0 10px 0;\">CRM-GO 33.271<\/p>\n        <span style=\"display:flex; gap:10px;\">\n          <img decoding=\"async\" src=\"https:\/\/cdn-icons-png.flaticon.com\/24\/1384\/1384063.png\" alt=\"Instagram\">\n        <\/span>\n      <\/span>\n    <\/span>\n  <\/span>\n<\/a>","protected":false},"excerpt":{"rendered":"<p>A avalia\u00e7\u00e3o dos h\u00e1bitos alimentares e do padr\u00e3o menstrual de adolescentes desempenha um papel crucial no cuidado cl\u00ednico, tanto quanto os exames laboratoriais para verificar os n\u00edveis de Ferro e ferritina no organismo. Uma pesquisa realizada na Su\u00e9cia, envolvendo 394 estudantes p\u00f3s-menarca, revelou a liga\u00e7\u00e3o significativa entre dieta, padr\u00f5es de menstrua\u00e7\u00e3o e a sa\u00fade do [&hellip;]<\/p>\n","protected":false},"author":25,"featured_media":123377,"comment_status":"open","ping_status":"open","sticky":false,"template":"","format":"standard","meta":{"jnews-multi-image_gallery":[],"jnews_single_post":{"format":"standard"},"jnews_primary_category":[],"jnews_social_meta":[],"jnews_override_counter":[],"footnotes":""},"categories":[1],"tags":[],"class_list":["post-168638","post","type-post","status-publish","format-standard","has-post-thumbnail","hentry","category-noticias"],"yoast_head":"<!-- This site is optimized with the Yoast SEO plugin v23.8 - https:\/\/yoast.com\/wordpress\/plugins\/seo\/ -->\n<title>O alerta mais importante sobre ferro baixo em adolescentes e sangramento intenso - Estado de Minas - Em foco<\/title>\n<meta name=\"description\" content=\"Estudo revela liga\u00e7\u00e3o entre menstrua\u00e7\u00e3o intensa, dieta restritiva e defici\u00eancia de ferro em adolescentes.\" \/>\n<meta name=\"robots\" content=\"index, follow, max-snippet:-1, max-image-preview:large, max-video-preview:-1\" \/>\n<link rel=\"canonical\" href=\"https:\/\/www.em.com.br\/emfoco\/2026\/02\/13\/o-alerta-mais-importante-sobre-ferro-baixo-em-adolescentes-e-sangramento-intenso\/\" \/>\n<meta property=\"og:locale\" content=\"pt_BR\" \/>\n<meta property=\"og:type\" content=\"article\" \/>\n<meta property=\"og:title\" content=\"O alerta mais importante sobre ferro baixo em adolescentes e sangramento intenso - Estado de Minas - Em foco\" \/>\n<meta property=\"og:description\" content=\"Estudo revela liga\u00e7\u00e3o entre menstrua\u00e7\u00e3o intensa, dieta restritiva e defici\u00eancia de ferro em adolescentes.\" \/>\n<meta property=\"og:url\" content=\"https:\/\/www.em.com.br\/emfoco\/2026\/02\/13\/o-alerta-mais-importante-sobre-ferro-baixo-em-adolescentes-e-sangramento-intenso\/\" \/>\n<meta property=\"og:site_name\" content=\"Estado de Minas - Em foco\" \/>\n<meta property=\"article:published_time\" content=\"2026-02-13T10:05:00+00:00\" \/>\n<meta property=\"article:modified_time\" content=\"2026-02-12T22:54:44+00:00\" \/>\n<meta property=\"og:image\" content=\"https:\/\/www.em.com.br\/emfoco\/wp-content\/uploads\/2025\/11\/Ferro-alimento_1762286834694.jpg\" \/>\n\t<meta property=\"og:image:width\" content=\"1280\" \/>\n\t<meta property=\"og:image:height\" content=\"720\" \/>\n\t<meta property=\"og:image:type\" content=\"image\/jpeg\" \/>\n<meta name=\"author\" content=\"Guilherme Lopes\" \/>\n<meta name=\"twitter:card\" content=\"summary_large_image\" \/>\n<meta name=\"twitter:label1\" content=\"Escrito por\" \/>\n\t<meta name=\"twitter:data1\" content=\"Guilherme Lopes\" \/>\n\t<meta name=\"twitter:label2\" content=\"Est. tempo de leitura\" \/>\n\t<meta name=\"twitter:data2\" content=\"5 minutos\" \/>\n<!-- \/ Yoast SEO plugin. -->","yoast_head_json":{"title":"O alerta mais importante sobre ferro baixo em adolescentes e sangramento intenso - Estado de Minas - Em foco","description":"Estudo revela liga\u00e7\u00e3o entre menstrua\u00e7\u00e3o intensa, dieta restritiva e defici\u00eancia de ferro em adolescentes.","robots":{"index":"index","follow":"follow","max-snippet":"max-snippet:-1","max-image-preview":"max-image-preview:large","max-video-preview":"max-video-preview:-1"},"canonical":"https:\/\/www.em.com.br\/emfoco\/2026\/02\/13\/o-alerta-mais-importante-sobre-ferro-baixo-em-adolescentes-e-sangramento-intenso\/","og_locale":"pt_BR","og_type":"article","og_title":"O alerta mais importante sobre ferro baixo em adolescentes e sangramento intenso - Estado de Minas - Em foco","og_description":"Estudo revela liga\u00e7\u00e3o entre menstrua\u00e7\u00e3o intensa, dieta restritiva e defici\u00eancia de ferro em adolescentes.","og_url":"https:\/\/www.em.com.br\/emfoco\/2026\/02\/13\/o-alerta-mais-importante-sobre-ferro-baixo-em-adolescentes-e-sangramento-intenso\/","og_site_name":"Estado de Minas - Em foco","article_published_time":"2026-02-13T10:05:00+00:00","article_modified_time":"2026-02-12T22:54:44+00:00","og_image":[{"width":1280,"height":720,"url":"https:\/\/www.em.com.br\/emfoco\/wp-content\/uploads\/2025\/11\/Ferro-alimento_1762286834694.jpg","type":"image\/jpeg"}],"author":"Guilherme Lopes","twitter_card":"summary_large_image","twitter_misc":{"Escrito por":"Guilherme Lopes","Est. tempo de leitura":"5 minutos"},"schema":{"@context":"https:\/\/schema.org","@graph":[{"@type":"WebPage","@id":"https:\/\/www.em.com.br\/emfoco\/2026\/02\/13\/o-alerta-mais-importante-sobre-ferro-baixo-em-adolescentes-e-sangramento-intenso\/","url":"https:\/\/www.em.com.br\/emfoco\/2026\/02\/13\/o-alerta-mais-importante-sobre-ferro-baixo-em-adolescentes-e-sangramento-intenso\/","name":"O alerta mais importante sobre ferro baixo em adolescentes e sangramento intenso - Estado de Minas - Em foco","isPartOf":{"@id":"https:\/\/www.em.com.br\/emfoco\/#website"},"primaryImageOfPage":{"@id":"https:\/\/www.em.com.br\/emfoco\/2026\/02\/13\/o-alerta-mais-importante-sobre-ferro-baixo-em-adolescentes-e-sangramento-intenso\/#primaryimage"},"image":{"@id":"https:\/\/www.em.com.br\/emfoco\/2026\/02\/13\/o-alerta-mais-importante-sobre-ferro-baixo-em-adolescentes-e-sangramento-intenso\/#primaryimage"},"thumbnailUrl":"https:\/\/www.em.com.br\/emfoco\/wp-content\/uploads\/2025\/11\/Ferro-alimento_1762286834694.jpg","datePublished":"2026-02-13T10:05:00+00:00","dateModified":"2026-02-12T22:54:44+00:00","author":{"@id":"https:\/\/www.em.com.br\/emfoco\/#\/schema\/person\/f6eade2e287023da170a1b2b329f68e5"},"description":"Estudo revela liga\u00e7\u00e3o entre menstrua\u00e7\u00e3o intensa, dieta restritiva e defici\u00eancia de ferro em adolescentes.","breadcrumb":{"@id":"https:\/\/www.em.com.br\/emfoco\/2026\/02\/13\/o-alerta-mais-importante-sobre-ferro-baixo-em-adolescentes-e-sangramento-intenso\/#breadcrumb"},"inLanguage":"pt-BR","potentialAction":[{"@type":"ReadAction","target":["https:\/\/www.em.com.br\/emfoco\/2026\/02\/13\/o-alerta-mais-importante-sobre-ferro-baixo-em-adolescentes-e-sangramento-intenso\/"]}]},{"@type":"ImageObject","inLanguage":"pt-BR","@id":"https:\/\/www.em.com.br\/emfoco\/2026\/02\/13\/o-alerta-mais-importante-sobre-ferro-baixo-em-adolescentes-e-sangramento-intenso\/#primaryimage","url":"https:\/\/www.em.com.br\/emfoco\/wp-content\/uploads\/2025\/11\/Ferro-alimento_1762286834694.jpg","contentUrl":"https:\/\/www.em.com.br\/emfoco\/wp-content\/uploads\/2025\/11\/Ferro-alimento_1762286834694.jpg","width":1280,"height":720,"caption":"Ferro - Cr\u00e9ditos: depositphotos.com \/ robynmac"},{"@type":"BreadcrumbList","@id":"https:\/\/www.em.com.br\/emfoco\/2026\/02\/13\/o-alerta-mais-importante-sobre-ferro-baixo-em-adolescentes-e-sangramento-intenso\/#breadcrumb","itemListElement":[{"@type":"ListItem","position":1,"name":"In\u00edcio","item":"https:\/\/www.em.com.br\/emfoco\/"},{"@type":"ListItem","position":2,"name":"O alerta mais importante sobre ferro baixo em adolescentes e sangramento intenso"}]},{"@type":"WebSite","@id":"https:\/\/www.em.com.br\/emfoco\/#website","url":"https:\/\/www.em.com.br\/emfoco\/","name":"Estado de Minas - Em foco","description":"Acompanhe as \u00faltimas not\u00edcias e fique bem informado sobre tudo o que acontece em Minas Gerais, Brasil e no mundo.","potentialAction":[{"@type":"SearchAction","target":{"@type":"EntryPoint","urlTemplate":"https:\/\/www.em.com.br\/emfoco\/?s={search_term_string}"},"query-input":{"@type":"PropertyValueSpecification","valueRequired":true,"valueName":"search_term_string"}}],"inLanguage":"pt-BR"},{"@type":"Person","@id":"https:\/\/www.em.com.br\/emfoco\/#\/schema\/person\/f6eade2e287023da170a1b2b329f68e5","name":"Guilherme Lopes","image":{"@type":"ImageObject","inLanguage":"pt-BR","@id":"https:\/\/www.em.com.br\/emfoco\/#\/schema\/person\/image\/","url":"https:\/\/secure.gravatar.com\/avatar\/df9adfb835d344bc0af109d41756253f?s=96&d=mm&r=g","contentUrl":"https:\/\/secure.gravatar.com\/avatar\/df9adfb835d344bc0af109d41756253f?s=96&d=mm&r=g","caption":"Guilherme Lopes"},"url":"https:\/\/www.em.com.br\/emfoco\/author\/guilherme_saude\/"}]}},"_links":{"self":[{"href":"https:\/\/www.em.com.br\/emfoco\/wp-json\/wp\/v2\/posts\/168638","targetHints":{"allow":["GET"]}}],"collection":[{"href":"https:\/\/www.em.com.br\/emfoco\/wp-json\/wp\/v2\/posts"}],"about":[{"href":"https:\/\/www.em.com.br\/emfoco\/wp-json\/wp\/v2\/types\/post"}],"author":[{"embeddable":true,"href":"https:\/\/www.em.com.br\/emfoco\/wp-json\/wp\/v2\/users\/25"}],"replies":[{"embeddable":true,"href":"https:\/\/www.em.com.br\/emfoco\/wp-json\/wp\/v2\/comments?post=168638"}],"version-history":[{"count":1,"href":"https:\/\/www.em.com.br\/emfoco\/wp-json\/wp\/v2\/posts\/168638\/revisions"}],"predecessor-version":[{"id":168646,"href":"https:\/\/www.em.com.br\/emfoco\/wp-json\/wp\/v2\/posts\/168638\/revisions\/168646"}],"wp:featuredmedia":[{"embeddable":true,"href":"https:\/\/www.em.com.br\/emfoco\/wp-json\/wp\/v2\/media\/123377"}],"wp:attachment":[{"href":"https:\/\/www.em.com.br\/emfoco\/wp-json\/wp\/v2\/media?parent=168638"}],"wp:term":[{"taxonomy":"category","embeddable":true,"href":"https:\/\/www.em.com.br\/emfoco\/wp-json\/wp\/v2\/categories?post=168638"},{"taxonomy":"post_tag","embeddable":true,"href":"https:\/\/www.em.com.br\/emfoco\/wp-json\/wp\/v2\/tags?post=168638"}],"curies":[{"name":"wp","href":"https:\/\/api.w.org\/{rel}","templated":true}]}}