{"id":16846,"date":"2025-02-06T17:00:50","date_gmt":"2025-02-06T20:00:50","guid":{"rendered":"https:\/\/www.em.com.br\/emfoco\/?p=16846"},"modified":"2025-02-05T16:05:45","modified_gmt":"2025-02-05T19:05:45","slug":"tem-direito-ao-bpc-descubra-como-solicitar-e-quais-os-requisitos","status":"publish","type":"post","link":"https:\/\/www.em.com.br\/emfoco\/2025\/02\/06\/tem-direito-ao-bpc-descubra-como-solicitar-e-quais-os-requisitos\/","title":{"rendered":"Tem direito ao BPC? Saiba como solicitar e quais os requisitos"},"content":{"rendered":"\n<p>O <strong>Benef\u00edcio de Presta\u00e7\u00e3o Continuada (<a href=\"https:\/\/www.gov.br\/mds\/pt-br\/acoes-e-programas\/suas\/beneficios-assistenciais\/beneficio-assistencial-ao-idoso-e-a-pessoa-com-deficiencia-bpc#:~:text=O%20Benef%C3%ADcio%20de%20Presta%C3%A7%C3%A3o%20Continuada,com%20defici%C3%AAncia%20de%20qualquer%20idade.\" target=\"_blank\" rel=\"noreferrer noopener\">BPC<\/a>)<\/strong> \u00e9 uma assist\u00eancia social essencial no Brasil, atendendo <a href=\"https:\/\/www.em.com.br\/emfoco\/2025\/02\/04\/como-funciona-o-bpc-e-o-bolsa-familia\/\" target=\"_blank\" rel=\"noreferrer noopener\">indiv\u00edduos <\/a>acima de 65 anos e pessoas com defici\u00eancia que se enquadram na situa\u00e7\u00e3o de vulnerabilidade financeira. Para ser eleg\u00edvel ao BPC, a renda familiar per capita precisa ser igual ou inferior a 1\/4 do sal\u00e1rio m\u00ednimo vigente. Em 2025, este valor \u00e9 de R$ 379,50. O benef\u00edcio \u00e9 vital para milhares de fam\u00edlias que n\u00e3o possuem outras formas de sustento.<\/p>\n\n\n\n<p>Recentemente, o Instituto Nacional do <strong>Seguro Social (INSS)<\/strong> identificou que muitos benefici\u00e1rios est\u00e3o recebendo o BPC mesmo quando excedem o limite de renda estabelecido. Como consequ\u00eancia, o INSS est\u00e1 revisando alguns casos, o que pode resultar na suspens\u00e3o do benef\u00edcio para aqueles que n\u00e3o est\u00e3o mais qualificados.<\/p>\n\n\n<div class=\"wp-block-image\">\n<figure class=\"aligncenter size-large\"><img loading=\"lazy\" decoding=\"async\" width=\"1024\" height=\"576\" src=\"https:\/\/www.em.com.br\/emfoco\/wp-content\/uploads\/2024\/12\/Idoso-Brasileiro_1733800902102-1024x576.jpg\" alt=\"Tem direito ao BPC? Descubra como solicitar e quais os requisitos\" class=\"wp-image-4095\" srcset=\"https:\/\/www.em.com.br\/emfoco\/wp-content\/uploads\/2024\/12\/Idoso-Brasileiro_1733800902102-1024x576.jpg 1024w, https:\/\/www.em.com.br\/emfoco\/wp-content\/uploads\/2024\/12\/Idoso-Brasileiro_1733800902102-300x169.jpg 300w, https:\/\/www.em.com.br\/emfoco\/wp-content\/uploads\/2024\/12\/Idoso-Brasileiro_1733800902102-768x432.jpg 768w, https:\/\/www.em.com.br\/emfoco\/wp-content\/uploads\/2024\/12\/Idoso-Brasileiro_1733800902102-750x422.jpg 750w, https:\/\/www.em.com.br\/emfoco\/wp-content\/uploads\/2024\/12\/Idoso-Brasileiro_1733800902102-1140x641.jpg 1140w, https:\/\/www.em.com.br\/emfoco\/wp-content\/uploads\/2024\/12\/Idoso-Brasileiro_1733800902102.jpg 1280w\" sizes=\"auto, (max-width: 1024px) 100vw, 1024px\" \/><figcaption class=\"wp-element-caption\">BPC &#8211; Cr\u00e9ditos: depositphotos.com \/ verganifotografia<\/figcaption><\/figure><\/div>\n\n\n<h2 class=\"wp-block-heading\">Por que benefici\u00e1rios est\u00e3o perdendo o BPC?<\/h2>\n\n\n\n<p>A principal raz\u00e3o pela qual os benefici\u00e1rios est\u00e3o sujeitos \u00e0 perda do BPC \u00e9 o aumento da renda familiar acima do limite permitido. Um levantamento revelou que aproximadamente 120 mil indiv\u00edduos est\u00e3o nesta situa\u00e7\u00e3o, com 13,4 mil deles enfrentando uma revis\u00e3o imediata. Essa iniciativa \u00e9 parte do plano de revis\u00e3o do BPC, visando garantir que o aux\u00edlio beneficie apenas aqueles realmente necessitados.<\/p>\n\n\n\n<p>Acesso \u00e0 informa\u00e7\u00e3o e orienta\u00e7\u00f5es adequadas s\u00e3o fundamentais para que os benefici\u00e1rios entendam o processo e saibam como se defender em casos de notifica\u00e7\u00e3o. O <strong>INSS <\/strong>disponibiliza o aplicativo \u201c<strong>Meu INSS<\/strong>\u201d para facilitar o envio da justificativa necess\u00e1ria.<\/p>\n\n\n\n<h2 class=\"wp-block-heading\">Como evitar a suspens\u00e3o do benef\u00edcio?<\/h2>\n\n\n\n<p>Benefici\u00e1rios que forem notificados poder\u00e3o justificar o motivo do aumento da renda facilmente pelo aplicativo Meu INSS. \u00c9 importante anexar documentos que sustentem a situa\u00e7\u00e3o financeira da fam\u00edlia e expliquem a supera\u00e7\u00e3o do limite de renda. O INSS disponibiliza ainda a alternativa de apresentar a justificativa em ag\u00eancias dos Correios ou da Previd\u00eancia Social.<\/p>\n\n\n\n<p>Para agilizar o processo e evitar contratempos, o cumprimento das orienta\u00e7\u00f5es do INSS \u00e9 fundamental. Al\u00e9m disso, o benefici\u00e1rio deve estar ciente dos prazos estabelecidos para apresentar sua defesa e assim evitar o cancelamento do benef\u00edcio.<\/p>\n\n\n\n<h2 class=\"wp-block-heading\">Quais s\u00e3o as consequ\u00eancias da ina\u00e7\u00e3o?<\/h2>\n\n\n\n<p>De acordo com a Portaria 1.249, caso os notificados n\u00e3o apresentem sua defesa dentro dos 30 dias subsequentes \u00e0 notifica\u00e7\u00e3o, o benef\u00edcio ser\u00e1 automaticamente cancelado. Ap\u00f3s o envio das notifica\u00e7\u00f5es, o INSS publica um edital listando aqueles que n\u00e3o receberam ou n\u00e3o acessaram o aviso, proporcionando uma \u00faltima oportunidade de apresentar justificativas.<\/p>\n\n\n\n<p>Portanto, \u00e9 de vital import\u00e2ncia que os benefici\u00e1rios monitorem regularmente seus meios de comunica\u00e7\u00e3o com o INSS e se mantenham informados sobre qualquer nova solicita\u00e7\u00e3o ou revis\u00e3o. A perda do BPC \u00e9 um evento significativo, e medidas apropriadas precisam ser tomadas imediatamente para garantir que o benef\u00edcio continue a ser recebido.<\/p>\n\n\n\n<h2 class=\"wp-block-heading\">O futuro do BPC e sua import\u00e2ncia<\/h2>\n\n\n\n<p>O BPC continua sendo uma parte crucial da rede de prote\u00e7\u00e3o social brasileira, garantindo condi\u00e7\u00f5es m\u00ednimas de dignidade para grupos vulner\u00e1veis. Entretanto, ajustes e revis\u00f5es s\u00e3o necess\u00e1rios para manter a integridade do programa e assegurar que ele alcance os destinat\u00e1rios certos. Benefici\u00e1rios devem estar atentos \u00e0s atualiza\u00e7\u00f5es nas regras do BPC, garantindo que eles mantenham todos os crit\u00e9rios de elegibilidade atualizados e informados.<\/p>\n\n\n\n<p>Ao compreender o processo de revis\u00e3o e apresentar justificativas apropriadas, os benefici\u00e1rios podem continuar a contar com o suporte financeiro crucial que o BPC oferece. A combina\u00e7\u00e3o de aten\u00e7\u00e3o \u00e0s regras vigentes e comunica\u00e7\u00e3o eficaz com o INSS \u00e9 essencial para que o benef\u00edcio seja mantido e continue a servir \u00e0queles que mais o necessitam.<\/p>\n","protected":false},"excerpt":{"rendered":"<p>O Benef\u00edcio de Presta\u00e7\u00e3o Continuada (BPC) \u00e9 uma assist\u00eancia social essencial no Brasil, atendendo indiv\u00edduos acima de 65 anos e pessoas com defici\u00eancia que se enquadram na situa\u00e7\u00e3o de vulnerabilidade financeira. Para ser eleg\u00edvel ao BPC, a renda familiar per capita precisa ser igual ou inferior a 1\/4 do sal\u00e1rio m\u00ednimo vigente. Em 2025, este [&hellip;]<\/p>\n","protected":false},"author":7,"featured_media":2605,"comment_status":"open","ping_status":"open","sticky":false,"template":"","format":"standard","meta":{"jnews-multi-image_gallery":[],"jnews_single_post":{"format":"standard"},"jnews_primary_category":[],"jnews_social_meta":[],"jnews_override_counter":[],"footnotes":""},"categories":[28],"tags":[498,260,174,1516],"class_list":["post-16846","post","type-post","status-publish","format-standard","has-post-thumbnail","hentry","category-economia","tag-assistencia-social","tag-idosos","tag-inss","tag-pessoas-com-deficiencia"],"yoast_head":"<!-- This site is optimized with the Yoast SEO plugin v23.8 - https:\/\/yoast.com\/wordpress\/plugins\/seo\/ -->\n<title>Tem direito ao BPC? Saiba como solicitar e quais os requisitos - Estado de Minas - Em foco<\/title>\n<meta name=\"description\" content=\"Saiba tudo sobre o Benef\u00edcio de Presta\u00e7\u00e3o Continuada (BPC). Descubra se voc\u00ea tem direito e como solicitar. Garanta seus direitos!\" \/>\n<meta name=\"robots\" content=\"index, follow, max-snippet:-1, max-image-preview:large, max-video-preview:-1\" \/>\n<link rel=\"canonical\" href=\"https:\/\/www.em.com.br\/emfoco\/2025\/02\/06\/tem-direito-ao-bpc-descubra-como-solicitar-e-quais-os-requisitos\/\" \/>\n<meta property=\"og:locale\" content=\"pt_BR\" \/>\n<meta property=\"og:type\" content=\"article\" \/>\n<meta property=\"og:title\" content=\"Tem direito ao BPC? Saiba como solicitar e quais os requisitos - Estado de Minas - Em foco\" \/>\n<meta property=\"og:description\" content=\"Saiba tudo sobre o Benef\u00edcio de Presta\u00e7\u00e3o Continuada (BPC). Descubra se voc\u00ea tem direito e como solicitar. Garanta seus direitos!\" \/>\n<meta property=\"og:url\" content=\"https:\/\/www.em.com.br\/emfoco\/2025\/02\/06\/tem-direito-ao-bpc-descubra-como-solicitar-e-quais-os-requisitos\/\" \/>\n<meta property=\"og:site_name\" content=\"Estado de Minas - Em foco\" \/>\n<meta property=\"article:published_time\" content=\"2025-02-06T20:00:50+00:00\" \/>\n<meta property=\"article:modified_time\" content=\"2025-02-05T19:05:45+00:00\" \/>\n<meta property=\"og:image\" content=\"https:\/\/www.em.com.br\/emfoco\/wp-content\/uploads\/2024\/12\/Idosos-com-dinheiro_1733068749109.jpg\" \/>\n\t<meta property=\"og:image:width\" content=\"1280\" \/>\n\t<meta property=\"og:image:height\" content=\"720\" \/>\n\t<meta property=\"og:image:type\" content=\"image\/jpeg\" \/>\n<meta name=\"author\" content=\"Kelvin\" \/>\n<meta name=\"twitter:card\" content=\"summary_large_image\" \/>\n<meta name=\"twitter:label1\" content=\"Escrito por\" \/>\n\t<meta name=\"twitter:data1\" content=\"Kelvin\" \/>\n\t<meta name=\"twitter:label2\" content=\"Est. tempo de leitura\" \/>\n\t<meta name=\"twitter:data2\" content=\"4 minutos\" \/>\n<!-- \/ Yoast SEO plugin. -->","yoast_head_json":{"title":"Tem direito ao BPC? Saiba como solicitar e quais os requisitos - Estado de Minas - Em foco","description":"Saiba tudo sobre o Benef\u00edcio de Presta\u00e7\u00e3o Continuada (BPC). Descubra se voc\u00ea tem direito e como solicitar. Garanta seus direitos!","robots":{"index":"index","follow":"follow","max-snippet":"max-snippet:-1","max-image-preview":"max-image-preview:large","max-video-preview":"max-video-preview:-1"},"canonical":"https:\/\/www.em.com.br\/emfoco\/2025\/02\/06\/tem-direito-ao-bpc-descubra-como-solicitar-e-quais-os-requisitos\/","og_locale":"pt_BR","og_type":"article","og_title":"Tem direito ao BPC? Saiba como solicitar e quais os requisitos - Estado de Minas - Em foco","og_description":"Saiba tudo sobre o Benef\u00edcio de Presta\u00e7\u00e3o Continuada (BPC). Descubra se voc\u00ea tem direito e como solicitar. Garanta seus direitos!","og_url":"https:\/\/www.em.com.br\/emfoco\/2025\/02\/06\/tem-direito-ao-bpc-descubra-como-solicitar-e-quais-os-requisitos\/","og_site_name":"Estado de Minas - Em foco","article_published_time":"2025-02-06T20:00:50+00:00","article_modified_time":"2025-02-05T19:05:45+00:00","og_image":[{"width":1280,"height":720,"url":"https:\/\/www.em.com.br\/emfoco\/wp-content\/uploads\/2024\/12\/Idosos-com-dinheiro_1733068749109.jpg","type":"image\/jpeg"}],"author":"Kelvin","twitter_card":"summary_large_image","twitter_misc":{"Escrito por":"Kelvin","Est. tempo de leitura":"4 minutos"},"schema":{"@context":"https:\/\/schema.org","@graph":[{"@type":"WebPage","@id":"https:\/\/www.em.com.br\/emfoco\/2025\/02\/06\/tem-direito-ao-bpc-descubra-como-solicitar-e-quais-os-requisitos\/","url":"https:\/\/www.em.com.br\/emfoco\/2025\/02\/06\/tem-direito-ao-bpc-descubra-como-solicitar-e-quais-os-requisitos\/","name":"Tem direito ao BPC? Saiba como solicitar e quais os requisitos - Estado de Minas - Em foco","isPartOf":{"@id":"https:\/\/www.em.com.br\/emfoco\/#website"},"primaryImageOfPage":{"@id":"https:\/\/www.em.com.br\/emfoco\/2025\/02\/06\/tem-direito-ao-bpc-descubra-como-solicitar-e-quais-os-requisitos\/#primaryimage"},"image":{"@id":"https:\/\/www.em.com.br\/emfoco\/2025\/02\/06\/tem-direito-ao-bpc-descubra-como-solicitar-e-quais-os-requisitos\/#primaryimage"},"thumbnailUrl":"https:\/\/www.em.com.br\/emfoco\/wp-content\/uploads\/2024\/12\/Idosos-com-dinheiro_1733068749109.jpg","datePublished":"2025-02-06T20:00:50+00:00","dateModified":"2025-02-05T19:05:45+00:00","author":{"@id":"https:\/\/www.em.com.br\/emfoco\/#\/schema\/person\/fb0a7f48c6fbb94b83f413a80f61917d"},"description":"Saiba tudo sobre o Benef\u00edcio de Presta\u00e7\u00e3o Continuada (BPC). Descubra se voc\u00ea tem direito e como solicitar. Garanta seus direitos!","breadcrumb":{"@id":"https:\/\/www.em.com.br\/emfoco\/2025\/02\/06\/tem-direito-ao-bpc-descubra-como-solicitar-e-quais-os-requisitos\/#breadcrumb"},"inLanguage":"pt-BR","potentialAction":[{"@type":"ReadAction","target":["https:\/\/www.em.com.br\/emfoco\/2025\/02\/06\/tem-direito-ao-bpc-descubra-como-solicitar-e-quais-os-requisitos\/"]}]},{"@type":"ImageObject","inLanguage":"pt-BR","@id":"https:\/\/www.em.com.br\/emfoco\/2025\/02\/06\/tem-direito-ao-bpc-descubra-como-solicitar-e-quais-os-requisitos\/#primaryimage","url":"https:\/\/www.em.com.br\/emfoco\/wp-content\/uploads\/2024\/12\/Idosos-com-dinheiro_1733068749109.jpg","contentUrl":"https:\/\/www.em.com.br\/emfoco\/wp-content\/uploads\/2024\/12\/Idosos-com-dinheiro_1733068749109.jpg","width":1280,"height":720,"caption":"Teria Idosos inelegiveis usando o beneficio? - Cr\u00e9ditos: depositphotos.com \/ Krakenimages.com"},{"@type":"BreadcrumbList","@id":"https:\/\/www.em.com.br\/emfoco\/2025\/02\/06\/tem-direito-ao-bpc-descubra-como-solicitar-e-quais-os-requisitos\/#breadcrumb","itemListElement":[{"@type":"ListItem","position":1,"name":"In\u00edcio","item":"https:\/\/www.em.com.br\/emfoco\/"},{"@type":"ListItem","position":2,"name":"Tem direito ao BPC? Saiba como solicitar e quais os requisitos"}]},{"@type":"WebSite","@id":"https:\/\/www.em.com.br\/emfoco\/#website","url":"https:\/\/www.em.com.br\/emfoco\/","name":"Estado de Minas - Em foco","description":"Acompanhe as \u00faltimas not\u00edcias e fique bem informado sobre tudo o que acontece em Minas Gerais, Brasil e no mundo.","potentialAction":[{"@type":"SearchAction","target":{"@type":"EntryPoint","urlTemplate":"https:\/\/www.em.com.br\/emfoco\/?s={search_term_string}"},"query-input":{"@type":"PropertyValueSpecification","valueRequired":true,"valueName":"search_term_string"}}],"inLanguage":"pt-BR"},{"@type":"Person","@id":"https:\/\/www.em.com.br\/emfoco\/#\/schema\/person\/fb0a7f48c6fbb94b83f413a80f61917d","name":"Kelvin","image":{"@type":"ImageObject","inLanguage":"pt-BR","@id":"https:\/\/www.em.com.br\/emfoco\/#\/schema\/person\/image\/","url":"https:\/\/secure.gravatar.com\/avatar\/e74f84337e6bf6c4c5e88fbdffa05270?s=96&d=mm&r=g","contentUrl":"https:\/\/secure.gravatar.com\/avatar\/e74f84337e6bf6c4c5e88fbdffa05270?s=96&d=mm&r=g","caption":"Kelvin"},"sameAs":["https:\/\/www.em.com.br\/emfoco"],"url":"https:\/\/www.em.com.br\/emfoco\/author\/kelvinmyth\/"}]}},"_links":{"self":[{"href":"https:\/\/www.em.com.br\/emfoco\/wp-json\/wp\/v2\/posts\/16846","targetHints":{"allow":["GET"]}}],"collection":[{"href":"https:\/\/www.em.com.br\/emfoco\/wp-json\/wp\/v2\/posts"}],"about":[{"href":"https:\/\/www.em.com.br\/emfoco\/wp-json\/wp\/v2\/types\/post"}],"author":[{"embeddable":true,"href":"https:\/\/www.em.com.br\/emfoco\/wp-json\/wp\/v2\/users\/7"}],"replies":[{"embeddable":true,"href":"https:\/\/www.em.com.br\/emfoco\/wp-json\/wp\/v2\/comments?post=16846"}],"version-history":[{"count":3,"href":"https:\/\/www.em.com.br\/emfoco\/wp-json\/wp\/v2\/posts\/16846\/revisions"}],"predecessor-version":[{"id":17021,"href":"https:\/\/www.em.com.br\/emfoco\/wp-json\/wp\/v2\/posts\/16846\/revisions\/17021"}],"wp:featuredmedia":[{"embeddable":true,"href":"https:\/\/www.em.com.br\/emfoco\/wp-json\/wp\/v2\/media\/2605"}],"wp:attachment":[{"href":"https:\/\/www.em.com.br\/emfoco\/wp-json\/wp\/v2\/media?parent=16846"}],"wp:term":[{"taxonomy":"category","embeddable":true,"href":"https:\/\/www.em.com.br\/emfoco\/wp-json\/wp\/v2\/categories?post=16846"},{"taxonomy":"post_tag","embeddable":true,"href":"https:\/\/www.em.com.br\/emfoco\/wp-json\/wp\/v2\/tags?post=16846"}],"curies":[{"name":"wp","href":"https:\/\/api.w.org\/{rel}","templated":true}]}}