{"id":168361,"date":"2026-02-16T12:55:00","date_gmt":"2026-02-16T15:55:00","guid":{"rendered":"https:\/\/www.em.com.br\/emfoco\/?p=168361"},"modified":"2026-02-12T17:10:53","modified_gmt":"2026-02-12T20:10:53","slug":"a-sandalia-leve-que-quase-desaparece-no-look-mas-deixa-qualquer-combinacao-mais-sofisticada","status":"publish","type":"post","link":"https:\/\/www.em.com.br\/emfoco\/2026\/02\/16\/a-sandalia-leve-que-quase-desaparece-no-look-mas-deixa-qualquer-combinacao-mais-sofisticada\/","title":{"rendered":"A sand\u00e1lia leve que quase desaparece no look, mas deixa qualquer combina\u00e7\u00e3o mais sofisticada"},"content":{"rendered":"\n<p>A <strong>sand\u00e1lia de tiras com salto baixo<\/strong> virou s\u00edmbolo de eleg\u00e2ncia funcional em 2026. O modelo une est\u00e9tica minimalista dos anos 90, conforto real e versatilidade para trabalho e lazer, entrando de vez no guarda roupa inteligente.<\/p>\n\n\n\n<h2 class=\"wp-block-heading\">Por que a sand\u00e1lia de tiras domina a moda de 2026?<\/h2>\n\n\n\n<p>A for\u00e7a da <strong>tend\u00eancia strappy sandal<\/strong> vem do novo foco da moda em funcionalidade est\u00e9tica. Depois dos saltos extremos e dos t\u00eanis robustos, o mercado encontrou equil\u00edbrio em alturas baixas, linhas finas e design limpo.<\/p>\n\n\n\n<p>O conceito de <strong>luxo silencioso<\/strong> aparece nas tiras delicadas que desenham o p\u00e9 como joia discreta. O cal\u00e7ado quase some no visual, mas eleva instantaneamente jeans, alfaiataria leve e produ\u00e7\u00f5es monocrom\u00e1ticas com apar\u00eancia refinada.<\/p>\n\n\n\n<figure class=\"wp-block-image size-large\"><img loading=\"lazy\" decoding=\"async\" width=\"1024\" height=\"576\" src=\"https:\/\/www.em.com.br\/emfoco\/wp-content\/uploads\/2026\/02\/Imagem-7-13-1024x576.jpg\" alt=\"A sand\u00e1lia leve que quase desaparece no look, mas deixa qualquer combina\u00e7\u00e3o mais sofisticada\" class=\"wp-image-168506\" srcset=\"https:\/\/www.em.com.br\/emfoco\/wp-content\/uploads\/2026\/02\/Imagem-7-13-1024x576.jpg 1024w, https:\/\/www.em.com.br\/emfoco\/wp-content\/uploads\/2026\/02\/Imagem-7-13-300x169.jpg 300w, https:\/\/www.em.com.br\/emfoco\/wp-content\/uploads\/2026\/02\/Imagem-7-13-768x432.jpg 768w, https:\/\/www.em.com.br\/emfoco\/wp-content\/uploads\/2026\/02\/Imagem-7-13-750x422.jpg 750w, https:\/\/www.em.com.br\/emfoco\/wp-content\/uploads\/2026\/02\/Imagem-7-13-1140x641.jpg 1140w, https:\/\/www.em.com.br\/emfoco\/wp-content\/uploads\/2026\/02\/Imagem-7-13.jpg 1280w\" sizes=\"auto, (max-width: 1024px) 100vw, 1024px\" \/><figcaption class=\"wp-element-caption\">Funcionalidade est\u00e9tica impulsiona retorno do salto baixo<\/figcaption><\/figure>\n\n\n\n<h2 class=\"wp-block-heading\">Como usar sand\u00e1lia de tiras com salto baixo no dia a dia?<\/h2>\n\n\n\n<p>O segredo de styling est\u00e1 no <strong>contraste de pesos<\/strong>. Como o cal\u00e7ado \u00e9 leve e minimalista, combinar com pe\u00e7as estruturadas cria equil\u00edbrio visual e evita look fr\u00e1gil. As composi\u00e7\u00f5es mais eficazes seguem padr\u00f5es estrat\u00e9gicos como os abaixo.<\/p>\n\n\n\n<ul class=\"wp-block-list\">\n<li>Com <strong>alfaiataria ampla<\/strong> e cal\u00e7a wide leg, deixando s\u00f3 a ponta ou o bico quadrado aparecer para efeito moderno.<\/li>\n\n\n\n<li>Com <strong>jeans reto ou barrel<\/strong> e barra dobrada, destacando as tiras no tornozelo como ponto de interesse.<\/li>\n\n\n\n<li>Em <strong>look monocrom\u00e1tico<\/strong>, usando a mesma cor da roupa para criar linha vertical que alonga a silhueta.<\/li>\n<\/ul>\n\n\n\n<h2 class=\"wp-block-heading\">Ela funciona melhor em quais ocasi\u00f5es?<\/h2>\n\n\n\n<p>A <strong>sand\u00e1lia de salto baixo<\/strong> \u00e9 uma das pe\u00e7as mais vers\u00e1teis do arm\u00e1rio atual. Entrega eleg\u00e2ncia sem dor nos p\u00e9s e permite longos per\u00edodos em p\u00e9, algo valorizado em rotinas h\u00edbridas e agendas cheias.<\/p>\n\n\n\n<p>Em <strong>eventos diurnos e profissionais<\/strong>, substitui saltos altos com sofistica\u00e7\u00e3o. Tamb\u00e9m funciona em jantares, encontros e celebra\u00e7\u00f5es leves, mantendo presen\u00e7a visual sem exagero e sem comprometer mobilidade ao caminhar.<\/p>\n\n\n\n<p>Confira o v\u00eddeo compartilhado pelo canal do TikTok <strong><a href=\"https:\/\/www.tiktok.com\/@maissapato\" target=\"_blank\" rel=\"noreferrer noopener\"><strong>maissapato<\/strong><\/a><\/strong> mostrando varia\u00e7\u00f5es de modelos de sand\u00e1lias minimalistas e como aplicar no dia a dia.<\/p>\n\n\n\n<blockquote class=\"tiktok-embed\" cite=\"https:\/\/www.tiktok.com\/@maissapato\/video\/7519654298255494406\" data-video-id=\"7519654298255494406\" style=\"max-width: 605px;min-width: 325px;\" > <section> <a target=\"_blank\" title=\"@maissapato\" href=\"https:\/\/www.tiktok.com\/@maissapato?refer=embed\">@maissapato<\/a> \u2728 Est\u00e1vel no salto, mas desequilibrando cora\u00e7\u00f5es! A sand\u00e1lia salto bloco com tiras finas chegou pra dominar os looks mais estilosos. Conforto + eleg\u00e2ncia = TUDO! \ud83d\udc83\ud83d\udca5 Marque a amiga que precisa dessa belezura nos p\u00e9s! \ud83d\udc61\ud83d\udd25 <a title=\"saltobloco\" target=\"_blank\" href=\"https:\/\/www.tiktok.com\/tag\/saltobloco?refer=embed\">#SaltoBloco<\/a> <a title=\"tirasfinas\" target=\"_blank\" href=\"https:\/\/www.tiktok.com\/tag\/tirasfinas?refer=embed\">#TirasFinas<\/a> <a title=\"lookchique\" target=\"_blank\" href=\"https:\/\/www.tiktok.com\/tag\/lookchique?refer=embed\">#LookChique<\/a> <a title=\"fashionvibes\" target=\"_blank\" href=\"https:\/\/www.tiktok.com\/tag\/fashionvibes?refer=embed\">#FashionVibes<\/a> <a title=\"estiloqueimp\u00f5e\" target=\"_blank\" href=\"https:\/\/www.tiktok.com\/tag\/estiloqueimp%C3%B5e?refer=embed\">#EstiloQueImp\u00f5e<\/a> <a title=\"kwaitrend\" target=\"_blank\" href=\"https:\/\/www.tiktok.com\/tag\/kwaitrend?refer=embed\">#KwaiTrend<\/a> <a title=\"sand\u00e1liaperfeita\" target=\"_blank\" href=\"https:\/\/www.tiktok.com\/tag\/sand%C3%A1liaperfeita?refer=embed\">#Sand\u00e1liaPerfeita<\/a> <a target=\"_blank\" title=\"\u266c When I Ride - Ashley Mehta\" href=\"https:\/\/www.tiktok.com\/music\/When-I-Ride-7016196298517563393?refer=embed\">\u266c When I Ride &#8211; Ashley Mehta<\/a> <\/section> <\/blockquote> <script async src=\"https:\/\/www.tiktok.com\/embed.js\"><\/script>\n\n\n\n<h2 class=\"wp-block-heading\">Quais detalhes deixam o modelo mais elegante?<\/h2>\n\n\n\n<p>Os fatores que elevam a <strong>sand\u00e1lia minimalista<\/strong> est\u00e3o no acabamento e na geometria. Formato do bico, material e cor mudam totalmente a leitura de moda. Alguns crit\u00e9rios t\u00e9cnicos ajudam a escolher melhor, como voc\u00ea v\u00ea a seguir.<\/p>\n\n\n\n<ul class=\"wp-block-list\">\n<li><strong>Bico quadrado<\/strong> cria efeito arquitet\u00f4nico atual, enquanto bico fino passa imagem cl\u00e1ssica e mais sensual.<\/li>\n\n\n\n<li><strong>Metalizado prata<\/strong> funciona como neutro de luz e o vermelho cereja transforma produ\u00e7\u00f5es b\u00e1sicas em destaque.<\/li>\n\n\n\n<li><strong>Couro macio, pelica ou verniz discreto<\/strong> entregam apar\u00eancia superior frente a pl\u00e1sticos r\u00edgidos.<\/li>\n<\/ul>\n\n\n\n<h2 class=\"wp-block-heading\">Por que o salto baixo \u00e9 mais confort\u00e1vel que parece?<\/h2>\n\n\n\n<p>Do ponto de vista de <strong>biomec\u00e2nica do p\u00e9<\/strong>, alturas de at\u00e9 cinco cent\u00edmetros distribuem melhor o peso corporal entre calcanhar e antep\u00e9. Isso evita sobrecarga extrema concentrada, comum em saltos muito altos.<\/p>\n\n\n\n<p>Essa distribui\u00e7\u00e3o mais equilibrada da press\u00e3o plantar ajuda no conforto prolongado e na postura, mostrando que eleg\u00e2ncia e <strong><a href=\"https:\/\/www.em.com.br\/emfoco\/2026\/02\/09\/silencio-digital-e-nova-forma-de-bem-estar-e-escolha-consciente-nas-redes-sociais\/\" target=\"_blank\" rel=\"noreferrer noopener\">bem estar<\/a><\/strong> podem caminhar juntos quando o design \u00e9 inteligente.<\/p>\n","protected":false},"excerpt":{"rendered":"<p>A sand\u00e1lia de tiras com salto baixo virou s\u00edmbolo de eleg\u00e2ncia funcional em 2026. O modelo une est\u00e9tica minimalista dos anos 90, conforto real e versatilidade para trabalho e lazer, entrando de vez no guarda roupa inteligente. Por que a sand\u00e1lia de tiras domina a moda de 2026? A for\u00e7a da tend\u00eancia strappy sandal vem [&hellip;]<\/p>\n","protected":false},"author":13,"featured_media":168507,"comment_status":"open","ping_status":"open","sticky":false,"template":"","format":"standard","meta":{"jnews-multi-image_gallery":[],"jnews_single_post":{"format":"standard"},"jnews_primary_category":[],"jnews_social_meta":[],"jnews_override_counter":[],"footnotes":""},"categories":[8819],"tags":[7063,22900,24525],"class_list":["post-168361","post","type-post","status-publish","format-standard","has-post-thumbnail","hentry","category-curiosidades","tag-looks","tag-moda-e-beleza","tag-sandalia-de-tiras"],"yoast_head":"<!-- This site is optimized with the Yoast SEO plugin v23.8 - https:\/\/yoast.com\/wordpress\/plugins\/seo\/ -->\n<title>A sand\u00e1lia leve que quase desaparece no look, mas deixa qualquer combina\u00e7\u00e3o mais sofisticada - Estado de Minas - Em foco<\/title>\n<meta name=\"description\" content=\"A sand\u00e1lia de tiras com salto baixo domina 2026 ao unir eleg\u00e2ncia minimalista, conforto real e versatilidade para trabalho e lazer.\" \/>\n<meta name=\"robots\" content=\"index, follow, max-snippet:-1, max-image-preview:large, max-video-preview:-1\" \/>\n<link rel=\"canonical\" href=\"https:\/\/www.em.com.br\/emfoco\/2026\/02\/16\/a-sandalia-leve-que-quase-desaparece-no-look-mas-deixa-qualquer-combinacao-mais-sofisticada\/\" \/>\n<meta property=\"og:locale\" content=\"pt_BR\" \/>\n<meta property=\"og:type\" content=\"article\" \/>\n<meta property=\"og:title\" content=\"A sand\u00e1lia leve que quase desaparece no look, mas deixa qualquer combina\u00e7\u00e3o mais sofisticada - Estado de Minas - Em foco\" \/>\n<meta property=\"og:description\" content=\"A sand\u00e1lia de tiras com salto baixo domina 2026 ao unir eleg\u00e2ncia minimalista, conforto real e versatilidade para trabalho e lazer.\" \/>\n<meta property=\"og:url\" content=\"https:\/\/www.em.com.br\/emfoco\/2026\/02\/16\/a-sandalia-leve-que-quase-desaparece-no-look-mas-deixa-qualquer-combinacao-mais-sofisticada\/\" \/>\n<meta property=\"og:site_name\" content=\"Estado de Minas - Em foco\" \/>\n<meta property=\"article:published_time\" content=\"2026-02-16T15:55:00+00:00\" \/>\n<meta property=\"article:modified_time\" content=\"2026-02-12T20:10:53+00:00\" \/>\n<meta property=\"og:image\" content=\"https:\/\/www.em.com.br\/emfoco\/wp-content\/uploads\/2026\/02\/Imagem-6-16.jpg\" \/>\n\t<meta property=\"og:image:width\" content=\"1280\" \/>\n\t<meta property=\"og:image:height\" content=\"720\" \/>\n\t<meta property=\"og:image:type\" content=\"image\/jpeg\" \/>\n<meta name=\"author\" content=\"Gabriel Martins\" \/>\n<meta name=\"twitter:card\" content=\"summary_large_image\" \/>\n<meta name=\"twitter:label1\" content=\"Escrito por\" \/>\n\t<meta name=\"twitter:data1\" content=\"Gabriel Martins\" \/>\n\t<meta name=\"twitter:label2\" content=\"Est. tempo de leitura\" \/>\n\t<meta name=\"twitter:data2\" content=\"4 minutos\" \/>\n<!-- \/ Yoast SEO plugin. -->","yoast_head_json":{"title":"A sand\u00e1lia leve que quase desaparece no look, mas deixa qualquer combina\u00e7\u00e3o mais sofisticada - Estado de Minas - Em foco","description":"A sand\u00e1lia de tiras com salto baixo domina 2026 ao unir eleg\u00e2ncia minimalista, conforto real e versatilidade para trabalho e lazer.","robots":{"index":"index","follow":"follow","max-snippet":"max-snippet:-1","max-image-preview":"max-image-preview:large","max-video-preview":"max-video-preview:-1"},"canonical":"https:\/\/www.em.com.br\/emfoco\/2026\/02\/16\/a-sandalia-leve-que-quase-desaparece-no-look-mas-deixa-qualquer-combinacao-mais-sofisticada\/","og_locale":"pt_BR","og_type":"article","og_title":"A sand\u00e1lia leve que quase desaparece no look, mas deixa qualquer combina\u00e7\u00e3o mais sofisticada - Estado de Minas - Em foco","og_description":"A sand\u00e1lia de tiras com salto baixo domina 2026 ao unir eleg\u00e2ncia minimalista, conforto real e versatilidade para trabalho e lazer.","og_url":"https:\/\/www.em.com.br\/emfoco\/2026\/02\/16\/a-sandalia-leve-que-quase-desaparece-no-look-mas-deixa-qualquer-combinacao-mais-sofisticada\/","og_site_name":"Estado de Minas - Em foco","article_published_time":"2026-02-16T15:55:00+00:00","article_modified_time":"2026-02-12T20:10:53+00:00","og_image":[{"width":1280,"height":720,"url":"https:\/\/www.em.com.br\/emfoco\/wp-content\/uploads\/2026\/02\/Imagem-6-16.jpg","type":"image\/jpeg"}],"author":"Gabriel Martins","twitter_card":"summary_large_image","twitter_misc":{"Escrito por":"Gabriel Martins","Est. tempo de leitura":"4 minutos"},"schema":{"@context":"https:\/\/schema.org","@graph":[{"@type":"WebPage","@id":"https:\/\/www.em.com.br\/emfoco\/2026\/02\/16\/a-sandalia-leve-que-quase-desaparece-no-look-mas-deixa-qualquer-combinacao-mais-sofisticada\/","url":"https:\/\/www.em.com.br\/emfoco\/2026\/02\/16\/a-sandalia-leve-que-quase-desaparece-no-look-mas-deixa-qualquer-combinacao-mais-sofisticada\/","name":"A sand\u00e1lia leve que quase desaparece no look, mas deixa qualquer combina\u00e7\u00e3o mais sofisticada - Estado de Minas - Em foco","isPartOf":{"@id":"https:\/\/www.em.com.br\/emfoco\/#website"},"primaryImageOfPage":{"@id":"https:\/\/www.em.com.br\/emfoco\/2026\/02\/16\/a-sandalia-leve-que-quase-desaparece-no-look-mas-deixa-qualquer-combinacao-mais-sofisticada\/#primaryimage"},"image":{"@id":"https:\/\/www.em.com.br\/emfoco\/2026\/02\/16\/a-sandalia-leve-que-quase-desaparece-no-look-mas-deixa-qualquer-combinacao-mais-sofisticada\/#primaryimage"},"thumbnailUrl":"https:\/\/www.em.com.br\/emfoco\/wp-content\/uploads\/2026\/02\/Imagem-6-16.jpg","datePublished":"2026-02-16T15:55:00+00:00","dateModified":"2026-02-12T20:10:53+00:00","author":{"@id":"https:\/\/www.em.com.br\/emfoco\/#\/schema\/person\/1c9ddeab18b98abeffef834667bcf08a"},"description":"A sand\u00e1lia de tiras com salto baixo domina 2026 ao unir eleg\u00e2ncia minimalista, conforto real e versatilidade para trabalho e lazer.","breadcrumb":{"@id":"https:\/\/www.em.com.br\/emfoco\/2026\/02\/16\/a-sandalia-leve-que-quase-desaparece-no-look-mas-deixa-qualquer-combinacao-mais-sofisticada\/#breadcrumb"},"inLanguage":"pt-BR","potentialAction":[{"@type":"ReadAction","target":["https:\/\/www.em.com.br\/emfoco\/2026\/02\/16\/a-sandalia-leve-que-quase-desaparece-no-look-mas-deixa-qualquer-combinacao-mais-sofisticada\/"]}]},{"@type":"ImageObject","inLanguage":"pt-BR","@id":"https:\/\/www.em.com.br\/emfoco\/2026\/02\/16\/a-sandalia-leve-que-quase-desaparece-no-look-mas-deixa-qualquer-combinacao-mais-sofisticada\/#primaryimage","url":"https:\/\/www.em.com.br\/emfoco\/wp-content\/uploads\/2026\/02\/Imagem-6-16.jpg","contentUrl":"https:\/\/www.em.com.br\/emfoco\/wp-content\/uploads\/2026\/02\/Imagem-6-16.jpg","width":1280,"height":720,"caption":"Sand\u00e1lia de tiras combina minimalismo e conforto funcional"},{"@type":"BreadcrumbList","@id":"https:\/\/www.em.com.br\/emfoco\/2026\/02\/16\/a-sandalia-leve-que-quase-desaparece-no-look-mas-deixa-qualquer-combinacao-mais-sofisticada\/#breadcrumb","itemListElement":[{"@type":"ListItem","position":1,"name":"In\u00edcio","item":"https:\/\/www.em.com.br\/emfoco\/"},{"@type":"ListItem","position":2,"name":"A sand\u00e1lia leve que quase desaparece no look, mas deixa qualquer combina\u00e7\u00e3o mais sofisticada"}]},{"@type":"WebSite","@id":"https:\/\/www.em.com.br\/emfoco\/#website","url":"https:\/\/www.em.com.br\/emfoco\/","name":"Estado de Minas - Em foco","description":"Acompanhe as \u00faltimas not\u00edcias e fique bem informado sobre tudo o que acontece em Minas Gerais, Brasil e no mundo.","potentialAction":[{"@type":"SearchAction","target":{"@type":"EntryPoint","urlTemplate":"https:\/\/www.em.com.br\/emfoco\/?s={search_term_string}"},"query-input":{"@type":"PropertyValueSpecification","valueRequired":true,"valueName":"search_term_string"}}],"inLanguage":"pt-BR"},{"@type":"Person","@id":"https:\/\/www.em.com.br\/emfoco\/#\/schema\/person\/1c9ddeab18b98abeffef834667bcf08a","name":"Gabriel Martins","image":{"@type":"ImageObject","inLanguage":"pt-BR","@id":"https:\/\/www.em.com.br\/emfoco\/#\/schema\/person\/image\/","url":"https:\/\/secure.gravatar.com\/avatar\/f0f1e2efdfd88f1ad2cb08c5c2731e50?s=96&d=mm&r=g","contentUrl":"https:\/\/secure.gravatar.com\/avatar\/f0f1e2efdfd88f1ad2cb08c5c2731e50?s=96&d=mm&r=g","caption":"Gabriel Martins"},"sameAs":["https:\/\/www.em.com.br\/emfoco\/"],"url":"https:\/\/www.em.com.br\/emfoco\/author\/gabrielmartinsmyth\/"}]}},"_links":{"self":[{"href":"https:\/\/www.em.com.br\/emfoco\/wp-json\/wp\/v2\/posts\/168361","targetHints":{"allow":["GET"]}}],"collection":[{"href":"https:\/\/www.em.com.br\/emfoco\/wp-json\/wp\/v2\/posts"}],"about":[{"href":"https:\/\/www.em.com.br\/emfoco\/wp-json\/wp\/v2\/types\/post"}],"author":[{"embeddable":true,"href":"https:\/\/www.em.com.br\/emfoco\/wp-json\/wp\/v2\/users\/13"}],"replies":[{"embeddable":true,"href":"https:\/\/www.em.com.br\/emfoco\/wp-json\/wp\/v2\/comments?post=168361"}],"version-history":[{"count":1,"href":"https:\/\/www.em.com.br\/emfoco\/wp-json\/wp\/v2\/posts\/168361\/revisions"}],"predecessor-version":[{"id":168509,"href":"https:\/\/www.em.com.br\/emfoco\/wp-json\/wp\/v2\/posts\/168361\/revisions\/168509"}],"wp:featuredmedia":[{"embeddable":true,"href":"https:\/\/www.em.com.br\/emfoco\/wp-json\/wp\/v2\/media\/168507"}],"wp:attachment":[{"href":"https:\/\/www.em.com.br\/emfoco\/wp-json\/wp\/v2\/media?parent=168361"}],"wp:term":[{"taxonomy":"category","embeddable":true,"href":"https:\/\/www.em.com.br\/emfoco\/wp-json\/wp\/v2\/categories?post=168361"},{"taxonomy":"post_tag","embeddable":true,"href":"https:\/\/www.em.com.br\/emfoco\/wp-json\/wp\/v2\/tags?post=168361"}],"curies":[{"name":"wp","href":"https:\/\/api.w.org\/{rel}","templated":true}]}}