{"id":168258,"date":"2026-02-16T06:25:00","date_gmt":"2026-02-16T09:25:00","guid":{"rendered":"https:\/\/www.em.com.br\/emfoco\/?p=168258"},"modified":"2026-02-12T13:44:30","modified_gmt":"2026-02-12T16:44:30","slug":"essa-arvore-perfumada-floresce-quando-quase-todas-as-outras-ja-perderam-o-brilho-no-jardim","status":"publish","type":"post","link":"https:\/\/www.em.com.br\/emfoco\/2026\/02\/16\/essa-arvore-perfumada-floresce-quando-quase-todas-as-outras-ja-perderam-o-brilho-no-jardim\/","title":{"rendered":"Essa \u00e1rvore perfumada floresce quando quase todas as outras j\u00e1 perderam o brilho no jardim"},"content":{"rendered":"\n<p>A <strong>flor de sete filhos<\/strong>, conhecida cientificamente como <strong>Heptacodium miconioides<\/strong>, \u00e9 uma \u00e1rvore ornamental de aroma marcante que pode crescer como arbusto ou pequena \u00e1rvore. Vers\u00e1til e resistente, adapta-se a jardins amplos e tamb\u00e9m ao cultivo em vasos.<\/p>\n\n\n\n<h2 class=\"wp-block-heading\">O que torna essa \u00e1rvore ornamental t\u00e3o especial?<\/h2>\n\n\n\n<p>Durante a primavera, surgem folhas verde-esmeralda brilhantes que destacam sua presen\u00e7a no jardim. No fim do ver\u00e3o, quando muitas esp\u00e9cies j\u00e1 perdem vigor, ela inicia uma <strong><a href=\"https:\/\/www.rewilding-brazil.org\/6-arbustos-de-floracao-abundante-para-projetos-de-restauracao-ecologica\/\" target=\"_blank\" rel=\"noreferrer noopener\">flora\u00e7\u00e3o abundante<\/a><\/strong> com pequenas flores brancas perfumadas.<\/p>\n\n\n\n<p>Ap\u00f3s o per\u00edodo de flora\u00e7\u00e3o, as br\u00e1cteas adquirem tonalidade vermelha intensa no outono. No inverno, a casca descamante em tom canela mant\u00e9m o interesse visual, garantindo valor ornamental ao longo de todo o ano.<\/p>\n\n\n\n<figure class=\"wp-block-image size-large\"><img loading=\"lazy\" decoding=\"async\" width=\"1024\" height=\"576\" src=\"https:\/\/www.em.com.br\/emfoco\/wp-content\/uploads\/2026\/02\/freepik__the-style-is-candid-image-photography-with-natural__64537-1024x576.png\" alt=\"Essa \u00e1rvore perfumada floresce quando quase todas as outras j\u00e1 perderam o brilho no jardim\" class=\"wp-image-168326\" srcset=\"https:\/\/www.em.com.br\/emfoco\/wp-content\/uploads\/2026\/02\/freepik__the-style-is-candid-image-photography-with-natural__64537-1024x576.png 1024w, https:\/\/www.em.com.br\/emfoco\/wp-content\/uploads\/2026\/02\/freepik__the-style-is-candid-image-photography-with-natural__64537-300x169.png 300w, https:\/\/www.em.com.br\/emfoco\/wp-content\/uploads\/2026\/02\/freepik__the-style-is-candid-image-photography-with-natural__64537-768x432.png 768w, https:\/\/www.em.com.br\/emfoco\/wp-content\/uploads\/2026\/02\/freepik__the-style-is-candid-image-photography-with-natural__64537-750x422.png 750w, https:\/\/www.em.com.br\/emfoco\/wp-content\/uploads\/2026\/02\/freepik__the-style-is-candid-image-photography-with-natural__64537-1140x641.png 1140w, https:\/\/www.em.com.br\/emfoco\/wp-content\/uploads\/2026\/02\/freepik__the-style-is-candid-image-photography-with-natural__64537.png 1280w\" sizes=\"auto, (max-width: 1024px) 100vw, 1024px\" \/><figcaption class=\"wp-element-caption\">Flora\u00e7\u00e3o perfumada surge no fim do ver\u00e3o com destaque<\/figcaption><\/figure>\n\n\n\n<h2 class=\"wp-block-heading\">Quais s\u00e3o as principais caracter\u00edsticas da Heptacodium miconioides?<\/h2>\n\n\n\n<p>Al\u00e9m do perfume delicado, a esp\u00e9cie apresenta porte m\u00e9dio e grande adaptabilidade. Pode ser conduzida como \u00e1rvore ou mantida como arbusto, dependendo da poda, o que amplia suas possibilidades de uso paisag\u00edstico, como voc\u00ea v\u00ea a seguir.<\/p>\n\n\n\n<ul class=\"wp-block-list\">\n<li><strong>Flores brancas perfumadas<\/strong>: atraem abelhas, borboletas e beija-flores.<\/li>\n\n\n\n<li><strong>Folhagem decorativa<\/strong>: folhas verde-esmeralda intensas na primavera.<\/li>\n\n\n\n<li><strong>Casca ornamental<\/strong>: textura descamante em tom canela no inverno.<\/li>\n<\/ul>\n\n\n\n<h2 class=\"wp-block-heading\">Como cultivar essa \u00e1rvore em jardins ou vasos?<\/h2>\n\n\n\n<p>A planta adapta-se a diversos tipos de solo e tolera diferentes n\u00edveis de luminosidade. Para flora\u00e7\u00e3o mais intensa, recomenda-se <strong>sol pleno ou meia-sombra iluminada<\/strong>, com v\u00e1rias horas de luz direta ao dia.<\/p>\n\n\n\n<p>Em <strong><a href=\"https:\/\/www.em.com.br\/emfoco\/2026\/02\/04\/como-plantar-ervilha-em-vasos-e-ter-uma-horta-vertical-produtiva-mesmo-em-apartamentos-pequenos\/\" target=\"_blank\" rel=\"noreferrer noopener\">apartamentos <\/a><\/strong>com varanda ou terra\u00e7o, pode ser cultivada em vaso grande, desde que haja espa\u00e7o para o desenvolvimento das ra\u00edzes e boa drenagem. O recipiente deve possuir furos para evitar ac\u00famulo excessivo de \u00e1gua.<\/p>\n\n\n\n<figure class=\"wp-block-image size-large\"><img loading=\"lazy\" decoding=\"async\" width=\"1024\" height=\"576\" src=\"https:\/\/www.em.com.br\/emfoco\/wp-content\/uploads\/2026\/02\/Imagem-1-75-1024x576.jpg\" alt=\"Essa \u00e1rvore perfumada floresce quando quase todas as outras j\u00e1 perderam o brilho no jardim\" class=\"wp-image-168338\" srcset=\"https:\/\/www.em.com.br\/emfoco\/wp-content\/uploads\/2026\/02\/Imagem-1-75-1024x576.jpg 1024w, https:\/\/www.em.com.br\/emfoco\/wp-content\/uploads\/2026\/02\/Imagem-1-75-300x169.jpg 300w, https:\/\/www.em.com.br\/emfoco\/wp-content\/uploads\/2026\/02\/Imagem-1-75-768x432.jpg 768w, https:\/\/www.em.com.br\/emfoco\/wp-content\/uploads\/2026\/02\/Imagem-1-75-750x422.jpg 750w, https:\/\/www.em.com.br\/emfoco\/wp-content\/uploads\/2026\/02\/Imagem-1-75-1140x641.jpg 1140w, https:\/\/www.em.com.br\/emfoco\/wp-content\/uploads\/2026\/02\/Imagem-1-75.jpg 1280w\" sizes=\"auto, (max-width: 1024px) 100vw, 1024px\" \/><figcaption class=\"wp-element-caption\">Cultivo exige solo drenado e boa luminosidade di\u00e1ria<\/figcaption><\/figure>\n\n\n\n<h2 class=\"wp-block-heading\">Quais cuidados garantem sa\u00fade e flora\u00e7\u00e3o abundante?<\/h2>\n\n\n\n<p>Embora resistente ao frio, vento e at\u00e9 per\u00edodos de seca, a esp\u00e9cie aprecia umidade constante nos meses mais quentes. A irriga\u00e7\u00e3o deve manter o solo levemente \u00famido, sem encharcamento, como detalhado abaixo.<\/p>\n\n\n\n<ul class=\"wp-block-list\">\n<li><strong>Rega no ver\u00e3o<\/strong>: duas a tr\u00eas vezes por semana para manter umidade equilibrada.<\/li>\n\n\n\n<li><strong>Redu\u00e7\u00e3o no inverno<\/strong>: diminuir a frequ\u00eancia durante outono e meses frios.<\/li>\n\n\n\n<li><strong>Solo drenado<\/strong>: evitar excesso de \u00e1gua para proteger as ra\u00edzes.<\/li>\n<\/ul>\n\n\n\n<h2 class=\"wp-block-heading\">Como e quando realizar a poda corretamente?<\/h2>\n\n\n\n<p>A poda deve ser feita no final do inverno ou in\u00edcio da primavera, per\u00edodo em que n\u00e3o h\u00e1 risco de geadas. O processo inclui remover ramos secos, fracos ou mal direcionados, promovendo estrutura saud\u00e1vel e equilibrada.<\/p>\n\n\n\n<p>Em exemplares jovens, \u00e9 poss\u00edvel conduzir o tronco principal para formar \u00e1rvore ou deix\u00e1-lo crescer naturalmente como arbusto. Leves cortes nas pontas estimulam copa harmoniosa e mant\u00eam o formato desejado ao longo do tempo.<\/p>\n","protected":false},"excerpt":{"rendered":"<p>A flor de sete filhos, conhecida cientificamente como Heptacodium miconioides, \u00e9 uma \u00e1rvore ornamental de aroma marcante que pode crescer como arbusto ou pequena \u00e1rvore. Vers\u00e1til e resistente, adapta-se a jardins amplos e tamb\u00e9m ao cultivo em vasos. O que torna essa \u00e1rvore ornamental t\u00e3o especial? Durante a primavera, surgem folhas verde-esmeralda brilhantes que destacam [&hellip;]<\/p>\n","protected":false},"author":13,"featured_media":168337,"comment_status":"open","ping_status":"open","sticky":false,"template":"","format":"standard","meta":{"jnews-multi-image_gallery":[],"jnews_single_post":{"format":"standard"},"jnews_primary_category":[],"jnews_social_meta":[],"jnews_override_counter":[],"footnotes":""},"categories":[8819],"tags":[16036,24512,3358],"class_list":["post-168258","post","type-post","status-publish","format-standard","has-post-thumbnail","hentry","category-curiosidades","tag-arvores-2","tag-flor-de-sete-filhos","tag-jardinagem"],"yoast_head":"<!-- This site is optimized with the Yoast SEO plugin v23.8 - https:\/\/yoast.com\/wordpress\/plugins\/seo\/ -->\n<title>Essa \u00e1rvore perfumada floresce quando quase todas as outras j\u00e1 perderam o brilho no jardim - Estado de Minas - Em foco<\/title>\n<meta name=\"description\" content=\"\u00c1rvore ornamental perfumada floresce no fim do ver\u00e3o e mant\u00e9m interesse visual at\u00e9 o inverno com casca canela decorativa.\" \/>\n<meta name=\"robots\" content=\"index, follow, max-snippet:-1, max-image-preview:large, max-video-preview:-1\" \/>\n<link rel=\"canonical\" href=\"https:\/\/www.em.com.br\/emfoco\/2026\/02\/16\/essa-arvore-perfumada-floresce-quando-quase-todas-as-outras-ja-perderam-o-brilho-no-jardim\/\" \/>\n<meta property=\"og:locale\" content=\"pt_BR\" \/>\n<meta property=\"og:type\" content=\"article\" \/>\n<meta property=\"og:title\" content=\"Essa \u00e1rvore perfumada floresce quando quase todas as outras j\u00e1 perderam o brilho no jardim - Estado de Minas - Em foco\" \/>\n<meta property=\"og:description\" content=\"\u00c1rvore ornamental perfumada floresce no fim do ver\u00e3o e mant\u00e9m interesse visual at\u00e9 o inverno com casca canela decorativa.\" \/>\n<meta property=\"og:url\" content=\"https:\/\/www.em.com.br\/emfoco\/2026\/02\/16\/essa-arvore-perfumada-floresce-quando-quase-todas-as-outras-ja-perderam-o-brilho-no-jardim\/\" \/>\n<meta property=\"og:site_name\" content=\"Estado de Minas - Em foco\" \/>\n<meta property=\"article:published_time\" content=\"2026-02-16T09:25:00+00:00\" \/>\n<meta property=\"article:modified_time\" content=\"2026-02-12T16:44:30+00:00\" \/>\n<meta property=\"og:image\" content=\"https:\/\/www.em.com.br\/emfoco\/wp-content\/uploads\/2026\/02\/Imagem-88.jpg\" \/>\n\t<meta property=\"og:image:width\" content=\"1280\" \/>\n\t<meta property=\"og:image:height\" content=\"720\" \/>\n\t<meta property=\"og:image:type\" content=\"image\/jpeg\" \/>\n<meta name=\"author\" content=\"Gabriel Martins\" \/>\n<meta name=\"twitter:card\" content=\"summary_large_image\" \/>\n<meta name=\"twitter:label1\" content=\"Escrito por\" \/>\n\t<meta name=\"twitter:data1\" content=\"Gabriel Martins\" \/>\n\t<meta name=\"twitter:label2\" content=\"Est. tempo de leitura\" \/>\n\t<meta name=\"twitter:data2\" content=\"3 minutos\" \/>\n<!-- \/ Yoast SEO plugin. -->","yoast_head_json":{"title":"Essa \u00e1rvore perfumada floresce quando quase todas as outras j\u00e1 perderam o brilho no jardim - Estado de Minas - Em foco","description":"\u00c1rvore ornamental perfumada floresce no fim do ver\u00e3o e mant\u00e9m interesse visual at\u00e9 o inverno com casca canela decorativa.","robots":{"index":"index","follow":"follow","max-snippet":"max-snippet:-1","max-image-preview":"max-image-preview:large","max-video-preview":"max-video-preview:-1"},"canonical":"https:\/\/www.em.com.br\/emfoco\/2026\/02\/16\/essa-arvore-perfumada-floresce-quando-quase-todas-as-outras-ja-perderam-o-brilho-no-jardim\/","og_locale":"pt_BR","og_type":"article","og_title":"Essa \u00e1rvore perfumada floresce quando quase todas as outras j\u00e1 perderam o brilho no jardim - Estado de Minas - Em foco","og_description":"\u00c1rvore ornamental perfumada floresce no fim do ver\u00e3o e mant\u00e9m interesse visual at\u00e9 o inverno com casca canela decorativa.","og_url":"https:\/\/www.em.com.br\/emfoco\/2026\/02\/16\/essa-arvore-perfumada-floresce-quando-quase-todas-as-outras-ja-perderam-o-brilho-no-jardim\/","og_site_name":"Estado de Minas - Em foco","article_published_time":"2026-02-16T09:25:00+00:00","article_modified_time":"2026-02-12T16:44:30+00:00","og_image":[{"width":1280,"height":720,"url":"https:\/\/www.em.com.br\/emfoco\/wp-content\/uploads\/2026\/02\/Imagem-88.jpg","type":"image\/jpeg"}],"author":"Gabriel Martins","twitter_card":"summary_large_image","twitter_misc":{"Escrito por":"Gabriel Martins","Est. tempo de leitura":"3 minutos"},"schema":{"@context":"https:\/\/schema.org","@graph":[{"@type":"WebPage","@id":"https:\/\/www.em.com.br\/emfoco\/2026\/02\/16\/essa-arvore-perfumada-floresce-quando-quase-todas-as-outras-ja-perderam-o-brilho-no-jardim\/","url":"https:\/\/www.em.com.br\/emfoco\/2026\/02\/16\/essa-arvore-perfumada-floresce-quando-quase-todas-as-outras-ja-perderam-o-brilho-no-jardim\/","name":"Essa \u00e1rvore perfumada floresce quando quase todas as outras j\u00e1 perderam o brilho no jardim - Estado de Minas - Em foco","isPartOf":{"@id":"https:\/\/www.em.com.br\/emfoco\/#website"},"primaryImageOfPage":{"@id":"https:\/\/www.em.com.br\/emfoco\/2026\/02\/16\/essa-arvore-perfumada-floresce-quando-quase-todas-as-outras-ja-perderam-o-brilho-no-jardim\/#primaryimage"},"image":{"@id":"https:\/\/www.em.com.br\/emfoco\/2026\/02\/16\/essa-arvore-perfumada-floresce-quando-quase-todas-as-outras-ja-perderam-o-brilho-no-jardim\/#primaryimage"},"thumbnailUrl":"https:\/\/www.em.com.br\/emfoco\/wp-content\/uploads\/2026\/02\/Imagem-88.jpg","datePublished":"2026-02-16T09:25:00+00:00","dateModified":"2026-02-12T16:44:30+00:00","author":{"@id":"https:\/\/www.em.com.br\/emfoco\/#\/schema\/person\/1c9ddeab18b98abeffef834667bcf08a"},"description":"\u00c1rvore ornamental perfumada floresce no fim do ver\u00e3o e mant\u00e9m interesse visual at\u00e9 o inverno com casca canela decorativa.","breadcrumb":{"@id":"https:\/\/www.em.com.br\/emfoco\/2026\/02\/16\/essa-arvore-perfumada-floresce-quando-quase-todas-as-outras-ja-perderam-o-brilho-no-jardim\/#breadcrumb"},"inLanguage":"pt-BR","potentialAction":[{"@type":"ReadAction","target":["https:\/\/www.em.com.br\/emfoco\/2026\/02\/16\/essa-arvore-perfumada-floresce-quando-quase-todas-as-outras-ja-perderam-o-brilho-no-jardim\/"]}]},{"@type":"ImageObject","inLanguage":"pt-BR","@id":"https:\/\/www.em.com.br\/emfoco\/2026\/02\/16\/essa-arvore-perfumada-floresce-quando-quase-todas-as-outras-ja-perderam-o-brilho-no-jardim\/#primaryimage","url":"https:\/\/www.em.com.br\/emfoco\/wp-content\/uploads\/2026\/02\/Imagem-88.jpg","contentUrl":"https:\/\/www.em.com.br\/emfoco\/wp-content\/uploads\/2026\/02\/Imagem-88.jpg","width":1280,"height":720,"caption":"Flor de sete filhos destaca-se pelo perfume e beleza sazonal"},{"@type":"BreadcrumbList","@id":"https:\/\/www.em.com.br\/emfoco\/2026\/02\/16\/essa-arvore-perfumada-floresce-quando-quase-todas-as-outras-ja-perderam-o-brilho-no-jardim\/#breadcrumb","itemListElement":[{"@type":"ListItem","position":1,"name":"In\u00edcio","item":"https:\/\/www.em.com.br\/emfoco\/"},{"@type":"ListItem","position":2,"name":"Essa \u00e1rvore perfumada floresce quando quase todas as outras j\u00e1 perderam o brilho no jardim"}]},{"@type":"WebSite","@id":"https:\/\/www.em.com.br\/emfoco\/#website","url":"https:\/\/www.em.com.br\/emfoco\/","name":"Estado de Minas - Em foco","description":"Acompanhe as \u00faltimas not\u00edcias e fique bem informado sobre tudo o que acontece em Minas Gerais, Brasil e no mundo.","potentialAction":[{"@type":"SearchAction","target":{"@type":"EntryPoint","urlTemplate":"https:\/\/www.em.com.br\/emfoco\/?s={search_term_string}"},"query-input":{"@type":"PropertyValueSpecification","valueRequired":true,"valueName":"search_term_string"}}],"inLanguage":"pt-BR"},{"@type":"Person","@id":"https:\/\/www.em.com.br\/emfoco\/#\/schema\/person\/1c9ddeab18b98abeffef834667bcf08a","name":"Gabriel Martins","image":{"@type":"ImageObject","inLanguage":"pt-BR","@id":"https:\/\/www.em.com.br\/emfoco\/#\/schema\/person\/image\/","url":"https:\/\/secure.gravatar.com\/avatar\/f0f1e2efdfd88f1ad2cb08c5c2731e50?s=96&d=mm&r=g","contentUrl":"https:\/\/secure.gravatar.com\/avatar\/f0f1e2efdfd88f1ad2cb08c5c2731e50?s=96&d=mm&r=g","caption":"Gabriel Martins"},"sameAs":["https:\/\/www.em.com.br\/emfoco\/"],"url":"https:\/\/www.em.com.br\/emfoco\/author\/gabrielmartinsmyth\/"}]}},"_links":{"self":[{"href":"https:\/\/www.em.com.br\/emfoco\/wp-json\/wp\/v2\/posts\/168258","targetHints":{"allow":["GET"]}}],"collection":[{"href":"https:\/\/www.em.com.br\/emfoco\/wp-json\/wp\/v2\/posts"}],"about":[{"href":"https:\/\/www.em.com.br\/emfoco\/wp-json\/wp\/v2\/types\/post"}],"author":[{"embeddable":true,"href":"https:\/\/www.em.com.br\/emfoco\/wp-json\/wp\/v2\/users\/13"}],"replies":[{"embeddable":true,"href":"https:\/\/www.em.com.br\/emfoco\/wp-json\/wp\/v2\/comments?post=168258"}],"version-history":[{"count":1,"href":"https:\/\/www.em.com.br\/emfoco\/wp-json\/wp\/v2\/posts\/168258\/revisions"}],"predecessor-version":[{"id":168339,"href":"https:\/\/www.em.com.br\/emfoco\/wp-json\/wp\/v2\/posts\/168258\/revisions\/168339"}],"wp:featuredmedia":[{"embeddable":true,"href":"https:\/\/www.em.com.br\/emfoco\/wp-json\/wp\/v2\/media\/168337"}],"wp:attachment":[{"href":"https:\/\/www.em.com.br\/emfoco\/wp-json\/wp\/v2\/media?parent=168258"}],"wp:term":[{"taxonomy":"category","embeddable":true,"href":"https:\/\/www.em.com.br\/emfoco\/wp-json\/wp\/v2\/categories?post=168258"},{"taxonomy":"post_tag","embeddable":true,"href":"https:\/\/www.em.com.br\/emfoco\/wp-json\/wp\/v2\/tags?post=168258"}],"curies":[{"name":"wp","href":"https:\/\/api.w.org\/{rel}","templated":true}]}}