{"id":16726,"date":"2025-02-14T11:40:00","date_gmt":"2025-02-14T14:40:00","guid":{"rendered":"https:\/\/www.em.com.br\/emfoco\/?p=16726"},"modified":"2025-02-13T15:14:45","modified_gmt":"2025-02-13T18:14:45","slug":"comer-mel-todos-os-dias-pode-acelerar-seu-metabolismo-e-te-deixar-mais-saudavel","status":"publish","type":"post","link":"https:\/\/www.em.com.br\/emfoco\/2025\/02\/14\/comer-mel-todos-os-dias-pode-acelerar-seu-metabolismo-e-te-deixar-mais-saudavel\/","title":{"rendered":"Comer mel todos os dias pode acelerar seu metabolismo e te deixar mais saud\u00e1vel"},"content":{"rendered":"\n<p>O <strong>mel<\/strong> \u00e9 um destacado superalimento que, al\u00e9m de seu sabor caracter\u00edstico, oferece diversos benef\u00edcios \u00e0 sa\u00fade. Consumir mel de forma regular pode ser essencial para quem deseja n\u00e3o apenas uma alternativa ao <strong><a href=\"https:\/\/www.marinha.mil.br\/saudenaval\/node\/5#:~:text=O%20a%C3%A7%C3%BAcar%20refinado%2C%20ou%20a%C3%A7%C3%BAcar,o%20torna%20nocivo%20%C3%A0%20sa%C3%BAde.\" target=\"_blank\" rel=\"noreferrer noopener\">a\u00e7\u00facar refinado<\/a><\/strong>, mas tamb\u00e9m como um aliado na acelera\u00e7\u00e3o do metabolismo e na busca por um estilo de vida mais saud\u00e1vel. A presen\u00e7a de compostos ativos no mel o torna eficaz em v\u00e1rias fun\u00e7\u00f5es biol\u00f3gicas, particularmente em termos de digest\u00e3o e fortalecimento do sistema imunol\u00f3gico.<\/p>\n\n\n\n<p>Possuindo um perfil nutritivo \u00fanico, o mel \u00e9 composto principalmente por a\u00e7\u00facares naturais como <em>frutose<\/em> e <em>glicose<\/em>. Esta composi\u00e7\u00e3o facilita o fornecimento de energia de maneira mais est\u00e1vel e cont\u00ednua para o corpo, evitando flutua\u00e7\u00f5es bruscas nos n\u00edveis de insulina. Dessa forma, torna-se uma alternativa doce que n\u00e3o apenas satisfaz, mas tamb\u00e9m nutre o organismo de forma equilibrada.<\/p>\n\n\n\n<h2 class=\"wp-block-heading\">De que maneira o mel influencia no metabolismo?<\/h2>\n\n\n\n<p>O mel pode influenciar positivamente o metabolismo devido \u00e0s suas propriedades antioxidantes e anti-inflamat\u00f3rias. Os <strong>antioxidantes<\/strong> presentes, como <em>flavonoides<\/em> e fen\u00f3licos, desempenham um papel crucial na neutraliza\u00e7\u00e3o dos radicais livres, respons\u00e1veis por danificar c\u00e9lulas saud\u00e1veis e fomentar processos inflamat\u00f3rios. Reduzir essa inflama\u00e7\u00e3o pode resultar em um metabolismo mais eficiente, melhorando o processo de queima de gordura.<\/p>\n\n\n\n<p>Outro aspecto relevante \u00e9 a capacidade do mel em facilitar a digest\u00e3o. Suas <strong>enzimas naturais<\/strong> colaboram na digest\u00e3o de alimentos, assegurando uma melhor absor\u00e7\u00e3o de nutrientes. Consequentemente, um metabolismo otimizado promove a utiliza\u00e7\u00e3o eficaz das calorias ingeridas, favorecendo assim a manuten\u00e7\u00e3o ou perda de peso quando associada \u00e0 pr\u00e1tica regular de exerc\u00edcios f\u00edsicos.<\/p>\n\n\n\n<figure class=\"wp-block-image size-large\"><img loading=\"lazy\" decoding=\"async\" width=\"1024\" height=\"576\" src=\"https:\/\/www.em.com.br\/emfoco\/wp-content\/uploads\/2025\/02\/mel_1738701394367-1024x576.jpg\" alt=\"Comer mel todos os dias pode acelerar seu metabolismo e te deixar mais saud\u00e1vel\" class=\"wp-image-16740\" srcset=\"https:\/\/www.em.com.br\/emfoco\/wp-content\/uploads\/2025\/02\/mel_1738701394367-1024x576.jpg 1024w, https:\/\/www.em.com.br\/emfoco\/wp-content\/uploads\/2025\/02\/mel_1738701394367-300x169.jpg 300w, https:\/\/www.em.com.br\/emfoco\/wp-content\/uploads\/2025\/02\/mel_1738701394367-768x432.jpg 768w, https:\/\/www.em.com.br\/emfoco\/wp-content\/uploads\/2025\/02\/mel_1738701394367-750x422.jpg 750w, https:\/\/www.em.com.br\/emfoco\/wp-content\/uploads\/2025\/02\/mel_1738701394367-1140x641.jpg 1140w, https:\/\/www.em.com.br\/emfoco\/wp-content\/uploads\/2025\/02\/mel_1738701394367.jpg 1280w\" sizes=\"auto, (max-width: 1024px) 100vw, 1024px\" \/><figcaption class=\"wp-element-caption\">Mel &#8211; Cr\u00e9ditos: depositphotos.com \/ tkemot<\/figcaption><\/figure>\n\n\n\n<h2 class=\"wp-block-heading\">Quais s\u00e3o os benef\u00edcios globais do mel para a sa\u00fade?<\/h2>\n\n\n\n<p>Ao incorporar o mel na dieta di\u00e1ria, v\u00e1rios benef\u00edcios para a sa\u00fade podem ser observados:<\/p>\n\n\n\n<ul class=\"wp-block-list\">\n<li><strong>Refor\u00e7o Imunol\u00f3gico:<\/strong> O mel possui propriedades antibacterianas e antif\u00fangicas, auxiliando no fortalecimento das defesas do corpo.<\/li>\n\n\n\n<li><strong>Digest\u00e3o Melhorada:<\/strong> As enzimas do mel facilitam a digest\u00e3o, promovendo um trato digestivo saud\u00e1vel.<\/li>\n\n\n\n<li><strong>Energia Sustentada:<\/strong> Fornecendo energia de maneira balanceada, o mel \u00e9 ideal para ser consumido antes de atividades f\u00edsicas.<\/li>\n\n\n\n<li><strong>A\u00e7\u00e3o Anti-inflamat\u00f3ria:<\/strong> Capaz de reduzir a inflama\u00e7\u00e3o, o mel pode contribuir para a efici\u00eancia metab\u00f3lica.<\/li>\n<\/ul>\n\n\n\n<h2 class=\"wp-block-heading\">Como preparar um ch\u00e1 energizante de gengibre com mel?<\/h2>\n\n\n\n<p>Para aqueles que buscam uma op\u00e7\u00e3o de bebida que acelera o metabolismo e melhora a digest\u00e3o, o ch\u00e1 de gengibre com mel e lim\u00e3o pode ser uma excelente escolha.<\/p>\n\n\n\n<ol class=\"wp-block-list\">\n<li><strong>Ingredientes:<\/strong>\n<ul class=\"wp-block-list\">\n<li>1 peda\u00e7o de gengibre fresco<\/li>\n\n\n\n<li>Suco de \u00bd lim\u00e3o<\/li>\n\n\n\n<li>1 colher de ch\u00e1 de mel<\/li>\n\n\n\n<li>1 copo de \u00e1gua quente<\/li>\n<\/ul>\n<\/li>\n<\/ol>\n\n\n\n<ol class=\"wp-block-list\">\n<li>Inicie fervendo a \u00e1gua e adicione o gengibre ralado ou em fatias.<\/li>\n\n\n\n<li>Deixe o gengibre infundir por cerca de 5 minutos.<\/li>\n\n\n\n<li>Acrescente o suco de lim\u00e3o e a colher de mel, mexendo bem.<\/li>\n\n\n\n<li>Sinta-se \u00e0 vontade para beber enquanto ainda estiver quente, aproveitando seus benef\u00edcios robustos.<\/li>\n<\/ol>\n\n\n\n<p>O <strong>mel<\/strong> \u00e9 uma adi\u00e7\u00e3o valiosa \u00e0 rotina alimentar, especialmente para aqueles interessados em <strong><a href=\"https:\/\/www.em.com.br\/emfoco\/2025\/01\/16\/conheca-a-bebida-magica-que-transforma-sua-saude-e-faz-emagrecer\/\" target=\"_blank\" rel=\"noreferrer noopener\">emagrecer<\/a><\/strong> de maneira saud\u00e1vel. Seus benef\u00edcios se estendem al\u00e9m do simples sabor, oferecendo suporte imunol\u00f3gico e digestivo, bem como auxiliando na regula\u00e7\u00e3o metab\u00f3lica. Portanto, ao considerar alternativas alimentares, o mel sem d\u00favida se destaca como uma escolha doce, saud\u00e1vel e ben\u00e9fica.<\/p>\n","protected":false},"excerpt":{"rendered":"<p>O mel \u00e9 um destacado superalimento que, al\u00e9m de seu sabor caracter\u00edstico, oferece diversos benef\u00edcios \u00e0 sa\u00fade. Consumir mel de forma regular pode ser essencial para quem deseja n\u00e3o apenas uma alternativa ao a\u00e7\u00facar refinado, mas tamb\u00e9m como um aliado na acelera\u00e7\u00e3o do metabolismo e na busca por um estilo de vida mais saud\u00e1vel. A [&hellip;]<\/p>\n","protected":false},"author":5,"featured_media":16739,"comment_status":"open","ping_status":"open","sticky":false,"template":"","format":"standard","meta":{"jnews-multi-image_gallery":[],"jnews_single_post":{"format":"standard"},"jnews_primary_category":[],"jnews_social_meta":[],"jnews_override_counter":[],"footnotes":""},"categories":[138,1],"tags":[3322,1988,4594,415],"class_list":["post-16726","post","type-post","status-publish","format-standard","has-post-thumbnail","hentry","category-mundo","category-noticias","tag-doce","tag-fruta","tag-mel","tag-saude"],"yoast_head":"<!-- This site is optimized with the Yoast SEO plugin v23.8 - https:\/\/yoast.com\/wordpress\/plugins\/seo\/ -->\n<title>Comer mel todos os dias pode acelerar seu metabolismo e te deixar mais saud\u00e1vel - Estado de Minas - Em foco<\/title>\n<meta name=\"description\" content=\"Incorpore o mel em sua rotina para melhorar a digest\u00e3o, acelerar o metabolismo e manter o corpo saud\u00e1vel com energia sustentada.\" \/>\n<meta name=\"robots\" content=\"index, follow, max-snippet:-1, max-image-preview:large, max-video-preview:-1\" \/>\n<link rel=\"canonical\" href=\"https:\/\/www.em.com.br\/emfoco\/2025\/02\/14\/comer-mel-todos-os-dias-pode-acelerar-seu-metabolismo-e-te-deixar-mais-saudavel\/\" \/>\n<meta property=\"og:locale\" content=\"pt_BR\" \/>\n<meta property=\"og:type\" content=\"article\" \/>\n<meta property=\"og:title\" content=\"Comer mel todos os dias pode acelerar seu metabolismo e te deixar mais saud\u00e1vel - Estado de Minas - Em foco\" \/>\n<meta property=\"og:description\" content=\"Incorpore o mel em sua rotina para melhorar a digest\u00e3o, acelerar o metabolismo e manter o corpo saud\u00e1vel com energia sustentada.\" \/>\n<meta property=\"og:url\" content=\"https:\/\/www.em.com.br\/emfoco\/2025\/02\/14\/comer-mel-todos-os-dias-pode-acelerar-seu-metabolismo-e-te-deixar-mais-saudavel\/\" \/>\n<meta property=\"og:site_name\" content=\"Estado de Minas - Em foco\" \/>\n<meta property=\"article:published_time\" content=\"2025-02-14T14:40:00+00:00\" \/>\n<meta property=\"article:modified_time\" content=\"2025-02-13T18:14:45+00:00\" \/>\n<meta property=\"og:image\" content=\"https:\/\/www.em.com.br\/emfoco\/wp-content\/uploads\/2025\/02\/mel_1738701305397.jpg\" \/>\n\t<meta property=\"og:image:width\" content=\"1280\" \/>\n\t<meta property=\"og:image:height\" content=\"720\" \/>\n\t<meta property=\"og:image:type\" content=\"image\/jpeg\" \/>\n<meta name=\"author\" content=\"N\u00fabia Rangel\" \/>\n<meta name=\"twitter:card\" content=\"summary_large_image\" \/>\n<meta name=\"twitter:label1\" content=\"Escrito por\" \/>\n\t<meta name=\"twitter:data1\" content=\"N\u00fabia Rangel\" \/>\n\t<meta name=\"twitter:label2\" content=\"Est. tempo de leitura\" \/>\n\t<meta name=\"twitter:data2\" content=\"4 minutos\" \/>\n<!-- \/ Yoast SEO plugin. -->","yoast_head_json":{"title":"Comer mel todos os dias pode acelerar seu metabolismo e te deixar mais saud\u00e1vel - Estado de Minas - Em foco","description":"Incorpore o mel em sua rotina para melhorar a digest\u00e3o, acelerar o metabolismo e manter o corpo saud\u00e1vel com energia sustentada.","robots":{"index":"index","follow":"follow","max-snippet":"max-snippet:-1","max-image-preview":"max-image-preview:large","max-video-preview":"max-video-preview:-1"},"canonical":"https:\/\/www.em.com.br\/emfoco\/2025\/02\/14\/comer-mel-todos-os-dias-pode-acelerar-seu-metabolismo-e-te-deixar-mais-saudavel\/","og_locale":"pt_BR","og_type":"article","og_title":"Comer mel todos os dias pode acelerar seu metabolismo e te deixar mais saud\u00e1vel - Estado de Minas - Em foco","og_description":"Incorpore o mel em sua rotina para melhorar a digest\u00e3o, acelerar o metabolismo e manter o corpo saud\u00e1vel com energia sustentada.","og_url":"https:\/\/www.em.com.br\/emfoco\/2025\/02\/14\/comer-mel-todos-os-dias-pode-acelerar-seu-metabolismo-e-te-deixar-mais-saudavel\/","og_site_name":"Estado de Minas - Em foco","article_published_time":"2025-02-14T14:40:00+00:00","article_modified_time":"2025-02-13T18:14:45+00:00","og_image":[{"width":1280,"height":720,"url":"https:\/\/www.em.com.br\/emfoco\/wp-content\/uploads\/2025\/02\/mel_1738701305397.jpg","type":"image\/jpeg"}],"author":"N\u00fabia Rangel","twitter_card":"summary_large_image","twitter_misc":{"Escrito por":"N\u00fabia Rangel","Est. tempo de leitura":"4 minutos"},"schema":{"@context":"https:\/\/schema.org","@graph":[{"@type":"WebPage","@id":"https:\/\/www.em.com.br\/emfoco\/2025\/02\/14\/comer-mel-todos-os-dias-pode-acelerar-seu-metabolismo-e-te-deixar-mais-saudavel\/","url":"https:\/\/www.em.com.br\/emfoco\/2025\/02\/14\/comer-mel-todos-os-dias-pode-acelerar-seu-metabolismo-e-te-deixar-mais-saudavel\/","name":"Comer mel todos os dias pode acelerar seu metabolismo e te deixar mais saud\u00e1vel - Estado de Minas - Em foco","isPartOf":{"@id":"https:\/\/www.em.com.br\/emfoco\/#website"},"primaryImageOfPage":{"@id":"https:\/\/www.em.com.br\/emfoco\/2025\/02\/14\/comer-mel-todos-os-dias-pode-acelerar-seu-metabolismo-e-te-deixar-mais-saudavel\/#primaryimage"},"image":{"@id":"https:\/\/www.em.com.br\/emfoco\/2025\/02\/14\/comer-mel-todos-os-dias-pode-acelerar-seu-metabolismo-e-te-deixar-mais-saudavel\/#primaryimage"},"thumbnailUrl":"https:\/\/www.em.com.br\/emfoco\/wp-content\/uploads\/2025\/02\/mel_1738701305397.jpg","datePublished":"2025-02-14T14:40:00+00:00","dateModified":"2025-02-13T18:14:45+00:00","author":{"@id":"https:\/\/www.em.com.br\/emfoco\/#\/schema\/person\/524437ef54f8a5d32591b143307f2e20"},"description":"Incorpore o mel em sua rotina para melhorar a digest\u00e3o, acelerar o metabolismo e manter o corpo saud\u00e1vel com energia sustentada.","breadcrumb":{"@id":"https:\/\/www.em.com.br\/emfoco\/2025\/02\/14\/comer-mel-todos-os-dias-pode-acelerar-seu-metabolismo-e-te-deixar-mais-saudavel\/#breadcrumb"},"inLanguage":"pt-BR","potentialAction":[{"@type":"ReadAction","target":["https:\/\/www.em.com.br\/emfoco\/2025\/02\/14\/comer-mel-todos-os-dias-pode-acelerar-seu-metabolismo-e-te-deixar-mais-saudavel\/"]}]},{"@type":"ImageObject","inLanguage":"pt-BR","@id":"https:\/\/www.em.com.br\/emfoco\/2025\/02\/14\/comer-mel-todos-os-dias-pode-acelerar-seu-metabolismo-e-te-deixar-mais-saudavel\/#primaryimage","url":"https:\/\/www.em.com.br\/emfoco\/wp-content\/uploads\/2025\/02\/mel_1738701305397.jpg","contentUrl":"https:\/\/www.em.com.br\/emfoco\/wp-content\/uploads\/2025\/02\/mel_1738701305397.jpg","width":1280,"height":720,"caption":"Mel - Cr\u00e9ditos: depositphotos.com \/ Studio37"},{"@type":"BreadcrumbList","@id":"https:\/\/www.em.com.br\/emfoco\/2025\/02\/14\/comer-mel-todos-os-dias-pode-acelerar-seu-metabolismo-e-te-deixar-mais-saudavel\/#breadcrumb","itemListElement":[{"@type":"ListItem","position":1,"name":"In\u00edcio","item":"https:\/\/www.em.com.br\/emfoco\/"},{"@type":"ListItem","position":2,"name":"Comer mel todos os dias pode acelerar seu metabolismo e te deixar mais saud\u00e1vel"}]},{"@type":"WebSite","@id":"https:\/\/www.em.com.br\/emfoco\/#website","url":"https:\/\/www.em.com.br\/emfoco\/","name":"Estado de Minas - Em foco","description":"Acompanhe as \u00faltimas not\u00edcias e fique bem informado sobre tudo o que acontece em Minas Gerais, Brasil e no mundo.","potentialAction":[{"@type":"SearchAction","target":{"@type":"EntryPoint","urlTemplate":"https:\/\/www.em.com.br\/emfoco\/?s={search_term_string}"},"query-input":{"@type":"PropertyValueSpecification","valueRequired":true,"valueName":"search_term_string"}}],"inLanguage":"pt-BR"},{"@type":"Person","@id":"https:\/\/www.em.com.br\/emfoco\/#\/schema\/person\/524437ef54f8a5d32591b143307f2e20","name":"N\u00fabia Rangel","image":{"@type":"ImageObject","inLanguage":"pt-BR","@id":"https:\/\/www.em.com.br\/emfoco\/#\/schema\/person\/image\/","url":"https:\/\/secure.gravatar.com\/avatar\/47cff2827a5ba23c37e8068c86817ea4?s=96&d=mm&r=g","contentUrl":"https:\/\/secure.gravatar.com\/avatar\/47cff2827a5ba23c37e8068c86817ea4?s=96&d=mm&r=g","caption":"N\u00fabia Rangel"},"sameAs":["https:\/\/www.em.com.br\/emfoco\/"],"url":"https:\/\/www.em.com.br\/emfoco\/author\/nubiamyth\/"}]}},"_links":{"self":[{"href":"https:\/\/www.em.com.br\/emfoco\/wp-json\/wp\/v2\/posts\/16726","targetHints":{"allow":["GET"]}}],"collection":[{"href":"https:\/\/www.em.com.br\/emfoco\/wp-json\/wp\/v2\/posts"}],"about":[{"href":"https:\/\/www.em.com.br\/emfoco\/wp-json\/wp\/v2\/types\/post"}],"author":[{"embeddable":true,"href":"https:\/\/www.em.com.br\/emfoco\/wp-json\/wp\/v2\/users\/5"}],"replies":[{"embeddable":true,"href":"https:\/\/www.em.com.br\/emfoco\/wp-json\/wp\/v2\/comments?post=16726"}],"version-history":[{"count":2,"href":"https:\/\/www.em.com.br\/emfoco\/wp-json\/wp\/v2\/posts\/16726\/revisions"}],"predecessor-version":[{"id":16742,"href":"https:\/\/www.em.com.br\/emfoco\/wp-json\/wp\/v2\/posts\/16726\/revisions\/16742"}],"wp:featuredmedia":[{"embeddable":true,"href":"https:\/\/www.em.com.br\/emfoco\/wp-json\/wp\/v2\/media\/16739"}],"wp:attachment":[{"href":"https:\/\/www.em.com.br\/emfoco\/wp-json\/wp\/v2\/media?parent=16726"}],"wp:term":[{"taxonomy":"category","embeddable":true,"href":"https:\/\/www.em.com.br\/emfoco\/wp-json\/wp\/v2\/categories?post=16726"},{"taxonomy":"post_tag","embeddable":true,"href":"https:\/\/www.em.com.br\/emfoco\/wp-json\/wp\/v2\/tags?post=16726"}],"curies":[{"name":"wp","href":"https:\/\/api.w.org\/{rel}","templated":true}]}}