{"id":167155,"date":"2026-02-11T16:25:00","date_gmt":"2026-02-11T19:25:00","guid":{"rendered":"https:\/\/www.em.com.br\/emfoco\/?p=167155"},"modified":"2026-02-10T15:28:24","modified_gmt":"2026-02-10T18:28:24","slug":"achei-que-era-so-estresse-mas-era-menopausa-precoce-os-sinais-que-meu-corpo-deu-antes-dos-40","status":"publish","type":"post","link":"https:\/\/www.em.com.br\/emfoco\/2026\/02\/11\/achei-que-era-so-estresse-mas-era-menopausa-precoce-os-sinais-que-meu-corpo-deu-antes-dos-40\/","title":{"rendered":"Achei que era s\u00f3 estresse, mas era menopausa precoce! Os sinais que meu corpo deu antes dos 40"},"content":{"rendered":"\n<p><strong>Sinais da menopausa precoce<\/strong> costumam aparecer de forma silenciosa e confundem muitas mulheres que ainda n\u00e3o chegaram aos 50 anos. Identificar essas mudan\u00e7as hormonais cedo \u00e9 o melhor caminho para manter a qualidade de vida e o bem-estar f\u00edsico.<\/p>\n\n\n\n<h2 class=\"wp-block-heading\">Como identificar a chegada da transi\u00e7\u00e3o menopausal?<\/h2>\n\n\n\n<p>Compreender as mudan\u00e7as hormonais \u00e9 o primeiro passo para atravessar essa fase com mais leveza e retomar o controle sobre o seu corpo. No v\u00eddeo a seguir, do canal <a href=\"https:\/\/www.youtube.com\/@dravaljacomomenopausa\" target=\"_blank\" rel=\"noreferrer noopener\">Valdirene J\u00e1como<\/a>, \u00e9 explicado como identificar os sinais da menopausa precoce para fortalecer o organismo e proteger sua sa\u00fade.<\/p>\n\n\n\n<iframe loading=\"lazy\" width=\"1013\" height=\"570\" src=\"https:\/\/www.youtube.com\/embed\/YvQgaGy3Nvg\" title=\"Menopausa aos 40: 5 Sinais Ocultos que Mudam Sua Vida\" frameborder=\"0\" allow=\"accelerometer; autoplay; clipboard-write; encrypted-media; gyroscope; picture-in-picture; web-share\" referrerpolicy=\"strict-origin-when-cross-origin\" allowfullscreen><\/iframe>\n\n\n\n<p>A transi\u00e7\u00e3o costuma ser um processo lento que come\u00e7a anos antes da interrup\u00e7\u00e3o total da menstrua\u00e7\u00e3o. M\u00e9dicos como a especialista <strong>Valdirene J\u00e1como<\/strong> alertam que o corpo d\u00e1 avisos sutis quando os n\u00edveis de <strong>estradiol<\/strong>, <strong>progesterona<\/strong> e <strong>testosterona<\/strong> come\u00e7am a cair drasticamente no organismo feminino.<\/p>\n\n\n\n<p>Diferente do que o senso comum dita, essa fase pode come\u00e7ar entre os <strong>35 e 40 anos<\/strong>. \u00c9 o per\u00edodo chamado de <strong>climat\u00e9rio<\/strong>, onde o diagn\u00f3stico s\u00f3 \u00e9 confirmado ap\u00f3s <strong>12 meses<\/strong> seguidos sem nenhum ciclo menstrual, marcando oficialmente o fim da idade f\u00e9rtil.<\/p>\n\n\n\n<h2 class=\"wp-block-heading\">Quais s\u00e3o as principais mudan\u00e7as no ciclo e no corpo?<\/h2>\n\n\n\n<p>A irregularidade menstrual \u00e9 quase sempre o primeiro alerta de que os <strong>ov\u00e1rios<\/strong> est\u00e3o reduzindo o ritmo de trabalho. Os ciclos podem ficar mais curtos, com fluxos muito intensos ou, em alguns casos, apresentar pausas de meses que depois retornam sem um padr\u00e3o definido.<\/p>\n\n\n\n<p>Al\u00e9m do fluxo, o ac\u00famulo de <strong>gordura abdominal<\/strong> se torna mais evidente devido \u00e0 desacelera\u00e7\u00e3o do <strong>metabolismo<\/strong>. Abaixo, listamos os sintomas f\u00edsicos e emocionais mais relatados pelas pacientes que buscam ajuda especializada:<\/p>\n\n\n\n<div class=\"google-auto-ads-ignore\" style=\"box-sizing: border-box; display: flex; flex-direction: column; width: 100%; max-width: 800px; margin: 30px auto; background-color: #A52A2A; color: #333333; border-radius: 12px; overflow: hidden; font-family: 'Segoe UI', sans-serif; box-shadow: 0 4px 15px rgba(0,0,0,0.1); border: 1px solid rgba(0,0,0,0.05); position: relative; z-index: 5;\">\n\n  <div style=\"background-color: #8B0000; padding: 25px; border-bottom: 3px solid #A52A2A; text-align: center;\">\n    <h2 style=\"margin: 0; color: #ffffff; font-size: 1.5rem;\">\ud83e\ude7a Sintomas f\u00edsicos e emocionais <\/h2>\n    <div style=\"font-size: 0.95rem; margin-top: 8px; color: #ffffff; opacity: 0.9;\">Impactos do metabolismo e da queda hormonal na sa\u00fade feminina<\/div>\n  <\/div>\n\n  <div style=\"padding: 25px; display: flex; flex-wrap: wrap; gap: 20px;\">\n    \n    <div style=\"flex: 1 1 300px; background-color: #fff9f9; border-radius: 8px; padding: 20px; border: 1px solid rgba(139,0,0,0.1); box-shadow: 0 2px 5px rgba(0,0,0,0.02);\">\n      <h3 style=\"margin: 0 0 15px 0; color: #8B0000; font-size: 1.1rem; font-weight: bold; border-bottom: 1px solid rgba(139,0,0,0.1); padding-bottom: 8px;\">\n        \ud83e\udde0 Altera\u00e7\u00f5es emocionais e do sono\n      <\/h3>\n      \n      <div style=\"margin-bottom: 15px;\">\n        <strong style=\"display: block; font-size: 0.85rem; opacity: 0.8; margin-bottom: 4px;\">Dist\u00farbios do repouso<\/strong>\n        <div style=\"font-size: 1rem; font-weight: 500;\">Ins\u00f4nia e despertares frequentes durante a madrugada.<\/div>\n      <\/div>\n\n      <div style=\"margin-bottom: 12px;\">\n        <strong style=\"display: block; font-size: 0.85rem; opacity: 0.8; margin-bottom: 4px;\">Estado psicol\u00f3gico<\/strong>\n        <div style=\"font-size: 1rem; font-weight: 500;\">Irritabilidade constante e crises de ansiedade s\u00fabitas.<\/div>\n      <\/div>\n    <\/div>\n\n    <div style=\"flex: 1 1 300px; background-color: #fff9f9; border-radius: 8px; padding: 20px; border: 1px solid rgba(139,0,0,0.1); box-shadow: 0 2px 5px rgba(0,0,0,0.02);\">\n      <h3 style=\"margin: 0 0 15px 0; color: #8B0000; font-size: 1.1rem; font-weight: bold; border-bottom: 1px solid rgba(139,0,0,0.1); padding-bottom: 8px;\">\n        \u26a1 Sa\u00fade f\u00edsica e vitalidade\n      <\/h3>\n      \n      <div style=\"margin-bottom: 15px;\">\n        <strong style=\"display: block; font-size: 0.85rem; opacity: 0.8; margin-bottom: 4px;\">Sa\u00fade \u00edntima e libido<\/strong>\n        <div style=\"font-size: 1rem; font-weight: 500;\">Secura vaginal e queda de libido ligada \u00e0 baixa da testosterona.<\/div>\n      <\/div>\n\n      <div style=\"margin-bottom: 12px;\">\n        <strong style=\"display: block; font-size: 0.85rem; opacity: 0.8; margin-bottom: 4px;\">N\u00edvel de energia<\/strong>\n        <div style=\"font-size: 1rem; font-weight: 500;\">Cansa\u00e7o extremo logo nas primeiras horas da manh\u00e3.<\/div>\n      <\/div>\n    <\/div>\n\n  <\/div>\n<\/div>\n\n\n\n<p>Leia mais: <a href=\"https:\/\/www.em.com.br\/bem-viver\/2026\/02\/7351778-virus-nipah-o-que-sao-doencas-zoonoticas-e-como-contaminam-humanos.html\" target=\"_blank\" rel=\"noreferrer noopener\">V\u00edrus Nipah: o que s\u00e3o doen\u00e7as zoon\u00f3ticas e como contaminam humanos?<\/a><\/p>\n\n\n\n<h2 class=\"wp-block-heading\">Por que o sono e o peso sofrem tanto impacto?<\/h2>\n\n\n\n<p>A queda do <strong>estrog\u00eanio<\/strong> mexe direto na produ\u00e7\u00e3o de <strong>melatonina<\/strong>, o horm\u00f4nio que regula nosso descanso. Sem um sono de qualidade, o corpo n\u00e3o recupera energia, o que gera um efeito cascata de <strong>estresse<\/strong> e des\u00e2nimo que afeta o trabalho e as rela\u00e7\u00f5es pessoais.<\/p>\n\n\n\n<p>Sobre o peso, a mudan\u00e7a \u00e9 estrutural, j\u00e1 que a gordura deixa de se concentrar no quadril e passa para a regi\u00e3o da <strong>barriga<\/strong>. Muitas mulheres acham que \u00e9 apenas falta de dieta, mas o culpado real \u00e9 o <strong>desequil\u00edbrio hormonal<\/strong> que muda como o organismo estoca energia.<\/p>\n\n\n\n<h2 class=\"wp-block-heading\">Como a vida \u00edntima \u00e9 afetada nessa fase?<\/h2>\n\n\n<div class=\"wp-block-image\">\n<figure class=\"aligncenter size-large\"><img loading=\"lazy\" decoding=\"async\" width=\"1024\" height=\"576\" src=\"https:\/\/www.em.com.br\/emfoco\/wp-content\/uploads\/2026\/02\/mulher-exercicio-saude--1024x576.png\" alt=\"\" class=\"wp-image-167187\" srcset=\"https:\/\/www.em.com.br\/emfoco\/wp-content\/uploads\/2026\/02\/mulher-exercicio-saude--1024x576.png 1024w, https:\/\/www.em.com.br\/emfoco\/wp-content\/uploads\/2026\/02\/mulher-exercicio-saude--300x169.png 300w, https:\/\/www.em.com.br\/emfoco\/wp-content\/uploads\/2026\/02\/mulher-exercicio-saude--768x432.png 768w, https:\/\/www.em.com.br\/emfoco\/wp-content\/uploads\/2026\/02\/mulher-exercicio-saude--750x422.png 750w, https:\/\/www.em.com.br\/emfoco\/wp-content\/uploads\/2026\/02\/mulher-exercicio-saude--1140x641.png 1140w, https:\/\/www.em.com.br\/emfoco\/wp-content\/uploads\/2026\/02\/mulher-exercicio-saude-.png 1280w\" sizes=\"auto, (max-width: 1024px) 100vw, 1024px\" \/><figcaption class=\"wp-element-caption\">Sinais da menopausa precoce surgem antes dos 50 anos<\/figcaption><\/figure><\/div>\n\n\n<p>A parte sexual \u00e9 um dos pontos mais sens\u00edveis e, infelizmente, um dos mais ignorados pelas mulheres por vergonha ou tabu. A falta de lubrifica\u00e7\u00e3o e a perda do <strong>desejo sexual<\/strong> s\u00e3o reflexos diretos da biologia, mas n\u00e3o precisam ser aceitos como algo definitivo ou &#8220;do peso da idade&#8221;.<\/p>\n\n\n\n<p>Veja na tabela abaixo como os principais horm\u00f4nios agem no corpo e o que acontece quando eles diminuem:<\/p>\n\n\n\n<figure class=\"wp-block-table\"><table class=\"has-fixed-layout\"><tbody><tr><th>Horm\u00f4nio<\/th><th>Fun\u00e7\u00e3o Principal<\/th><th>Sinal de Queda<\/th><\/tr><tr><td><strong>Estrog\u00eanio<\/strong><\/td><td>Regula o ciclo e lubrifica\u00e7\u00e3o<\/td><td>Ondas de calor e secura<\/td><\/tr><tr><td><strong>Progesterona<\/strong><\/td><td>Mant\u00e9m a calma e o sono<\/td><td>Ansiedade e ins\u00f4nia profunda<\/td><\/tr><tr><td><strong>Testosterona<\/strong><\/td><td>Desejo e for\u00e7a muscular<\/td><td>Baixa libido e des\u00e2nimo<\/td><\/tr><\/tbody><\/table><\/figure>\n\n\n\n<p>Leia mais: <a href=\"https:\/\/www.em.com.br\/bem-viver\/2026\/02\/7351603-aproveite-o-verao-para-treinar-e-recuperar-o-corpo-saiba-como.html\" target=\"_blank\" rel=\"noreferrer noopener\">Aproveite o ver\u00e3o para treinar e recuperar o corpo; saiba como<\/a><\/p>\n\n\n\n<h2 class=\"wp-block-heading\">\u00c9 poss\u00edvel tratar os sintomas e viver bem?<\/h2>\n\n\n\n<p>Com certeza o tratamento adequado devolve a autonomia para a mulher enfrentar essa nova etapa. A <strong>reposi\u00e7\u00e3o hormonal<\/strong>, quando bem indicada por um profissional, consegue aliviar quase todos os desconfortos citados, protegendo inclusive a <strong>sa\u00fade \u00f3ssea<\/strong> e o cora\u00e7\u00e3o a longo prazo.<\/p>\n\n\n\n<p>O segredo \u00e9 n\u00e3o ignorar os sinais e entender que se sentir mal n\u00e3o \u00e9 normal. Buscar ajuda m\u00e9dica logo nos primeiros sintomas garante que a transi\u00e7\u00e3o seja leve e que a <strong>feminilidade<\/strong> continue sendo vivenciada com prazer e sa\u00fade plena por muitos anos.<\/p>\n","protected":false},"excerpt":{"rendered":"<p>Sinais da menopausa precoce costumam aparecer de forma silenciosa e confundem muitas mulheres que ainda n\u00e3o chegaram aos 50 anos. Identificar essas mudan\u00e7as hormonais cedo \u00e9 o melhor caminho para manter a qualidade de vida e o bem-estar f\u00edsico. Como identificar a chegada da transi\u00e7\u00e3o menopausal? Compreender as mudan\u00e7as hormonais \u00e9 o primeiro passo para [&hellip;]<\/p>\n","protected":false},"author":20,"featured_media":167188,"comment_status":"open","ping_status":"open","sticky":false,"template":"","format":"standard","meta":{"jnews-multi-image_gallery":[],"jnews_single_post":{"format":"standard"},"jnews_primary_category":[],"jnews_social_meta":[],"jnews_override_counter":[],"footnotes":""},"categories":[8819,20108],"tags":[24376,6126,12274],"class_list":["post-167155","post","type-post","status-publish","format-standard","has-post-thumbnail","hentry","category-curiosidades","category-noticia","tag-menopausa-precoce","tag-saude-feminina","tag-sinais-do-corpo"],"yoast_head":"<!-- This site is optimized with the Yoast SEO plugin v23.8 - https:\/\/yoast.com\/wordpress\/plugins\/seo\/ -->\n<title>Achei que era s\u00f3 estresse, mas era menopausa precoce! Os sinais que meu corpo deu antes dos 40 - Estado de Minas - Em foco<\/title>\n<meta name=\"description\" content=\"Entenda quais s\u00e3o os principais sinais da menopausa precoce e como as mudan\u00e7as hormonais afetam o corpo feminino muito antes do que a maioria imagina.\" \/>\n<meta name=\"robots\" content=\"index, follow, max-snippet:-1, max-image-preview:large, max-video-preview:-1\" \/>\n<link rel=\"canonical\" href=\"https:\/\/www.em.com.br\/emfoco\/2026\/02\/11\/achei-que-era-so-estresse-mas-era-menopausa-precoce-os-sinais-que-meu-corpo-deu-antes-dos-40\/\" \/>\n<meta property=\"og:locale\" content=\"pt_BR\" \/>\n<meta property=\"og:type\" content=\"article\" \/>\n<meta property=\"og:title\" content=\"Achei que era s\u00f3 estresse, mas era menopausa precoce! Os sinais que meu corpo deu antes dos 40 - Estado de Minas - Em foco\" \/>\n<meta property=\"og:description\" content=\"Entenda quais s\u00e3o os principais sinais da menopausa precoce e como as mudan\u00e7as hormonais afetam o corpo feminino muito antes do que a maioria imagina.\" \/>\n<meta property=\"og:url\" content=\"https:\/\/www.em.com.br\/emfoco\/2026\/02\/11\/achei-que-era-so-estresse-mas-era-menopausa-precoce-os-sinais-que-meu-corpo-deu-antes-dos-40\/\" \/>\n<meta property=\"og:site_name\" content=\"Estado de Minas - Em foco\" \/>\n<meta property=\"article:published_time\" content=\"2026-02-11T19:25:00+00:00\" \/>\n<meta property=\"article:modified_time\" content=\"2026-02-10T18:28:24+00:00\" \/>\n<meta property=\"og:image\" content=\"https:\/\/www.em.com.br\/emfoco\/wp-content\/uploads\/2026\/02\/mulher-espelho-autodescoberta.png\" \/>\n\t<meta property=\"og:image:width\" content=\"1280\" \/>\n\t<meta property=\"og:image:height\" content=\"720\" \/>\n\t<meta property=\"og:image:type\" content=\"image\/png\" \/>\n<meta name=\"author\" content=\"Ingrid Diniz\" \/>\n<meta name=\"twitter:card\" content=\"summary_large_image\" \/>\n<meta name=\"twitter:label1\" content=\"Escrito por\" \/>\n\t<meta name=\"twitter:data1\" content=\"Ingrid Diniz\" \/>\n\t<meta name=\"twitter:label2\" content=\"Est. tempo de leitura\" \/>\n\t<meta name=\"twitter:data2\" content=\"5 minutos\" \/>\n<!-- \/ Yoast SEO plugin. -->","yoast_head_json":{"title":"Achei que era s\u00f3 estresse, mas era menopausa precoce! Os sinais que meu corpo deu antes dos 40 - Estado de Minas - Em foco","description":"Entenda quais s\u00e3o os principais sinais da menopausa precoce e como as mudan\u00e7as hormonais afetam o corpo feminino muito antes do que a maioria imagina.","robots":{"index":"index","follow":"follow","max-snippet":"max-snippet:-1","max-image-preview":"max-image-preview:large","max-video-preview":"max-video-preview:-1"},"canonical":"https:\/\/www.em.com.br\/emfoco\/2026\/02\/11\/achei-que-era-so-estresse-mas-era-menopausa-precoce-os-sinais-que-meu-corpo-deu-antes-dos-40\/","og_locale":"pt_BR","og_type":"article","og_title":"Achei que era s\u00f3 estresse, mas era menopausa precoce! Os sinais que meu corpo deu antes dos 40 - Estado de Minas - Em foco","og_description":"Entenda quais s\u00e3o os principais sinais da menopausa precoce e como as mudan\u00e7as hormonais afetam o corpo feminino muito antes do que a maioria imagina.","og_url":"https:\/\/www.em.com.br\/emfoco\/2026\/02\/11\/achei-que-era-so-estresse-mas-era-menopausa-precoce-os-sinais-que-meu-corpo-deu-antes-dos-40\/","og_site_name":"Estado de Minas - Em foco","article_published_time":"2026-02-11T19:25:00+00:00","article_modified_time":"2026-02-10T18:28:24+00:00","og_image":[{"width":1280,"height":720,"url":"https:\/\/www.em.com.br\/emfoco\/wp-content\/uploads\/2026\/02\/mulher-espelho-autodescoberta.png","type":"image\/png"}],"author":"Ingrid Diniz","twitter_card":"summary_large_image","twitter_misc":{"Escrito por":"Ingrid Diniz","Est. tempo de leitura":"5 minutos"},"schema":{"@context":"https:\/\/schema.org","@graph":[{"@type":"WebPage","@id":"https:\/\/www.em.com.br\/emfoco\/2026\/02\/11\/achei-que-era-so-estresse-mas-era-menopausa-precoce-os-sinais-que-meu-corpo-deu-antes-dos-40\/","url":"https:\/\/www.em.com.br\/emfoco\/2026\/02\/11\/achei-que-era-so-estresse-mas-era-menopausa-precoce-os-sinais-que-meu-corpo-deu-antes-dos-40\/","name":"Achei que era s\u00f3 estresse, mas era menopausa precoce! Os sinais que meu corpo deu antes dos 40 - Estado de Minas - Em foco","isPartOf":{"@id":"https:\/\/www.em.com.br\/emfoco\/#website"},"primaryImageOfPage":{"@id":"https:\/\/www.em.com.br\/emfoco\/2026\/02\/11\/achei-que-era-so-estresse-mas-era-menopausa-precoce-os-sinais-que-meu-corpo-deu-antes-dos-40\/#primaryimage"},"image":{"@id":"https:\/\/www.em.com.br\/emfoco\/2026\/02\/11\/achei-que-era-so-estresse-mas-era-menopausa-precoce-os-sinais-que-meu-corpo-deu-antes-dos-40\/#primaryimage"},"thumbnailUrl":"https:\/\/www.em.com.br\/emfoco\/wp-content\/uploads\/2026\/02\/mulher-espelho-autodescoberta.png","datePublished":"2026-02-11T19:25:00+00:00","dateModified":"2026-02-10T18:28:24+00:00","author":{"@id":"https:\/\/www.em.com.br\/emfoco\/#\/schema\/person\/649e610b4eb8fff87ff394e54fe17b2b"},"description":"Entenda quais s\u00e3o os principais sinais da menopausa precoce e como as mudan\u00e7as hormonais afetam o corpo feminino muito antes do que a maioria imagina.","breadcrumb":{"@id":"https:\/\/www.em.com.br\/emfoco\/2026\/02\/11\/achei-que-era-so-estresse-mas-era-menopausa-precoce-os-sinais-que-meu-corpo-deu-antes-dos-40\/#breadcrumb"},"inLanguage":"pt-BR","potentialAction":[{"@type":"ReadAction","target":["https:\/\/www.em.com.br\/emfoco\/2026\/02\/11\/achei-que-era-so-estresse-mas-era-menopausa-precoce-os-sinais-que-meu-corpo-deu-antes-dos-40\/"]}]},{"@type":"ImageObject","inLanguage":"pt-BR","@id":"https:\/\/www.em.com.br\/emfoco\/2026\/02\/11\/achei-que-era-so-estresse-mas-era-menopausa-precoce-os-sinais-que-meu-corpo-deu-antes-dos-40\/#primaryimage","url":"https:\/\/www.em.com.br\/emfoco\/wp-content\/uploads\/2026\/02\/mulher-espelho-autodescoberta.png","contentUrl":"https:\/\/www.em.com.br\/emfoco\/wp-content\/uploads\/2026\/02\/mulher-espelho-autodescoberta.png","width":1280,"height":720,"caption":"Filamentos seb\u00e1ceos no nariz, saiba como cuidar sem erro"},{"@type":"BreadcrumbList","@id":"https:\/\/www.em.com.br\/emfoco\/2026\/02\/11\/achei-que-era-so-estresse-mas-era-menopausa-precoce-os-sinais-que-meu-corpo-deu-antes-dos-40\/#breadcrumb","itemListElement":[{"@type":"ListItem","position":1,"name":"In\u00edcio","item":"https:\/\/www.em.com.br\/emfoco\/"},{"@type":"ListItem","position":2,"name":"Achei que era s\u00f3 estresse, mas era menopausa precoce! Os sinais que meu corpo deu antes dos 40"}]},{"@type":"WebSite","@id":"https:\/\/www.em.com.br\/emfoco\/#website","url":"https:\/\/www.em.com.br\/emfoco\/","name":"Estado de Minas - Em foco","description":"Acompanhe as \u00faltimas not\u00edcias e fique bem informado sobre tudo o que acontece em Minas Gerais, Brasil e no mundo.","potentialAction":[{"@type":"SearchAction","target":{"@type":"EntryPoint","urlTemplate":"https:\/\/www.em.com.br\/emfoco\/?s={search_term_string}"},"query-input":{"@type":"PropertyValueSpecification","valueRequired":true,"valueName":"search_term_string"}}],"inLanguage":"pt-BR"},{"@type":"Person","@id":"https:\/\/www.em.com.br\/emfoco\/#\/schema\/person\/649e610b4eb8fff87ff394e54fe17b2b","name":"Ingrid Diniz","image":{"@type":"ImageObject","inLanguage":"pt-BR","@id":"https:\/\/www.em.com.br\/emfoco\/#\/schema\/person\/image\/","url":"https:\/\/secure.gravatar.com\/avatar\/a3baa1449ec5c39b4c42babc9d4f3951?s=96&d=mm&r=g","contentUrl":"https:\/\/secure.gravatar.com\/avatar\/a3baa1449ec5c39b4c42babc9d4f3951?s=96&d=mm&r=g","caption":"Ingrid Diniz"},"sameAs":["https:\/\/www.em.com.br\/"],"url":"https:\/\/www.em.com.br\/emfoco\/author\/ingridmyth\/"}]}},"_links":{"self":[{"href":"https:\/\/www.em.com.br\/emfoco\/wp-json\/wp\/v2\/posts\/167155","targetHints":{"allow":["GET"]}}],"collection":[{"href":"https:\/\/www.em.com.br\/emfoco\/wp-json\/wp\/v2\/posts"}],"about":[{"href":"https:\/\/www.em.com.br\/emfoco\/wp-json\/wp\/v2\/types\/post"}],"author":[{"embeddable":true,"href":"https:\/\/www.em.com.br\/emfoco\/wp-json\/wp\/v2\/users\/20"}],"replies":[{"embeddable":true,"href":"https:\/\/www.em.com.br\/emfoco\/wp-json\/wp\/v2\/comments?post=167155"}],"version-history":[{"count":1,"href":"https:\/\/www.em.com.br\/emfoco\/wp-json\/wp\/v2\/posts\/167155\/revisions"}],"predecessor-version":[{"id":167191,"href":"https:\/\/www.em.com.br\/emfoco\/wp-json\/wp\/v2\/posts\/167155\/revisions\/167191"}],"wp:featuredmedia":[{"embeddable":true,"href":"https:\/\/www.em.com.br\/emfoco\/wp-json\/wp\/v2\/media\/167188"}],"wp:attachment":[{"href":"https:\/\/www.em.com.br\/emfoco\/wp-json\/wp\/v2\/media?parent=167155"}],"wp:term":[{"taxonomy":"category","embeddable":true,"href":"https:\/\/www.em.com.br\/emfoco\/wp-json\/wp\/v2\/categories?post=167155"},{"taxonomy":"post_tag","embeddable":true,"href":"https:\/\/www.em.com.br\/emfoco\/wp-json\/wp\/v2\/tags?post=167155"}],"curies":[{"name":"wp","href":"https:\/\/api.w.org\/{rel}","templated":true}]}}