{"id":166917,"date":"2026-02-11T13:35:00","date_gmt":"2026-02-11T16:35:00","guid":{"rendered":"https:\/\/www.em.com.br\/emfoco\/?p=166917"},"modified":"2026-02-10T21:48:05","modified_gmt":"2026-02-11T00:48:05","slug":"tv-pirata-entra-na-mira-pesada-do-governo-apos-apreensao-de-r-166-milhoes-em-equipamentos-ilegais","status":"publish","type":"post","link":"https:\/\/www.em.com.br\/emfoco\/2026\/02\/11\/tv-pirata-entra-na-mira-pesada-do-governo-apos-apreensao-de-r-166-milhoes-em-equipamentos-ilegais\/","title":{"rendered":"TV pirata entra na mira pesada do governo ap\u00f3s apreens\u00e3o de R$ 166 milh\u00f5es em equipamentos ilegais"},"content":{"rendered":"\n<p>A repress\u00e3o \u00e0 <strong>TV pirata<\/strong> entrou em uma fase mais dura no Brasil ap\u00f3s uma s\u00e9rie de fiscaliza\u00e7\u00f5es que desmontaram estruturas clandestinas de IPTV. As a\u00e7\u00f5es miram proteger o setor audiovisual, reduzir preju\u00edzos bilion\u00e1rios e conter riscos ao consumidor ligados a fraudes e seguran\u00e7a digital.<\/p>\n\n\n\n<h2 class=\"wp-block-heading\">O que mudou na estrat\u00e9gia de combate \u00e0 TV pirata?<\/h2>\n\n\n\n<p>A <strong>Anatel<\/strong>, ligada ao <strong><a href=\"https:\/\/www.gov.br\/mcom\/pt-br\" target=\"_blank\" rel=\"noreferrer noopener\">Minist\u00e9rio das Comunica\u00e7\u00f5es<\/a><\/strong>, passou a atuar de forma mais integrada, ampliando opera\u00e7\u00f5es em todo o pa\u00eds. O foco deixou de ser apenas o usu\u00e1rio final e passou a atingir a cadeia que sustenta a distribui\u00e7\u00e3o ilegal de sinal.<\/p>\n\n\n\n<p>As fiscaliza\u00e7\u00f5es recentes resultaram na apreens\u00e3o de equipamentos avaliados em cerca de <strong>R$ 166 milh\u00f5es<\/strong>, indicando um salto na capacidade de resposta do Estado frente a redes clandestinas que operam em larga escala.<\/p>\n\n\n\n<figure class=\"wp-block-image size-large\"><img loading=\"lazy\" decoding=\"async\" width=\"1024\" height=\"576\" src=\"https:\/\/www.em.com.br\/emfoco\/wp-content\/uploads\/2026\/02\/Imagem-4-17-1024x576.jpg\" alt=\"TV pirata entra na mira pesada do governo ap\u00f3s apreens\u00e3o de R$ 166 milh\u00f5es em equipamentos ilegais\" class=\"wp-image-166934\" srcset=\"https:\/\/www.em.com.br\/emfoco\/wp-content\/uploads\/2026\/02\/Imagem-4-17-1024x576.jpg 1024w, https:\/\/www.em.com.br\/emfoco\/wp-content\/uploads\/2026\/02\/Imagem-4-17-300x169.jpg 300w, https:\/\/www.em.com.br\/emfoco\/wp-content\/uploads\/2026\/02\/Imagem-4-17-768x432.jpg 768w, https:\/\/www.em.com.br\/emfoco\/wp-content\/uploads\/2026\/02\/Imagem-4-17-750x422.jpg 750w, https:\/\/www.em.com.br\/emfoco\/wp-content\/uploads\/2026\/02\/Imagem-4-17-1140x641.jpg 1140w, https:\/\/www.em.com.br\/emfoco\/wp-content\/uploads\/2026\/02\/Imagem-4-17.jpg 1280w\" sizes=\"auto, (max-width: 1024px) 100vw, 1024px\" \/><figcaption class=\"wp-element-caption\">Anatel ampliou atua\u00e7\u00e3o e passou a mirar cadeias de distribui\u00e7\u00e3o ilegal<\/figcaption><\/figure>\n\n\n\n<h2 class=\"wp-block-heading\">Quais dados revelam a dimens\u00e3o do mercado ilegal?<\/h2>\n\n\n\n<p>Para estimar o alcance do problema, a ag\u00eancia cruzou an\u00e1lises de rede, estudos econ\u00f4micos, pesquisas amostrais e dados do mercado legal. Esse conjunto permitiu mapear o ecossistema irregular e a sua base de usu\u00e1rios.<\/p>\n\n\n\n<ul class=\"wp-block-list\">\n<li><strong>Usu\u00e1rios regulares<\/strong>: estimativa entre 4 e 6 milh\u00f5es de brasileiros que usam IPTV pirata com frequ\u00eancia.<\/li>\n\n\n\n<li><strong>Usu\u00e1rios totais<\/strong>: n\u00famero pode chegar a 8 milh\u00f5es ao incluir acessos eventuais e compartilhados.<\/li>\n\n\n\n<li><strong>Perdas anuais<\/strong>: evas\u00e3o de receitas entre R$ 1,5 bilh\u00e3o e R$ 2 bilh\u00f5es no mercado formal.<\/li>\n<\/ul>\n\n\n\n<h2 class=\"wp-block-heading\">Por que o impacto vai al\u00e9m do setor audiovisual?<\/h2>\n\n\n\n<p>O avan\u00e7o da pirataria compromete a arrecada\u00e7\u00e3o tribut\u00e1ria e pressiona cadeias produtivas inteiras. \u00c1reas como engenharia, opera\u00e7\u00e3o e atendimento perdem postos de trabalho \u00e0 medida que empresas legais reduzem investimentos.<\/p>\n\n\n\n<p>Al\u00e9m do efeito econ\u00f4mico, o uso de servi\u00e7os clandestinos exp\u00f5e consumidores a <strong><a href=\"https:\/\/www.em.com.br\/emfoco\/2025\/07\/24\/banco-central-comunica-vazamento-de-dados-de-11-milhoes-de-chaves-pix\/\" target=\"_blank\" rel=\"noreferrer noopener\">vazamento de dados<\/a><\/strong>, golpes e ataques cibern\u00e9ticos, ampliando riscos que extrapolam o entretenimento.<\/p>\n\n\n\n<figure class=\"wp-block-image size-large\"><img loading=\"lazy\" decoding=\"async\" width=\"1024\" height=\"576\" src=\"https:\/\/www.em.com.br\/emfoco\/wp-content\/uploads\/2026\/02\/Imagem-5-16-1024x576.jpg\" alt=\"TV pirata entra na mira pesada do governo ap\u00f3s apreens\u00e3o de R$ 166 milh\u00f5es em equipamentos ilegais\" class=\"wp-image-166933\" srcset=\"https:\/\/www.em.com.br\/emfoco\/wp-content\/uploads\/2026\/02\/Imagem-5-16-1024x576.jpg 1024w, https:\/\/www.em.com.br\/emfoco\/wp-content\/uploads\/2026\/02\/Imagem-5-16-300x169.jpg 300w, https:\/\/www.em.com.br\/emfoco\/wp-content\/uploads\/2026\/02\/Imagem-5-16-768x432.jpg 768w, https:\/\/www.em.com.br\/emfoco\/wp-content\/uploads\/2026\/02\/Imagem-5-16-750x422.jpg 750w, https:\/\/www.em.com.br\/emfoco\/wp-content\/uploads\/2026\/02\/Imagem-5-16-1140x641.jpg 1140w, https:\/\/www.em.com.br\/emfoco\/wp-content\/uploads\/2026\/02\/Imagem-5-16.jpg 1280w\" sizes=\"auto, (max-width: 1024px) 100vw, 1024px\" \/><figcaption class=\"wp-element-caption\">Pirataria afeta empregos, arrecada\u00e7\u00e3o e exp\u00f5e consumidores a riscos digitais<\/figcaption><\/figure>\n\n\n\n<h2 class=\"wp-block-heading\">Quais equipamentos est\u00e3o no centro das apreens\u00f5es?<\/h2>\n\n\n\n<p>As a\u00e7\u00f5es priorizaram produtos n\u00e3o homologados que alimentam a infraestrutura da TV pirata. O objetivo foi atacar a origem do problema, alcan\u00e7ando pontos de distribui\u00e7\u00e3o e revenda.<\/p>\n\n\n\n<ul class=\"wp-block-list\">\n<li><strong>Smart TV Boxes<\/strong>: dispositivos usados para acessar sinais clandestinos.<\/li>\n\n\n\n<li><strong>Equipamentos de radia\u00e7\u00e3o restrita<\/strong>: itens sem certifica\u00e7\u00e3o que interferem em redes.<\/li>\n\n\n\n<li><strong>Carregadores e acess\u00f3rios<\/strong>: mercadorias irregulares que acompanham kits piratas.<\/li>\n<\/ul>\n\n\n\n<h2 class=\"wp-block-heading\">Qual \u00e9 o recado do governo e o que vem pela frente?<\/h2>\n\n\n\n<p>Autoridades apontam que a pirataria amea\u00e7a tanto o cidad\u00e3o quanto o pa\u00eds, ao reduzir receitas p\u00fablicas e enfraquecer a seguran\u00e7a digital. A mensagem central \u00e9 que o combate deixou de ser pontual e passou a ser cont\u00ednuo.<\/p>\n\n\n\n<p>Apesar dos avan\u00e7os, o problema j\u00e1 atingiu escala nacional. A efetividade das medidas depender\u00e1 da persist\u00eancia das opera\u00e7\u00f5es e da mudan\u00e7a de comportamento do consumidor em dire\u00e7\u00e3o ao consumo legalizado de conte\u00fado.<\/p>\n\n\n\n<p><\/p>\n","protected":false},"excerpt":{"rendered":"<p>A repress\u00e3o \u00e0 TV pirata entrou em uma fase mais dura no Brasil ap\u00f3s uma s\u00e9rie de fiscaliza\u00e7\u00f5es que desmontaram estruturas clandestinas de IPTV. As a\u00e7\u00f5es miram proteger o setor audiovisual, reduzir preju\u00edzos bilion\u00e1rios e conter riscos ao consumidor ligados a fraudes e seguran\u00e7a digital. O que mudou na estrat\u00e9gia de combate \u00e0 TV pirata? [&hellip;]<\/p>\n","protected":false},"author":13,"featured_media":166935,"comment_status":"open","ping_status":"open","sticky":false,"template":"","format":"standard","meta":{"jnews-multi-image_gallery":[],"jnews_single_post":{"format":"standard"},"jnews_primary_category":[],"jnews_social_meta":[],"jnews_override_counter":[],"footnotes":""},"categories":[28],"tags":[4447,24332,24331],"class_list":["post-166917","post","type-post","status-publish","format-standard","has-post-thumbnail","hentry","category-economia","tag-anatel","tag-ministerio-das-comunicacoes","tag-tv-pirata"],"yoast_head":"<!-- This site is optimized with the Yoast SEO plugin v23.8 - https:\/\/yoast.com\/wordpress\/plugins\/seo\/ -->\n<title>TV pirata entra na mira pesada do governo ap\u00f3s apreens\u00e3o de R$ 166 milh\u00f5es em equipamentos ilegais - Estado de Minas - Em foco<\/title>\n<meta name=\"description\" content=\"O governo intensificou o combate \u00e0 TV pirata, apreendeu R$ 166 milh\u00f5es em equipamentos e exp\u00f4s riscos econ\u00f4micos e digitais aos usu\u00e1rios.\" \/>\n<meta name=\"robots\" content=\"index, follow, max-snippet:-1, max-image-preview:large, max-video-preview:-1\" \/>\n<link rel=\"canonical\" href=\"https:\/\/www.em.com.br\/emfoco\/2026\/02\/11\/tv-pirata-entra-na-mira-pesada-do-governo-apos-apreensao-de-r-166-milhoes-em-equipamentos-ilegais\/\" \/>\n<meta property=\"og:locale\" content=\"pt_BR\" \/>\n<meta property=\"og:type\" content=\"article\" \/>\n<meta property=\"og:title\" content=\"TV pirata entra na mira pesada do governo ap\u00f3s apreens\u00e3o de R$ 166 milh\u00f5es em equipamentos ilegais - Estado de Minas - Em foco\" \/>\n<meta property=\"og:description\" content=\"O governo intensificou o combate \u00e0 TV pirata, apreendeu R$ 166 milh\u00f5es em equipamentos e exp\u00f4s riscos econ\u00f4micos e digitais aos usu\u00e1rios.\" \/>\n<meta property=\"og:url\" content=\"https:\/\/www.em.com.br\/emfoco\/2026\/02\/11\/tv-pirata-entra-na-mira-pesada-do-governo-apos-apreensao-de-r-166-milhoes-em-equipamentos-ilegais\/\" \/>\n<meta property=\"og:site_name\" content=\"Estado de Minas - Em foco\" \/>\n<meta property=\"article:published_time\" content=\"2026-02-11T16:35:00+00:00\" \/>\n<meta property=\"article:modified_time\" content=\"2026-02-11T00:48:05+00:00\" \/>\n<meta property=\"og:image\" content=\"https:\/\/www.em.com.br\/emfoco\/wp-content\/uploads\/2026\/02\/Imagem-3-18.jpg\" \/>\n\t<meta property=\"og:image:width\" content=\"1280\" \/>\n\t<meta property=\"og:image:height\" content=\"720\" \/>\n\t<meta property=\"og:image:type\" content=\"image\/jpeg\" \/>\n<meta name=\"author\" content=\"Gabriel Martins\" \/>\n<meta name=\"twitter:card\" content=\"summary_large_image\" \/>\n<meta name=\"twitter:label1\" content=\"Escrito por\" \/>\n\t<meta name=\"twitter:data1\" content=\"Gabriel Martins\" \/>\n\t<meta name=\"twitter:label2\" content=\"Est. tempo de leitura\" \/>\n\t<meta name=\"twitter:data2\" content=\"4 minutos\" \/>\n<!-- \/ Yoast SEO plugin. -->","yoast_head_json":{"title":"TV pirata entra na mira pesada do governo ap\u00f3s apreens\u00e3o de R$ 166 milh\u00f5es em equipamentos ilegais - Estado de Minas - Em foco","description":"O governo intensificou o combate \u00e0 TV pirata, apreendeu R$ 166 milh\u00f5es em equipamentos e exp\u00f4s riscos econ\u00f4micos e digitais aos usu\u00e1rios.","robots":{"index":"index","follow":"follow","max-snippet":"max-snippet:-1","max-image-preview":"max-image-preview:large","max-video-preview":"max-video-preview:-1"},"canonical":"https:\/\/www.em.com.br\/emfoco\/2026\/02\/11\/tv-pirata-entra-na-mira-pesada-do-governo-apos-apreensao-de-r-166-milhoes-em-equipamentos-ilegais\/","og_locale":"pt_BR","og_type":"article","og_title":"TV pirata entra na mira pesada do governo ap\u00f3s apreens\u00e3o de R$ 166 milh\u00f5es em equipamentos ilegais - Estado de Minas - Em foco","og_description":"O governo intensificou o combate \u00e0 TV pirata, apreendeu R$ 166 milh\u00f5es em equipamentos e exp\u00f4s riscos econ\u00f4micos e digitais aos usu\u00e1rios.","og_url":"https:\/\/www.em.com.br\/emfoco\/2026\/02\/11\/tv-pirata-entra-na-mira-pesada-do-governo-apos-apreensao-de-r-166-milhoes-em-equipamentos-ilegais\/","og_site_name":"Estado de Minas - Em foco","article_published_time":"2026-02-11T16:35:00+00:00","article_modified_time":"2026-02-11T00:48:05+00:00","og_image":[{"width":1280,"height":720,"url":"https:\/\/www.em.com.br\/emfoco\/wp-content\/uploads\/2026\/02\/Imagem-3-18.jpg","type":"image\/jpeg"}],"author":"Gabriel Martins","twitter_card":"summary_large_image","twitter_misc":{"Escrito por":"Gabriel Martins","Est. tempo de leitura":"4 minutos"},"schema":{"@context":"https:\/\/schema.org","@graph":[{"@type":"WebPage","@id":"https:\/\/www.em.com.br\/emfoco\/2026\/02\/11\/tv-pirata-entra-na-mira-pesada-do-governo-apos-apreensao-de-r-166-milhoes-em-equipamentos-ilegais\/","url":"https:\/\/www.em.com.br\/emfoco\/2026\/02\/11\/tv-pirata-entra-na-mira-pesada-do-governo-apos-apreensao-de-r-166-milhoes-em-equipamentos-ilegais\/","name":"TV pirata entra na mira pesada do governo ap\u00f3s apreens\u00e3o de R$ 166 milh\u00f5es em equipamentos ilegais - Estado de Minas - Em foco","isPartOf":{"@id":"https:\/\/www.em.com.br\/emfoco\/#website"},"primaryImageOfPage":{"@id":"https:\/\/www.em.com.br\/emfoco\/2026\/02\/11\/tv-pirata-entra-na-mira-pesada-do-governo-apos-apreensao-de-r-166-milhoes-em-equipamentos-ilegais\/#primaryimage"},"image":{"@id":"https:\/\/www.em.com.br\/emfoco\/2026\/02\/11\/tv-pirata-entra-na-mira-pesada-do-governo-apos-apreensao-de-r-166-milhoes-em-equipamentos-ilegais\/#primaryimage"},"thumbnailUrl":"https:\/\/www.em.com.br\/emfoco\/wp-content\/uploads\/2026\/02\/Imagem-3-18.jpg","datePublished":"2026-02-11T16:35:00+00:00","dateModified":"2026-02-11T00:48:05+00:00","author":{"@id":"https:\/\/www.em.com.br\/emfoco\/#\/schema\/person\/1c9ddeab18b98abeffef834667bcf08a"},"description":"O governo intensificou o combate \u00e0 TV pirata, apreendeu R$ 166 milh\u00f5es em equipamentos e exp\u00f4s riscos econ\u00f4micos e digitais aos usu\u00e1rios.","breadcrumb":{"@id":"https:\/\/www.em.com.br\/emfoco\/2026\/02\/11\/tv-pirata-entra-na-mira-pesada-do-governo-apos-apreensao-de-r-166-milhoes-em-equipamentos-ilegais\/#breadcrumb"},"inLanguage":"pt-BR","potentialAction":[{"@type":"ReadAction","target":["https:\/\/www.em.com.br\/emfoco\/2026\/02\/11\/tv-pirata-entra-na-mira-pesada-do-governo-apos-apreensao-de-r-166-milhoes-em-equipamentos-ilegais\/"]}]},{"@type":"ImageObject","inLanguage":"pt-BR","@id":"https:\/\/www.em.com.br\/emfoco\/2026\/02\/11\/tv-pirata-entra-na-mira-pesada-do-governo-apos-apreensao-de-r-166-milhoes-em-equipamentos-ilegais\/#primaryimage","url":"https:\/\/www.em.com.br\/emfoco\/wp-content\/uploads\/2026\/02\/Imagem-3-18.jpg","contentUrl":"https:\/\/www.em.com.br\/emfoco\/wp-content\/uploads\/2026\/02\/Imagem-3-18.jpg","width":1280,"height":720,"caption":"Combate \u00e0 TV pirata se intensifica com opera\u00e7\u00f5es nacionais integradas"},{"@type":"BreadcrumbList","@id":"https:\/\/www.em.com.br\/emfoco\/2026\/02\/11\/tv-pirata-entra-na-mira-pesada-do-governo-apos-apreensao-de-r-166-milhoes-em-equipamentos-ilegais\/#breadcrumb","itemListElement":[{"@type":"ListItem","position":1,"name":"In\u00edcio","item":"https:\/\/www.em.com.br\/emfoco\/"},{"@type":"ListItem","position":2,"name":"TV pirata entra na mira pesada do governo ap\u00f3s apreens\u00e3o de R$ 166 milh\u00f5es em equipamentos ilegais"}]},{"@type":"WebSite","@id":"https:\/\/www.em.com.br\/emfoco\/#website","url":"https:\/\/www.em.com.br\/emfoco\/","name":"Estado de Minas - Em foco","description":"Acompanhe as \u00faltimas not\u00edcias e fique bem informado sobre tudo o que acontece em Minas Gerais, Brasil e no mundo.","potentialAction":[{"@type":"SearchAction","target":{"@type":"EntryPoint","urlTemplate":"https:\/\/www.em.com.br\/emfoco\/?s={search_term_string}"},"query-input":{"@type":"PropertyValueSpecification","valueRequired":true,"valueName":"search_term_string"}}],"inLanguage":"pt-BR"},{"@type":"Person","@id":"https:\/\/www.em.com.br\/emfoco\/#\/schema\/person\/1c9ddeab18b98abeffef834667bcf08a","name":"Gabriel Martins","image":{"@type":"ImageObject","inLanguage":"pt-BR","@id":"https:\/\/www.em.com.br\/emfoco\/#\/schema\/person\/image\/","url":"https:\/\/secure.gravatar.com\/avatar\/f0f1e2efdfd88f1ad2cb08c5c2731e50?s=96&d=mm&r=g","contentUrl":"https:\/\/secure.gravatar.com\/avatar\/f0f1e2efdfd88f1ad2cb08c5c2731e50?s=96&d=mm&r=g","caption":"Gabriel Martins"},"sameAs":["https:\/\/www.em.com.br\/emfoco\/"],"url":"https:\/\/www.em.com.br\/emfoco\/author\/gabrielmartinsmyth\/"}]}},"_links":{"self":[{"href":"https:\/\/www.em.com.br\/emfoco\/wp-json\/wp\/v2\/posts\/166917","targetHints":{"allow":["GET"]}}],"collection":[{"href":"https:\/\/www.em.com.br\/emfoco\/wp-json\/wp\/v2\/posts"}],"about":[{"href":"https:\/\/www.em.com.br\/emfoco\/wp-json\/wp\/v2\/types\/post"}],"author":[{"embeddable":true,"href":"https:\/\/www.em.com.br\/emfoco\/wp-json\/wp\/v2\/users\/13"}],"replies":[{"embeddable":true,"href":"https:\/\/www.em.com.br\/emfoco\/wp-json\/wp\/v2\/comments?post=166917"}],"version-history":[{"count":2,"href":"https:\/\/www.em.com.br\/emfoco\/wp-json\/wp\/v2\/posts\/166917\/revisions"}],"predecessor-version":[{"id":167473,"href":"https:\/\/www.em.com.br\/emfoco\/wp-json\/wp\/v2\/posts\/166917\/revisions\/167473"}],"wp:featuredmedia":[{"embeddable":true,"href":"https:\/\/www.em.com.br\/emfoco\/wp-json\/wp\/v2\/media\/166935"}],"wp:attachment":[{"href":"https:\/\/www.em.com.br\/emfoco\/wp-json\/wp\/v2\/media?parent=166917"}],"wp:term":[{"taxonomy":"category","embeddable":true,"href":"https:\/\/www.em.com.br\/emfoco\/wp-json\/wp\/v2\/categories?post=166917"},{"taxonomy":"post_tag","embeddable":true,"href":"https:\/\/www.em.com.br\/emfoco\/wp-json\/wp\/v2\/tags?post=166917"}],"curies":[{"name":"wp","href":"https:\/\/api.w.org\/{rel}","templated":true}]}}