{"id":166727,"date":"2026-02-10T21:55:00","date_gmt":"2026-02-11T00:55:00","guid":{"rendered":"https:\/\/www.em.com.br\/emfoco\/?p=166727"},"modified":"2026-02-09T15:37:40","modified_gmt":"2026-02-09T18:37:40","slug":"o-cansaco-emocional-de-nunca-se-priorizar-e-o-desgaste-invisivel-de-viver-para-agradar","status":"publish","type":"post","link":"https:\/\/www.em.com.br\/emfoco\/2026\/02\/10\/o-cansaco-emocional-de-nunca-se-priorizar-e-o-desgaste-invisivel-de-viver-para-agradar\/","title":{"rendered":"O cansa\u00e7o emocional de nunca se priorizar e o desgaste invis\u00edvel de viver para agradar"},"content":{"rendered":"\n<p><strong>Se colocar em segundo plano<\/strong> parece um ato nobre de bondade, mas, na pr\u00e1tica, \u00e9 um veneno lento para o seu bem-estar emocional. Quem vive apenas para agradar os outros acaba sentindo um vazio enorme e esquece que o <strong>autocuidado<\/strong> \u00e9 a base real de qualquer rela\u00e7\u00e3o saud\u00e1vel e duradoura.<\/p>\n\n\n\n<h2 class=\"wp-block-heading\">Por que aprendemos a nos deixar de lado?<\/h2>\n\n\n\n<p>Romper o ciclo da anula\u00e7\u00e3o pessoal \u00e9 o passo mais importante para construir uma vida com significado e respeito m\u00fatuo. No v\u00eddeo a seguir, do canal <a href=\"https:\/\/www.youtube.com\/@psicologasandrabueno\" target=\"_blank\" rel=\"noreferrer noopener\">Psic\u00f3loga Sandra Bueno<\/a>, \u00e9 explicado como parar de se colocar em segundo plano ajuda a fortalecer o organismo e proteger sua sa\u00fade.<\/p>\n\n\n\n<iframe loading=\"lazy\" width=\"1013\" height=\"570\" src=\"https:\/\/www.youtube.com\/embed\/S_0bOHRtcVg\" title=\"O cansa\u00e7o emocional de nunca se priorizar\" frameborder=\"0\" allow=\"accelerometer; autoplay; clipboard-write; encrypted-media; gyroscope; picture-in-picture; web-share\" referrerpolicy=\"strict-origin-when-cross-origin\" allowfullscreen><\/iframe>\n\n\n\n<p>Muita gente cresceu ouvindo que <strong>amor<\/strong> \u00e9 sin\u00f4nimo de sacrif\u00edcio e que cuidar de si \u00e9 sinal de puro ego\u00edsmo. Esse padr\u00e3o geralmente vem da inf\u00e2ncia, quando assumimos responsabilidades pesadas cedo demais para sermos aceitos pela <strong>fam\u00edlia<\/strong>.<\/p>\n\n\n\n<p>Com o tempo, esse comportamento vira o \u00fanico jeito que a gente conhece de se relacionar com o mundo. Voc\u00ea passa a acreditar que seu valor depende exclusivamente do quanto voc\u00ea serve os outros, ignorando suas pr\u00f3prias necessidades b\u00e1sicas.<\/p>\n\n\n\n<p>Leia mais: <a href=\"https:\/\/www.em.com.br\/emgiro\/2026\/02\/7350713-quando-lavar-o-arroz-e-quando-nao-lavar-guia-pratico.html\" target=\"_blank\" rel=\"noreferrer noopener\">Quando lavar o arroz e quando n\u00e3o lavar: guia pr\u00e1tico<\/a><\/p>\n\n\n\n<h2 class=\"wp-block-heading\">Quais os sinais de que voc\u00ea se anula demais?<\/h2>\n\n\n\n<p>O desgaste emocional n\u00e3o avisa quando chega, ele aparece na forma de cansa\u00e7o eterno e irrita\u00e7\u00e3o sem motivo aparente. Mesmo descansando o corpo, a mente continua exausta porque o problema real \u00e9 a falta de <strong>reconhecimento<\/strong> e a busca por valida\u00e7\u00e3o.<\/p>\n\n\n\n<p>Abaixo, veja a diferen\u00e7a clara entre o cuidado saud\u00e1vel e o sacrif\u00edcio que adoece.<\/p>\n\n\n\n<figure class=\"wp-block-table\"><table class=\"has-fixed-layout\"><tbody><tr><th>Aspecto<\/th><th>Cuidado Saud\u00e1vel<\/th><th>Sacrif\u00edcio T\u00f3xico<\/th><\/tr><tr><td>Expectativa<\/td><td>Troca equilibrada<\/td><td>Doa\u00e7\u00e3o total sem volta<\/td><\/tr><tr><td>Sentimento<\/td><td>Bem-estar m\u00fatuo<\/td><td>Esgotamento e raiva<\/td><\/tr><tr><td>Resultado<\/td><td>V\u00ednculo forte<\/td><td>Vazio interno<\/td><\/tr><\/tbody><\/table><\/figure>\n\n\n\n<h2 class=\"wp-block-heading\">Como ensinamos os outros a nos tratar?<\/h2>\n\n\n\n<p>Ao aceitar migalhas e nunca impor limites claros, voc\u00ea ensina o outro a invisibilizar suas vontades sem nem perceber. O entorno se acostuma com sua <strong>disponibilidade total<\/strong> e passa a exigir isso como se fosse uma obriga\u00e7\u00e3o sua.<\/p>\n\n\n\n<p>Isso cria um ciclo vicioso onde voc\u00ea busca amor atrav\u00e9s da entrega excessiva, mas s\u00f3 recebe frustra\u00e7\u00e3o em troca. \u00c9 preciso quebrar esse padr\u00e3o para ser respeitado de verdade e parar de mendigar aten\u00e7\u00e3o.<\/p>\n\n\n\n<h2 class=\"wp-block-heading\">Priorizar a si \u00e9 ser ego\u00edsta?<\/h2>\n\n\n<div class=\"wp-block-image\">\n<figure class=\"aligncenter size-large\"><img loading=\"lazy\" decoding=\"async\" width=\"1024\" height=\"576\" src=\"https:\/\/www.em.com.br\/emfoco\/wp-content\/uploads\/2026\/02\/mulher-calma-paz-1024x576.png\" alt=\"\" class=\"wp-image-166837\" srcset=\"https:\/\/www.em.com.br\/emfoco\/wp-content\/uploads\/2026\/02\/mulher-calma-paz-1024x576.png 1024w, https:\/\/www.em.com.br\/emfoco\/wp-content\/uploads\/2026\/02\/mulher-calma-paz-300x169.png 300w, https:\/\/www.em.com.br\/emfoco\/wp-content\/uploads\/2026\/02\/mulher-calma-paz-768x432.png 768w, https:\/\/www.em.com.br\/emfoco\/wp-content\/uploads\/2026\/02\/mulher-calma-paz-750x422.png 750w, https:\/\/www.em.com.br\/emfoco\/wp-content\/uploads\/2026\/02\/mulher-calma-paz-1140x641.png 1140w, https:\/\/www.em.com.br\/emfoco\/wp-content\/uploads\/2026\/02\/mulher-calma-paz.png 1280w\" sizes=\"auto, (max-width: 1024px) 100vw, 1024px\" \/><figcaption class=\"wp-element-caption\">Se colocar em segundo plano destr\u00f3i sua autoestima aos poucos<\/figcaption><\/figure><\/div>\n\n\n<p>Jamais confunda autocuidado com ego\u00edsmo, pois s\u00e3o coisas completamente opostas na pr\u00e1tica do dia a dia. Ego\u00edsmo \u00e9 passar por cima de algu\u00e9m para se dar bem, enquanto se cuidar \u00e9 apenas garantir que voc\u00ea esteja <strong>emocionalmente dispon\u00edvel<\/strong>.<\/p>\n\n\n\n<p>Aqui est\u00e3o passos simples para retomar sua identidade sem sentir culpa.<\/p>\n\n\n\n<ul class=\"wp-block-list\">\n<li>Reconhecer a origem do seu comportamento na sua <strong>hist\u00f3ria de vida<\/strong>;<\/li>\n\n\n\n<li>Reservar minutos di\u00e1rios exclusivos para fazer o que voc\u00ea gosta;<\/li>\n\n\n\n<li>Entender que dizer &#8220;n\u00e3o&#8221; tamb\u00e9m \u00e9 um ato de <strong>amor pr\u00f3prio<\/strong>.<\/li>\n<\/ul>\n\n\n\n<p>Leia mais: <a href=\"https:\/\/www.em.com.br\/nacional\/2026\/02\/7350922-carnaval-e-feriado-nacional-duvida-vai-parar-no-topo-das-buscas.html\" target=\"_blank\" rel=\"noreferrer noopener\">Carnaval \u00e9 feriado nacional? D\u00favida vai parar no topo das buscas<\/a><\/p>\n\n\n\n<h2 class=\"wp-block-heading\">\u00c9 poss\u00edvel mudar sem destruir as rela\u00e7\u00f5es?<\/h2>\n\n\n\n<p>A mudan\u00e7a n\u00e3o precisa ser radical ou agressiva, ela acontece nos detalhes da rotina. Comece fazendo escolhas que incluam suas vontades na agenda, mesmo que isso cause um estranhamento inicial nas pessoas ao seu redor.<\/p>\n\n\n\n<p>Quando voc\u00ea est\u00e1 bem e equilibrado, suas rela\u00e7\u00f5es melhoram porque voc\u00ea deixa de cobrar uma conta emocional que ningu\u00e9m pode pagar. O amor pr\u00f3prio fortalece os v\u00ednculos e traz leveza para a conviv\u00eancia, eliminando aquele peso do sacrif\u00edcio constante.<\/p>\n","protected":false},"excerpt":{"rendered":"<p>Se colocar em segundo plano parece um ato nobre de bondade, mas, na pr\u00e1tica, \u00e9 um veneno lento para o seu bem-estar emocional. Quem vive apenas para agradar os outros acaba sentindo um vazio enorme e esquece que o autocuidado \u00e9 a base real de qualquer rela\u00e7\u00e3o saud\u00e1vel e duradoura. Por que aprendemos a nos [&hellip;]<\/p>\n","protected":false},"author":20,"featured_media":166817,"comment_status":"open","ping_status":"open","sticky":false,"template":"","format":"standard","meta":{"jnews-multi-image_gallery":[],"jnews_single_post":{"format":"standard"},"jnews_primary_category":[],"jnews_social_meta":[],"jnews_override_counter":[],"footnotes":""},"categories":[8819,20108],"tags":[],"class_list":["post-166727","post","type-post","status-publish","format-standard","has-post-thumbnail","hentry","category-curiosidades","category-noticia"],"yoast_head":"<!-- This site is optimized with the Yoast SEO plugin v23.8 - https:\/\/yoast.com\/wordpress\/plugins\/seo\/ -->\n<title>O cansa\u00e7o emocional de nunca se priorizar e o desgaste invis\u00edvel de viver para agradar - Estado de Minas - Em foco<\/title>\n<meta name=\"description\" content=\"Se colocar em segundo plano constantemente gera um vazio enorme. Entenda a origem desse h\u00e1bito e aprenda a priorizar seu bem-estar sem sentir culpa.\" \/>\n<meta name=\"robots\" content=\"index, follow, max-snippet:-1, max-image-preview:large, max-video-preview:-1\" \/>\n<link rel=\"canonical\" href=\"https:\/\/www.em.com.br\/emfoco\/2026\/02\/10\/o-cansaco-emocional-de-nunca-se-priorizar-e-o-desgaste-invisivel-de-viver-para-agradar\/\" \/>\n<meta property=\"og:locale\" content=\"pt_BR\" \/>\n<meta property=\"og:type\" content=\"article\" \/>\n<meta property=\"og:title\" content=\"O cansa\u00e7o emocional de nunca se priorizar e o desgaste invis\u00edvel de viver para agradar - Estado de Minas - Em foco\" \/>\n<meta property=\"og:description\" content=\"Se colocar em segundo plano constantemente gera um vazio enorme. Entenda a origem desse h\u00e1bito e aprenda a priorizar seu bem-estar sem sentir culpa.\" \/>\n<meta property=\"og:url\" content=\"https:\/\/www.em.com.br\/emfoco\/2026\/02\/10\/o-cansaco-emocional-de-nunca-se-priorizar-e-o-desgaste-invisivel-de-viver-para-agradar\/\" \/>\n<meta property=\"og:site_name\" content=\"Estado de Minas - Em foco\" \/>\n<meta property=\"article:published_time\" content=\"2026-02-11T00:55:00+00:00\" \/>\n<meta property=\"article:modified_time\" content=\"2026-02-09T18:37:40+00:00\" \/>\n<meta property=\"og:image\" content=\"https:\/\/www.em.com.br\/emfoco\/wp-content\/uploads\/2026\/02\/conceito-de-autoestima-mulher-olhando-para-o-ceu.png\" \/>\n\t<meta property=\"og:image:width\" content=\"1280\" \/>\n\t<meta property=\"og:image:height\" content=\"720\" \/>\n\t<meta property=\"og:image:type\" content=\"image\/png\" \/>\n<meta name=\"author\" content=\"Ingrid Diniz\" \/>\n<meta name=\"twitter:card\" content=\"summary_large_image\" \/>\n<meta name=\"twitter:label1\" content=\"Escrito por\" \/>\n\t<meta name=\"twitter:data1\" content=\"Ingrid Diniz\" \/>\n\t<meta name=\"twitter:label2\" content=\"Est. tempo de leitura\" \/>\n\t<meta name=\"twitter:data2\" content=\"4 minutos\" \/>\n<!-- \/ Yoast SEO plugin. -->","yoast_head_json":{"title":"O cansa\u00e7o emocional de nunca se priorizar e o desgaste invis\u00edvel de viver para agradar - Estado de Minas - Em foco","description":"Se colocar em segundo plano constantemente gera um vazio enorme. Entenda a origem desse h\u00e1bito e aprenda a priorizar seu bem-estar sem sentir culpa.","robots":{"index":"index","follow":"follow","max-snippet":"max-snippet:-1","max-image-preview":"max-image-preview:large","max-video-preview":"max-video-preview:-1"},"canonical":"https:\/\/www.em.com.br\/emfoco\/2026\/02\/10\/o-cansaco-emocional-de-nunca-se-priorizar-e-o-desgaste-invisivel-de-viver-para-agradar\/","og_locale":"pt_BR","og_type":"article","og_title":"O cansa\u00e7o emocional de nunca se priorizar e o desgaste invis\u00edvel de viver para agradar - Estado de Minas - Em foco","og_description":"Se colocar em segundo plano constantemente gera um vazio enorme. Entenda a origem desse h\u00e1bito e aprenda a priorizar seu bem-estar sem sentir culpa.","og_url":"https:\/\/www.em.com.br\/emfoco\/2026\/02\/10\/o-cansaco-emocional-de-nunca-se-priorizar-e-o-desgaste-invisivel-de-viver-para-agradar\/","og_site_name":"Estado de Minas - Em foco","article_published_time":"2026-02-11T00:55:00+00:00","article_modified_time":"2026-02-09T18:37:40+00:00","og_image":[{"width":1280,"height":720,"url":"https:\/\/www.em.com.br\/emfoco\/wp-content\/uploads\/2026\/02\/conceito-de-autoestima-mulher-olhando-para-o-ceu.png","type":"image\/png"}],"author":"Ingrid Diniz","twitter_card":"summary_large_image","twitter_misc":{"Escrito por":"Ingrid Diniz","Est. tempo de leitura":"4 minutos"},"schema":{"@context":"https:\/\/schema.org","@graph":[{"@type":"WebPage","@id":"https:\/\/www.em.com.br\/emfoco\/2026\/02\/10\/o-cansaco-emocional-de-nunca-se-priorizar-e-o-desgaste-invisivel-de-viver-para-agradar\/","url":"https:\/\/www.em.com.br\/emfoco\/2026\/02\/10\/o-cansaco-emocional-de-nunca-se-priorizar-e-o-desgaste-invisivel-de-viver-para-agradar\/","name":"O cansa\u00e7o emocional de nunca se priorizar e o desgaste invis\u00edvel de viver para agradar - Estado de Minas - Em foco","isPartOf":{"@id":"https:\/\/www.em.com.br\/emfoco\/#website"},"primaryImageOfPage":{"@id":"https:\/\/www.em.com.br\/emfoco\/2026\/02\/10\/o-cansaco-emocional-de-nunca-se-priorizar-e-o-desgaste-invisivel-de-viver-para-agradar\/#primaryimage"},"image":{"@id":"https:\/\/www.em.com.br\/emfoco\/2026\/02\/10\/o-cansaco-emocional-de-nunca-se-priorizar-e-o-desgaste-invisivel-de-viver-para-agradar\/#primaryimage"},"thumbnailUrl":"https:\/\/www.em.com.br\/emfoco\/wp-content\/uploads\/2026\/02\/conceito-de-autoestima-mulher-olhando-para-o-ceu.png","datePublished":"2026-02-11T00:55:00+00:00","dateModified":"2026-02-09T18:37:40+00:00","author":{"@id":"https:\/\/www.em.com.br\/emfoco\/#\/schema\/person\/649e610b4eb8fff87ff394e54fe17b2b"},"description":"Se colocar em segundo plano constantemente gera um vazio enorme. Entenda a origem desse h\u00e1bito e aprenda a priorizar seu bem-estar sem sentir culpa.","breadcrumb":{"@id":"https:\/\/www.em.com.br\/emfoco\/2026\/02\/10\/o-cansaco-emocional-de-nunca-se-priorizar-e-o-desgaste-invisivel-de-viver-para-agradar\/#breadcrumb"},"inLanguage":"pt-BR","potentialAction":[{"@type":"ReadAction","target":["https:\/\/www.em.com.br\/emfoco\/2026\/02\/10\/o-cansaco-emocional-de-nunca-se-priorizar-e-o-desgaste-invisivel-de-viver-para-agradar\/"]}]},{"@type":"ImageObject","inLanguage":"pt-BR","@id":"https:\/\/www.em.com.br\/emfoco\/2026\/02\/10\/o-cansaco-emocional-de-nunca-se-priorizar-e-o-desgaste-invisivel-de-viver-para-agradar\/#primaryimage","url":"https:\/\/www.em.com.br\/emfoco\/wp-content\/uploads\/2026\/02\/conceito-de-autoestima-mulher-olhando-para-o-ceu.png","contentUrl":"https:\/\/www.em.com.br\/emfoco\/wp-content\/uploads\/2026\/02\/conceito-de-autoestima-mulher-olhando-para-o-ceu.png","width":1280,"height":720,"caption":"Se colocar em segundo plano destr\u00f3i sua autoestima aos poucos"},{"@type":"BreadcrumbList","@id":"https:\/\/www.em.com.br\/emfoco\/2026\/02\/10\/o-cansaco-emocional-de-nunca-se-priorizar-e-o-desgaste-invisivel-de-viver-para-agradar\/#breadcrumb","itemListElement":[{"@type":"ListItem","position":1,"name":"In\u00edcio","item":"https:\/\/www.em.com.br\/emfoco\/"},{"@type":"ListItem","position":2,"name":"O cansa\u00e7o emocional de nunca se priorizar e o desgaste invis\u00edvel de viver para agradar"}]},{"@type":"WebSite","@id":"https:\/\/www.em.com.br\/emfoco\/#website","url":"https:\/\/www.em.com.br\/emfoco\/","name":"Estado de Minas - Em foco","description":"Acompanhe as \u00faltimas not\u00edcias e fique bem informado sobre tudo o que acontece em Minas Gerais, Brasil e no mundo.","potentialAction":[{"@type":"SearchAction","target":{"@type":"EntryPoint","urlTemplate":"https:\/\/www.em.com.br\/emfoco\/?s={search_term_string}"},"query-input":{"@type":"PropertyValueSpecification","valueRequired":true,"valueName":"search_term_string"}}],"inLanguage":"pt-BR"},{"@type":"Person","@id":"https:\/\/www.em.com.br\/emfoco\/#\/schema\/person\/649e610b4eb8fff87ff394e54fe17b2b","name":"Ingrid Diniz","image":{"@type":"ImageObject","inLanguage":"pt-BR","@id":"https:\/\/www.em.com.br\/emfoco\/#\/schema\/person\/image\/","url":"https:\/\/secure.gravatar.com\/avatar\/a3baa1449ec5c39b4c42babc9d4f3951?s=96&d=mm&r=g","contentUrl":"https:\/\/secure.gravatar.com\/avatar\/a3baa1449ec5c39b4c42babc9d4f3951?s=96&d=mm&r=g","caption":"Ingrid Diniz"},"sameAs":["https:\/\/www.em.com.br\/"],"url":"https:\/\/www.em.com.br\/emfoco\/author\/ingridmyth\/"}]}},"_links":{"self":[{"href":"https:\/\/www.em.com.br\/emfoco\/wp-json\/wp\/v2\/posts\/166727","targetHints":{"allow":["GET"]}}],"collection":[{"href":"https:\/\/www.em.com.br\/emfoco\/wp-json\/wp\/v2\/posts"}],"about":[{"href":"https:\/\/www.em.com.br\/emfoco\/wp-json\/wp\/v2\/types\/post"}],"author":[{"embeddable":true,"href":"https:\/\/www.em.com.br\/emfoco\/wp-json\/wp\/v2\/users\/20"}],"replies":[{"embeddable":true,"href":"https:\/\/www.em.com.br\/emfoco\/wp-json\/wp\/v2\/comments?post=166727"}],"version-history":[{"count":1,"href":"https:\/\/www.em.com.br\/emfoco\/wp-json\/wp\/v2\/posts\/166727\/revisions"}],"predecessor-version":[{"id":166838,"href":"https:\/\/www.em.com.br\/emfoco\/wp-json\/wp\/v2\/posts\/166727\/revisions\/166838"}],"wp:featuredmedia":[{"embeddable":true,"href":"https:\/\/www.em.com.br\/emfoco\/wp-json\/wp\/v2\/media\/166817"}],"wp:attachment":[{"href":"https:\/\/www.em.com.br\/emfoco\/wp-json\/wp\/v2\/media?parent=166727"}],"wp:term":[{"taxonomy":"category","embeddable":true,"href":"https:\/\/www.em.com.br\/emfoco\/wp-json\/wp\/v2\/categories?post=166727"},{"taxonomy":"post_tag","embeddable":true,"href":"https:\/\/www.em.com.br\/emfoco\/wp-json\/wp\/v2\/tags?post=166727"}],"curies":[{"name":"wp","href":"https:\/\/api.w.org\/{rel}","templated":true}]}}