{"id":166636,"date":"2026-02-10T11:45:00","date_gmt":"2026-02-10T14:45:00","guid":{"rendered":"https:\/\/www.em.com.br\/emfoco\/?p=166636"},"modified":"2026-02-10T11:54:59","modified_gmt":"2026-02-10T14:54:59","slug":"tendencias-de-carnaval-de-2026-que-voce-vai-ver-em-todo-lugar","status":"publish","type":"post","link":"https:\/\/www.em.com.br\/emfoco\/2026\/02\/10\/tendencias-de-carnaval-de-2026-que-voce-vai-ver-em-todo-lugar\/","title":{"rendered":"Tend\u00eancias de carnaval de 2026 que voc\u00ea vai ver em todo lugar"},"content":{"rendered":"\n<p>O calor j\u00e1 bateu na porta e as <strong>tend\u00eancias Carnaval 2026<\/strong> avisam que a regra \u00e9 clara: muito brilho, pouca roupa e zero medo de ser feliz. Esque\u00e7a aquela fantasia pesada que pinica, porque o foco agora \u00e9 montar um visual estiloso, confort\u00e1vel e pronto para aguentar o corre dos blocos com dignidade e garantir a foto perfeita.<\/p>\n\n\n\n<h2 class=\"wp-block-heading\">Quais cores v\u00e3o dominar as ruas?<\/h2>\n\n\n\n<p>Escolher o visual certo para a folia \u00e9 a melhor forma de garantir conforto e disposi\u00e7\u00e3o para aproveitar cada minuto sob o sol. No v\u00eddeo a seguir, do canal <a href=\"https:\/\/www.youtube.com\/@AyalaAzhara\" target=\"_blank\" rel=\"noreferrer noopener\">Ayala Azhara<\/a>, \u00e9 explicado como seguir as tend\u00eancias Carnaval 2026 ajuda a fortalecer o organismo e proteger sua sa\u00fade.<\/p>\n\n\n\n<iframe loading=\"lazy\" width=\"1013\" height=\"570\" src=\"https:\/\/www.youtube.com\/embed\/WRlZR6zfCh4\" title=\"CARNAVAL 2026: AS TEND\u00caNCIAS QUE NINGU\u00c9M EST\u00c1 FALANDO (MAS VOC\u00ca VAI VER EM TODO LUGAR)\" frameborder=\"0\" allow=\"accelerometer; autoplay; clipboard-write; encrypted-media; gyroscope; picture-in-picture; web-share\" referrerpolicy=\"strict-origin-when-cross-origin\" allowfullscreen><\/iframe>\n\n\n\n<p>Se voc\u00ea pensou em passar despercebido, pode tirar o cavalinho da chuva. O <strong>vermelho<\/strong> continua mandando em tudo, mas agora divide o palco com o <strong>laranja vibrante<\/strong> e o <strong>verde-lim\u00e3o<\/strong>, aquele tom &#8220;cheguei&#8221; que fica incr\u00edvel sob a luz do sol.<\/p>\n\n\n\n<p>Essas cores n\u00e3o servem s\u00f3 para alegrar o dia; elas valorizam a pele e garantem aquele destaque no meio da multid\u00e3o. A ideia \u00e9 usar como ponto de luz ou misturar tudo num <strong>color blocking<\/strong> ousado, porque no carnaval a \u00fanica coisa proibida \u00e9 ser sem gra\u00e7a.<\/p>\n\n\n\n<h2 class=\"wp-block-heading\">O croch\u00ea ainda vale a pena?<\/h2>\n\n\n\n<p>Vale sim, mas esque\u00e7a aquela toalhinha de mesa da vov\u00f3. O <strong>croch\u00ea<\/strong> volta repaginado, com uma pegada sexy em <strong>tops estruturados<\/strong> e vestidos curtos que deixam o corpo respirar. A novidade fica por conta das <strong>mi\u00e7angas<\/strong> e aplica\u00e7\u00f5es misturadas na trama.<\/p>\n\n\n\n<p>O segredo para n\u00e3o ficar com cara de artesanato escolar \u00e9 o equil\u00edbrio. Se o top \u00e9 cheio de detalhes e texturas, a parte de baixo pode ser mais simples. \u00c9 o famoso &#8220;menos \u00e9 mais&#8221;, s\u00f3 que com bastante informa\u00e7\u00e3o de moda.<\/p>\n\n\n\n<p>Leia mais: <a href=\"https:\/\/www.em.com.br\/colunistas\/anna-marina\/2026\/02\/7350617-entenda-por-que-sentimos-inveja-e-prazer-com-o-fracasso-alheio.html\" target=\"_blank\" rel=\"noreferrer noopener\">Entenda por que sentimos inveja e prazer com o fracasso alheio<\/a><\/p>\n\n\n\n<h2 class=\"wp-block-heading\">O que substitui a velha hot pant?<\/h2>\n\n\n\n<p>Depois de anos reinando absoluta, a hot pant vai descansar um pouco para dar lugar aos <strong>microshorts<\/strong> e \u00e0s <strong>minisaias<\/strong>. A proposta dos <strong>looks carnavalescos<\/strong> agora \u00e9 liberdade total de movimento, sem aquela sensa\u00e7\u00e3o de estar usando fralda.<\/p>\n\n\n\n<p>Confira abaixo o que sai de cena e o que entra para atualizar seu visual na folia:<\/p>\n\n\n\n<figure class=\"wp-block-table\"><table class=\"has-fixed-layout\"><tbody><tr><th>Vibe Passada<\/th><th>Aposta 2026<\/th><th>Por que mudou?<\/th><\/tr><tr><td>Hot Pants b\u00e1sicas<\/td><td><strong>Microshorts<\/strong> com brilho<\/td><td>Mais estilo e menos aperto<\/td><\/tr><tr><td>Fantasia literal<\/td><td>Look com <strong>informa\u00e7\u00e3o de moda<\/strong><\/td><td>Voc\u00ea quer ser fashion, n\u00e3o um personagem<\/td><\/tr><tr><td>Brilho s\u00f3 \u00e0 noite<\/td><td><strong>Paet\u00ea<\/strong> e metalizado ao meio-dia<\/td><td>O sol \u00e9 o melhor refletor<\/td><\/tr><\/tbody><\/table><\/figure>\n\n\n\n<h2 class=\"wp-block-heading\">Como usar brilho sem parecer um globo de discoteca?<\/h2>\n\n\n<div class=\"wp-block-image\">\n<figure class=\"aligncenter size-large\"><img loading=\"lazy\" decoding=\"async\" width=\"1024\" height=\"576\" src=\"https:\/\/www.em.com.br\/emfoco\/wp-content\/uploads\/2026\/02\/carnaval-moda-bloquinho-1024x576.png\" alt=\"\" class=\"wp-image-166703\" srcset=\"https:\/\/www.em.com.br\/emfoco\/wp-content\/uploads\/2026\/02\/carnaval-moda-bloquinho-1024x576.png 1024w, https:\/\/www.em.com.br\/emfoco\/wp-content\/uploads\/2026\/02\/carnaval-moda-bloquinho-300x169.png 300w, https:\/\/www.em.com.br\/emfoco\/wp-content\/uploads\/2026\/02\/carnaval-moda-bloquinho-768x432.png 768w, https:\/\/www.em.com.br\/emfoco\/wp-content\/uploads\/2026\/02\/carnaval-moda-bloquinho-750x422.png 750w, https:\/\/www.em.com.br\/emfoco\/wp-content\/uploads\/2026\/02\/carnaval-moda-bloquinho-1140x641.png 1140w, https:\/\/www.em.com.br\/emfoco\/wp-content\/uploads\/2026\/02\/carnaval-moda-bloquinho.png 1280w\" sizes=\"auto, (max-width: 1024px) 100vw, 1024px\" \/><figcaption class=\"wp-element-caption\">Tend\u00eancias Carnaval 2026 para brilhar nos blocos<\/figcaption><\/figure><\/div>\n\n\n<p>Na verdade, parecer um globo de discoteca \u00e9 quase um elogio aqui, mas o truque \u00e9 a inten\u00e7\u00e3o. O <strong>paet\u00ea<\/strong> perdeu o medo do sol e aparece em plena luz do dia, enquanto os tecidos <strong>metalizados<\/strong> (prata, dourado e cromado) funcionam como os novos &#8220;neutros&#8221; da esta\u00e7\u00e3o.<\/p>\n\n\n\n<p>Se voc\u00ea quer brilhar com um pouco mais de classe, o <strong>lurex<\/strong> \u00e9 a pedida certa. Ele traz uma eleg\u00e2ncia que funciona tanto no bloco de rua quanto naquele camarote mais arrumadinho, sem te deixar parecendo uma \u00e1rvore de natal fora de \u00e9poca.<\/p>\n\n\n\n<p>Leia mais: <a href=\"https:\/\/www.em.com.br\/bem-viver\/2026\/02\/7348262-o-que-acontece-com-seu-cerebro-ao-tomar-cha-verde-pela-manha-todos-os-dias.html\" target=\"_blank\" rel=\"noreferrer noopener\">O que acontece com seu c\u00e9rebro ao tomar ch\u00e1 verde pela manh\u00e3 todos os dias<\/a><\/p>\n\n\n\n<h2 class=\"wp-block-heading\">Quais acess\u00f3rios salvam o look b\u00e1sico?<\/h2>\n\n\n\n<p>Aqui \u00e9 onde a m\u00e1gica acontece: um biqu\u00edni simples vira roupa de festa com os penduricalhos certos. As <strong>luvas longas<\/strong> trazem uma vibe vintage chique (e protegem os bra\u00e7os do sol), enquanto as <strong>toucas de croch\u00ea<\/strong> escondem aquele cabelo de fim de festa.<\/p>\n\n\n\n<p>Para transformar qualquer roupa velha em um visual de milh\u00f5es, aposte nestes itens indispens\u00e1veis:<\/p>\n\n\n\n<ul class=\"wp-block-list\">\n<li><strong>Brincos grandes:<\/strong> Quanto maior, melhor para iluminar o rosto nas selfies.<\/li>\n\n\n\n<li><strong>Cintos com berloques:<\/strong> Correntes e barulhinhos para dar movimento ao quadril.<\/li>\n\n\n\n<li><strong>Mi\u00e7angas em camadas:<\/strong> Colares e pulseiras que gritam &#8220;brasilidade&#8221;.<\/li>\n\n\n\n<li><strong>Biqu\u00edni como top:<\/strong> A pe\u00e7a mais vers\u00e1til para aguentar o calor\u00e3o.<\/li>\n<\/ul>\n\n\n\n<p>O <strong>Carnaval de 2026<\/strong> \u00e9 sobre voc\u00ea se sentir incr\u00edvel, e n\u00e3o sobre seguir regras chatas. Pegue seu jeans, jogue um brilho por cima, encha os bra\u00e7os de pulseiras e v\u00e1 para a rua ser feliz, porque a moda quem faz \u00e9 a sua atitude.<\/p>\n","protected":false},"excerpt":{"rendered":"<p>O calor j\u00e1 bateu na porta e as tend\u00eancias Carnaval 2026 avisam que a regra \u00e9 clara: muito brilho, pouca roupa e zero medo de ser feliz. Esque\u00e7a aquela fantasia pesada que pinica, porque o foco agora \u00e9 montar um visual estiloso, confort\u00e1vel e pronto para aguentar o corre dos blocos com dignidade e garantir [&hellip;]<\/p>\n","protected":false},"author":20,"featured_media":165001,"comment_status":"open","ping_status":"open","sticky":false,"template":"","format":"standard","meta":{"jnews-multi-image_gallery":[],"jnews_single_post":{"format":"standard"},"jnews_primary_category":[],"jnews_social_meta":[],"jnews_override_counter":[],"footnotes":""},"categories":[8819,20108],"tags":[],"class_list":["post-166636","post","type-post","status-publish","format-standard","has-post-thumbnail","hentry","category-curiosidades","category-noticia"],"yoast_head":"<!-- This site is optimized with the Yoast SEO plugin v23.8 - https:\/\/yoast.com\/wordpress\/plugins\/seo\/ -->\n<title>Tend\u00eancias de carnaval de 2026 que voc\u00ea vai ver em todo lugar - Estado de Minas - Em foco<\/title>\n<meta name=\"description\" content=\"O guia das tend\u00eancias do Carnaval de 2026 chegou com tudo, cores vibrantes, muito brilho e zero perrengue. Monte seu look com estilo e conforto.\" \/>\n<meta name=\"robots\" content=\"index, follow, max-snippet:-1, max-image-preview:large, max-video-preview:-1\" \/>\n<link rel=\"canonical\" href=\"https:\/\/www.em.com.br\/emfoco\/2026\/02\/10\/tendencias-de-carnaval-de-2026-que-voce-vai-ver-em-todo-lugar\/\" \/>\n<meta property=\"og:locale\" content=\"pt_BR\" \/>\n<meta property=\"og:type\" content=\"article\" \/>\n<meta property=\"og:title\" content=\"Tend\u00eancias de carnaval de 2026 que voc\u00ea vai ver em todo lugar - Estado de Minas - Em foco\" \/>\n<meta property=\"og:description\" content=\"O guia das tend\u00eancias do Carnaval de 2026 chegou com tudo, cores vibrantes, muito brilho e zero perrengue. Monte seu look com estilo e conforto.\" \/>\n<meta property=\"og:url\" content=\"https:\/\/www.em.com.br\/emfoco\/2026\/02\/10\/tendencias-de-carnaval-de-2026-que-voce-vai-ver-em-todo-lugar\/\" \/>\n<meta property=\"og:site_name\" content=\"Estado de Minas - Em foco\" \/>\n<meta property=\"article:published_time\" content=\"2026-02-10T14:45:00+00:00\" \/>\n<meta property=\"article:modified_time\" content=\"2026-02-10T14:54:59+00:00\" \/>\n<meta property=\"og:image\" content=\"https:\/\/www.em.com.br\/emfoco\/wp-content\/uploads\/2026\/02\/ChatGPT-Image-5-de-fev.-de-2026-11_23_00-1.png\" \/>\n\t<meta property=\"og:image:width\" content=\"1280\" \/>\n\t<meta property=\"og:image:height\" content=\"720\" \/>\n\t<meta property=\"og:image:type\" content=\"image\/png\" \/>\n<meta name=\"author\" content=\"Ingrid Diniz\" \/>\n<meta name=\"twitter:card\" content=\"summary_large_image\" \/>\n<meta name=\"twitter:label1\" content=\"Escrito por\" \/>\n\t<meta name=\"twitter:data1\" content=\"Ingrid Diniz\" \/>\n\t<meta name=\"twitter:label2\" content=\"Est. tempo de leitura\" \/>\n\t<meta name=\"twitter:data2\" content=\"5 minutos\" \/>\n<!-- \/ Yoast SEO plugin. -->","yoast_head_json":{"title":"Tend\u00eancias de carnaval de 2026 que voc\u00ea vai ver em todo lugar - Estado de Minas - Em foco","description":"O guia das tend\u00eancias do Carnaval de 2026 chegou com tudo, cores vibrantes, muito brilho e zero perrengue. Monte seu look com estilo e conforto.","robots":{"index":"index","follow":"follow","max-snippet":"max-snippet:-1","max-image-preview":"max-image-preview:large","max-video-preview":"max-video-preview:-1"},"canonical":"https:\/\/www.em.com.br\/emfoco\/2026\/02\/10\/tendencias-de-carnaval-de-2026-que-voce-vai-ver-em-todo-lugar\/","og_locale":"pt_BR","og_type":"article","og_title":"Tend\u00eancias de carnaval de 2026 que voc\u00ea vai ver em todo lugar - Estado de Minas - Em foco","og_description":"O guia das tend\u00eancias do Carnaval de 2026 chegou com tudo, cores vibrantes, muito brilho e zero perrengue. Monte seu look com estilo e conforto.","og_url":"https:\/\/www.em.com.br\/emfoco\/2026\/02\/10\/tendencias-de-carnaval-de-2026-que-voce-vai-ver-em-todo-lugar\/","og_site_name":"Estado de Minas - Em foco","article_published_time":"2026-02-10T14:45:00+00:00","article_modified_time":"2026-02-10T14:54:59+00:00","og_image":[{"width":1280,"height":720,"url":"https:\/\/www.em.com.br\/emfoco\/wp-content\/uploads\/2026\/02\/ChatGPT-Image-5-de-fev.-de-2026-11_23_00-1.png","type":"image\/png"}],"author":"Ingrid Diniz","twitter_card":"summary_large_image","twitter_misc":{"Escrito por":"Ingrid Diniz","Est. tempo de leitura":"5 minutos"},"schema":{"@context":"https:\/\/schema.org","@graph":[{"@type":"WebPage","@id":"https:\/\/www.em.com.br\/emfoco\/2026\/02\/10\/tendencias-de-carnaval-de-2026-que-voce-vai-ver-em-todo-lugar\/","url":"https:\/\/www.em.com.br\/emfoco\/2026\/02\/10\/tendencias-de-carnaval-de-2026-que-voce-vai-ver-em-todo-lugar\/","name":"Tend\u00eancias de carnaval de 2026 que voc\u00ea vai ver em todo lugar - Estado de Minas - Em foco","isPartOf":{"@id":"https:\/\/www.em.com.br\/emfoco\/#website"},"primaryImageOfPage":{"@id":"https:\/\/www.em.com.br\/emfoco\/2026\/02\/10\/tendencias-de-carnaval-de-2026-que-voce-vai-ver-em-todo-lugar\/#primaryimage"},"image":{"@id":"https:\/\/www.em.com.br\/emfoco\/2026\/02\/10\/tendencias-de-carnaval-de-2026-que-voce-vai-ver-em-todo-lugar\/#primaryimage"},"thumbnailUrl":"https:\/\/www.em.com.br\/emfoco\/wp-content\/uploads\/2026\/02\/ChatGPT-Image-5-de-fev.-de-2026-11_23_00-1.png","datePublished":"2026-02-10T14:45:00+00:00","dateModified":"2026-02-10T14:54:59+00:00","author":{"@id":"https:\/\/www.em.com.br\/emfoco\/#\/schema\/person\/649e610b4eb8fff87ff394e54fe17b2b"},"description":"O guia das tend\u00eancias do Carnaval de 2026 chegou com tudo, cores vibrantes, muito brilho e zero perrengue. Monte seu look com estilo e conforto.","breadcrumb":{"@id":"https:\/\/www.em.com.br\/emfoco\/2026\/02\/10\/tendencias-de-carnaval-de-2026-que-voce-vai-ver-em-todo-lugar\/#breadcrumb"},"inLanguage":"pt-BR","potentialAction":[{"@type":"ReadAction","target":["https:\/\/www.em.com.br\/emfoco\/2026\/02\/10\/tendencias-de-carnaval-de-2026-que-voce-vai-ver-em-todo-lugar\/"]}]},{"@type":"ImageObject","inLanguage":"pt-BR","@id":"https:\/\/www.em.com.br\/emfoco\/2026\/02\/10\/tendencias-de-carnaval-de-2026-que-voce-vai-ver-em-todo-lugar\/#primaryimage","url":"https:\/\/www.em.com.br\/emfoco\/wp-content\/uploads\/2026\/02\/ChatGPT-Image-5-de-fev.-de-2026-11_23_00-1.png","contentUrl":"https:\/\/www.em.com.br\/emfoco\/wp-content\/uploads\/2026\/02\/ChatGPT-Image-5-de-fev.-de-2026-11_23_00-1.png","width":1280,"height":720,"caption":"O Carnaval 2026 promete looks mais ousados do que nunca"},{"@type":"BreadcrumbList","@id":"https:\/\/www.em.com.br\/emfoco\/2026\/02\/10\/tendencias-de-carnaval-de-2026-que-voce-vai-ver-em-todo-lugar\/#breadcrumb","itemListElement":[{"@type":"ListItem","position":1,"name":"In\u00edcio","item":"https:\/\/www.em.com.br\/emfoco\/"},{"@type":"ListItem","position":2,"name":"Tend\u00eancias de carnaval de 2026 que voc\u00ea vai ver em todo lugar"}]},{"@type":"WebSite","@id":"https:\/\/www.em.com.br\/emfoco\/#website","url":"https:\/\/www.em.com.br\/emfoco\/","name":"Estado de Minas - Em foco","description":"Acompanhe as \u00faltimas not\u00edcias e fique bem informado sobre tudo o que acontece em Minas Gerais, Brasil e no mundo.","potentialAction":[{"@type":"SearchAction","target":{"@type":"EntryPoint","urlTemplate":"https:\/\/www.em.com.br\/emfoco\/?s={search_term_string}"},"query-input":{"@type":"PropertyValueSpecification","valueRequired":true,"valueName":"search_term_string"}}],"inLanguage":"pt-BR"},{"@type":"Person","@id":"https:\/\/www.em.com.br\/emfoco\/#\/schema\/person\/649e610b4eb8fff87ff394e54fe17b2b","name":"Ingrid Diniz","image":{"@type":"ImageObject","inLanguage":"pt-BR","@id":"https:\/\/www.em.com.br\/emfoco\/#\/schema\/person\/image\/","url":"https:\/\/secure.gravatar.com\/avatar\/a3baa1449ec5c39b4c42babc9d4f3951?s=96&d=mm&r=g","contentUrl":"https:\/\/secure.gravatar.com\/avatar\/a3baa1449ec5c39b4c42babc9d4f3951?s=96&d=mm&r=g","caption":"Ingrid Diniz"},"sameAs":["https:\/\/www.em.com.br\/"],"url":"https:\/\/www.em.com.br\/emfoco\/author\/ingridmyth\/"}]}},"_links":{"self":[{"href":"https:\/\/www.em.com.br\/emfoco\/wp-json\/wp\/v2\/posts\/166636","targetHints":{"allow":["GET"]}}],"collection":[{"href":"https:\/\/www.em.com.br\/emfoco\/wp-json\/wp\/v2\/posts"}],"about":[{"href":"https:\/\/www.em.com.br\/emfoco\/wp-json\/wp\/v2\/types\/post"}],"author":[{"embeddable":true,"href":"https:\/\/www.em.com.br\/emfoco\/wp-json\/wp\/v2\/users\/20"}],"replies":[{"embeddable":true,"href":"https:\/\/www.em.com.br\/emfoco\/wp-json\/wp\/v2\/comments?post=166636"}],"version-history":[{"count":1,"href":"https:\/\/www.em.com.br\/emfoco\/wp-json\/wp\/v2\/posts\/166636\/revisions"}],"predecessor-version":[{"id":166704,"href":"https:\/\/www.em.com.br\/emfoco\/wp-json\/wp\/v2\/posts\/166636\/revisions\/166704"}],"wp:featuredmedia":[{"embeddable":true,"href":"https:\/\/www.em.com.br\/emfoco\/wp-json\/wp\/v2\/media\/165001"}],"wp:attachment":[{"href":"https:\/\/www.em.com.br\/emfoco\/wp-json\/wp\/v2\/media?parent=166636"}],"wp:term":[{"taxonomy":"category","embeddable":true,"href":"https:\/\/www.em.com.br\/emfoco\/wp-json\/wp\/v2\/categories?post=166636"},{"taxonomy":"post_tag","embeddable":true,"href":"https:\/\/www.em.com.br\/emfoco\/wp-json\/wp\/v2\/tags?post=166636"}],"curies":[{"name":"wp","href":"https:\/\/api.w.org\/{rel}","templated":true}]}}