{"id":166617,"date":"2026-02-09T17:05:00","date_gmt":"2026-02-09T20:05:00","guid":{"rendered":"https:\/\/www.em.com.br\/emfoco\/?p=166617"},"modified":"2026-02-09T10:57:35","modified_gmt":"2026-02-09T13:57:35","slug":"a-partir-2026-se-as-cercas-vivas-de-arbustos-tiverem-mais-de-2-metros-e-a-menos-de-50-cm-do-terreno-vizinho-deverao-ser-cortadas","status":"publish","type":"post","link":"https:\/\/www.em.com.br\/emfoco\/2026\/02\/09\/a-partir-2026-se-as-cercas-vivas-de-arbustos-tiverem-mais-de-2-metros-e-a-menos-de-50-cm-do-terreno-vizinho-deverao-ser-cortadas\/","title":{"rendered":"A partir 2026, se as cercas-vivas de arbustos tiverem mais de 2 metros e a menos de 50 cm do terreno vizinho, dever\u00e3o ser cortadas"},"content":{"rendered":"\n<p>A partir de <strong>2026<\/strong>, em <strong>Portugal<\/strong>, regras mais r\u00edgidas sobre <strong>altura e dist\u00e2ncia de sebes<\/strong> <strong>(cercas-vivas de arbustos)<\/strong> em rela\u00e7\u00e3o a terrenos vizinhos ganham destaque no debate jur\u00eddico urbano, especialmente para quem lida com propriedades residenciais, <strong>condom\u00ednios<\/strong> e \u00e1reas lim\u00edtrofes. A limita\u00e7\u00e3o de sebes acima de <strong>dois metros<\/strong> e muito pr\u00f3ximas ao im\u00f3vel vizinho refor\u00e7a a preocupa\u00e7\u00e3o do poder p\u00fablico com <strong>conflitos de vizinhan\u00e7a<\/strong>, <strong>ordenamento urbano<\/strong> e cumprimento de normas que impactam diretamente <strong>direitos e deveres dos propriet\u00e1rios<\/strong>.<\/p>\n\n\n\n<h2 class=\"wp-block-heading\">O que muda na regulamenta\u00e7\u00e3o sobre sebes a partir de 2026?<\/h2>\n\n\n\n<p>A nova diretriz estabelece que <strong><a href=\"https:\/\/pt.wikipedia.org\/wiki\/Sebe\" target=\"_blank\" rel=\"noreferrer noopener\">sebes<\/a> com mais de 2 metros<\/strong> e plantadas a <strong>menos de 50 cm<\/strong> do terreno vizinho dever\u00e3o ser <strong>obrigatoriamente cortadas<\/strong>. A medida surge como resposta ao aumento de disputas relacionadas \u00e0 <strong>sombra excessiva<\/strong>, <strong>danos estruturais<\/strong> e <strong>invas\u00e3o indireta de propriedade<\/strong>, temas recorrentes em <strong>a\u00e7\u00f5es judiciais<\/strong> e <strong>processos administrativos<\/strong>.<\/p>\n\n\n\n<p>Do ponto de vista jur\u00eddico, a regra fortalece o princ\u00edpio do <strong>uso regular da propriedade<\/strong>, impondo <strong>limites claros<\/strong> para evitar preju\u00edzos ao vizinho. A altura e a dist\u00e2ncia passam a ser <strong>crit\u00e9rios objetivos<\/strong>, reduzindo <strong>interpreta\u00e7\u00f5es subjetivas<\/strong> e facilitando a fiscaliza\u00e7\u00e3o por <strong>\u00f3rg\u00e3os municipais<\/strong>.<\/p>\n\n\n\n<h2 class=\"wp-block-heading\">Por que o limite de altura e dist\u00e2ncia \u00e9 relevante no direito de vizinhan\u00e7a?<\/h2>\n\n\n\n<p>No direito urbano e civil, o <strong>direito de vizinhan\u00e7a<\/strong> busca equilibrar interesses individuais e coletivos. Sebes muito altas ou muito pr\u00f3ximas podem gerar conflitos que v\u00e3o al\u00e9m da est\u00e9tica, atingindo<a href=\"https:\/\/www.em.com.br\/emfoco\/2025\/09\/06\/como-melhorar-a-luz-natural-nos-comodos-da-sua-casa-sem-fazer-reformas\/\" target=\"_blank\" rel=\"noreferrer noopener\"> <strong>ilumina\u00e7\u00e3o natural<\/strong><\/a>, <strong>ventila\u00e7\u00e3o<\/strong> e at\u00e9 a <strong>seguran\u00e7a do im\u00f3vel<\/strong> ao lado.<\/p>\n\n\n\n<p>Antes de listar os principais impactos jur\u00eddicos, \u00e9 importante compreender que a norma atua de forma <strong>preventiva<\/strong>, evitando <strong>lit\u00edgios prolongados<\/strong> e <strong>custos judiciais<\/strong>. Entre os pontos mais relevantes, destacam-se:<\/p>\n\n\n\n<ul class=\"wp-block-list\">\n<li><strong>Redu\u00e7\u00e3o de a\u00e7\u00f5es judiciais<\/strong> por preju\u00edzo ao uso do im\u00f3vel vizinho;<\/li>\n\n\n\n<li><strong>Facilidade de comprova\u00e7\u00e3o<\/strong> de irregularidade por crit\u00e9rios objetivos;<\/li>\n\n\n\n<li><strong>Fortalecimento da fiscaliza\u00e7\u00e3o urbana<\/strong> com base em par\u00e2metros claros.<\/li>\n<\/ul>\n\n\n\n<figure class=\"wp-block-image size-large\"><img loading=\"lazy\" decoding=\"async\" width=\"1024\" height=\"576\" src=\"https:\/\/www.em.com.br\/emfoco\/wp-content\/uploads\/2026\/02\/Copia-de-Copia-de-Mural-marrom-2026-02-09T105508.666-1024x576.jpg\" alt=\"A partir 2026, se as cercas-vivas de arbustos tiverem mais de 2 metros e a menos de 50 cm do terreno vizinho, dever\u00e3o ser cortadas\" class=\"wp-image-166618\" srcset=\"https:\/\/www.em.com.br\/emfoco\/wp-content\/uploads\/2026\/02\/Copia-de-Copia-de-Mural-marrom-2026-02-09T105508.666-1024x576.jpg 1024w, https:\/\/www.em.com.br\/emfoco\/wp-content\/uploads\/2026\/02\/Copia-de-Copia-de-Mural-marrom-2026-02-09T105508.666-300x169.jpg 300w, https:\/\/www.em.com.br\/emfoco\/wp-content\/uploads\/2026\/02\/Copia-de-Copia-de-Mural-marrom-2026-02-09T105508.666-768x432.jpg 768w, https:\/\/www.em.com.br\/emfoco\/wp-content\/uploads\/2026\/02\/Copia-de-Copia-de-Mural-marrom-2026-02-09T105508.666-750x422.jpg 750w, https:\/\/www.em.com.br\/emfoco\/wp-content\/uploads\/2026\/02\/Copia-de-Copia-de-Mural-marrom-2026-02-09T105508.666-1140x641.jpg 1140w, https:\/\/www.em.com.br\/emfoco\/wp-content\/uploads\/2026\/02\/Copia-de-Copia-de-Mural-marrom-2026-02-09T105508.666.jpg 1280w\" sizes=\"auto, (max-width: 1024px) 100vw, 1024px\" \/><figcaption class=\"wp-element-caption\">Propriet\u00e1rios devem realizar podas peri\u00f3dicas para manter a conformidade<\/figcaption><\/figure>\n\n\n\n<h2 class=\"wp-block-heading\">Quais s\u00e3o as obriga\u00e7\u00f5es legais do propriet\u00e1rio em rela\u00e7\u00e3o \u00e0s sebes?<\/h2>\n\n\n\n<p>O propriet\u00e1rio passa a ter o dever de manter a vegeta\u00e7\u00e3o dentro dos <strong>limites legais<\/strong>, tanto em altura quanto em dist\u00e2ncia. O descumprimento pode gerar <strong>notifica\u00e7\u00f5es administrativas<\/strong>, <strong>multas<\/strong> e, em casos extremos, a obriga\u00e7\u00e3o de <strong>corte compuls\u00f3rio<\/strong> determinado por autoridade competente.<\/p>\n\n\n\n<p>Antes de detalhar as consequ\u00eancias pr\u00e1ticas, \u00e9 essencial destacar que a responsabilidade \u00e9 <strong>cont\u00ednua<\/strong>. N\u00e3o basta adequar a sebe uma \u00fanica vez, sendo necess\u00e1rio manter a <strong>conformidade<\/strong> ao longo do tempo. As principais obriga\u00e7\u00f5es incluem:<\/p>\n\n\n\n<ul class=\"wp-block-list\">\n<li>Realizar <strong>podas peri\u00f3dicas<\/strong> para manter a altura permitida;<\/li>\n\n\n\n<li>Respeitar a <strong>dist\u00e2ncia m\u00ednima<\/strong> em rela\u00e7\u00e3o ao terreno vizinho;<\/li>\n\n\n\n<li>Atender <strong>notifica\u00e7\u00f5es<\/strong> e <strong>prazos<\/strong> impostos pelo \u00f3rg\u00e3o fiscalizador.<\/li>\n<\/ul>\n\n\n\n<h2 class=\"wp-block-heading\">Como a fiscaliza\u00e7\u00e3o e as penalidades tendem a ser aplicadas?<\/h2>\n\n\n\n<p>A aplica\u00e7\u00e3o da norma depende da atua\u00e7\u00e3o dos <strong>munic\u00edpios<\/strong>, que costumam ser respons\u00e1veis pela <strong>fiscaliza\u00e7\u00e3o urbana<\/strong>. <strong>Den\u00fancias de vizinhos<\/strong>, vistorias de rotina e <strong>processos administrativos<\/strong> s\u00e3o os caminhos mais comuns para a identifica\u00e7\u00e3o de irregularidades.<\/p>\n\n\n\n<p>As penalidades variam conforme a legisla\u00e7\u00e3o local, mas normalmente envolvem <strong>advert\u00eancia<\/strong>, <strong>multa progressiva<\/strong> e imposi\u00e7\u00e3o de <strong>medidas corretivas<\/strong>. Em um cen\u00e1rio jur\u00eddico cada vez mais orientado pela <strong>preven\u00e7\u00e3o de conflitos<\/strong>, a regra sobre sebes refor\u00e7a a import\u00e2ncia do <strong>cumprimento volunt\u00e1rio<\/strong> da lei.<\/p>\n\n\n\n<h2 class=\"wp-block-heading\">Essa regra pode existir no Brasil?<\/h2>\n\n\n\n<p>No Brasil, n\u00e3o h\u00e1 uma lei federal espec\u00edfica que imponha um limite \u00fanico de altura e dist\u00e2ncia para sebes, como ocorre em Portugal, mas a <strong>possibilidade jur\u00eddica existe<\/strong>. O tema pode ser regulado por <strong>leis municipais<\/strong>, <strong>c\u00f3digos de obras<\/strong> e <strong>planos diretores<\/strong>, al\u00e9m de encontrar amparo no <strong>C\u00f3digo Civil brasileiro<\/strong>, que trata do <strong>direito de vizinhan\u00e7a<\/strong>. <\/p>\n\n\n\n<p>Assim, munic\u00edpios podem estabelecer normas semelhantes para preservar a <strong>harmonia urbana<\/strong>, prevenir conflitos entre vizinhos e garantir o <strong>uso adequado da propriedade<\/strong>, desde que respeitados os princ\u00edpios constitucionais e a autonomia local.<\/p>\n\n\n\n<h2 class=\"wp-block-heading\">O que propriet\u00e1rios e gestores urbanos devem fazer para se adequar?<\/h2>\n\n\n\n<p>A adequa\u00e7\u00e3o come\u00e7a pela <strong>informa\u00e7\u00e3o<\/strong> e pela <strong>an\u00e1lise t\u00e9cnica<\/strong> do im\u00f3vel. Avaliar a altura da sebe, medir corretamente a dist\u00e2ncia do limite do terreno e buscar <strong>orienta\u00e7\u00e3o jur\u00eddica<\/strong> s\u00e3o passos fundamentais para evitar problemas futuros.<\/p>\n\n\n\n<p>Al\u00e9m disso, a norma incentiva uma postura <strong>preventiva<\/strong> e <strong>respons\u00e1vel<\/strong>, alinhada ao <strong>ordenamento urbano<\/strong> e \u00e0 <strong>boa conviv\u00eancia<\/strong>. O cumprimento dessas regras n\u00e3o apenas evita <strong>san\u00e7\u00f5es<\/strong>, como tamb\u00e9m contribui para rela\u00e7\u00f5es de vizinhan\u00e7a mais <strong>equilibradas<\/strong> e juridicamente <strong>seguras<\/strong>.<\/p>\n","protected":false},"excerpt":{"rendered":"<p>A partir de 2026, em Portugal, regras mais r\u00edgidas sobre altura e dist\u00e2ncia de sebes (cercas-vivas de arbustos) em rela\u00e7\u00e3o a terrenos vizinhos ganham destaque no debate jur\u00eddico urbano, especialmente para quem lida com propriedades residenciais, condom\u00ednios e \u00e1reas lim\u00edtrofes. A limita\u00e7\u00e3o de sebes acima de dois metros e muito pr\u00f3ximas ao im\u00f3vel vizinho refor\u00e7a [&hellip;]<\/p>\n","protected":false},"author":28,"featured_media":166619,"comment_status":"open","ping_status":"open","sticky":false,"template":"","format":"standard","meta":{"jnews-multi-image_gallery":[],"jnews_single_post":{"format":"standard"},"jnews_primary_category":[],"jnews_social_meta":[],"jnews_override_counter":[],"footnotes":""},"categories":[8819],"tags":[24294,23172,24293,24295],"class_list":["post-166617","post","type-post","status-publish","format-standard","has-post-thumbnail","hentry","category-curiosidades","tag-altura-de-sebes","tag-direito-de-vizinhanca","tag-ordenamento-urbano","tag-sebes-2026"],"yoast_head":"<!-- This site is optimized with the Yoast SEO plugin v23.8 - https:\/\/yoast.com\/wordpress\/plugins\/seo\/ -->\n<title>A partir 2026, se as cercas-vivas de arbustos tiverem mais de 2 metros e a menos de 50 cm do terreno vizinho, dever\u00e3o ser cortadas - Estado de Minas - Em foco<\/title>\n<meta name=\"description\" content=\"Nova regra de 2026 limita sebes altas e pr\u00f3ximas ao vizinho, com corte obrigat\u00f3rio, fiscaliza\u00e7\u00e3o e san\u00e7\u00f5es legais.\" \/>\n<meta name=\"robots\" content=\"index, follow, max-snippet:-1, max-image-preview:large, max-video-preview:-1\" \/>\n<link rel=\"canonical\" href=\"https:\/\/www.em.com.br\/emfoco\/2026\/02\/09\/a-partir-2026-se-as-cercas-vivas-de-arbustos-tiverem-mais-de-2-metros-e-a-menos-de-50-cm-do-terreno-vizinho-deverao-ser-cortadas\/\" \/>\n<meta property=\"og:locale\" content=\"pt_BR\" \/>\n<meta property=\"og:type\" content=\"article\" \/>\n<meta property=\"og:title\" content=\"A partir 2026, se as cercas-vivas de arbustos tiverem mais de 2 metros e a menos de 50 cm do terreno vizinho, dever\u00e3o ser cortadas - Estado de Minas - Em foco\" \/>\n<meta property=\"og:description\" content=\"Nova regra de 2026 limita sebes altas e pr\u00f3ximas ao vizinho, com corte obrigat\u00f3rio, fiscaliza\u00e7\u00e3o e san\u00e7\u00f5es legais.\" \/>\n<meta property=\"og:url\" content=\"https:\/\/www.em.com.br\/emfoco\/2026\/02\/09\/a-partir-2026-se-as-cercas-vivas-de-arbustos-tiverem-mais-de-2-metros-e-a-menos-de-50-cm-do-terreno-vizinho-deverao-ser-cortadas\/\" \/>\n<meta property=\"og:site_name\" content=\"Estado de Minas - Em foco\" \/>\n<meta property=\"article:published_time\" content=\"2026-02-09T20:05:00+00:00\" \/>\n<meta property=\"article:modified_time\" content=\"2026-02-09T13:57:35+00:00\" \/>\n<meta property=\"og:image\" content=\"https:\/\/www.em.com.br\/emfoco\/wp-content\/uploads\/2026\/02\/Copia-de-Copia-de-Mural-marrom-2026-02-09T104844.704.jpg\" \/>\n\t<meta property=\"og:image:width\" content=\"1280\" \/>\n\t<meta property=\"og:image:height\" content=\"720\" \/>\n\t<meta property=\"og:image:type\" content=\"image\/jpeg\" \/>\n<meta name=\"author\" content=\"Elis Gabrielle Santos Souza\" \/>\n<meta name=\"twitter:card\" content=\"summary_large_image\" \/>\n<meta name=\"twitter:label1\" content=\"Escrito por\" \/>\n\t<meta name=\"twitter:data1\" content=\"Elis Gabrielle Santos Souza\" \/>\n\t<meta name=\"twitter:label2\" content=\"Est. tempo de leitura\" \/>\n\t<meta name=\"twitter:data2\" content=\"5 minutos\" \/>\n<!-- \/ Yoast SEO plugin. -->","yoast_head_json":{"title":"A partir 2026, se as cercas-vivas de arbustos tiverem mais de 2 metros e a menos de 50 cm do terreno vizinho, dever\u00e3o ser cortadas - Estado de Minas - Em foco","description":"Nova regra de 2026 limita sebes altas e pr\u00f3ximas ao vizinho, com corte obrigat\u00f3rio, fiscaliza\u00e7\u00e3o e san\u00e7\u00f5es legais.","robots":{"index":"index","follow":"follow","max-snippet":"max-snippet:-1","max-image-preview":"max-image-preview:large","max-video-preview":"max-video-preview:-1"},"canonical":"https:\/\/www.em.com.br\/emfoco\/2026\/02\/09\/a-partir-2026-se-as-cercas-vivas-de-arbustos-tiverem-mais-de-2-metros-e-a-menos-de-50-cm-do-terreno-vizinho-deverao-ser-cortadas\/","og_locale":"pt_BR","og_type":"article","og_title":"A partir 2026, se as cercas-vivas de arbustos tiverem mais de 2 metros e a menos de 50 cm do terreno vizinho, dever\u00e3o ser cortadas - Estado de Minas - Em foco","og_description":"Nova regra de 2026 limita sebes altas e pr\u00f3ximas ao vizinho, com corte obrigat\u00f3rio, fiscaliza\u00e7\u00e3o e san\u00e7\u00f5es legais.","og_url":"https:\/\/www.em.com.br\/emfoco\/2026\/02\/09\/a-partir-2026-se-as-cercas-vivas-de-arbustos-tiverem-mais-de-2-metros-e-a-menos-de-50-cm-do-terreno-vizinho-deverao-ser-cortadas\/","og_site_name":"Estado de Minas - Em foco","article_published_time":"2026-02-09T20:05:00+00:00","article_modified_time":"2026-02-09T13:57:35+00:00","og_image":[{"width":1280,"height":720,"url":"https:\/\/www.em.com.br\/emfoco\/wp-content\/uploads\/2026\/02\/Copia-de-Copia-de-Mural-marrom-2026-02-09T104844.704.jpg","type":"image\/jpeg"}],"author":"Elis Gabrielle Santos Souza","twitter_card":"summary_large_image","twitter_misc":{"Escrito por":"Elis Gabrielle Santos Souza","Est. tempo de leitura":"5 minutos"},"schema":{"@context":"https:\/\/schema.org","@graph":[{"@type":"WebPage","@id":"https:\/\/www.em.com.br\/emfoco\/2026\/02\/09\/a-partir-2026-se-as-cercas-vivas-de-arbustos-tiverem-mais-de-2-metros-e-a-menos-de-50-cm-do-terreno-vizinho-deverao-ser-cortadas\/","url":"https:\/\/www.em.com.br\/emfoco\/2026\/02\/09\/a-partir-2026-se-as-cercas-vivas-de-arbustos-tiverem-mais-de-2-metros-e-a-menos-de-50-cm-do-terreno-vizinho-deverao-ser-cortadas\/","name":"A partir 2026, se as cercas-vivas de arbustos tiverem mais de 2 metros e a menos de 50 cm do terreno vizinho, dever\u00e3o ser cortadas - Estado de Minas - Em foco","isPartOf":{"@id":"https:\/\/www.em.com.br\/emfoco\/#website"},"primaryImageOfPage":{"@id":"https:\/\/www.em.com.br\/emfoco\/2026\/02\/09\/a-partir-2026-se-as-cercas-vivas-de-arbustos-tiverem-mais-de-2-metros-e-a-menos-de-50-cm-do-terreno-vizinho-deverao-ser-cortadas\/#primaryimage"},"image":{"@id":"https:\/\/www.em.com.br\/emfoco\/2026\/02\/09\/a-partir-2026-se-as-cercas-vivas-de-arbustos-tiverem-mais-de-2-metros-e-a-menos-de-50-cm-do-terreno-vizinho-deverao-ser-cortadas\/#primaryimage"},"thumbnailUrl":"https:\/\/www.em.com.br\/emfoco\/wp-content\/uploads\/2026\/02\/Copia-de-Copia-de-Mural-marrom-2026-02-09T104844.704.jpg","datePublished":"2026-02-09T20:05:00+00:00","dateModified":"2026-02-09T13:57:35+00:00","author":{"@id":"https:\/\/www.em.com.br\/emfoco\/#\/schema\/person\/0c545bffa944f9caa147d776b5f6f1f5"},"description":"Nova regra de 2026 limita sebes altas e pr\u00f3ximas ao vizinho, com corte obrigat\u00f3rio, fiscaliza\u00e7\u00e3o e san\u00e7\u00f5es legais.","breadcrumb":{"@id":"https:\/\/www.em.com.br\/emfoco\/2026\/02\/09\/a-partir-2026-se-as-cercas-vivas-de-arbustos-tiverem-mais-de-2-metros-e-a-menos-de-50-cm-do-terreno-vizinho-deverao-ser-cortadas\/#breadcrumb"},"inLanguage":"pt-BR","potentialAction":[{"@type":"ReadAction","target":["https:\/\/www.em.com.br\/emfoco\/2026\/02\/09\/a-partir-2026-se-as-cercas-vivas-de-arbustos-tiverem-mais-de-2-metros-e-a-menos-de-50-cm-do-terreno-vizinho-deverao-ser-cortadas\/"]}]},{"@type":"ImageObject","inLanguage":"pt-BR","@id":"https:\/\/www.em.com.br\/emfoco\/2026\/02\/09\/a-partir-2026-se-as-cercas-vivas-de-arbustos-tiverem-mais-de-2-metros-e-a-menos-de-50-cm-do-terreno-vizinho-deverao-ser-cortadas\/#primaryimage","url":"https:\/\/www.em.com.br\/emfoco\/wp-content\/uploads\/2026\/02\/Copia-de-Copia-de-Mural-marrom-2026-02-09T104844.704.jpg","contentUrl":"https:\/\/www.em.com.br\/emfoco\/wp-content\/uploads\/2026\/02\/Copia-de-Copia-de-Mural-marrom-2026-02-09T104844.704.jpg","width":1280,"height":720,"caption":"A norma estabelece limite de 2 metros de altura para sebes pr\u00f3ximas ao vizinho"},{"@type":"BreadcrumbList","@id":"https:\/\/www.em.com.br\/emfoco\/2026\/02\/09\/a-partir-2026-se-as-cercas-vivas-de-arbustos-tiverem-mais-de-2-metros-e-a-menos-de-50-cm-do-terreno-vizinho-deverao-ser-cortadas\/#breadcrumb","itemListElement":[{"@type":"ListItem","position":1,"name":"In\u00edcio","item":"https:\/\/www.em.com.br\/emfoco\/"},{"@type":"ListItem","position":2,"name":"A partir 2026, se as cercas-vivas de arbustos tiverem mais de 2 metros e a menos de 50 cm do terreno vizinho, dever\u00e3o ser cortadas"}]},{"@type":"WebSite","@id":"https:\/\/www.em.com.br\/emfoco\/#website","url":"https:\/\/www.em.com.br\/emfoco\/","name":"Estado de Minas - Em foco","description":"Acompanhe as \u00faltimas not\u00edcias e fique bem informado sobre tudo o que acontece em Minas Gerais, Brasil e no mundo.","potentialAction":[{"@type":"SearchAction","target":{"@type":"EntryPoint","urlTemplate":"https:\/\/www.em.com.br\/emfoco\/?s={search_term_string}"},"query-input":{"@type":"PropertyValueSpecification","valueRequired":true,"valueName":"search_term_string"}}],"inLanguage":"pt-BR"},{"@type":"Person","@id":"https:\/\/www.em.com.br\/emfoco\/#\/schema\/person\/0c545bffa944f9caa147d776b5f6f1f5","name":"Elis Gabrielle Santos Souza","image":{"@type":"ImageObject","inLanguage":"pt-BR","@id":"https:\/\/www.em.com.br\/emfoco\/#\/schema\/person\/image\/","url":"https:\/\/secure.gravatar.com\/avatar\/1dc86c254cebb74d9c8a14da612c52db?s=96&d=mm&r=g","contentUrl":"https:\/\/secure.gravatar.com\/avatar\/1dc86c254cebb74d9c8a14da612c52db?s=96&d=mm&r=g","caption":"Elis Gabrielle Santos Souza"},"sameAs":["https:\/\/www.em.com.br\/emfoco"],"url":"https:\/\/www.em.com.br\/emfoco\/author\/elis-myth\/"}]}},"_links":{"self":[{"href":"https:\/\/www.em.com.br\/emfoco\/wp-json\/wp\/v2\/posts\/166617","targetHints":{"allow":["GET"]}}],"collection":[{"href":"https:\/\/www.em.com.br\/emfoco\/wp-json\/wp\/v2\/posts"}],"about":[{"href":"https:\/\/www.em.com.br\/emfoco\/wp-json\/wp\/v2\/types\/post"}],"author":[{"embeddable":true,"href":"https:\/\/www.em.com.br\/emfoco\/wp-json\/wp\/v2\/users\/28"}],"replies":[{"embeddable":true,"href":"https:\/\/www.em.com.br\/emfoco\/wp-json\/wp\/v2\/comments?post=166617"}],"version-history":[{"count":1,"href":"https:\/\/www.em.com.br\/emfoco\/wp-json\/wp\/v2\/posts\/166617\/revisions"}],"predecessor-version":[{"id":166620,"href":"https:\/\/www.em.com.br\/emfoco\/wp-json\/wp\/v2\/posts\/166617\/revisions\/166620"}],"wp:featuredmedia":[{"embeddable":true,"href":"https:\/\/www.em.com.br\/emfoco\/wp-json\/wp\/v2\/media\/166619"}],"wp:attachment":[{"href":"https:\/\/www.em.com.br\/emfoco\/wp-json\/wp\/v2\/media?parent=166617"}],"wp:term":[{"taxonomy":"category","embeddable":true,"href":"https:\/\/www.em.com.br\/emfoco\/wp-json\/wp\/v2\/categories?post=166617"},{"taxonomy":"post_tag","embeddable":true,"href":"https:\/\/www.em.com.br\/emfoco\/wp-json\/wp\/v2\/tags?post=166617"}],"curies":[{"name":"wp","href":"https:\/\/api.w.org\/{rel}","templated":true}]}}