{"id":16647,"date":"2025-02-05T17:00:12","date_gmt":"2025-02-05T20:00:12","guid":{"rendered":"https:\/\/www.em.com.br\/emfoco\/?p=16647"},"modified":"2025-02-04T15:10:08","modified_gmt":"2025-02-04T18:10:08","slug":"quer-entender-o-novo-bpc-loas-clique-aqui","status":"publish","type":"post","link":"https:\/\/www.em.com.br\/emfoco\/2025\/02\/05\/quer-entender-o-novo-bpc-loas-clique-aqui\/","title":{"rendered":"Quer entender o novo BPC\/Loas? Clique Aqui!"},"content":{"rendered":"\n<p>O <strong>Instituto Nacional do<\/strong> <strong>Seguro Social <\/strong>(<strong><a href=\"https:\/\/www.gov.br\/inss\/pt-br\" target=\"_blank\" rel=\"noreferrer noopener\">INSS<\/a><\/strong>) est\u00e1 convocando mais de 120 mil benefici\u00e1rios do <strong>BPC\/Loas<\/strong> para revisar suas informa\u00e7\u00f5es. Esses <a href=\"https:\/\/www.em.com.br\/emfoco\/2025\/02\/03\/caixa-visa-infinite-investidor-seu-passaporte-para-vantagens-exclusivas\/\" target=\"_blank\" rel=\"noreferrer noopener\">titulares <\/a>s\u00e3o suspeitos de exceder o limite de renda permitido para a continuidade do benef\u00edcio. A revis\u00e3o faz parte de uma medida de controle para garantir que o aux\u00edlio chegue a quem realmente tem direito.<\/p>\n\n\n\n<p>A identifica\u00e7\u00e3o dessas situa\u00e7\u00f5es foi poss\u00edvel gra\u00e7as ao <strong>Cadastro Nacional de Informa\u00e7\u00f5es Sociais <\/strong>(<strong>CNIS<\/strong>), que revelou que muitos benefici\u00e1rios possuem renda familiar per capita superior a R$ 379,50. Esse valor \u00e9 um dos principais crit\u00e9rios para obter e manter o <strong>Benef\u00edcio de Presta\u00e7\u00e3o Continuada <\/strong>(<strong>BPC<\/strong>).<\/p>\n\n\n<div class=\"wp-block-image\">\n<figure class=\"aligncenter size-large\"><img loading=\"lazy\" decoding=\"async\" width=\"1024\" height=\"576\" src=\"https:\/\/www.em.com.br\/emfoco\/wp-content\/uploads\/2024\/11\/Idoso-Brasileiro_1732817422122-1024x576.jpg\" alt=\"Quer entender o novo BPC\/Loas? Clique Aqui!\" class=\"wp-image-1980\" srcset=\"https:\/\/www.em.com.br\/emfoco\/wp-content\/uploads\/2024\/11\/Idoso-Brasileiro_1732817422122-1024x576.jpg 1024w, https:\/\/www.em.com.br\/emfoco\/wp-content\/uploads\/2024\/11\/Idoso-Brasileiro_1732817422122-300x169.jpg 300w, https:\/\/www.em.com.br\/emfoco\/wp-content\/uploads\/2024\/11\/Idoso-Brasileiro_1732817422122-768x432.jpg 768w, https:\/\/www.em.com.br\/emfoco\/wp-content\/uploads\/2024\/11\/Idoso-Brasileiro_1732817422122-750x422.jpg 750w, https:\/\/www.em.com.br\/emfoco\/wp-content\/uploads\/2024\/11\/Idoso-Brasileiro_1732817422122-1140x641.jpg 1140w, https:\/\/www.em.com.br\/emfoco\/wp-content\/uploads\/2024\/11\/Idoso-Brasileiro_1732817422122.jpg 1280w\" sizes=\"auto, (max-width: 1024px) 100vw, 1024px\" \/><figcaption class=\"wp-element-caption\">Idoso Brasileiro &#8211; Cr\u00e9ditos: depositphotos.com \/ tgthales@gmail.com<\/figcaption><\/figure><\/div>\n\n\n<h2 class=\"wp-block-heading\">Como ser\u00e1 feita a defesa dos benefici\u00e1rios?<\/h2>\n\n\n\n<p>Os benefici\u00e1rios que receberem a notifica\u00e7\u00e3o do <strong>INSS <\/strong>ter\u00e3o at\u00e9 30 dias corridos para apresentar sua defesa. Essa comunica\u00e7\u00e3o ser\u00e1 feita diretamente no extrato de pagamento do benef\u00edcio. Para facilitar o processo, algumas op\u00e7\u00f5es s\u00e3o disponibilizadas para que os titulares justifiquem sua situa\u00e7\u00e3o.<\/p>\n\n\n\n<ul class=\"wp-block-list\">\n<li>Ag\u00eancias dos Correios: servi\u00e7o dispon\u00edvel sem necessidade de agendamento.<\/li>\n\n\n\n<li>Previd\u00eancia Social: requer agendamento pr\u00e9vio para atendimento.<\/li>\n<\/ul>\n\n\n\n<h2 class=\"wp-block-heading\">Quais os pr\u00f3ximos passos para os benefici\u00e1rios?<\/h2>\n\n\n\n<p>Assim que o titular \u00e9 notificado, \u00e9 crucial que ele proceda com a revis\u00e3o o mais r\u00e1pido poss\u00edvel para evitar a suspens\u00e3o do benef\u00edcio. Al\u00e9m disso, manter os dados atualizados junto ao CNIS \u00e9 uma pr\u00e1tica recomendada para evitar problemas futuros. Aqueles que comprovarem a manuten\u00e7\u00e3o dos crit\u00e9rios continuar\u00e3o a receber o BPC normalmente.<\/p>\n\n\n\n<h2 class=\"wp-block-heading\">Por que a atualiza\u00e7\u00e3o de dados \u00e9 importante?<\/h2>\n\n\n\n<p>A atualiza\u00e7\u00e3o regular dos dados no CNIS \u00e9 fundamental para garantir a precis\u00e3o das informa\u00e7\u00f5es utilizadas pelo INSS. Essa pr\u00e1tica assegura que o aux\u00edlio chega a quem realmente precisa, evitando fraudes e mau uso dos recursos p\u00fablicos. Al\u00e9m disso, a medida ajuda a manter a sustentabilidade do sistema previdenci\u00e1rio brasileiro.<\/p>\n\n\n\n<p>Em conclus\u00e3o, os benefici\u00e1rios do BPC\/Loas devem estar atentos \u00e0s notifica\u00e7\u00f5es do INSS e agir prontamente quando solicitados a revisar suas informa\u00e7\u00f5es. Com o apoio das novas tecnologias e facilidades oferecidas, \u00e9 poss\u00edvel garantir que o benef\u00edcio continue sendo uma fonte essencial de suporte para muitas fam\u00edlias no Brasil.<\/p>\n","protected":false},"excerpt":{"rendered":"<p>O Instituto Nacional do Seguro Social (INSS) est\u00e1 convocando mais de 120 mil benefici\u00e1rios do BPC\/Loas para revisar suas informa\u00e7\u00f5es. Esses titulares s\u00e3o suspeitos de exceder o limite de renda permitido para a continuidade do benef\u00edcio. A revis\u00e3o faz parte de uma medida de controle para garantir que o aux\u00edlio chegue a quem realmente tem [&hellip;]<\/p>\n","protected":false},"author":7,"featured_media":5003,"comment_status":"open","ping_status":"open","sticky":false,"template":"","format":"standard","meta":{"jnews-multi-image_gallery":[],"jnews_single_post":{"format":"standard"},"jnews_primary_category":[],"jnews_social_meta":[],"jnews_override_counter":[],"footnotes":""},"categories":[28],"tags":[259,4583,174,2277],"class_list":["post-16647","post","type-post","status-publish","format-standard","has-post-thumbnail","hentry","category-economia","tag-beneficio","tag-bpc-loas","tag-inss","tag-revisao"],"yoast_head":"<!-- This site is optimized with the Yoast SEO plugin v23.8 - https:\/\/yoast.com\/wordpress\/plugins\/seo\/ -->\n<title>Quer entender o novo BPC\/Loas? Clique Aqui! - Estado de Minas - Em foco<\/title>\n<meta name=\"description\" content=\"Guia completo sobre as altera\u00e7\u00f5es no Benef\u00edcio de Presta\u00e7\u00e3o Continuada. Tire suas d\u00favidas e fique por dentro.\" \/>\n<meta name=\"robots\" content=\"index, follow, max-snippet:-1, max-image-preview:large, max-video-preview:-1\" \/>\n<link rel=\"canonical\" href=\"https:\/\/www.em.com.br\/emfoco\/2025\/02\/05\/quer-entender-o-novo-bpc-loas-clique-aqui\/\" \/>\n<meta property=\"og:locale\" content=\"pt_BR\" \/>\n<meta property=\"og:type\" content=\"article\" \/>\n<meta property=\"og:title\" content=\"Quer entender o novo BPC\/Loas? Clique Aqui! - Estado de Minas - Em foco\" \/>\n<meta property=\"og:description\" content=\"Guia completo sobre as altera\u00e7\u00f5es no Benef\u00edcio de Presta\u00e7\u00e3o Continuada. Tire suas d\u00favidas e fique por dentro.\" \/>\n<meta property=\"og:url\" content=\"https:\/\/www.em.com.br\/emfoco\/2025\/02\/05\/quer-entender-o-novo-bpc-loas-clique-aqui\/\" \/>\n<meta property=\"og:site_name\" content=\"Estado de Minas - Em foco\" \/>\n<meta property=\"article:published_time\" content=\"2025-02-05T20:00:12+00:00\" \/>\n<meta property=\"article:modified_time\" content=\"2025-02-04T18:10:08+00:00\" \/>\n<meta property=\"og:image\" content=\"https:\/\/www.em.com.br\/emfoco\/wp-content\/uploads\/2024\/12\/Idosos_1734194756779.jpg\" \/>\n\t<meta property=\"og:image:width\" content=\"1280\" \/>\n\t<meta property=\"og:image:height\" content=\"720\" \/>\n\t<meta property=\"og:image:type\" content=\"image\/jpeg\" \/>\n<meta name=\"author\" content=\"Kelvin\" \/>\n<meta name=\"twitter:card\" content=\"summary_large_image\" \/>\n<meta name=\"twitter:label1\" content=\"Escrito por\" \/>\n\t<meta name=\"twitter:data1\" content=\"Kelvin\" \/>\n\t<meta name=\"twitter:label2\" content=\"Est. tempo de leitura\" \/>\n\t<meta name=\"twitter:data2\" content=\"3 minutos\" \/>\n<!-- \/ Yoast SEO plugin. -->","yoast_head_json":{"title":"Quer entender o novo BPC\/Loas? Clique Aqui! - Estado de Minas - Em foco","description":"Guia completo sobre as altera\u00e7\u00f5es no Benef\u00edcio de Presta\u00e7\u00e3o Continuada. Tire suas d\u00favidas e fique por dentro.","robots":{"index":"index","follow":"follow","max-snippet":"max-snippet:-1","max-image-preview":"max-image-preview:large","max-video-preview":"max-video-preview:-1"},"canonical":"https:\/\/www.em.com.br\/emfoco\/2025\/02\/05\/quer-entender-o-novo-bpc-loas-clique-aqui\/","og_locale":"pt_BR","og_type":"article","og_title":"Quer entender o novo BPC\/Loas? Clique Aqui! - Estado de Minas - Em foco","og_description":"Guia completo sobre as altera\u00e7\u00f5es no Benef\u00edcio de Presta\u00e7\u00e3o Continuada. Tire suas d\u00favidas e fique por dentro.","og_url":"https:\/\/www.em.com.br\/emfoco\/2025\/02\/05\/quer-entender-o-novo-bpc-loas-clique-aqui\/","og_site_name":"Estado de Minas - Em foco","article_published_time":"2025-02-05T20:00:12+00:00","article_modified_time":"2025-02-04T18:10:08+00:00","og_image":[{"width":1280,"height":720,"url":"https:\/\/www.em.com.br\/emfoco\/wp-content\/uploads\/2024\/12\/Idosos_1734194756779.jpg","type":"image\/jpeg"}],"author":"Kelvin","twitter_card":"summary_large_image","twitter_misc":{"Escrito por":"Kelvin","Est. tempo de leitura":"3 minutos"},"schema":{"@context":"https:\/\/schema.org","@graph":[{"@type":"WebPage","@id":"https:\/\/www.em.com.br\/emfoco\/2025\/02\/05\/quer-entender-o-novo-bpc-loas-clique-aqui\/","url":"https:\/\/www.em.com.br\/emfoco\/2025\/02\/05\/quer-entender-o-novo-bpc-loas-clique-aqui\/","name":"Quer entender o novo BPC\/Loas? Clique Aqui! - Estado de Minas - Em foco","isPartOf":{"@id":"https:\/\/www.em.com.br\/emfoco\/#website"},"primaryImageOfPage":{"@id":"https:\/\/www.em.com.br\/emfoco\/2025\/02\/05\/quer-entender-o-novo-bpc-loas-clique-aqui\/#primaryimage"},"image":{"@id":"https:\/\/www.em.com.br\/emfoco\/2025\/02\/05\/quer-entender-o-novo-bpc-loas-clique-aqui\/#primaryimage"},"thumbnailUrl":"https:\/\/www.em.com.br\/emfoco\/wp-content\/uploads\/2024\/12\/Idosos_1734194756779.jpg","datePublished":"2025-02-05T20:00:12+00:00","dateModified":"2025-02-04T18:10:08+00:00","author":{"@id":"https:\/\/www.em.com.br\/emfoco\/#\/schema\/person\/fb0a7f48c6fbb94b83f413a80f61917d"},"description":"Guia completo sobre as altera\u00e7\u00f5es no Benef\u00edcio de Presta\u00e7\u00e3o Continuada. Tire suas d\u00favidas e fique por dentro.","breadcrumb":{"@id":"https:\/\/www.em.com.br\/emfoco\/2025\/02\/05\/quer-entender-o-novo-bpc-loas-clique-aqui\/#breadcrumb"},"inLanguage":"pt-BR","potentialAction":[{"@type":"ReadAction","target":["https:\/\/www.em.com.br\/emfoco\/2025\/02\/05\/quer-entender-o-novo-bpc-loas-clique-aqui\/"]}]},{"@type":"ImageObject","inLanguage":"pt-BR","@id":"https:\/\/www.em.com.br\/emfoco\/2025\/02\/05\/quer-entender-o-novo-bpc-loas-clique-aqui\/#primaryimage","url":"https:\/\/www.em.com.br\/emfoco\/wp-content\/uploads\/2024\/12\/Idosos_1734194756779.jpg","contentUrl":"https:\/\/www.em.com.br\/emfoco\/wp-content\/uploads\/2024\/12\/Idosos_1734194756779.jpg","width":1280,"height":720,"caption":"Aponsetado - Cr\u00e9ditos: depositphotos.com \/ AndrewLozovyi"},{"@type":"BreadcrumbList","@id":"https:\/\/www.em.com.br\/emfoco\/2025\/02\/05\/quer-entender-o-novo-bpc-loas-clique-aqui\/#breadcrumb","itemListElement":[{"@type":"ListItem","position":1,"name":"In\u00edcio","item":"https:\/\/www.em.com.br\/emfoco\/"},{"@type":"ListItem","position":2,"name":"Quer entender o novo BPC\/Loas? Clique Aqui!"}]},{"@type":"WebSite","@id":"https:\/\/www.em.com.br\/emfoco\/#website","url":"https:\/\/www.em.com.br\/emfoco\/","name":"Estado de Minas - Em foco","description":"Acompanhe as \u00faltimas not\u00edcias e fique bem informado sobre tudo o que acontece em Minas Gerais, Brasil e no mundo.","potentialAction":[{"@type":"SearchAction","target":{"@type":"EntryPoint","urlTemplate":"https:\/\/www.em.com.br\/emfoco\/?s={search_term_string}"},"query-input":{"@type":"PropertyValueSpecification","valueRequired":true,"valueName":"search_term_string"}}],"inLanguage":"pt-BR"},{"@type":"Person","@id":"https:\/\/www.em.com.br\/emfoco\/#\/schema\/person\/fb0a7f48c6fbb94b83f413a80f61917d","name":"Kelvin","image":{"@type":"ImageObject","inLanguage":"pt-BR","@id":"https:\/\/www.em.com.br\/emfoco\/#\/schema\/person\/image\/","url":"https:\/\/secure.gravatar.com\/avatar\/e74f84337e6bf6c4c5e88fbdffa05270?s=96&d=mm&r=g","contentUrl":"https:\/\/secure.gravatar.com\/avatar\/e74f84337e6bf6c4c5e88fbdffa05270?s=96&d=mm&r=g","caption":"Kelvin"},"sameAs":["https:\/\/www.em.com.br\/emfoco"],"url":"https:\/\/www.em.com.br\/emfoco\/author\/kelvinmyth\/"}]}},"_links":{"self":[{"href":"https:\/\/www.em.com.br\/emfoco\/wp-json\/wp\/v2\/posts\/16647","targetHints":{"allow":["GET"]}}],"collection":[{"href":"https:\/\/www.em.com.br\/emfoco\/wp-json\/wp\/v2\/posts"}],"about":[{"href":"https:\/\/www.em.com.br\/emfoco\/wp-json\/wp\/v2\/types\/post"}],"author":[{"embeddable":true,"href":"https:\/\/www.em.com.br\/emfoco\/wp-json\/wp\/v2\/users\/7"}],"replies":[{"embeddable":true,"href":"https:\/\/www.em.com.br\/emfoco\/wp-json\/wp\/v2\/comments?post=16647"}],"version-history":[{"count":2,"href":"https:\/\/www.em.com.br\/emfoco\/wp-json\/wp\/v2\/posts\/16647\/revisions"}],"predecessor-version":[{"id":16649,"href":"https:\/\/www.em.com.br\/emfoco\/wp-json\/wp\/v2\/posts\/16647\/revisions\/16649"}],"wp:featuredmedia":[{"embeddable":true,"href":"https:\/\/www.em.com.br\/emfoco\/wp-json\/wp\/v2\/media\/5003"}],"wp:attachment":[{"href":"https:\/\/www.em.com.br\/emfoco\/wp-json\/wp\/v2\/media?parent=16647"}],"wp:term":[{"taxonomy":"category","embeddable":true,"href":"https:\/\/www.em.com.br\/emfoco\/wp-json\/wp\/v2\/categories?post=16647"},{"taxonomy":"post_tag","embeddable":true,"href":"https:\/\/www.em.com.br\/emfoco\/wp-json\/wp\/v2\/tags?post=16647"}],"curies":[{"name":"wp","href":"https:\/\/api.w.org\/{rel}","templated":true}]}}