{"id":166423,"date":"2026-02-09T07:05:00","date_gmt":"2026-02-09T10:05:00","guid":{"rendered":"https:\/\/www.em.com.br\/emfoco\/?p=166423"},"modified":"2026-02-08T17:41:42","modified_gmt":"2026-02-08T20:41:42","slug":"a-gravidez-que-revelou-uma-doenca-grave-e-mudou-tudo","status":"publish","type":"post","link":"https:\/\/www.em.com.br\/emfoco\/2026\/02\/09\/a-gravidez-que-revelou-uma-doenca-grave-e-mudou-tudo\/","title":{"rendered":"A gravidez que revelou uma doen\u00e7a grave e mudou tudo"},"content":{"rendered":"\n<p>Durante o per\u00edodo de gesta\u00e7\u00e3o, muitas mulheres enfrentam mudan\u00e7as significativas em suas rotinas di\u00e1rias. Para Tamiris Duarte, de 35 anos, a <strong>Gravidez <\/strong>trouxe desafios inesperados quando, no primeiro trimestre, ela foi diagnosticada com uma doen\u00e7a renal autoimune rara, exigindo hemodi\u00e1lise cont\u00ednua at\u00e9 o nascimento dos g\u00eameos.<\/p>\n\n\n\n<h2 class=\"wp-block-heading\">Como a gravidez influencia doen\u00e7as renais autoimunes?<\/h2>\n\n\n\n<p>A descoberta da doen\u00e7a foi um choque para <strong>Tamiri<\/strong>s e seu marido, <strong>Danilo Lopes<\/strong>, de 36 anos, que aguardavam ansiosos a chegada dos g\u00eameos. Incha\u00e7os nas m\u00e3os e nos p\u00e9s, inicialmente atribu\u00eddos \u00e0 gesta\u00e7\u00e3o, revelaram algo mais s\u00e9rio quando associados a sangramento e mal-estar persistente.<\/p>\n\n\n\n<p>Os exames apontaram n\u00edveis elevados de creatinina e press\u00e3o arterial dif\u00edcil de controlar, levando ao diagn\u00f3stico de insufici\u00eancia renal severa. Segundo o obstetra Eduardo Cordioli, a hemodi\u00e1lise em gestantes \u00e9 desafiadora, mas vi\u00e1vel, sendo frequentemente intensificada para proteger m\u00e3e e beb\u00eas.<\/p>\n\n\n<div class=\"wp-block-image\">\n<figure class=\"aligncenter size-large\"><img loading=\"lazy\" decoding=\"async\" width=\"1024\" height=\"576\" src=\"https:\/\/www.em.com.br\/emfoco\/wp-content\/uploads\/2026\/01\/Gravidez_1769092727611-1024x576.jpg\" alt=\"\" class=\"wp-image-158649\" srcset=\"https:\/\/www.em.com.br\/emfoco\/wp-content\/uploads\/2026\/01\/Gravidez_1769092727611-1024x576.jpg 1024w, https:\/\/www.em.com.br\/emfoco\/wp-content\/uploads\/2026\/01\/Gravidez_1769092727611-300x169.jpg 300w, https:\/\/www.em.com.br\/emfoco\/wp-content\/uploads\/2026\/01\/Gravidez_1769092727611-768x432.jpg 768w, https:\/\/www.em.com.br\/emfoco\/wp-content\/uploads\/2026\/01\/Gravidez_1769092727611-750x422.jpg 750w, https:\/\/www.em.com.br\/emfoco\/wp-content\/uploads\/2026\/01\/Gravidez_1769092727611-1140x641.jpg 1140w, https:\/\/www.em.com.br\/emfoco\/wp-content\/uploads\/2026\/01\/Gravidez_1769092727611.jpg 1280w\" sizes=\"auto, (max-width: 1024px) 100vw, 1024px\" \/><figcaption class=\"wp-element-caption\">Gravidez &#8211; Cr\u00e9ditos: depositphotos.com \/ LenorIv<\/figcaption><\/figure><\/div>\n\n\n<h2 class=\"wp-block-heading\">Quais s\u00e3o os impactos da nefropatia por IgA na gesta\u00e7\u00e3o?<\/h2>\n\n\n\n<p>O problema de sa\u00fade de Tamiris foi esclarecido por uma bi\u00f3psia renal, que confirmou nefropatia por IgA, doen\u00e7a autoimune que inflama os filtros dos rins. Muitas vezes silenciosa, essa condi\u00e7\u00e3o pode ser identificada apenas em exames de rotina, como os realizados no pr\u00e9-natal.<\/p>\n\n\n\n<p>Al\u00e9m de aumentar o risco para a m\u00e3e, a nefropatia por IgA pode comprometer o desenvolvimento fetal, como ocorreu com Salvattore e Pietra Felicit\u00e1, que apresentavam baixo ganho de peso. Um descolamento de placenta na 26\u00aa semana culminou em um parto de emerg\u00eancia e em prematuridade extrema.<\/p>\n\n\n\n<h2 class=\"wp-block-heading\">Quais desafios a prematuridade extrema imp\u00f5e aos rec\u00e9m-nascidos?<\/h2>\n\n\n\n<p>Os rec\u00e9m-nascidos pesaram 390 e 595 gramas e enfrentaram uma longa interna\u00e7\u00e3o na UTI neonatal, com suporte ventilat\u00f3rio, nutricional e monitoriza\u00e7\u00e3o cont\u00ednua. Enquanto isso, Tamiris retomou rapidamente a hemodi\u00e1lise p\u00f3s-parto, equilibrando o pr\u00f3prio tratamento com a rotina hospitalar dos filhos.<\/p>\n\n\n\n<p>Nesse cen\u00e1rio, alguns cuidados se mostraram fundamentais para a recupera\u00e7\u00e3o dos g\u00eameos e a estabilidade cl\u00ednica de Tamiris:<\/p>\n\n\n\n<style>\n  .make-wrap{\n    max-width: 760px;\n    margin: 26px auto;\n    padding: 18px;\n    border-radius: 18px;\n    background: linear-gradient(135deg,#fff7fb 0%,#f6f2ff 100%);\n    border: 1px solid #f7d4ea;\n    box-shadow: 0 8px 20px rgba(236,72,153,.12);\n    font-family: system-ui, -apple-system, Segoe UI, Roboto, Helvetica, Arial, sans-serif;\n  }\n\n  .make-title{\n    display:flex; \n    align-items:center; \n    gap:10px;\n    margin:0 0 12px 4px;\n    font-size:1.2rem; \n    font-weight:900; \n    color:#9d174d;\n  }\n\n  .make-table{\n    width:100%;\n    border-collapse:separate;\n    border-spacing:0;\n    overflow:hidden;\n    border-radius:16px;\n    border:1px solid #f7d4ea;\n    background:#fff;\n    font-size:.92rem;\n  }\n\n  .make-table thead th{\n    background:linear-gradient(90deg,#fde7f3 0%,#f8e9ff 100%);\n    padding:12px;\n    color:#7a1e63;\n    font-weight:800;\n    text-align:left;\n    border-bottom:1px solid #f7d4ea;\n  }\n\n  .make-table tbody td{\n    padding:12px;\n    color:#374151;\n    vertical-align:top;\n    border-bottom:1px dashed #f7d4ea;\n  }\n\n  .make-table tbody tr:nth-child(odd){\n    background:#fffaff;\n  }\n\n  .price{\n    display:inline-flex;\n    align-items:center;\n    background:#fff7ed;\n    color:#b45309;\n    padding:6px 10px;\n    border-radius:10px;\n    border:1px solid #fed7aa;\n    font-weight:700;\n    white-space:nowrap;\n  }\n\n  .badge{\n    display:inline-block;\n    background:#fde7f3;\n    color:#c026d3;\n    border:1px solid #fecdd3;\n    padding:4px 10px;\n    border-radius:999px;\n    font-weight:700;\n    font-size:.78rem;\n  }\n\n  @media (max-width:720px){\n    .make-table thead{display:none}\n    .make-table, .make-table tbody, .make-table tr, .make-table td{\n      display:block; \n      width:100%;\n    }\n    .make-table tr{\n      margin-bottom:12px;\n      border:1px solid #f7d4ea;\n      border-radius:14px;\n      overflow:hidden;\n      background:#fff;\n    }\n    .make-table td[data-label]:before{\n      content:attr(data-label);\n      display:block;\n      font-weight:800;\n      color:#7a1e63;\n      margin-bottom:4px;\n    }\n    .make-table tbody td:last-child{border-bottom:none}\n  }\n<\/style>\n\n<div class=\"make-wrap\">\n  <h3 class=\"make-title\">\ud83d\udc76 Cuidados integrados na prematuridade extrema<\/h3>\n\n  <table class=\"make-table\">\n    <thead>\n      <tr>\n        <th>\u00c1rea de cuidado<\/th>\n        <th>Descri\u00e7\u00e3o<\/th>\n      <\/tr>\n    <\/thead>\n    <tbody>\n      <tr>\n        <td data-label=\"\u00c1rea de cuidado\">\ud83c\udfe5 Monitoriza\u00e7\u00e3o intensiva<\/td>\n        <td data-label=\"Descri\u00e7\u00e3o\">Acompanhamento cont\u00ednuo em UTI neonatal para manejo adequado da prematuridade extrema.<\/td>\n      <\/tr>\n      <tr>\n        <td data-label=\"\u00c1rea de cuidado\">\ud83e\udd1d Suporte multidisciplinar<\/td>\n        <td data-label=\"Descri\u00e7\u00e3o\">Atua\u00e7\u00e3o conjunta de neonatologistas, nefrologistas e obstetras no cuidado da m\u00e3e e dos beb\u00eas.<\/td>\n      <\/tr>\n      <tr>\n        <td data-label=\"\u00c1rea de cuidado\">\u2699\ufe0f Hemodi\u00e1lise ajustada<\/td>\n        <td data-label=\"Descri\u00e7\u00e3o\">Controle rigoroso da hemodi\u00e1lise para compatibilizar o tratamento com as demandas do p\u00f3s-parto.<\/td>\n      <\/tr>\n      <tr>\n        <td data-label=\"\u00c1rea de cuidado\">\ud83d\udcc8 Acompanhamento p\u00f3s-alta<\/td>\n        <td data-label=\"Descri\u00e7\u00e3o\">Monitoramento do crescimento e desenvolvimento dos beb\u00eas ap\u00f3s a alta hospitalar.<\/td>\n      <\/tr>\n    <\/tbody>\n  <\/table>\n\n  <p style=\"margin-top:14px; color:#6b7280; font-size:.9rem;\">\n    \ud83d\udca1 <strong>Dica:<\/strong> a integra\u00e7\u00e3o entre equipes m\u00e9dicas e familiares \u00e9 essencial para garantir o melhor progn\u00f3stico e bem-estar dos rec\u00e9m-nascidos.\n  <\/p>\n<\/div>\n\n\n\n\n<h2 class=\"wp-block-heading\">Qual \u00e9 o papel do suporte familiar e m\u00e9dico nesse tipo de jornada?<\/h2>\n\n\n\n<p>O apoio do marido e da equipe m\u00e9dica foi decisivo para enfrentar as incertezas do diagn\u00f3stico, da hemodi\u00e1lise e da interna\u00e7\u00e3o prolongada dos g\u00eameos. O v\u00ednculo com as profissionais de sa\u00fade ofereceu acolhimento emocional e seguran\u00e7a em meio aos riscos constantes.<\/p>\n\n\n\n<p>Hoje, com os g\u00eameos saud\u00e1veis e em desenvolvimento adequado, a hist\u00f3ria de Tamiris, que segue em hemodi\u00e1lise aguardando um transplante renal, simboliza uma vit\u00f3ria coletiva. Seu caso destaca a import\u00e2ncia do suporte familiar, do cuidado integrado e dos avan\u00e7os da medicina na condu\u00e7\u00e3o de gesta\u00e7\u00f5es de alto risco.<\/p>\n\n\n<a href=\"https:\/\/www.instagram.com\/dra.annaluisabf\/\" target=\"_blank\" style=\"text-decoration: none; color: inherit;\">\n  <span style=\"display:inline-block; border:1px solid #ccc; border-radius:10px; padding:15px; max-width:550px; font-family:sans-serif; box-shadow:0 2px 5px rgba(0,0,0,0.1);\">\n    <span style=\"margin:0 0 15px 0; font-weight:bold; color:#2c3e50; text-align: center;\">Entre em contato:<\/span>\n\n    <span style=\"display:flex; align-items:center;\">\n      <img decoding=\"async\" src=\"https:\/\/www.correiobraziliense.com.br\/cbradar\/wp-content\/uploads\/2025\/08\/dra_anna_luisa.jpeg\" alt=\"Dra Anna Lu\u00edsa\" style=\"border-radius:50%; width:80px; height:80px; margin-right:15px;\">\n      <span style=\"flex:1;\">\n        <h3 style=\"margin:0 0 5px 0;\">Dra. Anna Lu\u00edsa Barbosa Fernandes<\/h3>\n        <p style=\"margin:0 0 10px 0;\">CRM-GO 33.271<\/p>\n        <span style=\"display:flex; gap:10px;\">\n          <img decoding=\"async\" src=\"https:\/\/cdn-icons-png.flaticon.com\/24\/1384\/1384063.png\" alt=\"Instagram\">\n        <\/span>\n      <\/span>\n    <\/span>\n  <\/span>\n<\/a>","protected":false},"excerpt":{"rendered":"<p>Durante o per\u00edodo de gesta\u00e7\u00e3o, muitas mulheres enfrentam mudan\u00e7as significativas em suas rotinas di\u00e1rias. Para Tamiris Duarte, de 35 anos, a Gravidez trouxe desafios inesperados quando, no primeiro trimestre, ela foi diagnosticada com uma doen\u00e7a renal autoimune rara, exigindo hemodi\u00e1lise cont\u00ednua at\u00e9 o nascimento dos g\u00eameos. Como a gravidez influencia doen\u00e7as renais autoimunes? A descoberta [&hellip;]<\/p>\n","protected":false},"author":25,"featured_media":158650,"comment_status":"open","ping_status":"open","sticky":false,"template":"","format":"standard","meta":{"jnews-multi-image_gallery":[],"jnews_single_post":{"format":"standard"},"jnews_primary_category":[],"jnews_social_meta":[],"jnews_override_counter":[],"footnotes":""},"categories":[9053],"tags":[207,327,415],"class_list":["post-166423","post","type-post","status-publish","format-standard","has-post-thumbnail","hentry","category-saude","tag-minas-gerais","tag-qualidade-de-vida","tag-saude"],"yoast_head":"<!-- This site is optimized with the Yoast SEO plugin v23.8 - https:\/\/yoast.com\/wordpress\/plugins\/seo\/ -->\n<title>A gravidez que revelou uma doen\u00e7a grave e mudou tudo - Estado de Minas - Em foco<\/title>\n<meta name=\"description\" content=\"Durante a gravidez, uma doen\u00e7a rara mudou completamente a rotina de uma m\u00e3e. Veja como medicina e apoio familiar fizeram a diferen\u00e7a.\" \/>\n<meta name=\"robots\" content=\"index, follow, max-snippet:-1, max-image-preview:large, max-video-preview:-1\" \/>\n<link rel=\"canonical\" href=\"https:\/\/www.em.com.br\/emfoco\/2026\/02\/09\/a-gravidez-que-revelou-uma-doenca-grave-e-mudou-tudo\/\" \/>\n<meta property=\"og:locale\" content=\"pt_BR\" \/>\n<meta property=\"og:type\" content=\"article\" \/>\n<meta property=\"og:title\" content=\"A gravidez que revelou uma doen\u00e7a grave e mudou tudo - Estado de Minas - Em foco\" \/>\n<meta property=\"og:description\" content=\"Durante a gravidez, uma doen\u00e7a rara mudou completamente a rotina de uma m\u00e3e. Veja como medicina e apoio familiar fizeram a diferen\u00e7a.\" \/>\n<meta property=\"og:url\" content=\"https:\/\/www.em.com.br\/emfoco\/2026\/02\/09\/a-gravidez-que-revelou-uma-doenca-grave-e-mudou-tudo\/\" \/>\n<meta property=\"og:site_name\" content=\"Estado de Minas - Em foco\" \/>\n<meta property=\"article:published_time\" content=\"2026-02-09T10:05:00+00:00\" \/>\n<meta property=\"article:modified_time\" content=\"2026-02-08T20:41:42+00:00\" \/>\n<meta property=\"og:image\" content=\"https:\/\/www.em.com.br\/emfoco\/wp-content\/uploads\/2026\/01\/Gravidez_1769092760926.jpg\" \/>\n\t<meta property=\"og:image:width\" content=\"1280\" \/>\n\t<meta property=\"og:image:height\" content=\"720\" \/>\n\t<meta property=\"og:image:type\" content=\"image\/jpeg\" \/>\n<meta name=\"author\" content=\"Guilherme Lopes\" \/>\n<meta name=\"twitter:card\" content=\"summary_large_image\" \/>\n<meta name=\"twitter:label1\" content=\"Escrito por\" \/>\n\t<meta name=\"twitter:data1\" content=\"Guilherme Lopes\" \/>\n\t<meta name=\"twitter:label2\" content=\"Est. tempo de leitura\" \/>\n\t<meta name=\"twitter:data2\" content=\"4 minutos\" \/>\n<!-- \/ Yoast SEO plugin. -->","yoast_head_json":{"title":"A gravidez que revelou uma doen\u00e7a grave e mudou tudo - Estado de Minas - Em foco","description":"Durante a gravidez, uma doen\u00e7a rara mudou completamente a rotina de uma m\u00e3e. Veja como medicina e apoio familiar fizeram a diferen\u00e7a.","robots":{"index":"index","follow":"follow","max-snippet":"max-snippet:-1","max-image-preview":"max-image-preview:large","max-video-preview":"max-video-preview:-1"},"canonical":"https:\/\/www.em.com.br\/emfoco\/2026\/02\/09\/a-gravidez-que-revelou-uma-doenca-grave-e-mudou-tudo\/","og_locale":"pt_BR","og_type":"article","og_title":"A gravidez que revelou uma doen\u00e7a grave e mudou tudo - Estado de Minas - Em foco","og_description":"Durante a gravidez, uma doen\u00e7a rara mudou completamente a rotina de uma m\u00e3e. Veja como medicina e apoio familiar fizeram a diferen\u00e7a.","og_url":"https:\/\/www.em.com.br\/emfoco\/2026\/02\/09\/a-gravidez-que-revelou-uma-doenca-grave-e-mudou-tudo\/","og_site_name":"Estado de Minas - Em foco","article_published_time":"2026-02-09T10:05:00+00:00","article_modified_time":"2026-02-08T20:41:42+00:00","og_image":[{"width":1280,"height":720,"url":"https:\/\/www.em.com.br\/emfoco\/wp-content\/uploads\/2026\/01\/Gravidez_1769092760926.jpg","type":"image\/jpeg"}],"author":"Guilherme Lopes","twitter_card":"summary_large_image","twitter_misc":{"Escrito por":"Guilherme Lopes","Est. tempo de leitura":"4 minutos"},"schema":{"@context":"https:\/\/schema.org","@graph":[{"@type":"WebPage","@id":"https:\/\/www.em.com.br\/emfoco\/2026\/02\/09\/a-gravidez-que-revelou-uma-doenca-grave-e-mudou-tudo\/","url":"https:\/\/www.em.com.br\/emfoco\/2026\/02\/09\/a-gravidez-que-revelou-uma-doenca-grave-e-mudou-tudo\/","name":"A gravidez que revelou uma doen\u00e7a grave e mudou tudo - Estado de Minas - Em foco","isPartOf":{"@id":"https:\/\/www.em.com.br\/emfoco\/#website"},"primaryImageOfPage":{"@id":"https:\/\/www.em.com.br\/emfoco\/2026\/02\/09\/a-gravidez-que-revelou-uma-doenca-grave-e-mudou-tudo\/#primaryimage"},"image":{"@id":"https:\/\/www.em.com.br\/emfoco\/2026\/02\/09\/a-gravidez-que-revelou-uma-doenca-grave-e-mudou-tudo\/#primaryimage"},"thumbnailUrl":"https:\/\/www.em.com.br\/emfoco\/wp-content\/uploads\/2026\/01\/Gravidez_1769092760926.jpg","datePublished":"2026-02-09T10:05:00+00:00","dateModified":"2026-02-08T20:41:42+00:00","author":{"@id":"https:\/\/www.em.com.br\/emfoco\/#\/schema\/person\/f6eade2e287023da170a1b2b329f68e5"},"description":"Durante a gravidez, uma doen\u00e7a rara mudou completamente a rotina de uma m\u00e3e. Veja como medicina e apoio familiar fizeram a diferen\u00e7a.","breadcrumb":{"@id":"https:\/\/www.em.com.br\/emfoco\/2026\/02\/09\/a-gravidez-que-revelou-uma-doenca-grave-e-mudou-tudo\/#breadcrumb"},"inLanguage":"pt-BR","potentialAction":[{"@type":"ReadAction","target":["https:\/\/www.em.com.br\/emfoco\/2026\/02\/09\/a-gravidez-que-revelou-uma-doenca-grave-e-mudou-tudo\/"]}]},{"@type":"ImageObject","inLanguage":"pt-BR","@id":"https:\/\/www.em.com.br\/emfoco\/2026\/02\/09\/a-gravidez-que-revelou-uma-doenca-grave-e-mudou-tudo\/#primaryimage","url":"https:\/\/www.em.com.br\/emfoco\/wp-content\/uploads\/2026\/01\/Gravidez_1769092760926.jpg","contentUrl":"https:\/\/www.em.com.br\/emfoco\/wp-content\/uploads\/2026\/01\/Gravidez_1769092760926.jpg","width":1280,"height":720,"caption":"Gravidez - Cr\u00e9ditos: depositphotos.com \/ AlexLipa"},{"@type":"BreadcrumbList","@id":"https:\/\/www.em.com.br\/emfoco\/2026\/02\/09\/a-gravidez-que-revelou-uma-doenca-grave-e-mudou-tudo\/#breadcrumb","itemListElement":[{"@type":"ListItem","position":1,"name":"In\u00edcio","item":"https:\/\/www.em.com.br\/emfoco\/"},{"@type":"ListItem","position":2,"name":"A gravidez que revelou uma doen\u00e7a grave e mudou tudo"}]},{"@type":"WebSite","@id":"https:\/\/www.em.com.br\/emfoco\/#website","url":"https:\/\/www.em.com.br\/emfoco\/","name":"Estado de Minas - Em foco","description":"Acompanhe as \u00faltimas not\u00edcias e fique bem informado sobre tudo o que acontece em Minas Gerais, Brasil e no mundo.","potentialAction":[{"@type":"SearchAction","target":{"@type":"EntryPoint","urlTemplate":"https:\/\/www.em.com.br\/emfoco\/?s={search_term_string}"},"query-input":{"@type":"PropertyValueSpecification","valueRequired":true,"valueName":"search_term_string"}}],"inLanguage":"pt-BR"},{"@type":"Person","@id":"https:\/\/www.em.com.br\/emfoco\/#\/schema\/person\/f6eade2e287023da170a1b2b329f68e5","name":"Guilherme Lopes","image":{"@type":"ImageObject","inLanguage":"pt-BR","@id":"https:\/\/www.em.com.br\/emfoco\/#\/schema\/person\/image\/","url":"https:\/\/secure.gravatar.com\/avatar\/df9adfb835d344bc0af109d41756253f?s=96&d=mm&r=g","contentUrl":"https:\/\/secure.gravatar.com\/avatar\/df9adfb835d344bc0af109d41756253f?s=96&d=mm&r=g","caption":"Guilherme Lopes"},"url":"https:\/\/www.em.com.br\/emfoco\/author\/guilherme_saude\/"}]}},"_links":{"self":[{"href":"https:\/\/www.em.com.br\/emfoco\/wp-json\/wp\/v2\/posts\/166423","targetHints":{"allow":["GET"]}}],"collection":[{"href":"https:\/\/www.em.com.br\/emfoco\/wp-json\/wp\/v2\/posts"}],"about":[{"href":"https:\/\/www.em.com.br\/emfoco\/wp-json\/wp\/v2\/types\/post"}],"author":[{"embeddable":true,"href":"https:\/\/www.em.com.br\/emfoco\/wp-json\/wp\/v2\/users\/25"}],"replies":[{"embeddable":true,"href":"https:\/\/www.em.com.br\/emfoco\/wp-json\/wp\/v2\/comments?post=166423"}],"version-history":[{"count":1,"href":"https:\/\/www.em.com.br\/emfoco\/wp-json\/wp\/v2\/posts\/166423\/revisions"}],"predecessor-version":[{"id":166424,"href":"https:\/\/www.em.com.br\/emfoco\/wp-json\/wp\/v2\/posts\/166423\/revisions\/166424"}],"wp:featuredmedia":[{"embeddable":true,"href":"https:\/\/www.em.com.br\/emfoco\/wp-json\/wp\/v2\/media\/158650"}],"wp:attachment":[{"href":"https:\/\/www.em.com.br\/emfoco\/wp-json\/wp\/v2\/media?parent=166423"}],"wp:term":[{"taxonomy":"category","embeddable":true,"href":"https:\/\/www.em.com.br\/emfoco\/wp-json\/wp\/v2\/categories?post=166423"},{"taxonomy":"post_tag","embeddable":true,"href":"https:\/\/www.em.com.br\/emfoco\/wp-json\/wp\/v2\/tags?post=166423"}],"curies":[{"name":"wp","href":"https:\/\/api.w.org\/{rel}","templated":true}]}}