{"id":16609,"date":"2025-02-12T06:40:00","date_gmt":"2025-02-12T09:40:00","guid":{"rendered":"https:\/\/www.em.com.br\/emfoco\/?p=16609"},"modified":"2025-02-11T13:21:47","modified_gmt":"2025-02-11T16:21:47","slug":"cidade-brasileira-recebe-premios-e-se-torna-referencia-em-turismo-global","status":"publish","type":"post","link":"https:\/\/www.em.com.br\/emfoco\/2025\/02\/12\/cidade-brasileira-recebe-premios-e-se-torna-referencia-em-turismo-global\/","title":{"rendered":"Cidade brasileira recebe pr\u00eamios e se torna refer\u00eancia em turismo no mundo inteiro"},"content":{"rendered":"\n<p>Em 2025, <strong>Curitiba<\/strong>, cidade capital do estado do <strong><a href=\"https:\/\/www.em.com.br\/emfoco\/2025\/01\/10\/cidade-paranaense-faz-50-novos-milionarios-com-um-unico-bolao\/\" target=\"_blank\" rel=\"noreferrer noopener\">Paran\u00e1<\/a><\/strong>, emergiu como um dos destinos mais admirados mundialmente segundo a <strong>Lonely Planet<\/strong>, uma das maiores editoras de guias de viagem do mundo. Tal distin\u00e7\u00e3o coloca a cidade em evid\u00eancia, como \u00fanica representante do Brasil na lista, destacando suas paisagens encantadoras, arquitetura inovadora e iniciativas pr\u00f3-meio ambiente.<\/p>\n\n\n\n<p>O que torna Curitiba t\u00e3o especial s\u00e3o suas atra\u00e7\u00f5es diversificadas, que v\u00e3o desde o <strong>Jardim Bot\u00e2nico<\/strong>, um cart\u00e3o-postal da cidade, at\u00e9 a rica experi\u00eancias proporcionadas por seus museus e o lend\u00e1rio passeio de trem at\u00e9 <strong>Morretes<\/strong>. A abordagem da cidade quanto \u00e0 sustentabilidade criou um ambiente que atrai visitantes em busca de novidades e respeito pela natureza.<\/p>\n\n\n\n<h2 class=\"wp-block-heading\">Como a cidade de Curitiba ganhou destaque no cen\u00e1rio mundial?<\/h2>\n\n\n\n<p>A sele\u00e7\u00e3o de Curitiba aconteceu durante o respeitado evento de tur\u00edsmo, <strong>World Travel Market<\/strong> (WTM), realizado em <strong>Londres<\/strong>. Essa conquista \u00e9 fruto de estrat\u00e9gias de divulga\u00e7\u00e3o internacional s\u00f3lidas, resultado do esfor\u00e7o coordenado pelas administra\u00e7\u00f5es municipal e estadual, com foco em inova\u00e7\u00e3o e gest\u00e3o eficaz do setor tur\u00edstico.<\/p>\n\n\n\n<p>Al\u00e9m disso, em 2024, a cidade foi reconhecida como a <strong>Comunidade Mais Inteligente do Mundo<\/strong>, concedido pelo <strong>Intelligent Community Forum<\/strong>, o que ressalta seu comprometimento com o uso de tecnologia e a melhoria cont\u00ednua das condi\u00e7\u00f5es de vida.<\/p>\n\n\n\n<figure class=\"wp-block-image size-large\"><img loading=\"lazy\" decoding=\"async\" width=\"1024\" height=\"576\" src=\"https:\/\/www.em.com.br\/emfoco\/wp-content\/uploads\/2025\/02\/esse-29-1024x576.jpg\" alt=\"Mercado imobili\u00e1rio supera infla\u00e7\u00e3o! Saiba o que impulsionou o aumento!\" class=\"wp-image-15946\" srcset=\"https:\/\/www.em.com.br\/emfoco\/wp-content\/uploads\/2025\/02\/esse-29-1024x576.jpg 1024w, https:\/\/www.em.com.br\/emfoco\/wp-content\/uploads\/2025\/02\/esse-29-300x169.jpg 300w, https:\/\/www.em.com.br\/emfoco\/wp-content\/uploads\/2025\/02\/esse-29-768x432.jpg 768w, https:\/\/www.em.com.br\/emfoco\/wp-content\/uploads\/2025\/02\/esse-29-750x422.jpg 750w, https:\/\/www.em.com.br\/emfoco\/wp-content\/uploads\/2025\/02\/esse-29-1140x641.jpg 1140w, https:\/\/www.em.com.br\/emfoco\/wp-content\/uploads\/2025\/02\/esse-29.jpg 1280w\" sizes=\"auto, (max-width: 1024px) 100vw, 1024px\" \/><figcaption class=\"wp-element-caption\">Jardim Bot\u00e2nico em Curitiba &#8211; Cr\u00e9ditos: Pexels<\/figcaption><\/figure>\n\n\n\n<h2 class=\"wp-block-heading\">Atra\u00e7\u00f5es de Curitiba que voc\u00ea n\u00e3o pode perder<\/h2>\n\n\n\n<p>Curitiba tem uma gama de atra\u00e7\u00f5es que cativam todos os tipos de visitantes. O renomado <strong><a href=\"https:\/\/www.museuoscarniemeyer.org.br\/\" target=\"_blank\" rel=\"noreferrer noopener\">Museu Oscar Niemeyer<\/a><\/strong>, que sedia valiosas exposi\u00e7\u00f5es de arte e cultura, \u00e9 uma visita obrigat\u00f3ria. Para aqueles que buscam conectividade com a natureza, os diversos parques e \u00e1reas verdes proporcionam momentos de tranquilidade e lazer em meio \u00e0 movimentada vida urbana.<\/p>\n\n\n\n<ul class=\"wp-block-list\">\n<li><strong>Riqueza Cultural:<\/strong> Destaque para o Museu Oscar Niemeyer e suas exposi\u00e7\u00f5es.<\/li>\n\n\n\n<li><strong>Verde e Lazer:<\/strong> Mais de 50 parques ideais para relaxar ou fazer piqueniques.<\/li>\n\n\n\n<li><strong>Culin\u00e1ria:<\/strong> Sabores locais que oferecem uma experi\u00eancia sensorial \u00fanica.<\/li>\n<\/ul>\n\n\n\n<figure class=\"wp-block-image size-large\"><img loading=\"lazy\" decoding=\"async\" width=\"1024\" height=\"576\" src=\"https:\/\/www.em.com.br\/emfoco\/wp-content\/uploads\/2025\/02\/oscar-niemeyer-museum_1738687475481-1024x576.jpg\" alt=\"Cidade brasileira recebe pr\u00eamios e se torna refer\u00eancia em turismo global!\" class=\"wp-image-16615\" srcset=\"https:\/\/www.em.com.br\/emfoco\/wp-content\/uploads\/2025\/02\/oscar-niemeyer-museum_1738687475481-1024x576.jpg 1024w, https:\/\/www.em.com.br\/emfoco\/wp-content\/uploads\/2025\/02\/oscar-niemeyer-museum_1738687475481-300x169.jpg 300w, https:\/\/www.em.com.br\/emfoco\/wp-content\/uploads\/2025\/02\/oscar-niemeyer-museum_1738687475481-768x432.jpg 768w, https:\/\/www.em.com.br\/emfoco\/wp-content\/uploads\/2025\/02\/oscar-niemeyer-museum_1738687475481-750x422.jpg 750w, https:\/\/www.em.com.br\/emfoco\/wp-content\/uploads\/2025\/02\/oscar-niemeyer-museum_1738687475481-1140x641.jpg 1140w, https:\/\/www.em.com.br\/emfoco\/wp-content\/uploads\/2025\/02\/oscar-niemeyer-museum_1738687475481.jpg 1280w\" sizes=\"auto, (max-width: 1024px) 100vw, 1024px\" \/><figcaption class=\"wp-element-caption\">Museu Oscar Niemeyer &#8211; Cr\u00e9ditos: depositphotos.com \/ Sehenswerk<\/figcaption><\/figure>\n\n\n\n<h2 class=\"wp-block-heading\">Qual \u00e9 a import\u00e2ncia do turismo para a economia de Curitiba?<\/h2>\n\n\n\n<p>O aumento do reconhecimento internacional de Curitiba tem atra\u00eddo um volume crescente de turistas. Somente nos tr\u00eas primeiros trimestres de 2024, a cidade viu um salto de 24% nas chegadas internacionais, trazendo benef\u00edcios econ\u00f4micos significativos e refor\u00e7ando o setor de turismo local como um componente vital para a economia.<\/p>\n\n\n\n<h2 class=\"wp-block-heading\">O futuro do turismo em Curitiba<\/h2>\n\n\n\n<p>A administra\u00e7\u00e3o de Curitiba est\u00e1 comprometida em melhorar a experi\u00eancia dos turistas atrav\u00e9s de inova\u00e7\u00f5es que envolvem tecnologia de ponta e infraestrutura aprimorada. Ferramentas modernas como audioguias e sistemas integrados para transporte e hospedagem s\u00e3o algumas das medidas adotadas para manter Curitiba na vanguarda do turismo sustent\u00e1vel e inteligente.<\/p>\n\n\n\n<p>Estas iniciativas n\u00e3o apenas garantem um crescimento cont\u00ednuo do turismo, mas tamb\u00e9m proporcionam oportunidades adicionais para o desenvolvimento econ\u00f4mico e cultural na cidade e no estado do Paran\u00e1, posicionando Curitiba como um destino de refer\u00eancia no cen\u00e1rio global.<\/p>\n","protected":false},"excerpt":{"rendered":"<p>Em 2025, Curitiba, cidade capital do estado do Paran\u00e1, emergiu como um dos destinos mais admirados mundialmente segundo a Lonely Planet, uma das maiores editoras de guias de viagem do mundo. Tal distin\u00e7\u00e3o coloca a cidade em evid\u00eancia, como \u00fanica representante do Brasil na lista, destacando suas paisagens encantadoras, arquitetura inovadora e iniciativas pr\u00f3-meio ambiente. [&hellip;]<\/p>\n","protected":false},"author":5,"featured_media":15839,"comment_status":"open","ping_status":"open","sticky":false,"template":"","format":"standard","meta":{"jnews-multi-image_gallery":[],"jnews_single_post":{"format":"standard"},"jnews_primary_category":[],"jnews_social_meta":[],"jnews_override_counter":[],"footnotes":""},"categories":[26,1],"tags":[242,1209,157],"class_list":["post-16609","post","type-post","status-publish","format-standard","has-post-thumbnail","hentry","category-cidades","category-noticias","tag-curitiba","tag-parana","tag-turismo"],"yoast_head":"<!-- This site is optimized with the Yoast SEO plugin v23.8 - https:\/\/yoast.com\/wordpress\/plugins\/seo\/ -->\n<title>Cidade brasileira recebe pr\u00eamios e se torna refer\u00eancia em turismo no mundo inteiro - Estado de Minas - Em foco<\/title>\n<meta name=\"description\" content=\"Uma cidade no Brasil foi eleito um dos melhores do mundo para viajar e surpreende turistas com suas atra\u00e7\u00f5es incr\u00edveis.\" \/>\n<meta name=\"robots\" content=\"index, follow, max-snippet:-1, max-image-preview:large, max-video-preview:-1\" \/>\n<link rel=\"canonical\" href=\"https:\/\/www.em.com.br\/emfoco\/2025\/02\/12\/cidade-brasileira-recebe-premios-e-se-torna-referencia-em-turismo-global\/\" \/>\n<meta property=\"og:locale\" content=\"pt_BR\" \/>\n<meta property=\"og:type\" content=\"article\" \/>\n<meta property=\"og:title\" content=\"Cidade brasileira recebe pr\u00eamios e se torna refer\u00eancia em turismo no mundo inteiro - Estado de Minas - Em foco\" \/>\n<meta property=\"og:description\" content=\"Uma cidade no Brasil foi eleito um dos melhores do mundo para viajar e surpreende turistas com suas atra\u00e7\u00f5es incr\u00edveis.\" \/>\n<meta property=\"og:url\" content=\"https:\/\/www.em.com.br\/emfoco\/2025\/02\/12\/cidade-brasileira-recebe-premios-e-se-torna-referencia-em-turismo-global\/\" \/>\n<meta property=\"og:site_name\" content=\"Estado de Minas - Em foco\" \/>\n<meta property=\"article:published_time\" content=\"2025-02-12T09:40:00+00:00\" \/>\n<meta property=\"article:modified_time\" content=\"2025-02-11T16:21:47+00:00\" \/>\n<meta property=\"og:image\" content=\"https:\/\/www.em.com.br\/emfoco\/wp-content\/uploads\/2025\/02\/esse-25.jpg\" \/>\n\t<meta property=\"og:image:width\" content=\"1280\" \/>\n\t<meta property=\"og:image:height\" content=\"720\" \/>\n\t<meta property=\"og:image:type\" content=\"image\/jpeg\" \/>\n<meta name=\"author\" content=\"N\u00fabia Rangel\" \/>\n<meta name=\"twitter:card\" content=\"summary_large_image\" \/>\n<meta name=\"twitter:label1\" content=\"Escrito por\" \/>\n\t<meta name=\"twitter:data1\" content=\"N\u00fabia Rangel\" \/>\n\t<meta name=\"twitter:label2\" content=\"Est. tempo de leitura\" \/>\n\t<meta name=\"twitter:data2\" content=\"4 minutos\" \/>\n<!-- \/ Yoast SEO plugin. -->","yoast_head_json":{"title":"Cidade brasileira recebe pr\u00eamios e se torna refer\u00eancia em turismo no mundo inteiro - Estado de Minas - Em foco","description":"Uma cidade no Brasil foi eleito um dos melhores do mundo para viajar e surpreende turistas com suas atra\u00e7\u00f5es incr\u00edveis.","robots":{"index":"index","follow":"follow","max-snippet":"max-snippet:-1","max-image-preview":"max-image-preview:large","max-video-preview":"max-video-preview:-1"},"canonical":"https:\/\/www.em.com.br\/emfoco\/2025\/02\/12\/cidade-brasileira-recebe-premios-e-se-torna-referencia-em-turismo-global\/","og_locale":"pt_BR","og_type":"article","og_title":"Cidade brasileira recebe pr\u00eamios e se torna refer\u00eancia em turismo no mundo inteiro - Estado de Minas - Em foco","og_description":"Uma cidade no Brasil foi eleito um dos melhores do mundo para viajar e surpreende turistas com suas atra\u00e7\u00f5es incr\u00edveis.","og_url":"https:\/\/www.em.com.br\/emfoco\/2025\/02\/12\/cidade-brasileira-recebe-premios-e-se-torna-referencia-em-turismo-global\/","og_site_name":"Estado de Minas - Em foco","article_published_time":"2025-02-12T09:40:00+00:00","article_modified_time":"2025-02-11T16:21:47+00:00","og_image":[{"width":1280,"height":720,"url":"https:\/\/www.em.com.br\/emfoco\/wp-content\/uploads\/2025\/02\/esse-25.jpg","type":"image\/jpeg"}],"author":"N\u00fabia Rangel","twitter_card":"summary_large_image","twitter_misc":{"Escrito por":"N\u00fabia Rangel","Est. tempo de leitura":"4 minutos"},"schema":{"@context":"https:\/\/schema.org","@graph":[{"@type":"WebPage","@id":"https:\/\/www.em.com.br\/emfoco\/2025\/02\/12\/cidade-brasileira-recebe-premios-e-se-torna-referencia-em-turismo-global\/","url":"https:\/\/www.em.com.br\/emfoco\/2025\/02\/12\/cidade-brasileira-recebe-premios-e-se-torna-referencia-em-turismo-global\/","name":"Cidade brasileira recebe pr\u00eamios e se torna refer\u00eancia em turismo no mundo inteiro - Estado de Minas - Em foco","isPartOf":{"@id":"https:\/\/www.em.com.br\/emfoco\/#website"},"primaryImageOfPage":{"@id":"https:\/\/www.em.com.br\/emfoco\/2025\/02\/12\/cidade-brasileira-recebe-premios-e-se-torna-referencia-em-turismo-global\/#primaryimage"},"image":{"@id":"https:\/\/www.em.com.br\/emfoco\/2025\/02\/12\/cidade-brasileira-recebe-premios-e-se-torna-referencia-em-turismo-global\/#primaryimage"},"thumbnailUrl":"https:\/\/www.em.com.br\/emfoco\/wp-content\/uploads\/2025\/02\/esse-25.jpg","datePublished":"2025-02-12T09:40:00+00:00","dateModified":"2025-02-11T16:21:47+00:00","author":{"@id":"https:\/\/www.em.com.br\/emfoco\/#\/schema\/person\/524437ef54f8a5d32591b143307f2e20"},"description":"Uma cidade no Brasil foi eleito um dos melhores do mundo para viajar e surpreende turistas com suas atra\u00e7\u00f5es incr\u00edveis.","breadcrumb":{"@id":"https:\/\/www.em.com.br\/emfoco\/2025\/02\/12\/cidade-brasileira-recebe-premios-e-se-torna-referencia-em-turismo-global\/#breadcrumb"},"inLanguage":"pt-BR","potentialAction":[{"@type":"ReadAction","target":["https:\/\/www.em.com.br\/emfoco\/2025\/02\/12\/cidade-brasileira-recebe-premios-e-se-torna-referencia-em-turismo-global\/"]}]},{"@type":"ImageObject","inLanguage":"pt-BR","@id":"https:\/\/www.em.com.br\/emfoco\/2025\/02\/12\/cidade-brasileira-recebe-premios-e-se-torna-referencia-em-turismo-global\/#primaryimage","url":"https:\/\/www.em.com.br\/emfoco\/wp-content\/uploads\/2025\/02\/esse-25.jpg","contentUrl":"https:\/\/www.em.com.br\/emfoco\/wp-content\/uploads\/2025\/02\/esse-25.jpg","width":1280,"height":720,"caption":"Curitiba - Cr\u00e9ditos: Wikimedia Commons"},{"@type":"BreadcrumbList","@id":"https:\/\/www.em.com.br\/emfoco\/2025\/02\/12\/cidade-brasileira-recebe-premios-e-se-torna-referencia-em-turismo-global\/#breadcrumb","itemListElement":[{"@type":"ListItem","position":1,"name":"In\u00edcio","item":"https:\/\/www.em.com.br\/emfoco\/"},{"@type":"ListItem","position":2,"name":"Cidade brasileira recebe pr\u00eamios e se torna refer\u00eancia em turismo no mundo inteiro"}]},{"@type":"WebSite","@id":"https:\/\/www.em.com.br\/emfoco\/#website","url":"https:\/\/www.em.com.br\/emfoco\/","name":"Estado de Minas - Em foco","description":"Acompanhe as \u00faltimas not\u00edcias e fique bem informado sobre tudo o que acontece em Minas Gerais, Brasil e no mundo.","potentialAction":[{"@type":"SearchAction","target":{"@type":"EntryPoint","urlTemplate":"https:\/\/www.em.com.br\/emfoco\/?s={search_term_string}"},"query-input":{"@type":"PropertyValueSpecification","valueRequired":true,"valueName":"search_term_string"}}],"inLanguage":"pt-BR"},{"@type":"Person","@id":"https:\/\/www.em.com.br\/emfoco\/#\/schema\/person\/524437ef54f8a5d32591b143307f2e20","name":"N\u00fabia Rangel","image":{"@type":"ImageObject","inLanguage":"pt-BR","@id":"https:\/\/www.em.com.br\/emfoco\/#\/schema\/person\/image\/","url":"https:\/\/secure.gravatar.com\/avatar\/47cff2827a5ba23c37e8068c86817ea4?s=96&d=mm&r=g","contentUrl":"https:\/\/secure.gravatar.com\/avatar\/47cff2827a5ba23c37e8068c86817ea4?s=96&d=mm&r=g","caption":"N\u00fabia Rangel"},"sameAs":["https:\/\/www.em.com.br\/emfoco\/"],"url":"https:\/\/www.em.com.br\/emfoco\/author\/nubiamyth\/"}]}},"_links":{"self":[{"href":"https:\/\/www.em.com.br\/emfoco\/wp-json\/wp\/v2\/posts\/16609","targetHints":{"allow":["GET"]}}],"collection":[{"href":"https:\/\/www.em.com.br\/emfoco\/wp-json\/wp\/v2\/posts"}],"about":[{"href":"https:\/\/www.em.com.br\/emfoco\/wp-json\/wp\/v2\/types\/post"}],"author":[{"embeddable":true,"href":"https:\/\/www.em.com.br\/emfoco\/wp-json\/wp\/v2\/users\/5"}],"replies":[{"embeddable":true,"href":"https:\/\/www.em.com.br\/emfoco\/wp-json\/wp\/v2\/comments?post=16609"}],"version-history":[{"count":4,"href":"https:\/\/www.em.com.br\/emfoco\/wp-json\/wp\/v2\/posts\/16609\/revisions"}],"predecessor-version":[{"id":18747,"href":"https:\/\/www.em.com.br\/emfoco\/wp-json\/wp\/v2\/posts\/16609\/revisions\/18747"}],"wp:featuredmedia":[{"embeddable":true,"href":"https:\/\/www.em.com.br\/emfoco\/wp-json\/wp\/v2\/media\/15839"}],"wp:attachment":[{"href":"https:\/\/www.em.com.br\/emfoco\/wp-json\/wp\/v2\/media?parent=16609"}],"wp:term":[{"taxonomy":"category","embeddable":true,"href":"https:\/\/www.em.com.br\/emfoco\/wp-json\/wp\/v2\/categories?post=16609"},{"taxonomy":"post_tag","embeddable":true,"href":"https:\/\/www.em.com.br\/emfoco\/wp-json\/wp\/v2\/tags?post=16609"}],"curies":[{"name":"wp","href":"https:\/\/api.w.org\/{rel}","templated":true}]}}