{"id":16589,"date":"2025-02-11T13:20:00","date_gmt":"2025-02-11T16:20:00","guid":{"rendered":"https:\/\/www.em.com.br\/emfoco\/?p=16589"},"modified":"2025-06-16T18:19:40","modified_gmt":"2025-06-16T21:19:40","slug":"hyundai-faz-facelift-em-picape-renomada-e-desafia-a-concorrencia","status":"publish","type":"post","link":"https:\/\/www.em.com.br\/emfoco\/2025\/02\/11\/hyundai-faz-facelift-em-picape-renomada-e-desafia-a-concorrencia\/","title":{"rendered":"Hyundai faz facelift em picape renomada e desafia a concorr\u00eancia!"},"content":{"rendered":"\n<p>A <a href=\"https:\/\/www.hyundai.com.br\/\" target=\"_blank\" rel=\"noreferrer noopener\"><strong>Hyundai <\/strong><\/a><strong>Santa Cruz 2025 <\/strong>representa uma abordagem cautelosa em um segmento que exige transforma\u00e7\u00f5es mais profundas. Enquanto outras <strong><a href=\"https:\/\/www.em.com.br\/emfoco\/2025\/05\/16\/novo-audi-a6-e-tron-chega-ao-brasil-para-revolucionar-o-mercado-de-sedans-eletricos\/\" target=\"_blank\" rel=\"noreferrer noopener\">fabricantes <\/a><\/strong>revolucionam suas ofertas com tecnologias disruptivas e designs arrojados, a marca coreana opta por mudan\u00e7as incrementais que podem n\u00e3o ser suficientes para conquistar novos compradores em um mercado saturado.<\/p>\n\n\n\n<p>A manuten\u00e7\u00e3o dos mesmos motores evidencia uma estrat\u00e9gia de baixo risco que, embora economicamente sensata, pode prejudicar a percep\u00e7\u00e3o de inova\u00e7\u00e3o da marca. A vers\u00e3o <strong>XRT<\/strong> surge como tentativa de diversifica\u00e7\u00e3o, mas ainda assim mant\u00e9m limita\u00e7\u00f5es estruturais que podem comprometer sua competitividade contra rivais mais estabelecidos. A aus\u00eancia no <strong>Brasil<\/strong> reflete n\u00e3o apenas quest\u00f5es de demanda, mas possivelmente receios sobre a aceita\u00e7\u00e3o local de um conceito ainda n\u00e3o consolidado.<\/p>\n\n\n\n<h2 class=\"wp-block-heading\"><strong>Por que a renova\u00e7\u00e3o visual da Santa Cruz 2025 pode ser insuficiente?<\/strong><\/h2>\n\n\n\n<p>A reformula\u00e7\u00e3o est\u00e9tica da <strong>Santa Cruz<\/strong> 2025 apresenta limita\u00e7\u00f5es em um momento que demanda transforma\u00e7\u00f5es mais substanciais. Enquanto concorrentes investem em linguagens visuais revolucion\u00e1rias, a picape coreana se limita a ajustes pontuais que n\u00e3o alteram significativamente sua presen\u00e7a de mercado.<\/p>\n\n\n\n<p>A mudan\u00e7a na grade frontal, embora represente evolu\u00e7\u00e3o visual, ainda mant\u00e9m propor\u00e7\u00f5es que podem n\u00e3o transmitir a robustez esperada pelos consumidores americanos habituados a picapes de porte avantajado. A identidade visual continua em territ\u00f3rio intermedi\u00e1rio, sem a eleg\u00e2ncia de um SUV premium nem a impon\u00eancia de uma picape tradicional, o que pode limitar seu apelo comercial.<\/p>\n\n\n\n<figure class=\"wp-block-image size-large\"><img loading=\"lazy\" decoding=\"async\" width=\"1024\" height=\"576\" src=\"https:\/\/www.em.com.br\/emfoco\/wp-content\/uploads\/2025\/02\/esse-48-1024x576.jpg\" alt=\"Hyundai faz facelift em picape renomada e desafia a concorr\u00eancia!\" class=\"wp-image-16600\" srcset=\"https:\/\/www.em.com.br\/emfoco\/wp-content\/uploads\/2025\/02\/esse-48-1024x576.jpg 1024w, https:\/\/www.em.com.br\/emfoco\/wp-content\/uploads\/2025\/02\/esse-48-300x169.jpg 300w, https:\/\/www.em.com.br\/emfoco\/wp-content\/uploads\/2025\/02\/esse-48-768x432.jpg 768w, https:\/\/www.em.com.br\/emfoco\/wp-content\/uploads\/2025\/02\/esse-48-750x422.jpg 750w, https:\/\/www.em.com.br\/emfoco\/wp-content\/uploads\/2025\/02\/esse-48-1140x641.jpg 1140w, https:\/\/www.em.com.br\/emfoco\/wp-content\/uploads\/2025\/02\/esse-48.jpg 1280w\" sizes=\"auto, (max-width: 1024px) 100vw, 1024px\" \/><figcaption class=\"wp-element-caption\">Hyundai Santa Cruz 2025 &#8211; Cr\u00e9ditos: Divulga\u00e7\u00e3o\/Hyundai<\/figcaption><\/figure>\n\n\n\n<h2 class=\"wp-block-heading\"><strong>A tecnologia embarcada justifica o investimento na Santa Cruz?<\/strong><\/h2>\n\n\n\n<p>O pacote tecnol\u00f3gico da <strong>Santa Cruz<\/strong> 2025, apesar dos avan\u00e7os anunciados, ainda permanece aqu\u00e9m do que oferece a concorr\u00eancia premium. A tela panor\u00e2mica de 12,3 polegadas, inspirada no <strong>Tucson<\/strong>, representa mais uma adapta\u00e7\u00e3o de solu\u00e7\u00f5es existentes do que propriamente inova\u00e7\u00e3o tecnol\u00f3gica para o segmento.<\/p>\n\n\n\n<p>Recursos como <strong>Apple CarPlay<\/strong> e <strong>Android Auto<\/strong> sem fio j\u00e1 s\u00e3o considerados b\u00e1sicos na categoria, n\u00e3o constituindo diferenciais competitivos relevantes. A <strong>Digital Key 2 Touch<\/strong> e as c\u00e2meras 360\u00b0 na vers\u00e3o <strong>XRT<\/strong> s\u00e3o bem-vindas, mas chegam quando a concorr\u00eancia j\u00e1 oferece sistemas mais avan\u00e7ados de assist\u00eancia \u00e0 condu\u00e7\u00e3o e conectividade.<\/p>\n\n\n\n<h2 class=\"wp-block-heading\"><strong>Os motores mantidos s\u00e3o adequados para as demandas atuais?<\/strong><\/h2>\n\n\n\n<p>A decis\u00e3o de manter as mesmas op\u00e7\u00f5es de motoriza\u00e7\u00e3o na <strong>Santa Cruz<\/strong> 2025 revela conservadorismo excessivo em um momento de transi\u00e7\u00e3o energ\u00e9tica. O motor 2.5 aspirado de 194 cv oferece desempenho mediano que pode n\u00e3o satisfazer consumidores acostumados a propulsores mais potentes no segmento.<\/p>\n\n\n\n<p>Mesmo o 2.5 turbo de 285 cv, embora competente, permanece distante dos padr\u00f5es de pot\u00eancia estabelecidos por rivais americanos tradicionais. A capacidade de reboque de 2.267 kg atende necessidades b\u00e1sicas, mas n\u00e3o impressiona em um mercado onde picapes frequentemente superam 3.000 kg de capacidade de tra\u00e7\u00e3o.<\/p>\n\n\n\n<figure class=\"wp-block-image size-large\"><img loading=\"lazy\" decoding=\"async\" width=\"1024\" height=\"576\" src=\"https:\/\/www.em.com.br\/emfoco\/wp-content\/uploads\/2025\/02\/esse-3-4-1024x576.jpg\" alt=\"Hyundai faz facelift em picape renomada e desafia a concorr\u00eancia!\" class=\"wp-image-16597\" srcset=\"https:\/\/www.em.com.br\/emfoco\/wp-content\/uploads\/2025\/02\/esse-3-4-1024x576.jpg 1024w, https:\/\/www.em.com.br\/emfoco\/wp-content\/uploads\/2025\/02\/esse-3-4-300x169.jpg 300w, https:\/\/www.em.com.br\/emfoco\/wp-content\/uploads\/2025\/02\/esse-3-4-768x432.jpg 768w, https:\/\/www.em.com.br\/emfoco\/wp-content\/uploads\/2025\/02\/esse-3-4-750x422.jpg 750w, https:\/\/www.em.com.br\/emfoco\/wp-content\/uploads\/2025\/02\/esse-3-4-1140x641.jpg 1140w, https:\/\/www.em.com.br\/emfoco\/wp-content\/uploads\/2025\/02\/esse-3-4.jpg 1280w\" sizes=\"auto, (max-width: 1024px) 100vw, 1024px\" \/><figcaption class=\"wp-element-caption\">Hyundai Santa Cruz 2025 &#8211; Cr\u00e9ditos: Divulga\u00e7\u00e3o\/Hyundai<\/figcaption><\/figure>\n\n\n\n<h2 class=\"wp-block-heading\"><strong>A aus\u00eancia no Brasil representa oportunidade perdida?<\/strong><\/h2>\n\n\n\n<p>A <strong>Hyundai<\/strong> subestima o potencial do mercado brasileiro ao limitar a <strong>Santa Cruz<\/strong> ao territ\u00f3rio norte-americano. O <strong>Brasil<\/strong> possui demanda crescente por picapes diferenciadas, especialmente em regi\u00f5es urbanas onde a versatilidade da <strong>Santa Cruz<\/strong> seria valorizada.<\/p>\n\n\n\n<p>A justificativa da alta demanda americana mascara poss\u00edvel inseguran\u00e7a sobre a aceita\u00e7\u00e3o do conceito em mercados emergentes. Outros fabricantes asi\u00e1ticos obtiveram sucesso com estrat\u00e9gias de entrada gradual, desenvolvendo vers\u00f5es espec\u00edficas que respeitam peculiaridades locais sem comprometer a ess\u00eancia do produto original.<\/p>\n\n\n\n<figure class=\"wp-block-image size-large\"><img loading=\"lazy\" decoding=\"async\" width=\"1024\" height=\"576\" src=\"https:\/\/www.em.com.br\/emfoco\/wp-content\/uploads\/2025\/02\/esse-2-8-1024x576.jpg\" alt=\"Hyundai faz facelift em picape renomada e desafia a concorr\u00eancia!\" class=\"wp-image-16598\" srcset=\"https:\/\/www.em.com.br\/emfoco\/wp-content\/uploads\/2025\/02\/esse-2-8-1024x576.jpg 1024w, https:\/\/www.em.com.br\/emfoco\/wp-content\/uploads\/2025\/02\/esse-2-8-300x169.jpg 300w, https:\/\/www.em.com.br\/emfoco\/wp-content\/uploads\/2025\/02\/esse-2-8-768x432.jpg 768w, https:\/\/www.em.com.br\/emfoco\/wp-content\/uploads\/2025\/02\/esse-2-8-750x422.jpg 750w, https:\/\/www.em.com.br\/emfoco\/wp-content\/uploads\/2025\/02\/esse-2-8-1140x641.jpg 1140w, https:\/\/www.em.com.br\/emfoco\/wp-content\/uploads\/2025\/02\/esse-2-8.jpg 1280w\" sizes=\"auto, (max-width: 1024px) 100vw, 1024px\" \/><figcaption class=\"wp-element-caption\">Hyundai Santa Cruz 2025 &#8211; Cr\u00e9ditos: Divulga\u00e7\u00e3o\/Hyundai<\/figcaption><\/figure>\n\n\n\n<h2 class=\"wp-block-heading\"><strong>Como a Santa Cruz se posiciona frente \u00e0 eletrifica\u00e7\u00e3o do setor?<\/strong><\/h2>\n\n\n\n<p>A <strong>Santa Cruz<\/strong> 2025 perde oportunidade crucial ao n\u00e3o incorporar eletrifica\u00e7\u00e3o em sua proposta, ignorando tend\u00eancia irrevers\u00edvel do mercado automotivo global. Enquanto fabricantes tradicionais como <strong>Ford<\/strong> e <strong>General Motors<\/strong> investem substancialmente em picapes el\u00e9tricas e h\u00edbridas, a <strong>Hyundai<\/strong> mant\u00e9m foco exclusivo em motores convencionais.<\/p>\n\n\n\n<p>Essa lacuna tecnol\u00f3gica pode tornar a <strong>Santa Cruz<\/strong> rapidamente obsoleta, especialmente considerando que consumidores jovens \u2013 p\u00fablico-alvo natural da picape \u2013 demonstram crescente prefer\u00eancia por ve\u00edculos eletrificados. A aus\u00eancia de ao menos uma vers\u00e3o h\u00edbrida compromete a competitividade futura e limita o apelo sustent\u00e1vel da marca.<\/p>\n\n\n\n<p>A estrat\u00e9gia conservadora pode funcionar a curto prazo, mas deixa a <strong>Santa Cruz<\/strong> vulner\u00e1vel a concorrentes que abra\u00e7aram mais decisivamente as transforma\u00e7\u00f5es do setor automobil\u00edstico contempor\u00e2neo.<\/p>\n","protected":false},"excerpt":{"rendered":"<p>A Hyundai Santa Cruz 2025 representa uma abordagem cautelosa em um segmento que exige transforma\u00e7\u00f5es mais profundas. Enquanto outras fabricantes revolucionam suas ofertas com tecnologias disruptivas e designs arrojados, a marca coreana opta por mudan\u00e7as incrementais que podem n\u00e3o ser suficientes para conquistar novos compradores em um mercado saturado. A manuten\u00e7\u00e3o dos mesmos motores evidencia [&hellip;]<\/p>\n","protected":false},"author":5,"featured_media":16599,"comment_status":"open","ping_status":"open","sticky":false,"template":"","format":"standard","meta":{"jnews-multi-image_gallery":[],"jnews_single_post":{"format":"standard"},"jnews_primary_category":[],"jnews_social_meta":[],"jnews_override_counter":[],"footnotes":""},"categories":[27,1],"tags":[1730,4571,1118],"class_list":["post-16589","post","type-post","status-publish","format-standard","has-post-thumbnail","hentry","category-carros","category-noticias","tag-hyundai","tag-hyundai-santa-cruz","tag-suv"],"yoast_head":"<!-- This site is optimized with the Yoast SEO plugin v23.8 - https:\/\/yoast.com\/wordpress\/plugins\/seo\/ -->\n<title>Hyundai faz facelift em picape renomada e desafia a concorr\u00eancia! - Estado de Minas - Em foco<\/title>\n<meta name=\"description\" content=\"a nova hyundai santa cruz 2025 chega com visual renovado e tela panor\u00e2mica, mas segue sem previs\u00e3o para o brasil. saiba mais!\" \/>\n<meta name=\"robots\" content=\"index, follow, max-snippet:-1, max-image-preview:large, max-video-preview:-1\" \/>\n<link rel=\"canonical\" href=\"https:\/\/www.em.com.br\/emfoco\/2025\/02\/11\/hyundai-faz-facelift-em-picape-renomada-e-desafia-a-concorrencia\/\" \/>\n<meta property=\"og:locale\" content=\"pt_BR\" \/>\n<meta property=\"og:type\" content=\"article\" \/>\n<meta property=\"og:title\" content=\"Hyundai faz facelift em picape renomada e desafia a concorr\u00eancia! - Estado de Minas - Em foco\" \/>\n<meta property=\"og:description\" content=\"a nova hyundai santa cruz 2025 chega com visual renovado e tela panor\u00e2mica, mas segue sem previs\u00e3o para o brasil. saiba mais!\" \/>\n<meta property=\"og:url\" content=\"https:\/\/www.em.com.br\/emfoco\/2025\/02\/11\/hyundai-faz-facelift-em-picape-renomada-e-desafia-a-concorrencia\/\" \/>\n<meta property=\"og:site_name\" content=\"Estado de Minas - Em foco\" \/>\n<meta property=\"article:published_time\" content=\"2025-02-11T16:20:00+00:00\" \/>\n<meta property=\"article:modified_time\" content=\"2025-06-16T21:19:40+00:00\" \/>\n<meta property=\"og:image\" content=\"https:\/\/www.em.com.br\/emfoco\/wp-content\/uploads\/2025\/02\/esse-1-37.jpg\" \/>\n\t<meta property=\"og:image:width\" content=\"1280\" \/>\n\t<meta property=\"og:image:height\" content=\"720\" \/>\n\t<meta property=\"og:image:type\" content=\"image\/jpeg\" \/>\n<meta name=\"author\" content=\"N\u00fabia Rangel\" \/>\n<meta name=\"twitter:card\" content=\"summary_large_image\" \/>\n<meta name=\"twitter:label1\" content=\"Escrito por\" \/>\n\t<meta name=\"twitter:data1\" content=\"N\u00fabia Rangel\" \/>\n\t<meta name=\"twitter:label2\" content=\"Est. tempo de leitura\" \/>\n\t<meta name=\"twitter:data2\" content=\"4 minutos\" \/>\n<!-- \/ Yoast SEO plugin. -->","yoast_head_json":{"title":"Hyundai faz facelift em picape renomada e desafia a concorr\u00eancia! - Estado de Minas - Em foco","description":"a nova hyundai santa cruz 2025 chega com visual renovado e tela panor\u00e2mica, mas segue sem previs\u00e3o para o brasil. saiba mais!","robots":{"index":"index","follow":"follow","max-snippet":"max-snippet:-1","max-image-preview":"max-image-preview:large","max-video-preview":"max-video-preview:-1"},"canonical":"https:\/\/www.em.com.br\/emfoco\/2025\/02\/11\/hyundai-faz-facelift-em-picape-renomada-e-desafia-a-concorrencia\/","og_locale":"pt_BR","og_type":"article","og_title":"Hyundai faz facelift em picape renomada e desafia a concorr\u00eancia! - Estado de Minas - Em foco","og_description":"a nova hyundai santa cruz 2025 chega com visual renovado e tela panor\u00e2mica, mas segue sem previs\u00e3o para o brasil. saiba mais!","og_url":"https:\/\/www.em.com.br\/emfoco\/2025\/02\/11\/hyundai-faz-facelift-em-picape-renomada-e-desafia-a-concorrencia\/","og_site_name":"Estado de Minas - Em foco","article_published_time":"2025-02-11T16:20:00+00:00","article_modified_time":"2025-06-16T21:19:40+00:00","og_image":[{"width":1280,"height":720,"url":"https:\/\/www.em.com.br\/emfoco\/wp-content\/uploads\/2025\/02\/esse-1-37.jpg","type":"image\/jpeg"}],"author":"N\u00fabia Rangel","twitter_card":"summary_large_image","twitter_misc":{"Escrito por":"N\u00fabia Rangel","Est. tempo de leitura":"4 minutos"},"schema":{"@context":"https:\/\/schema.org","@graph":[{"@type":"WebPage","@id":"https:\/\/www.em.com.br\/emfoco\/2025\/02\/11\/hyundai-faz-facelift-em-picape-renomada-e-desafia-a-concorrencia\/","url":"https:\/\/www.em.com.br\/emfoco\/2025\/02\/11\/hyundai-faz-facelift-em-picape-renomada-e-desafia-a-concorrencia\/","name":"Hyundai faz facelift em picape renomada e desafia a concorr\u00eancia! - Estado de Minas - Em foco","isPartOf":{"@id":"https:\/\/www.em.com.br\/emfoco\/#website"},"primaryImageOfPage":{"@id":"https:\/\/www.em.com.br\/emfoco\/2025\/02\/11\/hyundai-faz-facelift-em-picape-renomada-e-desafia-a-concorrencia\/#primaryimage"},"image":{"@id":"https:\/\/www.em.com.br\/emfoco\/2025\/02\/11\/hyundai-faz-facelift-em-picape-renomada-e-desafia-a-concorrencia\/#primaryimage"},"thumbnailUrl":"https:\/\/www.em.com.br\/emfoco\/wp-content\/uploads\/2025\/02\/esse-1-37.jpg","datePublished":"2025-02-11T16:20:00+00:00","dateModified":"2025-06-16T21:19:40+00:00","author":{"@id":"https:\/\/www.em.com.br\/emfoco\/#\/schema\/person\/524437ef54f8a5d32591b143307f2e20"},"description":"a nova hyundai santa cruz 2025 chega com visual renovado e tela panor\u00e2mica, mas segue sem previs\u00e3o para o brasil. saiba mais!","breadcrumb":{"@id":"https:\/\/www.em.com.br\/emfoco\/2025\/02\/11\/hyundai-faz-facelift-em-picape-renomada-e-desafia-a-concorrencia\/#breadcrumb"},"inLanguage":"pt-BR","potentialAction":[{"@type":"ReadAction","target":["https:\/\/www.em.com.br\/emfoco\/2025\/02\/11\/hyundai-faz-facelift-em-picape-renomada-e-desafia-a-concorrencia\/"]}]},{"@type":"ImageObject","inLanguage":"pt-BR","@id":"https:\/\/www.em.com.br\/emfoco\/2025\/02\/11\/hyundai-faz-facelift-em-picape-renomada-e-desafia-a-concorrencia\/#primaryimage","url":"https:\/\/www.em.com.br\/emfoco\/wp-content\/uploads\/2025\/02\/esse-1-37.jpg","contentUrl":"https:\/\/www.em.com.br\/emfoco\/wp-content\/uploads\/2025\/02\/esse-1-37.jpg","width":1280,"height":720,"caption":"Hyundai Santa Cruz 2025 - Cr\u00e9ditos: Divulga\u00e7\u00e3o\/Hyundai"},{"@type":"BreadcrumbList","@id":"https:\/\/www.em.com.br\/emfoco\/2025\/02\/11\/hyundai-faz-facelift-em-picape-renomada-e-desafia-a-concorrencia\/#breadcrumb","itemListElement":[{"@type":"ListItem","position":1,"name":"In\u00edcio","item":"https:\/\/www.em.com.br\/emfoco\/"},{"@type":"ListItem","position":2,"name":"Hyundai faz facelift em picape renomada e desafia a concorr\u00eancia!"}]},{"@type":"WebSite","@id":"https:\/\/www.em.com.br\/emfoco\/#website","url":"https:\/\/www.em.com.br\/emfoco\/","name":"Estado de Minas - Em foco","description":"Acompanhe as \u00faltimas not\u00edcias e fique bem informado sobre tudo o que acontece em Minas Gerais, Brasil e no mundo.","potentialAction":[{"@type":"SearchAction","target":{"@type":"EntryPoint","urlTemplate":"https:\/\/www.em.com.br\/emfoco\/?s={search_term_string}"},"query-input":{"@type":"PropertyValueSpecification","valueRequired":true,"valueName":"search_term_string"}}],"inLanguage":"pt-BR"},{"@type":"Person","@id":"https:\/\/www.em.com.br\/emfoco\/#\/schema\/person\/524437ef54f8a5d32591b143307f2e20","name":"N\u00fabia Rangel","image":{"@type":"ImageObject","inLanguage":"pt-BR","@id":"https:\/\/www.em.com.br\/emfoco\/#\/schema\/person\/image\/","url":"https:\/\/secure.gravatar.com\/avatar\/47cff2827a5ba23c37e8068c86817ea4?s=96&d=mm&r=g","contentUrl":"https:\/\/secure.gravatar.com\/avatar\/47cff2827a5ba23c37e8068c86817ea4?s=96&d=mm&r=g","caption":"N\u00fabia Rangel"},"sameAs":["https:\/\/www.em.com.br\/emfoco\/"],"url":"https:\/\/www.em.com.br\/emfoco\/author\/nubiamyth\/"}]}},"_links":{"self":[{"href":"https:\/\/www.em.com.br\/emfoco\/wp-json\/wp\/v2\/posts\/16589","targetHints":{"allow":["GET"]}}],"collection":[{"href":"https:\/\/www.em.com.br\/emfoco\/wp-json\/wp\/v2\/posts"}],"about":[{"href":"https:\/\/www.em.com.br\/emfoco\/wp-json\/wp\/v2\/types\/post"}],"author":[{"embeddable":true,"href":"https:\/\/www.em.com.br\/emfoco\/wp-json\/wp\/v2\/users\/5"}],"replies":[{"embeddable":true,"href":"https:\/\/www.em.com.br\/emfoco\/wp-json\/wp\/v2\/comments?post=16589"}],"version-history":[{"count":3,"href":"https:\/\/www.em.com.br\/emfoco\/wp-json\/wp\/v2\/posts\/16589\/revisions"}],"predecessor-version":[{"id":61817,"href":"https:\/\/www.em.com.br\/emfoco\/wp-json\/wp\/v2\/posts\/16589\/revisions\/61817"}],"wp:featuredmedia":[{"embeddable":true,"href":"https:\/\/www.em.com.br\/emfoco\/wp-json\/wp\/v2\/media\/16599"}],"wp:attachment":[{"href":"https:\/\/www.em.com.br\/emfoco\/wp-json\/wp\/v2\/media?parent=16589"}],"wp:term":[{"taxonomy":"category","embeddable":true,"href":"https:\/\/www.em.com.br\/emfoco\/wp-json\/wp\/v2\/categories?post=16589"},{"taxonomy":"post_tag","embeddable":true,"href":"https:\/\/www.em.com.br\/emfoco\/wp-json\/wp\/v2\/tags?post=16589"}],"curies":[{"name":"wp","href":"https:\/\/api.w.org\/{rel}","templated":true}]}}