{"id":16584,"date":"2025-02-05T09:20:21","date_gmt":"2025-02-05T12:20:21","guid":{"rendered":"https:\/\/www.em.com.br\/emfoco\/?p=16584"},"modified":"2025-02-04T15:06:16","modified_gmt":"2025-02-04T18:06:16","slug":"novo-teto-no-seguro-desemprego","status":"publish","type":"post","link":"https:\/\/www.em.com.br\/emfoco\/2025\/02\/05\/novo-teto-no-seguro-desemprego\/","title":{"rendered":"Seguro-desemprego ter\u00e1 novo teto em 2025? Veja o que mudou!"},"content":{"rendered":"\n<p>Uma importante atualiza\u00e7\u00e3o no valor do <a href=\"https:\/\/www.gov.br\/pt-br\/servicos\/solicitar-o-seguro-desemprego\" target=\"_blank\" rel=\"noreferrer noopener\">seguro-desemprego<\/a> trouxe al\u00edvio para muitos <strong>trabalhadores brasileiros<\/strong>. A partir <a href=\"https:\/\/www.em.com.br\/emfoco\/2025\/02\/04\/voce-nao-vai-acreditar-nas-maravilhas-deste-pais-que-une-tradicao-e-modernidade\/\" target=\"_blank\" rel=\"noreferrer noopener\">deste <\/a>ano, o teto do benef\u00edcio foi ajustado para R$ 2.424,11, uma mudan\u00e7a significativa que reflete o reajuste do sal\u00e1rio m\u00ednimo. Este aumento \u00e9 uma medida que acompanha o custo de vida e busca oferecer maior suporte aos trabalhadores dispensados sem justa causa.<\/p>\n\n\n\n<p>Entender como essas mudan\u00e7as se aplicam na pr\u00e1tica \u00e9 essencial para os benefici\u00e1rios que buscam esse aux\u00edlio. O <strong>seguro<\/strong>&#8211;<strong>desemprego <\/strong>\u00e9 uma garantia trabalhista fundamental, principalmente em tempos de incerteza econ\u00f4mica. Oferece uma rede de seguran\u00e7a financeira para aqueles que foram demitidos e necessitam de tempo para se reinserir no mercado de trabalho.<\/p>\n\n\n<div class=\"wp-block-image\">\n<figure class=\"aligncenter size-large\"><img loading=\"lazy\" decoding=\"async\" width=\"1024\" height=\"576\" src=\"https:\/\/www.em.com.br\/emfoco\/wp-content\/uploads\/2024\/12\/Bolsa-familia_1733103822172-1024x576.jpg\" alt=\"Novo teto no Seguro-Desemprego?\" class=\"wp-image-2670\" srcset=\"https:\/\/www.em.com.br\/emfoco\/wp-content\/uploads\/2024\/12\/Bolsa-familia_1733103822172-1024x576.jpg 1024w, https:\/\/www.em.com.br\/emfoco\/wp-content\/uploads\/2024\/12\/Bolsa-familia_1733103822172-300x169.jpg 300w, https:\/\/www.em.com.br\/emfoco\/wp-content\/uploads\/2024\/12\/Bolsa-familia_1733103822172-768x432.jpg 768w, https:\/\/www.em.com.br\/emfoco\/wp-content\/uploads\/2024\/12\/Bolsa-familia_1733103822172-750x422.jpg 750w, https:\/\/www.em.com.br\/emfoco\/wp-content\/uploads\/2024\/12\/Bolsa-familia_1733103822172-1140x641.jpg 1140w, https:\/\/www.em.com.br\/emfoco\/wp-content\/uploads\/2024\/12\/Bolsa-familia_1733103822172.jpg 1280w\" sizes=\"auto, (max-width: 1024px) 100vw, 1024px\" \/><figcaption class=\"wp-element-caption\">dinheiro &#8211; Cr\u00e9ditos: depositphotos.com \/ joasouza<\/figcaption><\/figure><\/div>\n\n\n<h2 class=\"wp-block-heading\">O que \u00e9 o Seguro-Desemprego?<\/h2>\n\n\n\n<p>O seguro-desemprego \u00e9 um benef\u00edcio concedido a trabalhadores formais que foram dispensados sem justa causa. Al\u00e9m de garantir uma renda tempor\u00e1ria, ele representa uma prote\u00e7\u00e3o econ\u00f4mica para apoiar o benefici\u00e1rio at\u00e9 a obten\u00e7\u00e3o de uma nova coloca\u00e7\u00e3o profissional. Esta assist\u00eancia \u00e9 vital em momentos de transi\u00e7\u00e3o de emprego, permitindo ao trabalhador focar na busca por uma nova oportunidade sem a press\u00e3o imediata das despesas di\u00e1rias.<\/p>\n\n\n\n<p>Para receber o seguro-desemprego, o trabalhador deve seguir crit\u00e9rios espec\u00edficos no que se refere ao tempo de entrada e \u00e0 raz\u00e3o da dispensa. O valor e a quantidade de parcelas tamb\u00e9m s\u00e3o definidos com base no tempo de trabalho e nos \u00faltimos sal\u00e1rios recebidos pelo benefici\u00e1rio antes da dispensa.<\/p>\n\n\n\n<h2 class=\"wp-block-heading\">Quem tem direito ao benef\u00edcio?<\/h2>\n\n\n\n<p>O direito ao seguro-desemprego \u00e9 garantido a trabalhadores que possuam v\u00ednculo formal e que tenham sido dispensados sem justa causa. Al\u00e9m disso, o tempo de servi\u00e7o tamb\u00e9m \u00e9 um fator determinante no momento da solicita\u00e7\u00e3o do benef\u00edcio. Cada pedido deve atender a requisitos espec\u00edficos, que variam de acordo com a frequ\u00eancia com que o seguro foi requerido anteriormente.<\/p>\n\n\n\n<ul class=\"wp-block-list\">\n<li><strong>Primeira solicita\u00e7\u00e3o:<\/strong> \u00c9 necess\u00e1rio que o trabalhador tenha trabalhado no m\u00ednimo 12 dos \u00faltimos 18 meses.<\/li>\n\n\n\n<li><strong>Segunda solicita\u00e7\u00e3o:<\/strong> Exige-se que o empregado tenha trabalhado por pelo menos 9 dos \u00faltimos 12 meses.<\/li>\n\n\n\n<li><strong>A partir da terceira solicita\u00e7\u00e3o:<\/strong> O tempo de servi\u00e7o necess\u00e1rio \u00e9 de 6 dos \u00faltimos 6 meses.<\/li>\n<\/ul>\n\n\n\n<h2 class=\"wp-block-heading\">Como \u00e9 calculado o valor do Seguro-Desemprego?<\/h2>\n\n\n\n<p>O valor a ser recebido atrav\u00e9s do seguro-desemprego \u00e9 calculado com base na m\u00e9dia dos sal\u00e1rios dos tr\u00eas \u00faltimos meses antes da dispensa. O montante vai de um m\u00ednimo, que corresponde ao novo sal\u00e1rio m\u00ednimo de R$ 1.518,00, at\u00e9 o teto atualizado de R$ 2.424,11. Assim, o c\u00e1lculo busca refletir a realidade salarial do trabalhador, garantindo que o aux\u00edlio seja proporcional aos seus \u00faltimos rendimentos.<\/p>\n\n\n\n<p>Esse novo patamar para o c\u00e1lculo do seguro-desemprego \u00e9 relevante, pois busca alinhar o valor do benef\u00edcio ao aumento do custo de vida, proporcionando um suporte mais efetivo aos trabalhadores no momento de transi\u00e7\u00e3o profissional.<\/p>\n\n\n\n<h2 class=\"wp-block-heading\">O que fazer para solicitar o Seguro-Desemprego?<\/h2>\n\n\n\n<p>Para solicitar o seguro-desemprego, o trabalhador deve preencher um requerimento formal, que pode ser feito tanto presencialmente em postos de atendimento do Minist\u00e9rio do Trabalho quanto de forma eletr\u00f4nica, atrav\u00e9s do portal do Governo Federal. \u00c9 essencial estar atento aos documentos necess\u00e1rios, que geralmente incluem o Termo de Rescis\u00e3o do Contrato de Trabalho, os \u00faltimos contracheques, e documentos de identifica\u00e7\u00e3o pessoal.<\/p>\n\n\n\n<ol class=\"wp-block-list\">\n<li>Acesse o portal do Governo Federal ou dirija-se \u00e0 unidade respons\u00e1vel mais pr\u00f3xima.<\/li>\n\n\n\n<li>Preencha o requerimento com os dados solicitados.<\/li>\n\n\n\n<li>Anexe os documentos requeridos, garantindo que tudo esteja atualizado e leg\u00edvel.<\/li>\n\n\n\n<li>Aguarde a an\u00e1lise do pedido e o retorno do \u00f3rg\u00e3o competente que indicar\u00e1 o deferimento e as datas das parcelas do benef\u00edcio.<\/li>\n<\/ol>\n\n\n\n<p>Mantendo-se informado sobre as atualiza\u00e7\u00f5es e cumprindo os requisitos, o trabalhador consegue acessar este direito com mais facilidade, garantindo sua estabilidade financeira durante o per\u00edodo de busca por um novo emprego.<\/p>\n","protected":false},"excerpt":{"rendered":"<p>Uma importante atualiza\u00e7\u00e3o no valor do seguro-desemprego trouxe al\u00edvio para muitos trabalhadores brasileiros. A partir deste ano, o teto do benef\u00edcio foi ajustado para R$ 2.424,11, uma mudan\u00e7a significativa que reflete o reajuste do sal\u00e1rio m\u00ednimo. Este aumento \u00e9 uma medida que acompanha o custo de vida e busca oferecer maior suporte aos trabalhadores dispensados [&hellip;]<\/p>\n","protected":false},"author":7,"featured_media":2170,"comment_status":"open","ping_status":"open","sticky":false,"template":"","format":"standard","meta":{"jnews-multi-image_gallery":[],"jnews_single_post":{"format":"standard"},"jnews_primary_category":[],"jnews_social_meta":[],"jnews_override_counter":[],"footnotes":""},"categories":[28],"tags":[4570,1832,4569],"class_list":["post-16584","post","type-post","status-publish","format-standard","has-post-thumbnail","hentry","category-economia","tag-regras-seguro-desemprego","tag-seguro-desemprego","tag-valor"],"yoast_head":"<!-- This site is optimized with the Yoast SEO plugin v23.8 - https:\/\/yoast.com\/wordpress\/plugins\/seo\/ -->\n<title>Seguro-desemprego ter\u00e1 novo teto em 2025? Veja o que mudou! - Estado de Minas - Em foco<\/title>\n<meta name=\"description\" content=\"Seguro-desemprego 2025: mais dinheiro no bolso! Entenda as novas regras e valores.\" \/>\n<meta name=\"robots\" content=\"index, follow, max-snippet:-1, max-image-preview:large, max-video-preview:-1\" \/>\n<link rel=\"canonical\" href=\"https:\/\/www.em.com.br\/emfoco\/2025\/02\/05\/novo-teto-no-seguro-desemprego\/\" \/>\n<meta property=\"og:locale\" content=\"pt_BR\" \/>\n<meta property=\"og:type\" content=\"article\" \/>\n<meta property=\"og:title\" content=\"Seguro-desemprego ter\u00e1 novo teto em 2025? Veja o que mudou! - Estado de Minas - Em foco\" \/>\n<meta property=\"og:description\" content=\"Seguro-desemprego 2025: mais dinheiro no bolso! Entenda as novas regras e valores.\" \/>\n<meta property=\"og:url\" content=\"https:\/\/www.em.com.br\/emfoco\/2025\/02\/05\/novo-teto-no-seguro-desemprego\/\" \/>\n<meta property=\"og:site_name\" content=\"Estado de Minas - Em foco\" \/>\n<meta property=\"article:published_time\" content=\"2025-02-05T12:20:21+00:00\" \/>\n<meta property=\"article:modified_time\" content=\"2025-02-04T18:06:16+00:00\" \/>\n<meta property=\"og:image\" content=\"https:\/\/www.em.com.br\/emfoco\/wp-content\/uploads\/2024\/11\/Salario-minimo_1732872972376.jpg\" \/>\n\t<meta property=\"og:image:width\" content=\"1280\" \/>\n\t<meta property=\"og:image:height\" content=\"720\" \/>\n\t<meta property=\"og:image:type\" content=\"image\/jpeg\" \/>\n<meta name=\"author\" content=\"Kelvin\" \/>\n<meta name=\"twitter:card\" content=\"summary_large_image\" \/>\n<meta name=\"twitter:label1\" content=\"Escrito por\" \/>\n\t<meta name=\"twitter:data1\" content=\"Kelvin\" \/>\n\t<meta name=\"twitter:label2\" content=\"Est. tempo de leitura\" \/>\n\t<meta name=\"twitter:data2\" content=\"4 minutos\" \/>\n<!-- \/ Yoast SEO plugin. -->","yoast_head_json":{"title":"Seguro-desemprego ter\u00e1 novo teto em 2025? Veja o que mudou! - Estado de Minas - Em foco","description":"Seguro-desemprego 2025: mais dinheiro no bolso! Entenda as novas regras e valores.","robots":{"index":"index","follow":"follow","max-snippet":"max-snippet:-1","max-image-preview":"max-image-preview:large","max-video-preview":"max-video-preview:-1"},"canonical":"https:\/\/www.em.com.br\/emfoco\/2025\/02\/05\/novo-teto-no-seguro-desemprego\/","og_locale":"pt_BR","og_type":"article","og_title":"Seguro-desemprego ter\u00e1 novo teto em 2025? Veja o que mudou! - Estado de Minas - Em foco","og_description":"Seguro-desemprego 2025: mais dinheiro no bolso! Entenda as novas regras e valores.","og_url":"https:\/\/www.em.com.br\/emfoco\/2025\/02\/05\/novo-teto-no-seguro-desemprego\/","og_site_name":"Estado de Minas - Em foco","article_published_time":"2025-02-05T12:20:21+00:00","article_modified_time":"2025-02-04T18:06:16+00:00","og_image":[{"width":1280,"height":720,"url":"https:\/\/www.em.com.br\/emfoco\/wp-content\/uploads\/2024\/11\/Salario-minimo_1732872972376.jpg","type":"image\/jpeg"}],"author":"Kelvin","twitter_card":"summary_large_image","twitter_misc":{"Escrito por":"Kelvin","Est. tempo de leitura":"4 minutos"},"schema":{"@context":"https:\/\/schema.org","@graph":[{"@type":"WebPage","@id":"https:\/\/www.em.com.br\/emfoco\/2025\/02\/05\/novo-teto-no-seguro-desemprego\/","url":"https:\/\/www.em.com.br\/emfoco\/2025\/02\/05\/novo-teto-no-seguro-desemprego\/","name":"Seguro-desemprego ter\u00e1 novo teto em 2025? Veja o que mudou! - Estado de Minas - Em foco","isPartOf":{"@id":"https:\/\/www.em.com.br\/emfoco\/#website"},"primaryImageOfPage":{"@id":"https:\/\/www.em.com.br\/emfoco\/2025\/02\/05\/novo-teto-no-seguro-desemprego\/#primaryimage"},"image":{"@id":"https:\/\/www.em.com.br\/emfoco\/2025\/02\/05\/novo-teto-no-seguro-desemprego\/#primaryimage"},"thumbnailUrl":"https:\/\/www.em.com.br\/emfoco\/wp-content\/uploads\/2024\/11\/Salario-minimo_1732872972376.jpg","datePublished":"2025-02-05T12:20:21+00:00","dateModified":"2025-02-04T18:06:16+00:00","author":{"@id":"https:\/\/www.em.com.br\/emfoco\/#\/schema\/person\/fb0a7f48c6fbb94b83f413a80f61917d"},"description":"Seguro-desemprego 2025: mais dinheiro no bolso! Entenda as novas regras e valores.","breadcrumb":{"@id":"https:\/\/www.em.com.br\/emfoco\/2025\/02\/05\/novo-teto-no-seguro-desemprego\/#breadcrumb"},"inLanguage":"pt-BR","potentialAction":[{"@type":"ReadAction","target":["https:\/\/www.em.com.br\/emfoco\/2025\/02\/05\/novo-teto-no-seguro-desemprego\/"]}]},{"@type":"ImageObject","inLanguage":"pt-BR","@id":"https:\/\/www.em.com.br\/emfoco\/2025\/02\/05\/novo-teto-no-seguro-desemprego\/#primaryimage","url":"https:\/\/www.em.com.br\/emfoco\/wp-content\/uploads\/2024\/11\/Salario-minimo_1732872972376.jpg","contentUrl":"https:\/\/www.em.com.br\/emfoco\/wp-content\/uploads\/2024\/11\/Salario-minimo_1732872972376.jpg","width":1280,"height":720,"caption":"Moeda Brasileira - Cr\u00e9ditos: depositphotos.com \/ robertohunger"},{"@type":"BreadcrumbList","@id":"https:\/\/www.em.com.br\/emfoco\/2025\/02\/05\/novo-teto-no-seguro-desemprego\/#breadcrumb","itemListElement":[{"@type":"ListItem","position":1,"name":"In\u00edcio","item":"https:\/\/www.em.com.br\/emfoco\/"},{"@type":"ListItem","position":2,"name":"Seguro-desemprego ter\u00e1 novo teto em 2025? Veja o que mudou!"}]},{"@type":"WebSite","@id":"https:\/\/www.em.com.br\/emfoco\/#website","url":"https:\/\/www.em.com.br\/emfoco\/","name":"Estado de Minas - Em foco","description":"Acompanhe as \u00faltimas not\u00edcias e fique bem informado sobre tudo o que acontece em Minas Gerais, Brasil e no mundo.","potentialAction":[{"@type":"SearchAction","target":{"@type":"EntryPoint","urlTemplate":"https:\/\/www.em.com.br\/emfoco\/?s={search_term_string}"},"query-input":{"@type":"PropertyValueSpecification","valueRequired":true,"valueName":"search_term_string"}}],"inLanguage":"pt-BR"},{"@type":"Person","@id":"https:\/\/www.em.com.br\/emfoco\/#\/schema\/person\/fb0a7f48c6fbb94b83f413a80f61917d","name":"Kelvin","image":{"@type":"ImageObject","inLanguage":"pt-BR","@id":"https:\/\/www.em.com.br\/emfoco\/#\/schema\/person\/image\/","url":"https:\/\/secure.gravatar.com\/avatar\/e74f84337e6bf6c4c5e88fbdffa05270?s=96&d=mm&r=g","contentUrl":"https:\/\/secure.gravatar.com\/avatar\/e74f84337e6bf6c4c5e88fbdffa05270?s=96&d=mm&r=g","caption":"Kelvin"},"sameAs":["https:\/\/www.em.com.br\/emfoco"],"url":"https:\/\/www.em.com.br\/emfoco\/author\/kelvinmyth\/"}]}},"_links":{"self":[{"href":"https:\/\/www.em.com.br\/emfoco\/wp-json\/wp\/v2\/posts\/16584","targetHints":{"allow":["GET"]}}],"collection":[{"href":"https:\/\/www.em.com.br\/emfoco\/wp-json\/wp\/v2\/posts"}],"about":[{"href":"https:\/\/www.em.com.br\/emfoco\/wp-json\/wp\/v2\/types\/post"}],"author":[{"embeddable":true,"href":"https:\/\/www.em.com.br\/emfoco\/wp-json\/wp\/v2\/users\/7"}],"replies":[{"embeddable":true,"href":"https:\/\/www.em.com.br\/emfoco\/wp-json\/wp\/v2\/comments?post=16584"}],"version-history":[{"count":3,"href":"https:\/\/www.em.com.br\/emfoco\/wp-json\/wp\/v2\/posts\/16584\/revisions"}],"predecessor-version":[{"id":16681,"href":"https:\/\/www.em.com.br\/emfoco\/wp-json\/wp\/v2\/posts\/16584\/revisions\/16681"}],"wp:featuredmedia":[{"embeddable":true,"href":"https:\/\/www.em.com.br\/emfoco\/wp-json\/wp\/v2\/media\/2170"}],"wp:attachment":[{"href":"https:\/\/www.em.com.br\/emfoco\/wp-json\/wp\/v2\/media?parent=16584"}],"wp:term":[{"taxonomy":"category","embeddable":true,"href":"https:\/\/www.em.com.br\/emfoco\/wp-json\/wp\/v2\/categories?post=16584"},{"taxonomy":"post_tag","embeddable":true,"href":"https:\/\/www.em.com.br\/emfoco\/wp-json\/wp\/v2\/tags?post=16584"}],"curies":[{"name":"wp","href":"https:\/\/api.w.org\/{rel}","templated":true}]}}