{"id":165687,"date":"2026-02-09T19:35:00","date_gmt":"2026-02-09T22:35:00","guid":{"rendered":"https:\/\/www.em.com.br\/emfoco\/?p=165687"},"modified":"2026-02-06T14:27:24","modified_gmt":"2026-02-06T17:27:24","slug":"mulher-de-61-anos-conquista-pensao-vitalicia-apos-24-anos-de-trabalho-domestico-e-justica-reconhece-o-valor-invisivel-do-cuidado","status":"publish","type":"post","link":"https:\/\/www.em.com.br\/emfoco\/2026\/02\/09\/mulher-de-61-anos-conquista-pensao-vitalicia-apos-24-anos-de-trabalho-domestico-e-justica-reconhece-o-valor-invisivel-do-cuidado\/","title":{"rendered":"Mulher de 61 anos conquista pens\u00e3o vital\u00edcia ap\u00f3s 24 anos de trabalho dom\u00e9stico e Justi\u00e7a reconhece o valor invis\u00edvel do cuidado"},"content":{"rendered":"\n<h2 class=\"wp-block-heading\">Justi\u00e7a reconheceu pens\u00e3o vital\u00edcia de 1.400 para mulher de 61 anos ap\u00f3s 24 anos dedicada ao lar. Decis\u00e3o considerou invi\u00e1vel a reinser\u00e7\u00e3o no mercado, perda de chance profissional, valor econ\u00f4mico do trabalho dom\u00e9stico e vulnerabilidade social na velhice.<\/h2>\n\n\n\n<p>A confirma\u00e7\u00e3o de uma <strong>pens\u00e3o vital\u00edcia<\/strong> para uma mulher de 61 anos marca um avan\u00e7o hist\u00f3rico no reconhecimento jur\u00eddico do <strong>trabalho dom\u00e9stico<\/strong>. Ap\u00f3s 24 anos de dedica\u00e7\u00e3o exclusiva ao lar, a Justi\u00e7a entendeu que a reinser\u00e7\u00e3o no mercado \u00e9 invi\u00e1vel e fixou o benef\u00edcio em 1.400.<\/p>\n\n\n\n<h2 class=\"wp-block-heading\">Como o hist\u00f3rico de dedica\u00e7\u00e3o influenciou a decis\u00e3o?<\/h2>\n\n\n\n<p>O tribunal analisou a trajet\u00f3ria de <strong>dedica\u00e7\u00e3o integral ao lar<\/strong> por mais de duas d\u00e9cadas, entendendo que o afastamento cont\u00ednuo das atividades produtivas externas cria uma barreira real \u00e0 empregabilidade. A idade avan\u00e7ada intensifica essa limita\u00e7\u00e3o e amplia a vulnerabilidade econ\u00f4mica.<\/p>\n\n\n\n<p>Al\u00e9m da barreira et\u00e1ria, ficou caracterizada uma <strong>incapacidade pr\u00e1tica de reinser\u00e7\u00e3o<\/strong>, j\u00e1 que n\u00e3o houve atualiza\u00e7\u00e3o profissional nem experi\u00eancia recente. A aus\u00eancia de contribui\u00e7\u00f5es previdenci\u00e1rias pr\u00f3prias tamb\u00e9m pesou, evidenciando a fragilidade social gerada pelo trabalho invis\u00edvel.<\/p>\n\n\n\n<figure class=\"wp-block-image size-large\"><img loading=\"lazy\" decoding=\"async\" width=\"1024\" height=\"576\" src=\"https:\/\/www.em.com.br\/emfoco\/wp-content\/uploads\/2026\/02\/Imagem-3-8-1024x576.jpg\" alt=\"Mulher de 61 anos conquista pens\u00e3o vital\u00edcia ap\u00f3s 24 anos de trabalho dom\u00e9stico e Justi\u00e7a reconhece o valor invis\u00edvel do cuidado\" class=\"wp-image-165725\" srcset=\"https:\/\/www.em.com.br\/emfoco\/wp-content\/uploads\/2026\/02\/Imagem-3-8-1024x576.jpg 1024w, https:\/\/www.em.com.br\/emfoco\/wp-content\/uploads\/2026\/02\/Imagem-3-8-300x169.jpg 300w, https:\/\/www.em.com.br\/emfoco\/wp-content\/uploads\/2026\/02\/Imagem-3-8-768x432.jpg 768w, https:\/\/www.em.com.br\/emfoco\/wp-content\/uploads\/2026\/02\/Imagem-3-8-750x422.jpg 750w, https:\/\/www.em.com.br\/emfoco\/wp-content\/uploads\/2026\/02\/Imagem-3-8-1140x641.jpg 1140w, https:\/\/www.em.com.br\/emfoco\/wp-content\/uploads\/2026\/02\/Imagem-3-8.jpg 1280w\" sizes=\"auto, (max-width: 1024px) 100vw, 1024px\" \/><figcaption class=\"wp-element-caption\">Dedica\u00e7\u00e3o integral ao lar inviabilizou reinser\u00e7\u00e3o profissional na terceira idade<\/figcaption><\/figure>\n\n\n\n<h2 class=\"wp-block-heading\">Quais fundamentos jur\u00eddicos sustentaram a pens\u00e3o?<\/h2>\n\n\n\n<p>A senten\u00e7a aplicou conceitos consolidados do Direito Civil e de Fam\u00edlia para corrigir o <strong>desequil\u00edbrio econ\u00f4mico p\u00f3s-div\u00f3rcio<\/strong>. Entre as teses consideradas, destacam-se aquelas que tratam da ren\u00fancia profissional e da compensa\u00e7\u00e3o por perdas irrevers\u00edveis, como se v\u00ea a seguir.<\/p>\n\n\n\n<ul class=\"wp-block-list\">\n<li><strong>Perda de chance<\/strong>: reconhecimento de que a autora abriu m\u00e3o de uma carreira ao assumir a gest\u00e3o integral do lar.<\/li>\n\n\n\n<li><strong>Compensa\u00e7\u00e3o por ren\u00fancia<\/strong>: a pens\u00e3o foi tratada como repara\u00e7\u00e3o econ\u00f4mica, n\u00e3o como favor assistencial.<\/li>\n\n\n\n<li><strong>Veda\u00e7\u00e3o ao enriquecimento sem causa<\/strong>: o ex-parceiro se beneficiou do trabalho gratuito para progredir profissionalmente.<\/li>\n<\/ul>\n\n\n\n<h2 class=\"wp-block-heading\">Como foi definido o valor mensal de 1.400?<\/h2>\n\n\n\n<p>O montante fixado levou em conta o <strong>valor de mercado do trabalho dom\u00e9stico<\/strong>, estimando quanto custaria contratar profissionais para executar as mesmas fun\u00e7\u00f5es ao longo dos anos. Essa base objetiva afastou arbitrariedades e deu racionalidade ao c\u00e1lculo.<\/p>\n\n\n\n<p>Tamb\u00e9m foram avaliadas as <strong>necessidades b\u00e1sicas na terceira idade<\/strong>, como moradia, alimenta\u00e7\u00e3o e sa\u00fade. A natureza vital\u00edcia foi mantida porque a probabilidade de autonomia financeira futura foi considerada praticamente nula pelo tribunal.<\/p>\n\n\n\n<figure class=\"wp-block-image size-large\"><img loading=\"lazy\" decoding=\"async\" width=\"1024\" height=\"576\" src=\"https:\/\/www.em.com.br\/emfoco\/wp-content\/uploads\/2026\/02\/Imagem-4-7-1024x576.jpg\" alt=\"Mulher de 61 anos conquista pens\u00e3o vital\u00edcia ap\u00f3s 24 anos de trabalho dom\u00e9stico e Justi\u00e7a reconhece o valor invis\u00edvel do cuidado\" class=\"wp-image-165726\" srcset=\"https:\/\/www.em.com.br\/emfoco\/wp-content\/uploads\/2026\/02\/Imagem-4-7-1024x576.jpg 1024w, https:\/\/www.em.com.br\/emfoco\/wp-content\/uploads\/2026\/02\/Imagem-4-7-300x169.jpg 300w, https:\/\/www.em.com.br\/emfoco\/wp-content\/uploads\/2026\/02\/Imagem-4-7-768x432.jpg 768w, https:\/\/www.em.com.br\/emfoco\/wp-content\/uploads\/2026\/02\/Imagem-4-7-750x422.jpg 750w, https:\/\/www.em.com.br\/emfoco\/wp-content\/uploads\/2026\/02\/Imagem-4-7-1140x641.jpg 1140w, https:\/\/www.em.com.br\/emfoco\/wp-content\/uploads\/2026\/02\/Imagem-4-7.jpg 1280w\" sizes=\"auto, (max-width: 1024px) 100vw, 1024px\" \/><figcaption class=\"wp-element-caption\">C\u00e1lculo considerou valor de mercado do trabalho dom\u00e9stico e necessidades<\/figcaption><\/figure>\n\n\n\n<p><em>Leia mais: <strong><a href=\"https:\/\/www.em.com.br\/emfoco\/2026\/02\/06\/ela-largou-tudo-para-seguir-tornados-nos-eua-e-transformou-a-perseguicao-de-tempestades-em-uma-carreira-de-25-anos-e-muitas-imagens-raras\/\" target=\"_blank\" rel=\"noreferrer noopener\">Ela largou tudo para seguir tornados nos EUA e transformou a persegui\u00e7\u00e3o de tempestades em uma carreira de 25 anos e muitas imagens raras<\/a><\/strong><\/em><\/p>\n\n\n\n<h2 class=\"wp-block-heading\">Por que o cuidado dom\u00e9stico tem valor econ\u00f4mico mensur\u00e1vel?<\/h2>\n\n\n\n<p>Estudos sobre <strong>economia do cuidado<\/strong> demonstram que o trabalho dom\u00e9stico, majoritariamente exercido por mulheres, sustenta a produtividade de outros membros da fam\u00edlia. Quando contabilizado, representa parcela expressiva da riqueza social.<\/p>\n\n\n\n<ul class=\"wp-block-list\">\n<li><strong>Impacto de g\u00eanero<\/strong>: mulheres dedicam, em m\u00e9dia, o dobro do tempo a tarefas dom\u00e9sticas, afetando renda e patrim\u00f4nio.<\/li>\n\n\n\n<li><strong>Precedente jur\u00eddico<\/strong>: a decis\u00e3o fortalece entendimentos semelhantes em casos futuros.<\/li>\n\n\n\n<li><strong>Prote\u00e7\u00e3o social<\/strong>: reduz o risco de pobreza extrema ap\u00f3s separa\u00e7\u00f5es tardias.<\/li>\n<\/ul>\n\n\n\n<h2 class=\"wp-block-heading\">Quais s\u00e3o as implica\u00e7\u00f5es sociais dessa decis\u00e3o?<\/h2>\n\n\n\n<p>Ao reconhecer o lar como <strong>espa\u00e7o de produ\u00e7\u00e3o econ\u00f4mica<\/strong>, a Justi\u00e7a amplia a prote\u00e7\u00e3o a mulheres idosas e estimula debates sobre divis\u00e3o de tarefas e planejamento patrimonial. O domic\u00edlio deixa de ser invis\u00edvel aos olhos do Direito.<\/p>\n\n\n\n<p>A decis\u00e3o tamb\u00e9m refor\u00e7a a <strong><a href=\"https:\/\/www.politize.com.br\/equidade\/equidade-de-genero\/\" target=\"_blank\" rel=\"noreferrer noopener\">equidade de g\u00eanero<\/a><\/strong>, sinalizando que o tempo dedicado ao cuidado tem valor jur\u00eddico. O reconhecimento da pens\u00e3o vital\u00edcia consolida a ideia de que doar a pr\u00f3pria autonomia financeira exige repara\u00e7\u00e3o e seguran\u00e7a no futuro.<\/p>\n","protected":false},"excerpt":{"rendered":"<p>Justi\u00e7a reconheceu pens\u00e3o vital\u00edcia de 1.400 para mulher de 61 anos ap\u00f3s 24 anos dedicada ao lar. Decis\u00e3o considerou invi\u00e1vel a reinser\u00e7\u00e3o no mercado, perda de chance profissional, valor econ\u00f4mico do trabalho dom\u00e9stico e vulnerabilidade social na velhice. A confirma\u00e7\u00e3o de uma pens\u00e3o vital\u00edcia para uma mulher de 61 anos marca um avan\u00e7o hist\u00f3rico no [&hellip;]<\/p>\n","protected":false},"author":13,"featured_media":165724,"comment_status":"open","ping_status":"open","sticky":false,"template":"","format":"standard","meta":{"jnews-multi-image_gallery":[],"jnews_single_post":{"format":"standard"},"jnews_primary_category":[],"jnews_social_meta":[],"jnews_override_counter":[],"footnotes":""},"categories":[28],"tags":[24200,24201],"class_list":["post-165687","post","type-post","status-publish","format-standard","has-post-thumbnail","hentry","category-economia","tag-pensao-vitalicia","tag-trabalho-domestico"],"yoast_head":"<!-- This site is optimized with the Yoast SEO plugin v23.8 - https:\/\/yoast.com\/wordpress\/plugins\/seo\/ -->\n<title>Mulher de 61 anos conquista pens\u00e3o vital\u00edcia ap\u00f3s 24 anos de trabalho dom\u00e9stico e Justi\u00e7a reconhece o valor invis\u00edvel do cuidado - Estado de Minas - Em foco<\/title>\n<meta name=\"description\" content=\"Decis\u00e3o hist\u00f3rica garante pens\u00e3o a quem doou a vida ao lar. O reconhecimento transforma o cuidado em direito reparado.\" \/>\n<meta name=\"robots\" content=\"index, follow, max-snippet:-1, max-image-preview:large, max-video-preview:-1\" \/>\n<link rel=\"canonical\" href=\"https:\/\/www.em.com.br\/emfoco\/2026\/02\/09\/mulher-de-61-anos-conquista-pensao-vitalicia-apos-24-anos-de-trabalho-domestico-e-justica-reconhece-o-valor-invisivel-do-cuidado\/\" \/>\n<meta property=\"og:locale\" content=\"pt_BR\" \/>\n<meta property=\"og:type\" content=\"article\" \/>\n<meta property=\"og:title\" content=\"Mulher de 61 anos conquista pens\u00e3o vital\u00edcia ap\u00f3s 24 anos de trabalho dom\u00e9stico e Justi\u00e7a reconhece o valor invis\u00edvel do cuidado - Estado de Minas - Em foco\" \/>\n<meta property=\"og:description\" content=\"Decis\u00e3o hist\u00f3rica garante pens\u00e3o a quem doou a vida ao lar. O reconhecimento transforma o cuidado em direito reparado.\" \/>\n<meta property=\"og:url\" content=\"https:\/\/www.em.com.br\/emfoco\/2026\/02\/09\/mulher-de-61-anos-conquista-pensao-vitalicia-apos-24-anos-de-trabalho-domestico-e-justica-reconhece-o-valor-invisivel-do-cuidado\/\" \/>\n<meta property=\"og:site_name\" content=\"Estado de Minas - Em foco\" \/>\n<meta property=\"article:published_time\" content=\"2026-02-09T22:35:00+00:00\" \/>\n<meta property=\"article:modified_time\" content=\"2026-02-06T17:27:24+00:00\" \/>\n<meta property=\"og:image\" content=\"https:\/\/www.em.com.br\/emfoco\/wp-content\/uploads\/2026\/02\/Imagem-2-11.jpg\" \/>\n\t<meta property=\"og:image:width\" content=\"1280\" \/>\n\t<meta property=\"og:image:height\" content=\"720\" \/>\n\t<meta property=\"og:image:type\" content=\"image\/jpeg\" \/>\n<meta name=\"author\" content=\"Gabriel Martins\" \/>\n<meta name=\"twitter:card\" content=\"summary_large_image\" \/>\n<meta name=\"twitter:label1\" content=\"Escrito por\" \/>\n\t<meta name=\"twitter:data1\" content=\"Gabriel Martins\" \/>\n\t<meta name=\"twitter:label2\" content=\"Est. tempo de leitura\" \/>\n\t<meta name=\"twitter:data2\" content=\"4 minutos\" \/>\n<!-- \/ Yoast SEO plugin. -->","yoast_head_json":{"title":"Mulher de 61 anos conquista pens\u00e3o vital\u00edcia ap\u00f3s 24 anos de trabalho dom\u00e9stico e Justi\u00e7a reconhece o valor invis\u00edvel do cuidado - Estado de Minas - Em foco","description":"Decis\u00e3o hist\u00f3rica garante pens\u00e3o a quem doou a vida ao lar. O reconhecimento transforma o cuidado em direito reparado.","robots":{"index":"index","follow":"follow","max-snippet":"max-snippet:-1","max-image-preview":"max-image-preview:large","max-video-preview":"max-video-preview:-1"},"canonical":"https:\/\/www.em.com.br\/emfoco\/2026\/02\/09\/mulher-de-61-anos-conquista-pensao-vitalicia-apos-24-anos-de-trabalho-domestico-e-justica-reconhece-o-valor-invisivel-do-cuidado\/","og_locale":"pt_BR","og_type":"article","og_title":"Mulher de 61 anos conquista pens\u00e3o vital\u00edcia ap\u00f3s 24 anos de trabalho dom\u00e9stico e Justi\u00e7a reconhece o valor invis\u00edvel do cuidado - Estado de Minas - Em foco","og_description":"Decis\u00e3o hist\u00f3rica garante pens\u00e3o a quem doou a vida ao lar. O reconhecimento transforma o cuidado em direito reparado.","og_url":"https:\/\/www.em.com.br\/emfoco\/2026\/02\/09\/mulher-de-61-anos-conquista-pensao-vitalicia-apos-24-anos-de-trabalho-domestico-e-justica-reconhece-o-valor-invisivel-do-cuidado\/","og_site_name":"Estado de Minas - Em foco","article_published_time":"2026-02-09T22:35:00+00:00","article_modified_time":"2026-02-06T17:27:24+00:00","og_image":[{"width":1280,"height":720,"url":"https:\/\/www.em.com.br\/emfoco\/wp-content\/uploads\/2026\/02\/Imagem-2-11.jpg","type":"image\/jpeg"}],"author":"Gabriel Martins","twitter_card":"summary_large_image","twitter_misc":{"Escrito por":"Gabriel Martins","Est. tempo de leitura":"4 minutos"},"schema":{"@context":"https:\/\/schema.org","@graph":[{"@type":"WebPage","@id":"https:\/\/www.em.com.br\/emfoco\/2026\/02\/09\/mulher-de-61-anos-conquista-pensao-vitalicia-apos-24-anos-de-trabalho-domestico-e-justica-reconhece-o-valor-invisivel-do-cuidado\/","url":"https:\/\/www.em.com.br\/emfoco\/2026\/02\/09\/mulher-de-61-anos-conquista-pensao-vitalicia-apos-24-anos-de-trabalho-domestico-e-justica-reconhece-o-valor-invisivel-do-cuidado\/","name":"Mulher de 61 anos conquista pens\u00e3o vital\u00edcia ap\u00f3s 24 anos de trabalho dom\u00e9stico e Justi\u00e7a reconhece o valor invis\u00edvel do cuidado - Estado de Minas - Em foco","isPartOf":{"@id":"https:\/\/www.em.com.br\/emfoco\/#website"},"primaryImageOfPage":{"@id":"https:\/\/www.em.com.br\/emfoco\/2026\/02\/09\/mulher-de-61-anos-conquista-pensao-vitalicia-apos-24-anos-de-trabalho-domestico-e-justica-reconhece-o-valor-invisivel-do-cuidado\/#primaryimage"},"image":{"@id":"https:\/\/www.em.com.br\/emfoco\/2026\/02\/09\/mulher-de-61-anos-conquista-pensao-vitalicia-apos-24-anos-de-trabalho-domestico-e-justica-reconhece-o-valor-invisivel-do-cuidado\/#primaryimage"},"thumbnailUrl":"https:\/\/www.em.com.br\/emfoco\/wp-content\/uploads\/2026\/02\/Imagem-2-11.jpg","datePublished":"2026-02-09T22:35:00+00:00","dateModified":"2026-02-06T17:27:24+00:00","author":{"@id":"https:\/\/www.em.com.br\/emfoco\/#\/schema\/person\/1c9ddeab18b98abeffef834667bcf08a"},"description":"Decis\u00e3o hist\u00f3rica garante pens\u00e3o a quem doou a vida ao lar. O reconhecimento transforma o cuidado em direito reparado.","breadcrumb":{"@id":"https:\/\/www.em.com.br\/emfoco\/2026\/02\/09\/mulher-de-61-anos-conquista-pensao-vitalicia-apos-24-anos-de-trabalho-domestico-e-justica-reconhece-o-valor-invisivel-do-cuidado\/#breadcrumb"},"inLanguage":"pt-BR","potentialAction":[{"@type":"ReadAction","target":["https:\/\/www.em.com.br\/emfoco\/2026\/02\/09\/mulher-de-61-anos-conquista-pensao-vitalicia-apos-24-anos-de-trabalho-domestico-e-justica-reconhece-o-valor-invisivel-do-cuidado\/"]}]},{"@type":"ImageObject","inLanguage":"pt-BR","@id":"https:\/\/www.em.com.br\/emfoco\/2026\/02\/09\/mulher-de-61-anos-conquista-pensao-vitalicia-apos-24-anos-de-trabalho-domestico-e-justica-reconhece-o-valor-invisivel-do-cuidado\/#primaryimage","url":"https:\/\/www.em.com.br\/emfoco\/wp-content\/uploads\/2026\/02\/Imagem-2-11.jpg","contentUrl":"https:\/\/www.em.com.br\/emfoco\/wp-content\/uploads\/2026\/02\/Imagem-2-11.jpg","width":1280,"height":720,"caption":"Pens\u00e3o vital\u00edcia reconhece valor econ\u00f4mico do trabalho dom\u00e9stico ap\u00f3s div\u00f3rcio tardio"},{"@type":"BreadcrumbList","@id":"https:\/\/www.em.com.br\/emfoco\/2026\/02\/09\/mulher-de-61-anos-conquista-pensao-vitalicia-apos-24-anos-de-trabalho-domestico-e-justica-reconhece-o-valor-invisivel-do-cuidado\/#breadcrumb","itemListElement":[{"@type":"ListItem","position":1,"name":"In\u00edcio","item":"https:\/\/www.em.com.br\/emfoco\/"},{"@type":"ListItem","position":2,"name":"Mulher de 61 anos conquista pens\u00e3o vital\u00edcia ap\u00f3s 24 anos de trabalho dom\u00e9stico e Justi\u00e7a reconhece o valor invis\u00edvel do cuidado"}]},{"@type":"WebSite","@id":"https:\/\/www.em.com.br\/emfoco\/#website","url":"https:\/\/www.em.com.br\/emfoco\/","name":"Estado de Minas - Em foco","description":"Acompanhe as \u00faltimas not\u00edcias e fique bem informado sobre tudo o que acontece em Minas Gerais, Brasil e no mundo.","potentialAction":[{"@type":"SearchAction","target":{"@type":"EntryPoint","urlTemplate":"https:\/\/www.em.com.br\/emfoco\/?s={search_term_string}"},"query-input":{"@type":"PropertyValueSpecification","valueRequired":true,"valueName":"search_term_string"}}],"inLanguage":"pt-BR"},{"@type":"Person","@id":"https:\/\/www.em.com.br\/emfoco\/#\/schema\/person\/1c9ddeab18b98abeffef834667bcf08a","name":"Gabriel Martins","image":{"@type":"ImageObject","inLanguage":"pt-BR","@id":"https:\/\/www.em.com.br\/emfoco\/#\/schema\/person\/image\/","url":"https:\/\/secure.gravatar.com\/avatar\/f0f1e2efdfd88f1ad2cb08c5c2731e50?s=96&d=mm&r=g","contentUrl":"https:\/\/secure.gravatar.com\/avatar\/f0f1e2efdfd88f1ad2cb08c5c2731e50?s=96&d=mm&r=g","caption":"Gabriel Martins"},"sameAs":["https:\/\/www.em.com.br\/emfoco\/"],"url":"https:\/\/www.em.com.br\/emfoco\/author\/gabrielmartinsmyth\/"}]}},"_links":{"self":[{"href":"https:\/\/www.em.com.br\/emfoco\/wp-json\/wp\/v2\/posts\/165687","targetHints":{"allow":["GET"]}}],"collection":[{"href":"https:\/\/www.em.com.br\/emfoco\/wp-json\/wp\/v2\/posts"}],"about":[{"href":"https:\/\/www.em.com.br\/emfoco\/wp-json\/wp\/v2\/types\/post"}],"author":[{"embeddable":true,"href":"https:\/\/www.em.com.br\/emfoco\/wp-json\/wp\/v2\/users\/13"}],"replies":[{"embeddable":true,"href":"https:\/\/www.em.com.br\/emfoco\/wp-json\/wp\/v2\/comments?post=165687"}],"version-history":[{"count":1,"href":"https:\/\/www.em.com.br\/emfoco\/wp-json\/wp\/v2\/posts\/165687\/revisions"}],"predecessor-version":[{"id":165727,"href":"https:\/\/www.em.com.br\/emfoco\/wp-json\/wp\/v2\/posts\/165687\/revisions\/165727"}],"wp:featuredmedia":[{"embeddable":true,"href":"https:\/\/www.em.com.br\/emfoco\/wp-json\/wp\/v2\/media\/165724"}],"wp:attachment":[{"href":"https:\/\/www.em.com.br\/emfoco\/wp-json\/wp\/v2\/media?parent=165687"}],"wp:term":[{"taxonomy":"category","embeddable":true,"href":"https:\/\/www.em.com.br\/emfoco\/wp-json\/wp\/v2\/categories?post=165687"},{"taxonomy":"post_tag","embeddable":true,"href":"https:\/\/www.em.com.br\/emfoco\/wp-json\/wp\/v2\/tags?post=165687"}],"curies":[{"name":"wp","href":"https:\/\/api.w.org\/{rel}","templated":true}]}}