{"id":16567,"date":"2025-02-05T16:00:35","date_gmt":"2025-02-05T19:00:35","guid":{"rendered":"https:\/\/www.em.com.br\/emfoco\/?p=16567"},"modified":"2025-02-04T15:20:41","modified_gmt":"2025-02-04T18:20:41","slug":"a-nova-era-da-inteligencia-artificial-que-pensa-e-age-sozinha","status":"publish","type":"post","link":"https:\/\/www.em.com.br\/emfoco\/2025\/02\/05\/a-nova-era-da-inteligencia-artificial-que-pensa-e-age-sozinha\/","title":{"rendered":"A nova era da intelig\u00eancia artificial que pensa e age sozinha"},"content":{"rendered":"\n<p>A <strong>intelig\u00eancia artificial<\/strong> tem se tornado parte integrante das nossas vidas, especialmente com a popularidade crescente de ferramentas como o <a href=\"https:\/\/www.em.com.br\/emfoco\/?s=chatgpt\" target=\"_blank\" rel=\"noreferrer noopener\">ChatGPT<\/a>, da <strong>OpenAI<\/strong>, e o <strong>Gemini<\/strong>, da <strong>Google<\/strong>. No entanto, al\u00e9m dessas solu\u00e7\u00f5es, os <strong>agentes de IA<\/strong> emergem como uma tecnologia promissora, oferecendo a capacidade de executar tarefas mais complexas e de forma aut\u00f4noma.<\/p>\n\n\n\n<p>Esses agentes t\u00eam o potencial de ser um divisor de \u00e1guas no universo da IA, aproximando-nos da<strong> intelig\u00eancia artificial geral<\/strong> (<strong>AGI<\/strong>). A AGI representa um tipo de intelig\u00eancia capaz de entender e responder a diversas situa\u00e7\u00f5es, sem se restringir a fun\u00e7\u00f5es preestabelecidas. Enquanto esse aut\u00f4nomo ideal ainda parece distante, os agentes atuais j\u00e1 demonstram avan\u00e7os significativos.<\/p>\n\n\n\n<h2 class=\"wp-block-heading\">Como funcionam os agentes de intelig\u00eancia artificial?<\/h2>\n\n\n\n<p>Os <a href=\"https:\/\/news.microsoft.com\/source\/latam\/features\/ia-pt-br\/agentes-de-ia-o-que-sao-e-como-mudarao-a-forma-como-trabalhamos\/?lang=pt-br\" target=\"_blank\" rel=\"noreferrer noopener\">agentes de IA<\/a> s\u00e3o projetados para decidir e agir sem a necessidade de comandos cont\u00ednuos dos usu\u00e1rios. Essa capacidade deriva de v\u00e1rias <strong>t\u00e9cnicas avan\u00e7adas<\/strong>, incluindo<strong> aprendizado de m\u00e1quina<\/strong>,<strong> intelig\u00eancia computacional<\/strong> e <strong>processamento de linguagem natural<\/strong>. Diferente de sistemas como o ChatGPT, que dependem de inputs espec\u00edficos, os agentes s\u00e3o capazes de planejar e executar a\u00e7\u00f5es automaticamente para atingir objetivos predeterminados.<\/p>\n\n\n\n<p>Com o suporte de grandes modelos de linguagem, esses agentes adquirem a flexibilidade de operar em diversos cen\u00e1rios e setores. De assistentes virtuais a an\u00e1lises empresariais, suas aplica\u00e7\u00f5es s\u00e3o variadas e em constante expans\u00e3o, oferecendo solu\u00e7\u00f5es automatizadas e inteligentes para problemas complexos.<\/p>\n\n\n<div class=\"wp-block-image\">\n<figure class=\"aligncenter size-large\"><img loading=\"lazy\" decoding=\"async\" width=\"1024\" height=\"576\" src=\"https:\/\/www.em.com.br\/emfoco\/wp-content\/uploads\/2025\/02\/chatgpt_1738559779394-1024x576.jpg\" alt=\"OpenAI apresenta o3-mini, sua nova IA de racioc\u00ednio l\u00f3gico.\" class=\"wp-image-16232\" srcset=\"https:\/\/www.em.com.br\/emfoco\/wp-content\/uploads\/2025\/02\/chatgpt_1738559779394-1024x576.jpg 1024w, https:\/\/www.em.com.br\/emfoco\/wp-content\/uploads\/2025\/02\/chatgpt_1738559779394-300x169.jpg 300w, https:\/\/www.em.com.br\/emfoco\/wp-content\/uploads\/2025\/02\/chatgpt_1738559779394-768x432.jpg 768w, https:\/\/www.em.com.br\/emfoco\/wp-content\/uploads\/2025\/02\/chatgpt_1738559779394-750x422.jpg 750w, https:\/\/www.em.com.br\/emfoco\/wp-content\/uploads\/2025\/02\/chatgpt_1738559779394-1140x641.jpg 1140w, https:\/\/www.em.com.br\/emfoco\/wp-content\/uploads\/2025\/02\/chatgpt_1738559779394.jpg 1280w\" sizes=\"auto, (max-width: 1024px) 100vw, 1024px\" \/><figcaption class=\"wp-element-caption\">Imagem ilustrativa de usu\u00e1rio usando ChatGPT &#8211; Cr\u00e9ditos: depositphotos.com \/ KTStock<\/figcaption><\/figure><\/div>\n\n\n<h2 class=\"wp-block-heading\">Quais s\u00e3o as aplica\u00e7\u00f5es pr\u00e1ticas e benef\u00edcios?<\/h2>\n\n\n\n<p>A versatilidade dos agentes de IA os torna adequados para in\u00fameros contextos pr\u00e1ticos. No setor empresarial, por exemplo,<strong> os agentes podem otimizar processos analisando dados em tempo real e sugerindo modifica\u00e7\u00f5es estrat\u00e9gicas<\/strong>. Al\u00e9m disso, no setor de atendimento ao cliente, eles podem responder a consultas e resolver quest\u00f5es sem interven\u00e7\u00e3o humana, melhorando a efici\u00eancia operacional.<\/p>\n\n\n\n<p>Outro campo em que esses agentes se destacam \u00e9 na automa\u00e7\u00e3o de tarefas rotineiras que demandam tempo e recursos, liberando profissionais para se focarem em atividades mais estrat\u00e9gicas. Essa capacidade de automa\u00e7\u00e3o inteligente tem potencial para transformar pr\u00e1ticas corporativas e industriais.<\/p>\n\n\n\n<h2 class=\"wp-block-heading\">Desafios e considera\u00e7\u00f5es \u00e9ticas<\/h2>\n\n\n\n<p>Apesar dos benef\u00edcios claros, os <strong>agentes de IA levanta quest\u00f5es sobre seguran\u00e7a e \u00e9tica<\/strong>. A autonomia dessas tecnologias <strong>implica a necessidade de regulamenta\u00e7\u00f5es que definam limites e diretrizes de uso<\/strong>. A preocupa\u00e7\u00e3o sobre falhas t\u00e9cnicas em sistemas que atuam com consider\u00e1vel independ\u00eancia \u00e9 um tema recorrente em debates globais, especialmente no que diz respeito a sistemas cr\u00edticos como armamentos inteligentes.<\/p>\n\n\n\n<p>O cen\u00e1rio regulat\u00f3rio no <strong>Brasil <\/strong>e em outros pa\u00edses est\u00e1 em evolu\u00e7\u00e3o, com projetos de leis que buscam proteger a sociedade de riscos potenciais associados ao uso desacompanhado dessas tecnologias. A regulamenta\u00e7\u00e3o tenta equilibrar a inova\u00e7\u00e3o com a seguran\u00e7a, assegurando que os avan\u00e7os na IA tragam benef\u00edcios socialmente respons\u00e1veis.<\/p>\n\n\n\n<h2 class=\"wp-block-heading\">Perspectivas futuras dos agentes de IA<\/h2>\n\n\n\n<p>Ao olharmos para o futuro, os agentes de IA representam uma das \u00e1reas mais din\u00e2micas na pesquisa de tecnologia. \u00c0 medida que continuamos a explorar suas capacidades, o desenvolvimento de pol\u00edticas eficazes e conscientes ser\u00e1 essencial para garantir um impacto positivo. Com uma governan\u00e7a adequada, esses agentes podem se tornar ferramentas poderosas para resolver problemas complexos de nossa sociedade moderna.<\/p>\n","protected":false},"excerpt":{"rendered":"<p>A intelig\u00eancia artificial tem se tornado parte integrante das nossas vidas, especialmente com a popularidade crescente de ferramentas como o ChatGPT, da OpenAI, e o Gemini, da Google. No entanto, al\u00e9m dessas solu\u00e7\u00f5es, os agentes de IA emergem como uma tecnologia promissora, oferecendo a capacidade de executar tarefas mais complexas e de forma aut\u00f4noma. Esses [&hellip;]<\/p>\n","protected":false},"author":9,"featured_media":16582,"comment_status":"open","ping_status":"open","sticky":false,"template":"","format":"standard","meta":{"jnews-multi-image_gallery":[],"jnews_single_post":{"format":"standard"},"jnews_primary_category":[],"jnews_social_meta":[],"jnews_override_counter":[],"footnotes":""},"categories":[1,4204],"tags":[4564,1249,161],"class_list":["post-16567","post","type-post","status-publish","format-standard","has-post-thumbnail","hentry","category-noticias","category-tecnologia","tag-agentes-ai","tag-inteligencia-artificial","tag-tecnologia"],"yoast_head":"<!-- This site is optimized with the Yoast SEO plugin v23.8 - https:\/\/yoast.com\/wordpress\/plugins\/seo\/ -->\n<title>A nova era da intelig\u00eancia artificial que pensa e age sozinha<\/title>\n<meta name=\"description\" content=\"Conhe\u00e7a os agentes de IA, sua capacidade de atuar de forma aut\u00f4noma e os desafios \u00e9ticos dessa inova\u00e7\u00e3o tecnol\u00f3gica.\" \/>\n<meta name=\"robots\" content=\"index, follow, max-snippet:-1, max-image-preview:large, max-video-preview:-1\" \/>\n<link rel=\"canonical\" href=\"https:\/\/www.em.com.br\/emfoco\/2025\/02\/05\/a-nova-era-da-inteligencia-artificial-que-pensa-e-age-sozinha\/\" \/>\n<meta property=\"og:locale\" content=\"pt_BR\" \/>\n<meta property=\"og:type\" content=\"article\" \/>\n<meta property=\"og:title\" content=\"A nova era da intelig\u00eancia artificial que pensa e age sozinha\" \/>\n<meta property=\"og:description\" content=\"Conhe\u00e7a os agentes de IA, sua capacidade de atuar de forma aut\u00f4noma e os desafios \u00e9ticos dessa inova\u00e7\u00e3o tecnol\u00f3gica.\" \/>\n<meta property=\"og:url\" content=\"https:\/\/www.em.com.br\/emfoco\/2025\/02\/05\/a-nova-era-da-inteligencia-artificial-que-pensa-e-age-sozinha\/\" \/>\n<meta property=\"og:site_name\" content=\"Estado de Minas - Em foco\" \/>\n<meta property=\"article:published_time\" content=\"2025-02-05T19:00:35+00:00\" \/>\n<meta property=\"article:modified_time\" content=\"2025-02-04T18:20:41+00:00\" \/>\n<meta property=\"og:image\" content=\"https:\/\/www.em.com.br\/emfoco\/wp-content\/uploads\/2025\/02\/robos_1738685563906.jpg\" \/>\n\t<meta property=\"og:image:width\" content=\"1280\" \/>\n\t<meta property=\"og:image:height\" content=\"720\" \/>\n\t<meta property=\"og:image:type\" content=\"image\/jpeg\" \/>\n<meta name=\"author\" content=\"Daniely Cardoso\" \/>\n<meta name=\"twitter:card\" content=\"summary_large_image\" \/>\n<meta name=\"twitter:label1\" content=\"Escrito por\" \/>\n\t<meta name=\"twitter:data1\" content=\"Daniely Cardoso\" \/>\n\t<meta name=\"twitter:label2\" content=\"Est. tempo de leitura\" \/>\n\t<meta name=\"twitter:data2\" content=\"4 minutos\" \/>\n<!-- \/ Yoast SEO plugin. -->","yoast_head_json":{"title":"A nova era da intelig\u00eancia artificial que pensa e age sozinha","description":"Conhe\u00e7a os agentes de IA, sua capacidade de atuar de forma aut\u00f4noma e os desafios \u00e9ticos dessa inova\u00e7\u00e3o tecnol\u00f3gica.","robots":{"index":"index","follow":"follow","max-snippet":"max-snippet:-1","max-image-preview":"max-image-preview:large","max-video-preview":"max-video-preview:-1"},"canonical":"https:\/\/www.em.com.br\/emfoco\/2025\/02\/05\/a-nova-era-da-inteligencia-artificial-que-pensa-e-age-sozinha\/","og_locale":"pt_BR","og_type":"article","og_title":"A nova era da intelig\u00eancia artificial que pensa e age sozinha","og_description":"Conhe\u00e7a os agentes de IA, sua capacidade de atuar de forma aut\u00f4noma e os desafios \u00e9ticos dessa inova\u00e7\u00e3o tecnol\u00f3gica.","og_url":"https:\/\/www.em.com.br\/emfoco\/2025\/02\/05\/a-nova-era-da-inteligencia-artificial-que-pensa-e-age-sozinha\/","og_site_name":"Estado de Minas - Em foco","article_published_time":"2025-02-05T19:00:35+00:00","article_modified_time":"2025-02-04T18:20:41+00:00","og_image":[{"width":1280,"height":720,"url":"https:\/\/www.em.com.br\/emfoco\/wp-content\/uploads\/2025\/02\/robos_1738685563906.jpg","type":"image\/jpeg"}],"author":"Daniely Cardoso","twitter_card":"summary_large_image","twitter_misc":{"Escrito por":"Daniely Cardoso","Est. tempo de leitura":"4 minutos"},"schema":{"@context":"https:\/\/schema.org","@graph":[{"@type":"WebPage","@id":"https:\/\/www.em.com.br\/emfoco\/2025\/02\/05\/a-nova-era-da-inteligencia-artificial-que-pensa-e-age-sozinha\/","url":"https:\/\/www.em.com.br\/emfoco\/2025\/02\/05\/a-nova-era-da-inteligencia-artificial-que-pensa-e-age-sozinha\/","name":"A nova era da intelig\u00eancia artificial que pensa e age sozinha","isPartOf":{"@id":"https:\/\/www.em.com.br\/emfoco\/#website"},"primaryImageOfPage":{"@id":"https:\/\/www.em.com.br\/emfoco\/2025\/02\/05\/a-nova-era-da-inteligencia-artificial-que-pensa-e-age-sozinha\/#primaryimage"},"image":{"@id":"https:\/\/www.em.com.br\/emfoco\/2025\/02\/05\/a-nova-era-da-inteligencia-artificial-que-pensa-e-age-sozinha\/#primaryimage"},"thumbnailUrl":"https:\/\/www.em.com.br\/emfoco\/wp-content\/uploads\/2025\/02\/robos_1738685563906.jpg","datePublished":"2025-02-05T19:00:35+00:00","dateModified":"2025-02-04T18:20:41+00:00","author":{"@id":"https:\/\/www.em.com.br\/emfoco\/#\/schema\/person\/0a8186d72f2c3a5c6276d90b41f271a0"},"description":"Conhe\u00e7a os agentes de IA, sua capacidade de atuar de forma aut\u00f4noma e os desafios \u00e9ticos dessa inova\u00e7\u00e3o tecnol\u00f3gica.","breadcrumb":{"@id":"https:\/\/www.em.com.br\/emfoco\/2025\/02\/05\/a-nova-era-da-inteligencia-artificial-que-pensa-e-age-sozinha\/#breadcrumb"},"inLanguage":"pt-BR","potentialAction":[{"@type":"ReadAction","target":["https:\/\/www.em.com.br\/emfoco\/2025\/02\/05\/a-nova-era-da-inteligencia-artificial-que-pensa-e-age-sozinha\/"]}]},{"@type":"ImageObject","inLanguage":"pt-BR","@id":"https:\/\/www.em.com.br\/emfoco\/2025\/02\/05\/a-nova-era-da-inteligencia-artificial-que-pensa-e-age-sozinha\/#primaryimage","url":"https:\/\/www.em.com.br\/emfoco\/wp-content\/uploads\/2025\/02\/robos_1738685563906.jpg","contentUrl":"https:\/\/www.em.com.br\/emfoco\/wp-content\/uploads\/2025\/02\/robos_1738685563906.jpg","width":1280,"height":720,"caption":"Imagem ilustrativa de rob\u00f4s - Cr\u00e9ditos: depositphotos.com \/ iLexx"},{"@type":"BreadcrumbList","@id":"https:\/\/www.em.com.br\/emfoco\/2025\/02\/05\/a-nova-era-da-inteligencia-artificial-que-pensa-e-age-sozinha\/#breadcrumb","itemListElement":[{"@type":"ListItem","position":1,"name":"In\u00edcio","item":"https:\/\/www.em.com.br\/emfoco\/"},{"@type":"ListItem","position":2,"name":"A nova era da intelig\u00eancia artificial que pensa e age sozinha"}]},{"@type":"WebSite","@id":"https:\/\/www.em.com.br\/emfoco\/#website","url":"https:\/\/www.em.com.br\/emfoco\/","name":"Estado de Minas - Em foco","description":"Acompanhe as \u00faltimas not\u00edcias e fique bem informado sobre tudo o que acontece em Minas Gerais, Brasil e no mundo.","potentialAction":[{"@type":"SearchAction","target":{"@type":"EntryPoint","urlTemplate":"https:\/\/www.em.com.br\/emfoco\/?s={search_term_string}"},"query-input":{"@type":"PropertyValueSpecification","valueRequired":true,"valueName":"search_term_string"}}],"inLanguage":"pt-BR"},{"@type":"Person","@id":"https:\/\/www.em.com.br\/emfoco\/#\/schema\/person\/0a8186d72f2c3a5c6276d90b41f271a0","name":"Daniely Cardoso","image":{"@type":"ImageObject","inLanguage":"pt-BR","@id":"https:\/\/www.em.com.br\/emfoco\/#\/schema\/person\/image\/","url":"https:\/\/secure.gravatar.com\/avatar\/4b80ddbd124d1f071b626d52d62e5dff?s=96&d=mm&r=g","contentUrl":"https:\/\/secure.gravatar.com\/avatar\/4b80ddbd124d1f071b626d52d62e5dff?s=96&d=mm&r=g","caption":"Daniely Cardoso"},"url":"https:\/\/www.em.com.br\/emfoco\/author\/danielymyth\/"}]}},"_links":{"self":[{"href":"https:\/\/www.em.com.br\/emfoco\/wp-json\/wp\/v2\/posts\/16567","targetHints":{"allow":["GET"]}}],"collection":[{"href":"https:\/\/www.em.com.br\/emfoco\/wp-json\/wp\/v2\/posts"}],"about":[{"href":"https:\/\/www.em.com.br\/emfoco\/wp-json\/wp\/v2\/types\/post"}],"author":[{"embeddable":true,"href":"https:\/\/www.em.com.br\/emfoco\/wp-json\/wp\/v2\/users\/9"}],"replies":[{"embeddable":true,"href":"https:\/\/www.em.com.br\/emfoco\/wp-json\/wp\/v2\/comments?post=16567"}],"version-history":[{"count":2,"href":"https:\/\/www.em.com.br\/emfoco\/wp-json\/wp\/v2\/posts\/16567\/revisions"}],"predecessor-version":[{"id":16586,"href":"https:\/\/www.em.com.br\/emfoco\/wp-json\/wp\/v2\/posts\/16567\/revisions\/16586"}],"wp:featuredmedia":[{"embeddable":true,"href":"https:\/\/www.em.com.br\/emfoco\/wp-json\/wp\/v2\/media\/16582"}],"wp:attachment":[{"href":"https:\/\/www.em.com.br\/emfoco\/wp-json\/wp\/v2\/media?parent=16567"}],"wp:term":[{"taxonomy":"category","embeddable":true,"href":"https:\/\/www.em.com.br\/emfoco\/wp-json\/wp\/v2\/categories?post=16567"},{"taxonomy":"post_tag","embeddable":true,"href":"https:\/\/www.em.com.br\/emfoco\/wp-json\/wp\/v2\/tags?post=16567"}],"curies":[{"name":"wp","href":"https:\/\/api.w.org\/{rel}","templated":true}]}}