{"id":165558,"date":"2026-02-06T13:49:00","date_gmt":"2026-02-06T16:49:00","guid":{"rendered":"https:\/\/www.em.com.br\/emfoco\/?p=165558"},"modified":"2026-02-06T11:10:08","modified_gmt":"2026-02-06T14:10:08","slug":"carrefour-recolhe-detergente-para-roupa-que-pode-causar-queimaduras-graves-na-pele","status":"publish","type":"post","link":"https:\/\/www.em.com.br\/emfoco\/2026\/02\/06\/carrefour-recolhe-detergente-para-roupa-que-pode-causar-queimaduras-graves-na-pele\/","title":{"rendered":"Carrefour recolhe detergente para roupa que pode causar &#8220;queimaduras graves na pele&#8221;"},"content":{"rendered":"\n<p>Um detergente de roupas vendido em todas as lojas Carrefour da <strong>Fran\u00e7a <\/strong>foi retirado das prateleiras ap\u00f3s a identifica\u00e7\u00e3o de um risco relevante \u00e0 sa\u00fade. A medida envolve a suspens\u00e3o imediata das vendas e um amplo processo de recolhimento, atingindo consumidores que j\u00e1 compraram o produto. O caso chama aten\u00e7\u00e3o por envolver um item de uso cotidiano e por estar relacionado a uma falha de fabrica\u00e7\u00e3o capaz de alterar a composi\u00e7\u00e3o qu\u00edmica do detergente.<\/p>\n\n\n\n<h2 class=\"wp-block-heading\">O que motivou o recall do detergente Carrefour?<\/h2>\n\n\n\n<p>As autoridades francesas de seguran\u00e7a de produtos de consumo identificaram um defeito de fabrica\u00e7\u00e3o em um lote espec\u00edfico de detergente l\u00edquido para roupas <strong>Total Fresh 4 em 1, da linha Carrefour Expert<\/strong>. O problema est\u00e1 associado a um aumento excessivo do pH, deixando o produto mais alcalino do que o permitido pelos padr\u00f5es de seguran\u00e7a.<\/p>\n\n\n\n<p>Essa altera\u00e7\u00e3o qu\u00edmica representa risco direto ao consumidor, o que levou \u00e0 publica\u00e7\u00e3o de um alerta oficial em plataforma governamental e \u00e0 retirada imediata do produto do mercado em todas as unidades da rede <strong><a href=\"https:\/\/www.em.com.br\/emfoco\/2025\/09\/05\/rede-de-supermercados-carrefour-vai-se-despedir-dessa-regiao\/\" target=\"_blank\" rel=\"noreferrer noopener\">Carrefour <\/a>na Fran\u00e7a.<\/strong><\/p>\n\n\n\n<h2 class=\"wp-block-heading\">Por que o pH elevado representa perigo \u00e0 sa\u00fade?<\/h2>\n\n\n\n<p>Produtos de limpeza s\u00e3o desenvolvidos para agir sobre sujeiras sem causar danos quando usados corretamente. Por\u00e9m, quando o pH se torna mais alto do que o especificado, o contato direto pode provocar irrita\u00e7\u00f5es severas e queimaduras.<\/p>\n\n\n\n<p>Entre os principais riscos associados ao detergente com pH elevado, destacam-se:<\/p>\n\n\n\n<ul class=\"wp-block-list\">\n<li><strong>Queimaduras na pele<\/strong>, especialmente em contato prolongado.<\/li>\n\n\n\n<li><strong>Irrita\u00e7\u00e3o nos olhos<\/strong>, com possibilidade de les\u00f5es mais graves.<\/li>\n\n\n\n<li><strong>Danos \u00e0s mucosas<\/strong>, em caso de respingos ou inala\u00e7\u00e3o de vapores.<\/li>\n\n\n\n<li><strong>Rea\u00e7\u00f5es al\u00e9rgicas<\/strong>, principalmente em pessoas sens\u00edveis.<\/li>\n<\/ul>\n\n\n\n<figure class=\"wp-block-embed is-type-rich is-provider-twitter wp-block-embed-twitter\"><div class=\"wp-block-embed__wrapper\">\n<blockquote class=\"twitter-tweet\" data-width=\"500\" data-dnt=\"true\"><p lang=\"fr\" dir=\"ltr\"><a href=\"https:\/\/twitter.com\/hashtag\/RappelProduit?src=hash&amp;ref_src=twsrc%5Etfw\">#RappelProduit<\/a> Lessive liquide Total Fresh 4 en 1 &#8211; CARREFOUR EXPERT Risques : Br\u00fblures Motif : Suite \u00e0 un probl\u00e8me de fabrication du lot, le pH du produit est trop \u00e9lev\u00e9. Il y a alors un risque de graves br\u00fblures de la pe &#8230; <a href=\"https:\/\/t.co\/P6023pJhjZ\">https:\/\/t.co\/P6023pJhjZ<\/a> <a href=\"https:\/\/t.co\/kFJZh16VzX\">pic.twitter.com\/kFJZh16VzX<\/a><\/p>&mdash; RappelConso (@RappelConso) <a href=\"https:\/\/twitter.com\/RappelConso\/status\/2018691396060823574?ref_src=twsrc%5Etfw\">February 3, 2026<\/a><\/blockquote><script async src=\"https:\/\/platform.twitter.com\/widgets.js\" charset=\"utf-8\"><\/script>\n<\/div><\/figure>\n\n\n\n<h2 class=\"wp-block-heading\">Como identificar o detergente que foi retirado das prateleiras?<\/h2>\n\n\n\n<p>Para facilitar a identifica\u00e7\u00e3o do produto afetado, as autoridades divulgaram informa\u00e7\u00f5es detalhadas presentes na embalagem. A verifica\u00e7\u00e3o desses dados \u00e9 essencial antes de qualquer tentativa de uso.<\/p>\n\n\n\n<p>O recall envolve o seguinte item:<\/p>\n\n\n\n<ul class=\"wp-block-list\">\n<li><strong>Produto<\/strong>, detergente l\u00edquido Total Fresh 4 em 1.<\/li>\n\n\n\n<li><strong>Marca\/Linha<\/strong>, Carrefour Expert.<\/li>\n\n\n\n<li><strong>Conte\u00fado<\/strong>, frasco de 1,98 litro.<\/li>\n\n\n\n<li><strong>C\u00f3digo de barras<\/strong>, 3560071562397.<\/li>\n\n\n\n<li><strong>N\u00famero do lote<\/strong>, 92528150.<\/li>\n<\/ul>\n\n\n\n<h2 class=\"wp-block-heading\">O que fazer se o detergente estiver em casa?<\/h2>\n\n\n\n<p>Consumidores que identificarem o produto em casa devem interromper imediatamente o uso e evitar qualquer contato com o conte\u00fado. O frasco deve permanecer fechado e fora do alcance de crian\u00e7as e animais.<\/p>\n\n\n\n<p>As orienta\u00e7\u00f5es principais incluem:<\/p>\n\n\n\n<ul class=\"wp-block-list\">\n<li><strong>N\u00e3o utilizar<\/strong> o detergente em nenhuma situa\u00e7\u00e3o.<\/li>\n\n\n\n<li><strong>Levar o produto<\/strong> a uma loja Carrefour.<\/li>\n\n\n\n<li><strong>Solicitar reembolso integral<\/strong>, sem necessidade de apresentar justificativa.<\/li>\n\n\n\n<li><strong>Buscar orienta\u00e7\u00e3o m\u00e9dica<\/strong>, caso tenha ocorrido contato e surjam irrita\u00e7\u00f5es.<\/li>\n<\/ul>\n\n\n\n<h2 class=\"wp-block-heading\">Qual a import\u00e2ncia dos sistemas de alerta ao consumidor?<\/h2>\n\n\n\n<p>Casos como esse demonstram o papel fundamental dos sistemas oficiais de recall na prote\u00e7\u00e3o da sa\u00fade p\u00fablica. Eles permitem que problemas de fabrica\u00e7\u00e3o sejam comunicados rapidamente e que o alcance do risco seja reduzido.<\/p>\n\n\n\n<p>A divulga\u00e7\u00e3o clara de dados como lote, per\u00edodo de venda e procedimentos de devolu\u00e7\u00e3o garante transpar\u00eancia e fortalece a confian\u00e7a do consumidor, al\u00e9m de refor\u00e7ar a responsabilidade das empresas em corrigir falhas que possam comprometer a seguran\u00e7a.<\/p>\n","protected":false},"excerpt":{"rendered":"<p>Um detergente de roupas vendido em todas as lojas Carrefour da Fran\u00e7a foi retirado das prateleiras ap\u00f3s a identifica\u00e7\u00e3o de um risco relevante \u00e0 sa\u00fade. A medida envolve a suspens\u00e3o imediata das vendas e um amplo processo de recolhimento, atingindo consumidores que j\u00e1 compraram o produto. O caso chama aten\u00e7\u00e3o por envolver um item de [&hellip;]<\/p>\n","protected":false},"author":19,"featured_media":165565,"comment_status":"open","ping_status":"open","sticky":false,"template":"","format":"standard","meta":{"jnews-multi-image_gallery":[],"jnews_single_post":{"format":"standard"},"jnews_primary_category":[],"jnews_social_meta":[],"jnews_override_counter":[],"footnotes":""},"categories":[1],"tags":[24187,15553],"class_list":["post-165558","post","type-post","status-publish","format-standard","has-post-thumbnail","hentry","category-noticias","tag-carrefour-recolhe-detergente","tag-detergente"],"yoast_head":"<!-- This site is optimized with the Yoast SEO plugin v23.8 - https:\/\/yoast.com\/wordpress\/plugins\/seo\/ -->\n<title>Carrefour recolhe detergente para roupa que pode causar &quot;queimaduras graves na pele&quot; - Estado de Minas - Em foco<\/title>\n<meta name=\"description\" content=\"O Carrefour anunciou o recolhimento de um detergente para roupa ap\u00f3s identificar risco de queimaduras graves na pele dos consumidores.\" \/>\n<meta name=\"robots\" content=\"index, follow, max-snippet:-1, max-image-preview:large, max-video-preview:-1\" \/>\n<link rel=\"canonical\" href=\"https:\/\/www.em.com.br\/emfoco\/2026\/02\/06\/carrefour-recolhe-detergente-para-roupa-que-pode-causar-queimaduras-graves-na-pele\/\" \/>\n<meta property=\"og:locale\" content=\"pt_BR\" \/>\n<meta property=\"og:type\" content=\"article\" \/>\n<meta property=\"og:title\" content=\"Carrefour recolhe detergente para roupa que pode causar &quot;queimaduras graves na pele&quot; - Estado de Minas - Em foco\" \/>\n<meta property=\"og:description\" content=\"O Carrefour anunciou o recolhimento de um detergente para roupa ap\u00f3s identificar risco de queimaduras graves na pele dos consumidores.\" \/>\n<meta property=\"og:url\" content=\"https:\/\/www.em.com.br\/emfoco\/2026\/02\/06\/carrefour-recolhe-detergente-para-roupa-que-pode-causar-queimaduras-graves-na-pele\/\" \/>\n<meta property=\"og:site_name\" content=\"Estado de Minas - Em foco\" \/>\n<meta property=\"article:published_time\" content=\"2026-02-06T16:49:00+00:00\" \/>\n<meta property=\"article:modified_time\" content=\"2026-02-06T14:10:08+00:00\" \/>\n<meta property=\"og:image\" content=\"https:\/\/www.em.com.br\/emfoco\/wp-content\/uploads\/2026\/02\/mosaico_1770386381681.jpg\" \/>\n\t<meta property=\"og:image:width\" content=\"1280\" \/>\n\t<meta property=\"og:image:height\" content=\"720\" \/>\n\t<meta property=\"og:image:type\" content=\"image\/jpeg\" \/>\n<meta name=\"author\" content=\"Vanessa Tavares\" \/>\n<meta name=\"twitter:card\" content=\"summary_large_image\" \/>\n<meta name=\"twitter:label1\" content=\"Escrito por\" \/>\n\t<meta name=\"twitter:data1\" content=\"Vanessa Tavares\" \/>\n\t<meta name=\"twitter:label2\" content=\"Est. tempo de leitura\" \/>\n\t<meta name=\"twitter:data2\" content=\"3 minutos\" \/>\n<!-- \/ Yoast SEO plugin. -->","yoast_head_json":{"title":"Carrefour recolhe detergente para roupa que pode causar \"queimaduras graves na pele\" - Estado de Minas - Em foco","description":"O Carrefour anunciou o recolhimento de um detergente para roupa ap\u00f3s identificar risco de queimaduras graves na pele dos consumidores.","robots":{"index":"index","follow":"follow","max-snippet":"max-snippet:-1","max-image-preview":"max-image-preview:large","max-video-preview":"max-video-preview:-1"},"canonical":"https:\/\/www.em.com.br\/emfoco\/2026\/02\/06\/carrefour-recolhe-detergente-para-roupa-que-pode-causar-queimaduras-graves-na-pele\/","og_locale":"pt_BR","og_type":"article","og_title":"Carrefour recolhe detergente para roupa que pode causar \"queimaduras graves na pele\" - Estado de Minas - Em foco","og_description":"O Carrefour anunciou o recolhimento de um detergente para roupa ap\u00f3s identificar risco de queimaduras graves na pele dos consumidores.","og_url":"https:\/\/www.em.com.br\/emfoco\/2026\/02\/06\/carrefour-recolhe-detergente-para-roupa-que-pode-causar-queimaduras-graves-na-pele\/","og_site_name":"Estado de Minas - Em foco","article_published_time":"2026-02-06T16:49:00+00:00","article_modified_time":"2026-02-06T14:10:08+00:00","og_image":[{"width":1280,"height":720,"url":"https:\/\/www.em.com.br\/emfoco\/wp-content\/uploads\/2026\/02\/mosaico_1770386381681.jpg","type":"image\/jpeg"}],"author":"Vanessa Tavares","twitter_card":"summary_large_image","twitter_misc":{"Escrito por":"Vanessa Tavares","Est. tempo de leitura":"3 minutos"},"schema":{"@context":"https:\/\/schema.org","@graph":[{"@type":"WebPage","@id":"https:\/\/www.em.com.br\/emfoco\/2026\/02\/06\/carrefour-recolhe-detergente-para-roupa-que-pode-causar-queimaduras-graves-na-pele\/","url":"https:\/\/www.em.com.br\/emfoco\/2026\/02\/06\/carrefour-recolhe-detergente-para-roupa-que-pode-causar-queimaduras-graves-na-pele\/","name":"Carrefour recolhe detergente para roupa que pode causar \"queimaduras graves na pele\" - Estado de Minas - Em foco","isPartOf":{"@id":"https:\/\/www.em.com.br\/emfoco\/#website"},"primaryImageOfPage":{"@id":"https:\/\/www.em.com.br\/emfoco\/2026\/02\/06\/carrefour-recolhe-detergente-para-roupa-que-pode-causar-queimaduras-graves-na-pele\/#primaryimage"},"image":{"@id":"https:\/\/www.em.com.br\/emfoco\/2026\/02\/06\/carrefour-recolhe-detergente-para-roupa-que-pode-causar-queimaduras-graves-na-pele\/#primaryimage"},"thumbnailUrl":"https:\/\/www.em.com.br\/emfoco\/wp-content\/uploads\/2026\/02\/mosaico_1770386381681.jpg","datePublished":"2026-02-06T16:49:00+00:00","dateModified":"2026-02-06T14:10:08+00:00","author":{"@id":"https:\/\/www.em.com.br\/emfoco\/#\/schema\/person\/4a7a157aac450b98edc86f15a7434f0b"},"description":"O Carrefour anunciou o recolhimento de um detergente para roupa ap\u00f3s identificar risco de queimaduras graves na pele dos consumidores.","breadcrumb":{"@id":"https:\/\/www.em.com.br\/emfoco\/2026\/02\/06\/carrefour-recolhe-detergente-para-roupa-que-pode-causar-queimaduras-graves-na-pele\/#breadcrumb"},"inLanguage":"pt-BR","potentialAction":[{"@type":"ReadAction","target":["https:\/\/www.em.com.br\/emfoco\/2026\/02\/06\/carrefour-recolhe-detergente-para-roupa-que-pode-causar-queimaduras-graves-na-pele\/"]}]},{"@type":"ImageObject","inLanguage":"pt-BR","@id":"https:\/\/www.em.com.br\/emfoco\/2026\/02\/06\/carrefour-recolhe-detergente-para-roupa-que-pode-causar-queimaduras-graves-na-pele\/#primaryimage","url":"https:\/\/www.em.com.br\/emfoco\/wp-content\/uploads\/2026\/02\/mosaico_1770386381681.jpg","contentUrl":"https:\/\/www.em.com.br\/emfoco\/wp-content\/uploads\/2026\/02\/mosaico_1770386381681.jpg","width":1280,"height":720,"caption":"Carrefour recolhe detergente para roupa ap\u00f3s alerta de queimaduras graves na pele"},{"@type":"BreadcrumbList","@id":"https:\/\/www.em.com.br\/emfoco\/2026\/02\/06\/carrefour-recolhe-detergente-para-roupa-que-pode-causar-queimaduras-graves-na-pele\/#breadcrumb","itemListElement":[{"@type":"ListItem","position":1,"name":"In\u00edcio","item":"https:\/\/www.em.com.br\/emfoco\/"},{"@type":"ListItem","position":2,"name":"Carrefour recolhe detergente para roupa que pode causar &#8220;queimaduras graves na pele&#8221;"}]},{"@type":"WebSite","@id":"https:\/\/www.em.com.br\/emfoco\/#website","url":"https:\/\/www.em.com.br\/emfoco\/","name":"Estado de Minas - Em foco","description":"Acompanhe as \u00faltimas not\u00edcias e fique bem informado sobre tudo o que acontece em Minas Gerais, Brasil e no mundo.","potentialAction":[{"@type":"SearchAction","target":{"@type":"EntryPoint","urlTemplate":"https:\/\/www.em.com.br\/emfoco\/?s={search_term_string}"},"query-input":{"@type":"PropertyValueSpecification","valueRequired":true,"valueName":"search_term_string"}}],"inLanguage":"pt-BR"},{"@type":"Person","@id":"https:\/\/www.em.com.br\/emfoco\/#\/schema\/person\/4a7a157aac450b98edc86f15a7434f0b","name":"Vanessa Tavares","image":{"@type":"ImageObject","inLanguage":"pt-BR","@id":"https:\/\/www.em.com.br\/emfoco\/#\/schema\/person\/image\/","url":"https:\/\/secure.gravatar.com\/avatar\/088c9372da58da00f00f8e508f13d635?s=96&d=mm&r=g","contentUrl":"https:\/\/secure.gravatar.com\/avatar\/088c9372da58da00f00f8e508f13d635?s=96&d=mm&r=g","caption":"Vanessa Tavares"},"sameAs":["https:\/\/www.em.com.br\/emfoco"],"url":"https:\/\/www.em.com.br\/emfoco\/author\/vanessamyth\/"}]}},"_links":{"self":[{"href":"https:\/\/www.em.com.br\/emfoco\/wp-json\/wp\/v2\/posts\/165558","targetHints":{"allow":["GET"]}}],"collection":[{"href":"https:\/\/www.em.com.br\/emfoco\/wp-json\/wp\/v2\/posts"}],"about":[{"href":"https:\/\/www.em.com.br\/emfoco\/wp-json\/wp\/v2\/types\/post"}],"author":[{"embeddable":true,"href":"https:\/\/www.em.com.br\/emfoco\/wp-json\/wp\/v2\/users\/19"}],"replies":[{"embeddable":true,"href":"https:\/\/www.em.com.br\/emfoco\/wp-json\/wp\/v2\/comments?post=165558"}],"version-history":[{"count":2,"href":"https:\/\/www.em.com.br\/emfoco\/wp-json\/wp\/v2\/posts\/165558\/revisions"}],"predecessor-version":[{"id":165569,"href":"https:\/\/www.em.com.br\/emfoco\/wp-json\/wp\/v2\/posts\/165558\/revisions\/165569"}],"wp:featuredmedia":[{"embeddable":true,"href":"https:\/\/www.em.com.br\/emfoco\/wp-json\/wp\/v2\/media\/165565"}],"wp:attachment":[{"href":"https:\/\/www.em.com.br\/emfoco\/wp-json\/wp\/v2\/media?parent=165558"}],"wp:term":[{"taxonomy":"category","embeddable":true,"href":"https:\/\/www.em.com.br\/emfoco\/wp-json\/wp\/v2\/categories?post=165558"},{"taxonomy":"post_tag","embeddable":true,"href":"https:\/\/www.em.com.br\/emfoco\/wp-json\/wp\/v2\/tags?post=165558"}],"curies":[{"name":"wp","href":"https:\/\/api.w.org\/{rel}","templated":true}]}}