{"id":16520,"date":"2025-02-11T16:40:00","date_gmt":"2025-02-11T19:40:00","guid":{"rendered":"https:\/\/www.em.com.br\/emfoco\/?p=16520"},"modified":"2025-02-10T16:04:00","modified_gmt":"2025-02-10T19:04:00","slug":"motoristas-sao-surpreendidos-com-novo-beneficio-para-carros-antigos","status":"publish","type":"post","link":"https:\/\/www.em.com.br\/emfoco\/2025\/02\/11\/motoristas-sao-surpreendidos-com-novo-beneficio-para-carros-antigos\/","title":{"rendered":"Motoristas s\u00e3o surpreendidos com novo benef\u00edcio para carros antigos!"},"content":{"rendered":"\n<p>Nos estados de <strong><a href=\"https:\/\/www.em.com.br\/emfoco\/2025\/01\/02\/a-ilha-proibida-localizada-no-literal-paulista\/\" target=\"_blank\" rel=\"noreferrer noopener\">S\u00e3o Paulo<\/a>, Acre, Mato Grosso do Sul, Paran\u00e1 e Rio Grande do Sul<\/strong>, os propriet\u00e1rios de autom\u00f3veis com mais de vinte anos de fabrica\u00e7\u00e3o desfrutam de isen\u00e7\u00e3o do <strong>IPVA<\/strong> em 2025. O benef\u00edcio fiscal come\u00e7a a valer para carros fabricados em 2004. Esta medida estimula interesse em modelos mais antigos, levando a um aumento nas buscas e vendas desses ve\u00edculos.<\/p>\n\n\n\n<p>De acordo com plataformas populares de compra e venda, carros de vinte anos de idade est\u00e3o entre os mais procurados pelos compradores. Essa busca por modelos antigos n\u00e3o apenas potencializa o mercado de ve\u00edculos usados, mas tamb\u00e9m proporciona uma significativa economia financeira para os propriet\u00e1rios, que deixam de pagar o imposto automotivo.<\/p>\n\n\n\n<h2 class=\"wp-block-heading\">Modelos isentos de IPVA em alta no mercado<\/h2>\n\n\n\n<p>Plataformas digitais como a <strong>Webmotors e OLX<\/strong> s\u00e3o determinantes para mostrar a popularidade de ve\u00edculos isentos de IPVA. Em 2024, a Webmotors registrou os seguintes modelos como os mais pesquisados entre os carros de 2004:<\/p>\n\n\n\n<ul class=\"wp-block-list\">\n<li><strong>Honda Fit 2004<\/strong> &#8211; 297 mil visitas<\/li>\n\n\n\n<li><strong>Chevrolet Celta 2004<\/strong> &#8211; 204 mil visitas<\/li>\n\n\n\n<li><strong>Toyota Corolla 2004<\/strong> &#8211; 187 mil visitas<\/li>\n\n\n\n<li><strong>Honda Civic 2004<\/strong> &#8211; 181 mil visitas<\/li>\n\n\n\n<li><strong>Chevrolet Corsa 2004<\/strong> &#8211; 124 mil visitas<\/li>\n<\/ul>\n\n\n\n<p>Al\u00e9m disso, na<strong> OLX<\/strong>, o <strong>Ford Fiesta 2005<\/strong> liderou as vendas em 2024, representando 78,58% do total de transa\u00e7\u00f5es, seguido por outros modelos da Chevrolet.<\/p>\n\n\n\n<figure class=\"wp-block-image size-large\"><img loading=\"lazy\" decoding=\"async\" width=\"1024\" height=\"576\" src=\"https:\/\/www.em.com.br\/emfoco\/wp-content\/uploads\/2024\/12\/ipva_1735650653009-1024x576.jpg\" alt=\"IPVA 2025 SP: Consulte o Valor do Seu Imposto e Evite Multas\" class=\"wp-image-7786\" srcset=\"https:\/\/www.em.com.br\/emfoco\/wp-content\/uploads\/2024\/12\/ipva_1735650653009-1024x576.jpg 1024w, https:\/\/www.em.com.br\/emfoco\/wp-content\/uploads\/2024\/12\/ipva_1735650653009-300x169.jpg 300w, https:\/\/www.em.com.br\/emfoco\/wp-content\/uploads\/2024\/12\/ipva_1735650653009-768x432.jpg 768w, https:\/\/www.em.com.br\/emfoco\/wp-content\/uploads\/2024\/12\/ipva_1735650653009-750x422.jpg 750w, https:\/\/www.em.com.br\/emfoco\/wp-content\/uploads\/2024\/12\/ipva_1735650653009-1140x641.jpg 1140w, https:\/\/www.em.com.br\/emfoco\/wp-content\/uploads\/2024\/12\/ipva_1735650653009.jpg 1280w\" sizes=\"auto, (max-width: 1024px) 100vw, 1024px\" \/><figcaption class=\"wp-element-caption\">Imagem Ilustrativa de IPVA &#8211; Cr\u00e9ditos: depositphotos.com \/ rafapress<\/figcaption><\/figure>\n\n\n\n<h2 class=\"wp-block-heading\">Quando um carro se torna isento de IPVA?<\/h2>\n\n\n\n<p>No estado de S\u00e3o Paulo, ve\u00edculos com mais de vinte anos est\u00e3o isentos de pagar o IPVA. Estima-se que, de uma frota total de aproximadamente 29,4 milh\u00f5es de ve\u00edculos, 9,4 milh\u00f5es est\u00e3o isentos em 2025. Essa pol\u00edtica se repete em outros estados brasileiros, com varia\u00e7\u00f5es na idade m\u00ednima de isen\u00e7\u00e3o, como quinze anos em algumas regi\u00f5es do <strong>Norte e Nordeste<\/strong>.<\/p>\n\n\n\n<h2 class=\"wp-block-heading\">Considera\u00e7\u00f5es ao comprar um carro antigo<\/h2>\n\n\n\n<p>Adquirir um ve\u00edculo com duas d\u00e9cadas de uso pode se tornar uma op\u00e7\u00e3o econ\u00f4mica vi\u00e1vel, mas exige aten\u00e7\u00e3o e alguns cuidados. \u00c9 essencial que o comprador realize a checagem do hist\u00f3rico do ve\u00edculo, verificando informa\u00e7\u00f5es pela placa, <strong><a href=\"https:\/\/www.gov.br\/pt-br\/servicos\/consultar-dados-de-veiculo-na-base-renavam\" target=\"_blank\" rel=\"noreferrer noopener\">Renavam<\/a> e chassi<\/strong>, para identificar poss\u00edveis pend\u00eancias ou problemas legais.<\/p>\n\n\n\n<ol class=\"wp-block-list\">\n<li>Verifique a originalidade de pe\u00e7as como porcas e parafusos, buscando sinais de reparos inadequados.<\/li>\n\n\n\n<li>Analise o estado de conserva\u00e7\u00e3o da carroceria, observando o interior e poss\u00edveis mudan\u00e7as de cores.<\/li>\n\n\n\n<li>Certifique-se de que a quilometragem corresponde ao estado geral do ve\u00edculo, de prefer\u00eancia com apoio de um mec\u00e2nico profissional.<\/li>\n<\/ol>\n\n\n\n<h2 class=\"wp-block-heading\">Como garantir uma compra segura<\/h2>\n\n\n\n<p>Para uma compra segura, \u00e9 crucial negociar diretamente com o propriet\u00e1rio do ve\u00edculo. Durante o processo, todas as d\u00favidas devem ser registradas por meio dos canais oficiais da plataforma de venda. Se for uma loja de seminovos, verificar a legalidade do estabelecimento \u00e9 imprescind\u00edvel.<\/p>\n\n\n\n<p>Ao marcar a visita para inspecionar o ve\u00edculo, opte por locais p\u00fablicos e movimentados. Em rela\u00e7\u00e3o ao pagamento, ele deve ser realizado em uma conta banc\u00e1ria no nome do propriet\u00e1rio do ve\u00edculo, sempre confirmando as informa\u00e7\u00f5es diretamente com ele antes da transa\u00e7\u00e3o.<\/p>\n","protected":false},"excerpt":{"rendered":"<p>Nos estados de S\u00e3o Paulo, Acre, Mato Grosso do Sul, Paran\u00e1 e Rio Grande do Sul, os propriet\u00e1rios de autom\u00f3veis com mais de vinte anos de fabrica\u00e7\u00e3o desfrutam de isen\u00e7\u00e3o do IPVA em 2025. O benef\u00edcio fiscal come\u00e7a a valer para carros fabricados em 2004. Esta medida estimula interesse em modelos mais antigos, levando a [&hellip;]<\/p>\n","protected":false},"author":5,"featured_media":9999,"comment_status":"open","ping_status":"open","sticky":false,"template":"","format":"standard","meta":{"jnews-multi-image_gallery":[],"jnews_single_post":{"format":"standard"},"jnews_primary_category":[],"jnews_social_meta":[],"jnews_override_counter":[],"footnotes":""},"categories":[27,28,1],"tags":[818,762,3445],"class_list":["post-16520","post","type-post","status-publish","format-standard","has-post-thumbnail","hentry","category-carros","category-economia","category-noticias","tag-carro","tag-ipva","tag-isencao-de-ipva"],"yoast_head":"<!-- This site is optimized with the Yoast SEO plugin v23.8 - https:\/\/yoast.com\/wordpress\/plugins\/seo\/ -->\n<title>Motoristas s\u00e3o surpreendidos com novo benef\u00edcio para carros antigos! - Estado de Minas - Em foco<\/title>\n<meta name=\"description\" content=\"Modelos esquecidos de 2004 agora valem ouro! Veja como a nova regra est\u00e1 movimentando o mercado de ve\u00edculos usados.\" \/>\n<meta name=\"robots\" content=\"index, follow, max-snippet:-1, max-image-preview:large, max-video-preview:-1\" \/>\n<link rel=\"canonical\" href=\"https:\/\/www.em.com.br\/emfoco\/2025\/02\/11\/motoristas-sao-surpreendidos-com-novo-beneficio-para-carros-antigos\/\" \/>\n<meta property=\"og:locale\" content=\"pt_BR\" \/>\n<meta property=\"og:type\" content=\"article\" \/>\n<meta property=\"og:title\" content=\"Motoristas s\u00e3o surpreendidos com novo benef\u00edcio para carros antigos! - Estado de Minas - Em foco\" \/>\n<meta property=\"og:description\" content=\"Modelos esquecidos de 2004 agora valem ouro! Veja como a nova regra est\u00e1 movimentando o mercado de ve\u00edculos usados.\" \/>\n<meta property=\"og:url\" content=\"https:\/\/www.em.com.br\/emfoco\/2025\/02\/11\/motoristas-sao-surpreendidos-com-novo-beneficio-para-carros-antigos\/\" \/>\n<meta property=\"og:site_name\" content=\"Estado de Minas - Em foco\" \/>\n<meta property=\"article:published_time\" content=\"2025-02-11T19:40:00+00:00\" \/>\n<meta property=\"article:modified_time\" content=\"2025-02-10T19:04:00+00:00\" \/>\n<meta property=\"og:image\" content=\"https:\/\/www.em.com.br\/emfoco\/wp-content\/uploads\/2025\/01\/carros-automaticos_1736618917035.jpg\" \/>\n\t<meta property=\"og:image:width\" content=\"1280\" \/>\n\t<meta property=\"og:image:height\" content=\"720\" \/>\n\t<meta property=\"og:image:type\" content=\"image\/jpeg\" \/>\n<meta name=\"author\" content=\"N\u00fabia Rangel\" \/>\n<meta name=\"twitter:card\" content=\"summary_large_image\" \/>\n<meta name=\"twitter:label1\" content=\"Escrito por\" \/>\n\t<meta name=\"twitter:data1\" content=\"N\u00fabia Rangel\" \/>\n\t<meta name=\"twitter:label2\" content=\"Est. tempo de leitura\" \/>\n\t<meta name=\"twitter:data2\" content=\"4 minutos\" \/>\n<!-- \/ Yoast SEO plugin. -->","yoast_head_json":{"title":"Motoristas s\u00e3o surpreendidos com novo benef\u00edcio para carros antigos! - Estado de Minas - Em foco","description":"Modelos esquecidos de 2004 agora valem ouro! Veja como a nova regra est\u00e1 movimentando o mercado de ve\u00edculos usados.","robots":{"index":"index","follow":"follow","max-snippet":"max-snippet:-1","max-image-preview":"max-image-preview:large","max-video-preview":"max-video-preview:-1"},"canonical":"https:\/\/www.em.com.br\/emfoco\/2025\/02\/11\/motoristas-sao-surpreendidos-com-novo-beneficio-para-carros-antigos\/","og_locale":"pt_BR","og_type":"article","og_title":"Motoristas s\u00e3o surpreendidos com novo benef\u00edcio para carros antigos! - Estado de Minas - Em foco","og_description":"Modelos esquecidos de 2004 agora valem ouro! Veja como a nova regra est\u00e1 movimentando o mercado de ve\u00edculos usados.","og_url":"https:\/\/www.em.com.br\/emfoco\/2025\/02\/11\/motoristas-sao-surpreendidos-com-novo-beneficio-para-carros-antigos\/","og_site_name":"Estado de Minas - Em foco","article_published_time":"2025-02-11T19:40:00+00:00","article_modified_time":"2025-02-10T19:04:00+00:00","og_image":[{"width":1280,"height":720,"url":"https:\/\/www.em.com.br\/emfoco\/wp-content\/uploads\/2025\/01\/carros-automaticos_1736618917035.jpg","type":"image\/jpeg"}],"author":"N\u00fabia Rangel","twitter_card":"summary_large_image","twitter_misc":{"Escrito por":"N\u00fabia Rangel","Est. tempo de leitura":"4 minutos"},"schema":{"@context":"https:\/\/schema.org","@graph":[{"@type":"WebPage","@id":"https:\/\/www.em.com.br\/emfoco\/2025\/02\/11\/motoristas-sao-surpreendidos-com-novo-beneficio-para-carros-antigos\/","url":"https:\/\/www.em.com.br\/emfoco\/2025\/02\/11\/motoristas-sao-surpreendidos-com-novo-beneficio-para-carros-antigos\/","name":"Motoristas s\u00e3o surpreendidos com novo benef\u00edcio para carros antigos! - Estado de Minas - Em foco","isPartOf":{"@id":"https:\/\/www.em.com.br\/emfoco\/#website"},"primaryImageOfPage":{"@id":"https:\/\/www.em.com.br\/emfoco\/2025\/02\/11\/motoristas-sao-surpreendidos-com-novo-beneficio-para-carros-antigos\/#primaryimage"},"image":{"@id":"https:\/\/www.em.com.br\/emfoco\/2025\/02\/11\/motoristas-sao-surpreendidos-com-novo-beneficio-para-carros-antigos\/#primaryimage"},"thumbnailUrl":"https:\/\/www.em.com.br\/emfoco\/wp-content\/uploads\/2025\/01\/carros-automaticos_1736618917035.jpg","datePublished":"2025-02-11T19:40:00+00:00","dateModified":"2025-02-10T19:04:00+00:00","author":{"@id":"https:\/\/www.em.com.br\/emfoco\/#\/schema\/person\/524437ef54f8a5d32591b143307f2e20"},"description":"Modelos esquecidos de 2004 agora valem ouro! Veja como a nova regra est\u00e1 movimentando o mercado de ve\u00edculos usados.","breadcrumb":{"@id":"https:\/\/www.em.com.br\/emfoco\/2025\/02\/11\/motoristas-sao-surpreendidos-com-novo-beneficio-para-carros-antigos\/#breadcrumb"},"inLanguage":"pt-BR","potentialAction":[{"@type":"ReadAction","target":["https:\/\/www.em.com.br\/emfoco\/2025\/02\/11\/motoristas-sao-surpreendidos-com-novo-beneficio-para-carros-antigos\/"]}]},{"@type":"ImageObject","inLanguage":"pt-BR","@id":"https:\/\/www.em.com.br\/emfoco\/2025\/02\/11\/motoristas-sao-surpreendidos-com-novo-beneficio-para-carros-antigos\/#primaryimage","url":"https:\/\/www.em.com.br\/emfoco\/wp-content\/uploads\/2025\/01\/carros-automaticos_1736618917035.jpg","contentUrl":"https:\/\/www.em.com.br\/emfoco\/wp-content\/uploads\/2025\/01\/carros-automaticos_1736618917035.jpg","width":1280,"height":720,"caption":"Carro - Cr\u00e9ditos: depositphotos.com \/ bjjenzor@gmail.com"},{"@type":"BreadcrumbList","@id":"https:\/\/www.em.com.br\/emfoco\/2025\/02\/11\/motoristas-sao-surpreendidos-com-novo-beneficio-para-carros-antigos\/#breadcrumb","itemListElement":[{"@type":"ListItem","position":1,"name":"In\u00edcio","item":"https:\/\/www.em.com.br\/emfoco\/"},{"@type":"ListItem","position":2,"name":"Motoristas s\u00e3o surpreendidos com novo benef\u00edcio para carros antigos!"}]},{"@type":"WebSite","@id":"https:\/\/www.em.com.br\/emfoco\/#website","url":"https:\/\/www.em.com.br\/emfoco\/","name":"Estado de Minas - Em foco","description":"Acompanhe as \u00faltimas not\u00edcias e fique bem informado sobre tudo o que acontece em Minas Gerais, Brasil e no mundo.","potentialAction":[{"@type":"SearchAction","target":{"@type":"EntryPoint","urlTemplate":"https:\/\/www.em.com.br\/emfoco\/?s={search_term_string}"},"query-input":{"@type":"PropertyValueSpecification","valueRequired":true,"valueName":"search_term_string"}}],"inLanguage":"pt-BR"},{"@type":"Person","@id":"https:\/\/www.em.com.br\/emfoco\/#\/schema\/person\/524437ef54f8a5d32591b143307f2e20","name":"N\u00fabia Rangel","image":{"@type":"ImageObject","inLanguage":"pt-BR","@id":"https:\/\/www.em.com.br\/emfoco\/#\/schema\/person\/image\/","url":"https:\/\/secure.gravatar.com\/avatar\/47cff2827a5ba23c37e8068c86817ea4?s=96&d=mm&r=g","contentUrl":"https:\/\/secure.gravatar.com\/avatar\/47cff2827a5ba23c37e8068c86817ea4?s=96&d=mm&r=g","caption":"N\u00fabia Rangel"},"sameAs":["https:\/\/www.em.com.br\/emfoco\/"],"url":"https:\/\/www.em.com.br\/emfoco\/author\/nubiamyth\/"}]}},"_links":{"self":[{"href":"https:\/\/www.em.com.br\/emfoco\/wp-json\/wp\/v2\/posts\/16520","targetHints":{"allow":["GET"]}}],"collection":[{"href":"https:\/\/www.em.com.br\/emfoco\/wp-json\/wp\/v2\/posts"}],"about":[{"href":"https:\/\/www.em.com.br\/emfoco\/wp-json\/wp\/v2\/types\/post"}],"author":[{"embeddable":true,"href":"https:\/\/www.em.com.br\/emfoco\/wp-json\/wp\/v2\/users\/5"}],"replies":[{"embeddable":true,"href":"https:\/\/www.em.com.br\/emfoco\/wp-json\/wp\/v2\/comments?post=16520"}],"version-history":[{"count":2,"href":"https:\/\/www.em.com.br\/emfoco\/wp-json\/wp\/v2\/posts\/16520\/revisions"}],"predecessor-version":[{"id":16525,"href":"https:\/\/www.em.com.br\/emfoco\/wp-json\/wp\/v2\/posts\/16520\/revisions\/16525"}],"wp:featuredmedia":[{"embeddable":true,"href":"https:\/\/www.em.com.br\/emfoco\/wp-json\/wp\/v2\/media\/9999"}],"wp:attachment":[{"href":"https:\/\/www.em.com.br\/emfoco\/wp-json\/wp\/v2\/media?parent=16520"}],"wp:term":[{"taxonomy":"category","embeddable":true,"href":"https:\/\/www.em.com.br\/emfoco\/wp-json\/wp\/v2\/categories?post=16520"},{"taxonomy":"post_tag","embeddable":true,"href":"https:\/\/www.em.com.br\/emfoco\/wp-json\/wp\/v2\/tags?post=16520"}],"curies":[{"name":"wp","href":"https:\/\/api.w.org\/{rel}","templated":true}]}}