{"id":16462,"date":"2025-02-03T17:30:00","date_gmt":"2025-02-03T20:30:00","guid":{"rendered":"https:\/\/www.em.com.br\/emfoco\/?p=16462"},"modified":"2025-02-03T17:06:34","modified_gmt":"2025-02-03T20:06:34","slug":"recheios-incriveis-que-vao-deixar-seu-bolo-de-massa-branca-muito-mais-gostoso","status":"publish","type":"post","link":"https:\/\/www.em.com.br\/emfoco\/2025\/02\/03\/recheios-incriveis-que-vao-deixar-seu-bolo-de-massa-branca-muito-mais-gostoso\/","title":{"rendered":"Recheios incr\u00edveis que v\u00e3o deixar seu bolo de massa branca muito mais gostoso"},"content":{"rendered":"\n<p>O <strong>bolo de massa branca<\/strong> \u00e9 um dos pilares da confeitaria tradicional, sendo uma excelente escolha para acompanhar momentos de descontra\u00e7\u00e3o, como um caf\u00e9 da tarde ou uma celebra\u00e7\u00e3o especial. Muitos se perguntam quais seriam as melhores op\u00e7\u00f5es de <strong>recheios <\/strong>para incrementar esse tipo de <strong>bolo<\/strong>, tornando-o ainda mais irresist\u00edvel. Felizmente, existem in\u00fameras possibilidades que variam entre o doce cl\u00e1ssico e o sofisticado.<\/p>\n\n\n\n<p>Entre as diversas op\u00e7\u00f5es de <strong>recheio<\/strong>, est\u00e3o os mais famosos e queridos pelo p\u00fablico brasileiro, segundo o site <a href=\"https:\/\/receitasdepesos.com.br\/melhores-recheios-para-bolo-massa-branca.html\/\" target=\"_blank\" rel=\"noreferrer noopener\">Receitas de Peso<\/a>. Desde o tradicional brigadeiro at\u00e9 sabores mais inusitados como creme de avel\u00e3, a escolha do <strong>recheio perfeito<\/strong> pode transformar este <strong>bolo <\/strong>em uma verdadeira obra-prima. Este artigo explorar\u00e1 algumas dessas del\u00edcias.<\/p>\n\n\n\n<h2 class=\"wp-block-heading\">Quais s\u00e3o os recheios mais tradicionais para bolo de massa branca?<\/h2>\n\n\n\n<p>Quando se fala em recheios tradicionais para bolos no Brasil, poucos superam a popularidade do&nbsp;<strong>brigadeiro<\/strong>. Este doce, feito a partir da combina\u00e7\u00e3o de leite condensado, manteiga e cacau em p\u00f3, \u00e9 a preferida de muitos. Grande parte da sua fama se deve \u00e0 textura suave e ao sabor inigual\u00e1vel que o brigadeiro proporciona ao bolo. Outro recheio que ocupa um lugar especial nos cora\u00e7\u00f5es \u00e9 o&nbsp;<strong>doce de leite<\/strong>, que pode ser facilmente encontrado em supermercados ou feito em casa.<\/p>\n\n\n\n<p>Al\u00e9m desses, o&nbsp;<strong>creme de avel\u00e3<\/strong>&nbsp;tamb\u00e9m se destaca. Este recheio \u00e9 ideal para quem busca um toque a mais de cremosidade. A mistura de avel\u00e3s mo\u00eddas com a\u00e7\u00facar e manteiga resulta em um recheio irresistivelmente cremoso. A adi\u00e7\u00e3o do chocolate derretido pode elevar ainda mais o sabor, fazendo uma combina\u00e7\u00e3o perfeita para os paladares exigentes.<\/p>\n\n\n\n<h2 class=\"wp-block-heading\">Qual sabor de recheio combina melhor com o bolo de massa branca?<\/h2>\n\n\n\n<p>Para quem prefere um sabor mais refrescante e menos doce, o&nbsp;<strong>creme de lim\u00e3o<\/strong>&nbsp;\u00e9 uma excelente escolha. Este recheio \u00e9 feito com a\u00e7\u00facar, manteiga, suco e raspas de lim\u00e3o, proporcionando um equil\u00edbrio delicioso entre acidez e do\u00e7ura. Seus sabores c\u00edtricos contrastam harmoniosamente com a suavidade da massa branca.<\/p>\n\n\n\n<p>Outra op\u00e7\u00e3o leve e saborosa \u00e9 a\u00a0<strong>geleia de frutas<\/strong>. A geleia oferece uma do\u00e7ura delicada e pode ser feita de v\u00e1rias frutas, como morango, amora ou framboesa. Para quem prefere algo mais ex\u00f3tico, geleia de laranja ou lim\u00e3o-siciliano podem conferir um toque especial ao bolo, surpreendendo e encantando os paladares mais curiosos.<\/p>\n\n\n<div class=\"wp-block-image\">\n<figure class=\"aligncenter size-large\"><img loading=\"lazy\" decoding=\"async\" width=\"1024\" height=\"576\" src=\"https:\/\/www.em.com.br\/emfoco\/wp-content\/uploads\/2025\/02\/bolo_1738612405624-1024x576.jpg\" alt=\"Recheios incr\u00edveis que v\u00e3o deixar seu bolo de massa branca muito mais gostoso\" class=\"wp-image-16466\" srcset=\"https:\/\/www.em.com.br\/emfoco\/wp-content\/uploads\/2025\/02\/bolo_1738612405624-1024x576.jpg 1024w, https:\/\/www.em.com.br\/emfoco\/wp-content\/uploads\/2025\/02\/bolo_1738612405624-300x169.jpg 300w, https:\/\/www.em.com.br\/emfoco\/wp-content\/uploads\/2025\/02\/bolo_1738612405624-768x432.jpg 768w, https:\/\/www.em.com.br\/emfoco\/wp-content\/uploads\/2025\/02\/bolo_1738612405624-750x422.jpg 750w, https:\/\/www.em.com.br\/emfoco\/wp-content\/uploads\/2025\/02\/bolo_1738612405624-1140x641.jpg 1140w, https:\/\/www.em.com.br\/emfoco\/wp-content\/uploads\/2025\/02\/bolo_1738612405624.jpg 1280w\" sizes=\"auto, (max-width: 1024px) 100vw, 1024px\" \/><figcaption class=\"wp-element-caption\">Fatia de bolo (Cr\u00e9ditos: depositphotos.com \/ MicEnin)<\/figcaption><\/figure><\/div>\n\n\n<h2 class=\"wp-block-heading\">Quais s\u00e3o as dicas para escolher o recheio perfeito?<\/h2>\n\n\n\n<p>Escolher o recheio perfeito para seu bolo de massa branca depende principalmente de gosto pessoal e da ocasi\u00e3o em que o bolo ser\u00e1 servido. Algumas dicas podem ajudar nessa miss\u00e3o:<\/p>\n\n\n\n<ul class=\"wp-block-list\">\n<li>Considere o perfil de sabor desejado: mais doce ou c\u00edtrico.<\/li>\n\n\n\n<li>Combine diferentes recheios para inovar. Uma mistura de\u00a0<em>geleia de amora<\/em>\u00a0com creme de avel\u00e3 pode ser surpreendente.<\/li>\n\n\n\n<li>Pense na textura desejada: cremoso, suave ou com peda\u00e7os, como uma geleia ou castanhas trituradas.<\/li>\n\n\n\n<li>Leve em conta <a href=\"https:\/\/www.em.com.br\/emfoco\/2025\/02\/03\/tomate-muito-alem-de-uma-salada-descubra-os-seus-beneficios-para-a-saude\/\" target=\"_blank\" rel=\"noreferrer noopener\">prefer\u00eancias alimentares<\/a> dos convidados para evitar alergias ou intoler\u00e2ncias.<\/li>\n<\/ul>\n\n\n\n<p>Experimentar combina\u00e7\u00f5es diferentes \u00e9 a chave para descobrir novas harmonias de sabores e tornar o seu bolo de massa branca \u00fanico e memor\u00e1vel.<\/p>\n\n\n\n<h2 class=\"wp-block-heading\">Finalizando seu bolo de massa branca<\/h2>\n\n\n\n<p>A escolha do recheio \u00e9 fundamental para o resultado final do bolo de massa branca. Seja com um cl\u00e1ssico como o brigadeiro ou aventurando-se com um recheio ex\u00f3tico, o importante \u00e9 respeitar o gosto pessoal e o estilo da ocasi\u00e3o. Recheios simples como creme de leite ou chantilly tamb\u00e9m podem ser op\u00e7\u00f5es excelentes, dependendo do seu objetivo. Explore, combine e descubra novos sabores, garantindo que cada fatia de bolo seja uma surpreendente experi\u00eancia gastron\u00f4mica.<\/p>\n\n\n\n<p><\/p>\n","protected":false},"excerpt":{"rendered":"<p>O bolo de massa branca \u00e9 um dos pilares da confeitaria tradicional, sendo uma excelente escolha para acompanhar momentos de descontra\u00e7\u00e3o, como um caf\u00e9 da tarde ou uma celebra\u00e7\u00e3o especial. Muitos se perguntam quais seriam as melhores op\u00e7\u00f5es de recheios para incrementar esse tipo de bolo, tornando-o ainda mais irresist\u00edvel. Felizmente, existem in\u00fameras possibilidades que [&hellip;]<\/p>\n","protected":false},"author":10,"featured_media":16465,"comment_status":"open","ping_status":"open","sticky":false,"template":"","format":"standard","meta":{"jnews-multi-image_gallery":[],"jnews_single_post":{"format":"standard"},"jnews_primary_category":[],"jnews_social_meta":[],"jnews_override_counter":[],"footnotes":""},"categories":[29],"tags":[3439,248,4476,4551],"class_list":["post-16462","post","type-post","status-publish","format-standard","has-post-thumbnail","hentry","category-entretenimento","tag-bolo","tag-culinaria","tag-massa-branca","tag-recheios"],"yoast_head":"<!-- This site is optimized with the Yoast SEO plugin v23.8 - https:\/\/yoast.com\/wordpress\/plugins\/seo\/ -->\n<title>Recheios incr\u00edveis que v\u00e3o deixar seu bolo de massa branca muito mais gostoso - Estado de Minas - Em foco<\/title>\n<meta name=\"description\" content=\"Descubra os recheios perfeitos para transformar seu bolo de massa branca em uma verdadeira obra-prima da culin\u00e1ria.\" \/>\n<meta name=\"robots\" content=\"index, follow, max-snippet:-1, max-image-preview:large, max-video-preview:-1\" \/>\n<link rel=\"canonical\" href=\"https:\/\/www.em.com.br\/emfoco\/2025\/02\/03\/recheios-incriveis-que-vao-deixar-seu-bolo-de-massa-branca-muito-mais-gostoso\/\" \/>\n<meta property=\"og:locale\" content=\"pt_BR\" \/>\n<meta property=\"og:type\" content=\"article\" \/>\n<meta property=\"og:title\" content=\"Recheios incr\u00edveis que v\u00e3o deixar seu bolo de massa branca muito mais gostoso - Estado de Minas - Em foco\" \/>\n<meta property=\"og:description\" content=\"Descubra os recheios perfeitos para transformar seu bolo de massa branca em uma verdadeira obra-prima da culin\u00e1ria.\" \/>\n<meta property=\"og:url\" content=\"https:\/\/www.em.com.br\/emfoco\/2025\/02\/03\/recheios-incriveis-que-vao-deixar-seu-bolo-de-massa-branca-muito-mais-gostoso\/\" \/>\n<meta property=\"og:site_name\" content=\"Estado de Minas - Em foco\" \/>\n<meta property=\"article:published_time\" content=\"2025-02-03T20:30:00+00:00\" \/>\n<meta property=\"article:modified_time\" content=\"2025-02-03T20:06:34+00:00\" \/>\n<meta property=\"og:image\" content=\"https:\/\/www.em.com.br\/emfoco\/wp-content\/uploads\/2025\/02\/bolo_1738612170037.jpg\" \/>\n\t<meta property=\"og:image:width\" content=\"1280\" \/>\n\t<meta property=\"og:image:height\" content=\"720\" \/>\n\t<meta property=\"og:image:type\" content=\"image\/jpeg\" \/>\n<meta name=\"author\" content=\"Patryck Reinehr\" \/>\n<meta name=\"twitter:card\" content=\"summary_large_image\" \/>\n<meta name=\"twitter:label1\" content=\"Escrito por\" \/>\n\t<meta name=\"twitter:data1\" content=\"Patryck Reinehr\" \/>\n\t<meta name=\"twitter:label2\" content=\"Est. tempo de leitura\" \/>\n\t<meta name=\"twitter:data2\" content=\"4 minutos\" \/>\n<!-- \/ Yoast SEO plugin. -->","yoast_head_json":{"title":"Recheios incr\u00edveis que v\u00e3o deixar seu bolo de massa branca muito mais gostoso - Estado de Minas - Em foco","description":"Descubra os recheios perfeitos para transformar seu bolo de massa branca em uma verdadeira obra-prima da culin\u00e1ria.","robots":{"index":"index","follow":"follow","max-snippet":"max-snippet:-1","max-image-preview":"max-image-preview:large","max-video-preview":"max-video-preview:-1"},"canonical":"https:\/\/www.em.com.br\/emfoco\/2025\/02\/03\/recheios-incriveis-que-vao-deixar-seu-bolo-de-massa-branca-muito-mais-gostoso\/","og_locale":"pt_BR","og_type":"article","og_title":"Recheios incr\u00edveis que v\u00e3o deixar seu bolo de massa branca muito mais gostoso - Estado de Minas - Em foco","og_description":"Descubra os recheios perfeitos para transformar seu bolo de massa branca em uma verdadeira obra-prima da culin\u00e1ria.","og_url":"https:\/\/www.em.com.br\/emfoco\/2025\/02\/03\/recheios-incriveis-que-vao-deixar-seu-bolo-de-massa-branca-muito-mais-gostoso\/","og_site_name":"Estado de Minas - Em foco","article_published_time":"2025-02-03T20:30:00+00:00","article_modified_time":"2025-02-03T20:06:34+00:00","og_image":[{"width":1280,"height":720,"url":"https:\/\/www.em.com.br\/emfoco\/wp-content\/uploads\/2025\/02\/bolo_1738612170037.jpg","type":"image\/jpeg"}],"author":"Patryck Reinehr","twitter_card":"summary_large_image","twitter_misc":{"Escrito por":"Patryck Reinehr","Est. tempo de leitura":"4 minutos"},"schema":{"@context":"https:\/\/schema.org","@graph":[{"@type":"WebPage","@id":"https:\/\/www.em.com.br\/emfoco\/2025\/02\/03\/recheios-incriveis-que-vao-deixar-seu-bolo-de-massa-branca-muito-mais-gostoso\/","url":"https:\/\/www.em.com.br\/emfoco\/2025\/02\/03\/recheios-incriveis-que-vao-deixar-seu-bolo-de-massa-branca-muito-mais-gostoso\/","name":"Recheios incr\u00edveis que v\u00e3o deixar seu bolo de massa branca muito mais gostoso - Estado de Minas - Em foco","isPartOf":{"@id":"https:\/\/www.em.com.br\/emfoco\/#website"},"primaryImageOfPage":{"@id":"https:\/\/www.em.com.br\/emfoco\/2025\/02\/03\/recheios-incriveis-que-vao-deixar-seu-bolo-de-massa-branca-muito-mais-gostoso\/#primaryimage"},"image":{"@id":"https:\/\/www.em.com.br\/emfoco\/2025\/02\/03\/recheios-incriveis-que-vao-deixar-seu-bolo-de-massa-branca-muito-mais-gostoso\/#primaryimage"},"thumbnailUrl":"https:\/\/www.em.com.br\/emfoco\/wp-content\/uploads\/2025\/02\/bolo_1738612170037.jpg","datePublished":"2025-02-03T20:30:00+00:00","dateModified":"2025-02-03T20:06:34+00:00","author":{"@id":"https:\/\/www.em.com.br\/emfoco\/#\/schema\/person\/43407752bebcbbb4d0ec79deedc0d7ce"},"description":"Descubra os recheios perfeitos para transformar seu bolo de massa branca em uma verdadeira obra-prima da culin\u00e1ria.","breadcrumb":{"@id":"https:\/\/www.em.com.br\/emfoco\/2025\/02\/03\/recheios-incriveis-que-vao-deixar-seu-bolo-de-massa-branca-muito-mais-gostoso\/#breadcrumb"},"inLanguage":"pt-BR","potentialAction":[{"@type":"ReadAction","target":["https:\/\/www.em.com.br\/emfoco\/2025\/02\/03\/recheios-incriveis-que-vao-deixar-seu-bolo-de-massa-branca-muito-mais-gostoso\/"]}]},{"@type":"ImageObject","inLanguage":"pt-BR","@id":"https:\/\/www.em.com.br\/emfoco\/2025\/02\/03\/recheios-incriveis-que-vao-deixar-seu-bolo-de-massa-branca-muito-mais-gostoso\/#primaryimage","url":"https:\/\/www.em.com.br\/emfoco\/wp-content\/uploads\/2025\/02\/bolo_1738612170037.jpg","contentUrl":"https:\/\/www.em.com.br\/emfoco\/wp-content\/uploads\/2025\/02\/bolo_1738612170037.jpg","width":1280,"height":720,"caption":"Bolo (Cr\u00e9ditos: depositphotos.com \/ MicEnin)"},{"@type":"BreadcrumbList","@id":"https:\/\/www.em.com.br\/emfoco\/2025\/02\/03\/recheios-incriveis-que-vao-deixar-seu-bolo-de-massa-branca-muito-mais-gostoso\/#breadcrumb","itemListElement":[{"@type":"ListItem","position":1,"name":"In\u00edcio","item":"https:\/\/www.em.com.br\/emfoco\/"},{"@type":"ListItem","position":2,"name":"Recheios incr\u00edveis que v\u00e3o deixar seu bolo de massa branca muito mais gostoso"}]},{"@type":"WebSite","@id":"https:\/\/www.em.com.br\/emfoco\/#website","url":"https:\/\/www.em.com.br\/emfoco\/","name":"Estado de Minas - Em foco","description":"Acompanhe as \u00faltimas not\u00edcias e fique bem informado sobre tudo o que acontece em Minas Gerais, Brasil e no mundo.","potentialAction":[{"@type":"SearchAction","target":{"@type":"EntryPoint","urlTemplate":"https:\/\/www.em.com.br\/emfoco\/?s={search_term_string}"},"query-input":{"@type":"PropertyValueSpecification","valueRequired":true,"valueName":"search_term_string"}}],"inLanguage":"pt-BR"},{"@type":"Person","@id":"https:\/\/www.em.com.br\/emfoco\/#\/schema\/person\/43407752bebcbbb4d0ec79deedc0d7ce","name":"Patryck Reinehr","image":{"@type":"ImageObject","inLanguage":"pt-BR","@id":"https:\/\/www.em.com.br\/emfoco\/#\/schema\/person\/image\/","url":"https:\/\/secure.gravatar.com\/avatar\/570c7fb2898c0e2df0823196891bea88?s=96&d=mm&r=g","contentUrl":"https:\/\/secure.gravatar.com\/avatar\/570c7fb2898c0e2df0823196891bea88?s=96&d=mm&r=g","caption":"Patryck Reinehr"},"url":"https:\/\/www.em.com.br\/emfoco\/author\/patryckmyth\/"}]}},"_links":{"self":[{"href":"https:\/\/www.em.com.br\/emfoco\/wp-json\/wp\/v2\/posts\/16462","targetHints":{"allow":["GET"]}}],"collection":[{"href":"https:\/\/www.em.com.br\/emfoco\/wp-json\/wp\/v2\/posts"}],"about":[{"href":"https:\/\/www.em.com.br\/emfoco\/wp-json\/wp\/v2\/types\/post"}],"author":[{"embeddable":true,"href":"https:\/\/www.em.com.br\/emfoco\/wp-json\/wp\/v2\/users\/10"}],"replies":[{"embeddable":true,"href":"https:\/\/www.em.com.br\/emfoco\/wp-json\/wp\/v2\/comments?post=16462"}],"version-history":[{"count":1,"href":"https:\/\/www.em.com.br\/emfoco\/wp-json\/wp\/v2\/posts\/16462\/revisions"}],"predecessor-version":[{"id":16467,"href":"https:\/\/www.em.com.br\/emfoco\/wp-json\/wp\/v2\/posts\/16462\/revisions\/16467"}],"wp:featuredmedia":[{"embeddable":true,"href":"https:\/\/www.em.com.br\/emfoco\/wp-json\/wp\/v2\/media\/16465"}],"wp:attachment":[{"href":"https:\/\/www.em.com.br\/emfoco\/wp-json\/wp\/v2\/media?parent=16462"}],"wp:term":[{"taxonomy":"category","embeddable":true,"href":"https:\/\/www.em.com.br\/emfoco\/wp-json\/wp\/v2\/categories?post=16462"},{"taxonomy":"post_tag","embeddable":true,"href":"https:\/\/www.em.com.br\/emfoco\/wp-json\/wp\/v2\/tags?post=16462"}],"curies":[{"name":"wp","href":"https:\/\/api.w.org\/{rel}","templated":true}]}}