{"id":16459,"date":"2025-02-11T16:20:00","date_gmt":"2025-02-11T19:20:00","guid":{"rendered":"https:\/\/www.em.com.br\/emfoco\/?p=16459"},"modified":"2025-02-10T16:03:52","modified_gmt":"2025-02-10T19:03:52","slug":"ja-pensou-em-ganhar-r1-bilhao-em-fevereiro-saiba-como","status":"publish","type":"post","link":"https:\/\/www.em.com.br\/emfoco\/2025\/02\/11\/ja-pensou-em-ganhar-r1-bilhao-em-fevereiro-saiba-como\/","title":{"rendered":"J\u00e1 pensou em ganhar R$1 bilh\u00e3o em fevereiro? Saiba como!"},"content":{"rendered":"\n<p>A<strong> Secretaria da Fazenda de S\u00e3o Paulo<\/strong> lan\u00e7ou uma iniciativa para estimular a inclus\u00e3o do <strong><a href=\"https:\/\/www.em.com.br\/emfoco\/2025\/02\/02\/alerta-para-todos-que-informam-o-cpf-ao-comprar-em-supermercados-em-2025\/\" target=\"_blank\" rel=\"noreferrer noopener\">CPF na Nota<\/a><\/strong>, permitindo aos consumidores concorrer a pr\u00eamios significativos. Esse programa, al\u00e9m de auxiliar no combate \u00e0 sonega\u00e7\u00e3o fiscal, oferece sorteios que ir\u00e3o distribuir at\u00e9 <strong>R$ 1 bilh\u00e3o<\/strong> durante o m\u00eas de fevereiro de 2025. Qualquer cidad\u00e3o que realiza compras em estabelecimentos participantes pode participar, o que faz com que a iniciativa tenha um impacto direto tanto no bolso dos consumidores quanto na arrecada\u00e7\u00e3o estadual.<\/p>\n\n\n\n<p>Ao incluir o <strong>CPF na nota fiscal<\/strong> durante compras, os paulistas acumulam bilhetes eletr\u00f4nicos que d\u00e3o direito a participar dos sorteios organizados periodicamente. Essa estrat\u00e9gia busca n\u00e3o apenas aumentar a ades\u00e3o do p\u00fablico, mas tamb\u00e9m fomentar uma cultura de cidadania fiscal. \u00c9 uma iniciativa que beneficia ambas as partes envolvidas: consumidores e governo.<\/p>\n\n\n\n<h2 class=\"wp-block-heading\">Como participar e quais s\u00e3o os pr\u00eamios?<\/h2>\n\n\n\n<p>Participar do programa de <strong><a href=\"https:\/\/portal.fazenda.sp.gov.br\/servicos\/nfp\" target=\"_blank\" rel=\"noreferrer noopener\">Nota fiscal<em>\u00a0Paulista<\/em><\/a><\/strong> \u00e9 um processo simples, mas que requer aten\u00e7\u00e3o a alguns passos importantes. Ao realizar uma compra, o consumidor deve solicitar a inclus\u00e3o do seu CPF na nota fiscal no ato da compra. Ao fazer isso, automaticamente ganha o direito de concorrer nos sorteios mensais.<\/p>\n\n\n\n<ol class=\"wp-block-list\">\n<li><strong>Solicitar o CPF na Nota:<\/strong> Ao finalizar suas compras, pe\u00e7a para que o estabelecimento inclua seu CPF na nota fiscal.<\/li>\n\n\n\n<li><strong>Acompanhar seus cr\u00e9ditos:<\/strong> Acesse o site da Nota Fiscal Paulista para visualizar seus cr\u00e9ditos e bilhetes eletr\u00f4nicos.<\/li>\n\n\n\n<li><strong>Resgate dos cr\u00e9ditos:<\/strong> Os valores podem ser utilizados para consumo pr\u00f3prio ou abater nos impostos estaduais, como o<strong> IPVA<\/strong>.<\/li>\n<\/ol>\n\n\n\n<p>Os pr\u00eamios s\u00e3o diversificados e incluem o grande pr\u00eamio de <strong>R$ 1 bilh\u00e3o<\/strong>. Outros pr\u00eamios incluem quantias como R$ 500 milh\u00f5es, R$ 100 milh\u00f5es, al\u00e9m de valores menores, mas significativos, que estimulam a ades\u00e3o ao programa.<\/p>\n\n\n\n<figure class=\"wp-block-image size-large\"><img loading=\"lazy\" decoding=\"async\" width=\"1024\" height=\"576\" src=\"https:\/\/www.em.com.br\/emfoco\/wp-content\/uploads\/2024\/12\/CPF_1735328129110-1024x576.jpg\" alt=\"Transforme suas compras em sorte: Entenda como o programa CPF na Nota funciona\" class=\"wp-image-7088\" srcset=\"https:\/\/www.em.com.br\/emfoco\/wp-content\/uploads\/2024\/12\/CPF_1735328129110-1024x576.jpg 1024w, https:\/\/www.em.com.br\/emfoco\/wp-content\/uploads\/2024\/12\/CPF_1735328129110-300x169.jpg 300w, https:\/\/www.em.com.br\/emfoco\/wp-content\/uploads\/2024\/12\/CPF_1735328129110-768x432.jpg 768w, https:\/\/www.em.com.br\/emfoco\/wp-content\/uploads\/2024\/12\/CPF_1735328129110-750x422.jpg 750w, https:\/\/www.em.com.br\/emfoco\/wp-content\/uploads\/2024\/12\/CPF_1735328129110-1140x641.jpg 1140w, https:\/\/www.em.com.br\/emfoco\/wp-content\/uploads\/2024\/12\/CPF_1735328129110.jpg 1280w\" sizes=\"auto, (max-width: 1024px) 100vw, 1024px\" \/><figcaption class=\"wp-element-caption\">Imagem Ilustrativa do CPF &#8211; Cr\u00e9ditos: depositphotos.com \/ Mehaniq<\/figcaption><\/figure>\n\n\n\n<h2 class=\"wp-block-heading\">Como saber se fui sorteado?<\/h2>\n\n\n\n<p>Para verificar se foi um dos contemplados, o consumidor deve acessar a plataforma da Nota Fiscal Paulista. O processo \u00e9 feito de maneira pr\u00e1tica:<\/p>\n\n\n\n<ul class=\"wp-block-list\">\n<li>Acesse o site oficial da Nota Fiscal Paulista.<\/li>\n\n\n\n<li>Efetue login utilizando suas credenciais como consumidor.<\/li>\n\n\n\n<li>V\u00e1 at\u00e9 a se\u00e7\u00e3o de &#8220;Sorteios&#8221; e clique em &#8220;Visualizar Sorteios&#8221;.<\/li>\n\n\n\n<li>Selecione &#8220;Consulte seus bilhetes do Sorteio&#8221; para verificar se houve premia\u00e7\u00e3o.<\/li>\n<\/ul>\n\n\n\n<p>Ap\u00f3s realizar essas etapas, se o consumidor for um dos sortudos, receber\u00e1 uma mensagem de aviso com os detalhes do sorteio premiado.<\/p>\n\n\n\n<h2 class=\"wp-block-heading\">Existe alguma alternativa ao Programa Paulista?<\/h2>\n\n\n\n<p>A Nota Fiscal Paulista n\u00e3o \u00e9 o \u00fanico programa do tipo dispon\u00edvel no<strong> Brasil<\/strong>. Diversos estados possuem iniciativas semelhantes que recompensam os consumidores pela inclus\u00e3o do CPF nas notas fiscais. Exemplos incluem:<\/p>\n\n\n\n<ul class=\"wp-block-list\">\n<li><strong>Nota Fiscal Mineira:<\/strong> Oferece vantagens como descontos no IPVA e sorteios mensais em dinheiro, beneficiando tanto usu\u00e1rios quanto organiza\u00e7\u00f5es beneficentes.<\/li>\n\n\n\n<li><strong>Nota Fiscal Ga\u00facha:<\/strong> Al\u00e9m de pr\u00eamios monet\u00e1rios, permite que o consumidor contribua com institui\u00e7\u00f5es sociais e tenha direito a descontos fiscais estaduais.<\/li>\n<\/ul>\n\n\n\n<p>Esses programas s\u00e3o formas eficazes de engajamento c\u00edvico e fiscal, ao mesmo tempo, em que proporcionam retornos financeiros diretos aos consumidores. Eles tamb\u00e9m refor\u00e7am a import\u00e2ncia da emiss\u00e3o de notas fiscais como ferramenta contra a evas\u00e3o fiscal.<\/p>\n\n\n\n<h2 class=\"wp-block-heading\">Impactos e benef\u00edcios do programa CPF na Nota<\/h2>\n\n\n\n<p>Os programas de incentivo \u00e0 emiss\u00e3o de notas fiscais t\u00eam um papel crucial na economia local, promovendo a justi\u00e7a fiscal e contribuindo para o aumento da arrecada\u00e7\u00e3o. O engajamento dos consumidores, resultante desses programas, n\u00e3o apenas aumenta a transpar\u00eancia nas transa\u00e7\u00f5es comerciais, mas tamb\u00e9m fortalece o sentimento de responsabilidade social entre os cidad\u00e3os.<\/p>\n\n\n\n<p>Ao disseminar a pr\u00e1tica de solicitar CPF na nota, esses programas viabilizam um maior controle sobre a sonega\u00e7\u00e3o fiscal e promovem um ambiente econ\u00f4mico mais justo. Al\u00e9m disso, os sorteios e benef\u00edcios agregados atraem a participa\u00e7\u00e3o de um volume substancial de pessoas, ampliando o alcance e a efic\u00e1cia das pol\u00edticas fiscais estaduais.<\/p>\n","protected":false},"excerpt":{"rendered":"<p>A Secretaria da Fazenda de S\u00e3o Paulo lan\u00e7ou uma iniciativa para estimular a inclus\u00e3o do CPF na Nota, permitindo aos consumidores concorrer a pr\u00eamios significativos. Esse programa, al\u00e9m de auxiliar no combate \u00e0 sonega\u00e7\u00e3o fiscal, oferece sorteios que ir\u00e3o distribuir at\u00e9 R$ 1 bilh\u00e3o durante o m\u00eas de fevereiro de 2025. Qualquer cidad\u00e3o que realiza [&hellip;]<\/p>\n","protected":false},"author":5,"featured_media":14750,"comment_status":"open","ping_status":"open","sticky":false,"template":"","format":"standard","meta":{"jnews-multi-image_gallery":[],"jnews_single_post":{"format":"standard"},"jnews_primary_category":[],"jnews_social_meta":[],"jnews_override_counter":[],"footnotes":""},"categories":[28,1],"tags":[848,3134,2588],"class_list":["post-16459","post","type-post","status-publish","format-standard","has-post-thumbnail","hentry","category-economia","category-noticias","tag-cpf","tag-cpf-na-nota-fiscal","tag-programa-cpf-na-nota"],"yoast_head":"<!-- This site is optimized with the Yoast SEO plugin v23.8 - https:\/\/yoast.com\/wordpress\/plugins\/seo\/ -->\n<title>J\u00e1 pensou em ganhar R$1 bilh\u00e3o em fevereiro? Saiba como! - Estado de Minas - Em foco<\/title>\n<meta name=\"description\" content=\"Voc\u00ea pode ganhar at\u00e9 R$ 1 bilh\u00e3o. Veja agora como funciona, como participar e consultar seus bilhetes premiados.\" \/>\n<meta name=\"robots\" content=\"index, follow, max-snippet:-1, max-image-preview:large, max-video-preview:-1\" \/>\n<link rel=\"canonical\" href=\"https:\/\/www.em.com.br\/emfoco\/2025\/02\/11\/ja-pensou-em-ganhar-r1-bilhao-em-fevereiro-saiba-como\/\" \/>\n<meta property=\"og:locale\" content=\"pt_BR\" \/>\n<meta property=\"og:type\" content=\"article\" \/>\n<meta property=\"og:title\" content=\"J\u00e1 pensou em ganhar R$1 bilh\u00e3o em fevereiro? Saiba como! - Estado de Minas - Em foco\" \/>\n<meta property=\"og:description\" content=\"Voc\u00ea pode ganhar at\u00e9 R$ 1 bilh\u00e3o. Veja agora como funciona, como participar e consultar seus bilhetes premiados.\" \/>\n<meta property=\"og:url\" content=\"https:\/\/www.em.com.br\/emfoco\/2025\/02\/11\/ja-pensou-em-ganhar-r1-bilhao-em-fevereiro-saiba-como\/\" \/>\n<meta property=\"og:site_name\" content=\"Estado de Minas - Em foco\" \/>\n<meta property=\"article:published_time\" content=\"2025-02-11T19:20:00+00:00\" \/>\n<meta property=\"article:modified_time\" content=\"2025-02-10T19:03:52+00:00\" \/>\n<meta property=\"og:image\" content=\"https:\/\/www.em.com.br\/emfoco\/wp-content\/uploads\/2025\/01\/dinheiro-brasil_1738187141488.jpg\" \/>\n\t<meta property=\"og:image:width\" content=\"1280\" \/>\n\t<meta property=\"og:image:height\" content=\"720\" \/>\n\t<meta property=\"og:image:type\" content=\"image\/jpeg\" \/>\n<meta name=\"author\" content=\"N\u00fabia Rangel\" \/>\n<meta name=\"twitter:card\" content=\"summary_large_image\" \/>\n<meta name=\"twitter:label1\" content=\"Escrito por\" \/>\n\t<meta name=\"twitter:data1\" content=\"N\u00fabia Rangel\" \/>\n\t<meta name=\"twitter:label2\" content=\"Est. tempo de leitura\" \/>\n\t<meta name=\"twitter:data2\" content=\"4 minutos\" \/>\n<!-- \/ Yoast SEO plugin. -->","yoast_head_json":{"title":"J\u00e1 pensou em ganhar R$1 bilh\u00e3o em fevereiro? Saiba como! - Estado de Minas - Em foco","description":"Voc\u00ea pode ganhar at\u00e9 R$ 1 bilh\u00e3o. Veja agora como funciona, como participar e consultar seus bilhetes premiados.","robots":{"index":"index","follow":"follow","max-snippet":"max-snippet:-1","max-image-preview":"max-image-preview:large","max-video-preview":"max-video-preview:-1"},"canonical":"https:\/\/www.em.com.br\/emfoco\/2025\/02\/11\/ja-pensou-em-ganhar-r1-bilhao-em-fevereiro-saiba-como\/","og_locale":"pt_BR","og_type":"article","og_title":"J\u00e1 pensou em ganhar R$1 bilh\u00e3o em fevereiro? Saiba como! - Estado de Minas - Em foco","og_description":"Voc\u00ea pode ganhar at\u00e9 R$ 1 bilh\u00e3o. Veja agora como funciona, como participar e consultar seus bilhetes premiados.","og_url":"https:\/\/www.em.com.br\/emfoco\/2025\/02\/11\/ja-pensou-em-ganhar-r1-bilhao-em-fevereiro-saiba-como\/","og_site_name":"Estado de Minas - Em foco","article_published_time":"2025-02-11T19:20:00+00:00","article_modified_time":"2025-02-10T19:03:52+00:00","og_image":[{"width":1280,"height":720,"url":"https:\/\/www.em.com.br\/emfoco\/wp-content\/uploads\/2025\/01\/dinheiro-brasil_1738187141488.jpg","type":"image\/jpeg"}],"author":"N\u00fabia Rangel","twitter_card":"summary_large_image","twitter_misc":{"Escrito por":"N\u00fabia Rangel","Est. tempo de leitura":"4 minutos"},"schema":{"@context":"https:\/\/schema.org","@graph":[{"@type":"WebPage","@id":"https:\/\/www.em.com.br\/emfoco\/2025\/02\/11\/ja-pensou-em-ganhar-r1-bilhao-em-fevereiro-saiba-como\/","url":"https:\/\/www.em.com.br\/emfoco\/2025\/02\/11\/ja-pensou-em-ganhar-r1-bilhao-em-fevereiro-saiba-como\/","name":"J\u00e1 pensou em ganhar R$1 bilh\u00e3o em fevereiro? Saiba como! - Estado de Minas - Em foco","isPartOf":{"@id":"https:\/\/www.em.com.br\/emfoco\/#website"},"primaryImageOfPage":{"@id":"https:\/\/www.em.com.br\/emfoco\/2025\/02\/11\/ja-pensou-em-ganhar-r1-bilhao-em-fevereiro-saiba-como\/#primaryimage"},"image":{"@id":"https:\/\/www.em.com.br\/emfoco\/2025\/02\/11\/ja-pensou-em-ganhar-r1-bilhao-em-fevereiro-saiba-como\/#primaryimage"},"thumbnailUrl":"https:\/\/www.em.com.br\/emfoco\/wp-content\/uploads\/2025\/01\/dinheiro-brasil_1738187141488.jpg","datePublished":"2025-02-11T19:20:00+00:00","dateModified":"2025-02-10T19:03:52+00:00","author":{"@id":"https:\/\/www.em.com.br\/emfoco\/#\/schema\/person\/524437ef54f8a5d32591b143307f2e20"},"description":"Voc\u00ea pode ganhar at\u00e9 R$ 1 bilh\u00e3o. Veja agora como funciona, como participar e consultar seus bilhetes premiados.","breadcrumb":{"@id":"https:\/\/www.em.com.br\/emfoco\/2025\/02\/11\/ja-pensou-em-ganhar-r1-bilhao-em-fevereiro-saiba-como\/#breadcrumb"},"inLanguage":"pt-BR","potentialAction":[{"@type":"ReadAction","target":["https:\/\/www.em.com.br\/emfoco\/2025\/02\/11\/ja-pensou-em-ganhar-r1-bilhao-em-fevereiro-saiba-como\/"]}]},{"@type":"ImageObject","inLanguage":"pt-BR","@id":"https:\/\/www.em.com.br\/emfoco\/2025\/02\/11\/ja-pensou-em-ganhar-r1-bilhao-em-fevereiro-saiba-como\/#primaryimage","url":"https:\/\/www.em.com.br\/emfoco\/wp-content\/uploads\/2025\/01\/dinheiro-brasil_1738187141488.jpg","contentUrl":"https:\/\/www.em.com.br\/emfoco\/wp-content\/uploads\/2025\/01\/dinheiro-brasil_1738187141488.jpg","width":1280,"height":720,"caption":"imagem Ilustrativa Dinheiro - Cr\u00e9ditos: depositphotos.com \/ rmcarvalhobsb"},{"@type":"BreadcrumbList","@id":"https:\/\/www.em.com.br\/emfoco\/2025\/02\/11\/ja-pensou-em-ganhar-r1-bilhao-em-fevereiro-saiba-como\/#breadcrumb","itemListElement":[{"@type":"ListItem","position":1,"name":"In\u00edcio","item":"https:\/\/www.em.com.br\/emfoco\/"},{"@type":"ListItem","position":2,"name":"J\u00e1 pensou em ganhar R$1 bilh\u00e3o em fevereiro? Saiba como!"}]},{"@type":"WebSite","@id":"https:\/\/www.em.com.br\/emfoco\/#website","url":"https:\/\/www.em.com.br\/emfoco\/","name":"Estado de Minas - Em foco","description":"Acompanhe as \u00faltimas not\u00edcias e fique bem informado sobre tudo o que acontece em Minas Gerais, Brasil e no mundo.","potentialAction":[{"@type":"SearchAction","target":{"@type":"EntryPoint","urlTemplate":"https:\/\/www.em.com.br\/emfoco\/?s={search_term_string}"},"query-input":{"@type":"PropertyValueSpecification","valueRequired":true,"valueName":"search_term_string"}}],"inLanguage":"pt-BR"},{"@type":"Person","@id":"https:\/\/www.em.com.br\/emfoco\/#\/schema\/person\/524437ef54f8a5d32591b143307f2e20","name":"N\u00fabia Rangel","image":{"@type":"ImageObject","inLanguage":"pt-BR","@id":"https:\/\/www.em.com.br\/emfoco\/#\/schema\/person\/image\/","url":"https:\/\/secure.gravatar.com\/avatar\/47cff2827a5ba23c37e8068c86817ea4?s=96&d=mm&r=g","contentUrl":"https:\/\/secure.gravatar.com\/avatar\/47cff2827a5ba23c37e8068c86817ea4?s=96&d=mm&r=g","caption":"N\u00fabia Rangel"},"sameAs":["https:\/\/www.em.com.br\/emfoco\/"],"url":"https:\/\/www.em.com.br\/emfoco\/author\/nubiamyth\/"}]}},"_links":{"self":[{"href":"https:\/\/www.em.com.br\/emfoco\/wp-json\/wp\/v2\/posts\/16459","targetHints":{"allow":["GET"]}}],"collection":[{"href":"https:\/\/www.em.com.br\/emfoco\/wp-json\/wp\/v2\/posts"}],"about":[{"href":"https:\/\/www.em.com.br\/emfoco\/wp-json\/wp\/v2\/types\/post"}],"author":[{"embeddable":true,"href":"https:\/\/www.em.com.br\/emfoco\/wp-json\/wp\/v2\/users\/5"}],"replies":[{"embeddable":true,"href":"https:\/\/www.em.com.br\/emfoco\/wp-json\/wp\/v2\/comments?post=16459"}],"version-history":[{"count":2,"href":"https:\/\/www.em.com.br\/emfoco\/wp-json\/wp\/v2\/posts\/16459\/revisions"}],"predecessor-version":[{"id":16468,"href":"https:\/\/www.em.com.br\/emfoco\/wp-json\/wp\/v2\/posts\/16459\/revisions\/16468"}],"wp:featuredmedia":[{"embeddable":true,"href":"https:\/\/www.em.com.br\/emfoco\/wp-json\/wp\/v2\/media\/14750"}],"wp:attachment":[{"href":"https:\/\/www.em.com.br\/emfoco\/wp-json\/wp\/v2\/media?parent=16459"}],"wp:term":[{"taxonomy":"category","embeddable":true,"href":"https:\/\/www.em.com.br\/emfoco\/wp-json\/wp\/v2\/categories?post=16459"},{"taxonomy":"post_tag","embeddable":true,"href":"https:\/\/www.em.com.br\/emfoco\/wp-json\/wp\/v2\/tags?post=16459"}],"curies":[{"name":"wp","href":"https:\/\/api.w.org\/{rel}","templated":true}]}}