{"id":164480,"date":"2026-02-05T07:05:00","date_gmt":"2026-02-05T10:05:00","guid":{"rendered":"https:\/\/www.em.com.br\/emfoco\/?p=164480"},"modified":"2026-02-04T13:48:14","modified_gmt":"2026-02-04T16:48:14","slug":"o-alimento-amargo-que-alivia-o-peso-apos-refeicoes-pesadas","status":"publish","type":"post","link":"https:\/\/www.em.com.br\/emfoco\/2026\/02\/05\/o-alimento-amargo-que-alivia-o-peso-apos-refeicoes-pesadas\/","title":{"rendered":"O alimento amargo que alivia o peso ap\u00f3s refei\u00e7\u00f5es pesadas"},"content":{"rendered":"\n<p>A alimenta\u00e7\u00e3o pesada, muitas vezes repleta de frituras e carnes gordurosas, pode deixar diversas pessoas com a sensa\u00e7\u00e3o desagrad\u00e1vel de peso no est\u00f4mago. Em busca de al\u00edvio, pr\u00e1ticas caseiras como o Uso do Jil\u00f3 entram em cena. Este fruto, presente frequentemente nas feiras brasileiras, \u00e9 amplamente conhecido pelo seu sabor amargo, que pode ser um aux\u00edlio significativo no processo digestivo.<\/p>\n\n\n\n<h2 class=\"wp-block-heading\">Por que o Jil\u00f3 \u00e9 eficaz na digest\u00e3o de alimentos gordurosos?<\/h2>\n\n\n\n<p>O consumo de grandes quantidades de gordura pode tornar a digest\u00e3o mais lenta e desconfort\u00e1vel, favorecendo empachamento, azia leve e estufamento. Neste contexto, o jil\u00f3 surge como um aliado valioso para tornar o processo digestivo mais eficiente e menos inc\u00f4modo.<\/p>\n\n\n\n<p>A presen\u00e7a de compostos amargos no jil\u00f3 estimula a produ\u00e7\u00e3o de bile, saliva e sucos g\u00e1stricos, facilitando a quebra das gorduras alimentares. Al\u00e9m disso, suas fibras contribuem para o esvaziamento do est\u00f4mago e melhoram o tr\u00e2nsito intestinal, o que diminui a forma\u00e7\u00e3o de gases e a sensa\u00e7\u00e3o de incha\u00e7o.<\/p>\n\n\n\n<h2 class=\"wp-block-heading\">Como reduzir o amargor do jil\u00f3 sem perder seus benef\u00edcios?<\/h2>\n\n\n\n<p>Embora o sabor amargo do jil\u00f3 esteja associado a benef\u00edcios digestivos, essa caracter\u00edstica pode afastar quem n\u00e3o aprecia esse gosto. Algumas t\u00e9cnicas culin\u00e1rias ajudam a suavizar o amargor sem comprometer suas vantagens para a digest\u00e3o e o valor nutricional.<\/p>\n\n\n\n<p>Uma t\u00e9cnica comum \u00e9 deix\u00e1-lo de molho em \u00e1gua salgada antes do preparo, o que reduz a intensidade do sabor. Combinar o jil\u00f3 com ingredientes de sabor mais suave, como tomates e cebolas, tamb\u00e9m equilibra o prato, mantendo seu potencial de estimular a saliva\u00e7\u00e3o e o processo digestivo.<\/p>\n\n\n<div class=\"wp-block-image\">\n<figure class=\"aligncenter size-large\"><img loading=\"lazy\" decoding=\"async\" width=\"1024\" height=\"576\" src=\"https:\/\/www.em.com.br\/emfoco\/wp-content\/uploads\/2026\/02\/Jilo_1770223455868-1024x576.jpg\" alt=\"\" class=\"wp-image-164546\" srcset=\"https:\/\/www.em.com.br\/emfoco\/wp-content\/uploads\/2026\/02\/Jilo_1770223455868-1024x576.jpg 1024w, https:\/\/www.em.com.br\/emfoco\/wp-content\/uploads\/2026\/02\/Jilo_1770223455868-300x169.jpg 300w, https:\/\/www.em.com.br\/emfoco\/wp-content\/uploads\/2026\/02\/Jilo_1770223455868-768x432.jpg 768w, https:\/\/www.em.com.br\/emfoco\/wp-content\/uploads\/2026\/02\/Jilo_1770223455868-750x422.jpg 750w, https:\/\/www.em.com.br\/emfoco\/wp-content\/uploads\/2026\/02\/Jilo_1770223455868-1140x641.jpg 1140w, https:\/\/www.em.com.br\/emfoco\/wp-content\/uploads\/2026\/02\/Jilo_1770223455868.jpg 1280w\" sizes=\"auto, (max-width: 1024px) 100vw, 1024px\" \/><figcaption class=\"wp-element-caption\">Ap\u00f3s comer pesado, esse alimento pode trazer al\u00edvio &#8211; Cr\u00e9ditos: depositphotos.com \/ casadaphoto<\/figcaption><\/figure><\/div>\n\n\n<h2 class=\"wp-block-heading\">Quem deve ter cuidado ao consumir jil\u00f3 para facilitar a digest\u00e3o?<\/h2>\n\n\n\n<p>O jil\u00f3 \u00e9 geralmente seguro para a maioria das pessoas, mas indiv\u00edduos com problemas g\u00e1stricos, como gastrite ativa ou \u00falceras, devem ter cautela. Alimentos de sabor intenso podem irritar um est\u00f4mago j\u00e1 sens\u00edvel e piorar sintomas como queima\u00e7\u00e3o e dor.<\/p>\n\n\n\n<p>Nesses casos, \u00e9 importante buscar orienta\u00e7\u00e3o profissional antes de aumentar o consumo de jil\u00f3 ou fazer mudan\u00e7as bruscas na alimenta\u00e7\u00e3o. Pessoas em uso de medicamentos espec\u00edficos para o est\u00f4mago ou com doen\u00e7as cr\u00f4nicas tamb\u00e9m devem conversar com o m\u00e9dico ou nutricionista.<\/p>\n\n\n\n<h2 class=\"wp-block-heading\">Quais nutrientes o jil\u00f3 cozido oferece ao organismo?<\/h2>\n\n\n\n<p>Al\u00e9m de auxiliar na digest\u00e3o, o jil\u00f3 cozido, sem adi\u00e7\u00e3o de gordura, \u00e9 um alimento de baixa caloria e boa oferta de fibras. Essa combina\u00e7\u00e3o o torna \u00fatil em dietas voltadas para controle de peso e para refei\u00e7\u00f5es mais leves e equilibradas, especialmente ap\u00f3s pratos gordurosos.<\/p>\n\n\n\n<p>A seguir, est\u00e3o descritos alguns dos principais nutrientes encontrados no jil\u00f3 cozido e sua relev\u00e2ncia para a sa\u00fade, como suporte ao sistema imunol\u00f3gico, ao funcionamento intestinal e ao equil\u00edbrio de l\u00edquidos no organismo:<\/p>\n\n\n\n<style>\n  .make-wrap{\n    max-width: 760px;\n    margin: 26px auto;\n    padding: 18px;\n    border-radius: 18px;\n    background: linear-gradient(135deg,#fff7fb 0%,#f6f2ff 100%);\n    border: 1px solid #f7d4ea;\n    box-shadow: 0 8px 20px rgba(236,72,153,.12);\n    font-family: system-ui, -apple-system, Segoe UI, Roboto, Helvetica, Arial, sans-serif;\n  }\n\n  .make-title{\n    display:flex; \n    align-items:center; \n    gap:10px;\n    margin:0 0 12px 4px;\n    font-size:1.2rem; \n    font-weight:900; \n    color:#9d174d;\n  }\n\n  .make-table{\n    width:100%;\n    border-collapse:separate;\n    border-spacing:0;\n    overflow:hidden;\n    border-radius:16px;\n    border:1px solid #f7d4ea;\n    background:#fff;\n    font-size:.92rem;\n  }\n\n  .make-table thead th{\n    background:linear-gradient(90deg,#fde7f3 0%,#f8e9ff 100%);\n    padding:12px;\n    color:#7a1e63;\n    font-weight:800;\n    text-align:left;\n    border-bottom:1px solid #f7d4ea;\n  }\n\n  .make-table tbody td{\n    padding:12px;\n    color:#374151;\n    vertical-align:top;\n    border-bottom:1px dashed #f7d4ea;\n  }\n\n  .make-table tbody tr:nth-child(odd){\n    background:#fffaff;\n  }\n\n  @media (max-width:720px){\n    .make-table thead{display:none}\n    .make-table, .make-table tbody, .make-table tr, .make-table td{\n      display:block; \n      width:100%;\n    }\n    .make-table tr{\n      margin-bottom:12px;\n      border:1px solid #f7d4ea;\n      border-radius:14px;\n      overflow:hidden;\n      background:#fff;\n    }\n    .make-table td[data-label]:before{\n      content:attr(data-label);\n      display:block;\n      font-weight:800;\n      color:#7a1e63;\n      margin-bottom:4px;\n    }\n    .make-table tbody td:last-child{border-bottom:none}\n  }\n<\/style>\n\n<div class=\"make-wrap\">\n  <h3 class=\"make-title\">\ud83e\udd66\ud83d\udcca Tabela Nutricional \u2014 Por\u00e7\u00e3o de 100 g<\/h3>\n\n  <table class=\"make-table\">\n    <thead>\n      <tr>\n        <th>Componente<\/th>\n        <th>Quantidade<\/th>\n        <th>Observa\u00e7\u00e3o<\/th>\n      <\/tr>\n    <\/thead>\n    <tbody>\n      <tr>\n        <td data-label=\"Componente\">Energia<\/td>\n        <td data-label=\"Quantidade\">20\u201325 kcal<\/td>\n        <td data-label=\"Observa\u00e7\u00e3o\">Baixo valor cal\u00f3rico, ideal para dietas equilibradas<\/td>\n      <\/tr>\n      <tr>\n        <td data-label=\"Componente\">Carboidratos totais<\/td>\n        <td data-label=\"Quantidade\">4,5\u20135,5 g<\/td>\n        <td data-label=\"Observa\u00e7\u00e3o\">Fonte leve de energia<\/td>\n      <\/tr>\n      <tr>\n        <td data-label=\"Componente\">Prote\u00ednas<\/td>\n        <td data-label=\"Quantidade\">0,8\u20131,2 g<\/td>\n        <td data-label=\"Observa\u00e7\u00e3o\">Contribui para a manuten\u00e7\u00e3o muscular<\/td>\n      <\/tr>\n      <tr>\n        <td data-label=\"Componente\">Gorduras totais<\/td>\n        <td data-label=\"Quantidade\">0,1\u20130,3 g<\/td>\n        <td data-label=\"Observa\u00e7\u00e3o\">Teor de gordura quase nulo<\/td>\n      <\/tr>\n      <tr>\n        <td data-label=\"Componente\">Fibras alimentares<\/td>\n        <td data-label=\"Quantidade\">2,5\u20133,5 g<\/td>\n        <td data-label=\"Observa\u00e7\u00e3o\">Auxilia na saciedade e na digest\u00e3o<\/td>\n      <\/tr>\n      <tr>\n        <td data-label=\"Componente\">S\u00f3dio<\/td>\n        <td data-label=\"Quantidade\">1\u20133 mg<\/td>\n        <td data-label=\"Observa\u00e7\u00e3o\">Baixo teor, favor\u00e1vel \u00e0 sa\u00fade cardiovascular<\/td>\n      <\/tr>\n      <tr>\n        <td data-label=\"Componente\">Pot\u00e1ssio<\/td>\n        <td data-label=\"Quantidade\">180\u2013220 mg<\/td>\n        <td data-label=\"Observa\u00e7\u00e3o\">Importante para o equil\u00edbrio h\u00eddrico e muscular<\/td>\n      <\/tr>\n      <tr>\n        <td data-label=\"Componente\">Vitamina C<\/td>\n        <td data-label=\"Quantidade\">4\u20138 mg<\/td>\n        <td data-label=\"Observa\u00e7\u00e3o\">Antioxidante que fortalece o sistema imunol\u00f3gico<\/td>\n      <\/tr>\n      <tr>\n        <td data-label=\"Componente\">Folatos (vitamina B9)<\/td>\n        <td data-label=\"Quantidade\">15\u201325 \u00b5g<\/td>\n        <td data-label=\"Observa\u00e7\u00e3o\">Essencial para a forma\u00e7\u00e3o celular e preven\u00e7\u00e3o de anemias<\/td>\n      <\/tr>\n    <\/tbody>\n  <\/table>\n\n  <p style=\"margin-top:14px; color:#6b7280; font-size:.9rem;\">\n    \ud83d\udca1 <strong>Dica:<\/strong> este alimento combina baixo valor cal\u00f3rico com boas quantidades de fibras e minerais, tornando-se excelente para uma alimenta\u00e7\u00e3o balanceada.\n  <\/p>\n<\/div>\n\n\n\n\n<p>Com sua reputa\u00e7\u00e3o bem estabelecida, o jil\u00f3 \u00e9 n\u00e3o apenas um conhecido auxiliar digestivo, mas tamb\u00e9m um alimento rico em nutrientes que podem contribuir para a manuten\u00e7\u00e3o de uma dieta equilibrada. Consumir jil\u00f3 de maneira adequada e saber combin\u00e1-lo com outros alimentos pode impactar positivamente o bem-estar digestivo e a qualidade geral da alimenta\u00e7\u00e3o.<\/p>\n\n\n<a href=\"https:\/\/www.instagram.com\/dra.annaluisabf\/\" target=\"_blank\" style=\"text-decoration: none; color: inherit;\">\n  <span style=\"display:inline-block; border:1px solid #ccc; border-radius:10px; padding:15px; max-width:550px; font-family:sans-serif; box-shadow:0 2px 5px rgba(0,0,0,0.1);\">\n    <span style=\"margin:0 0 15px 0; font-weight:bold; color:#2c3e50; text-align: center;\">Entre em contato:<\/span>\n\n    <span style=\"display:flex; align-items:center;\">\n      <img decoding=\"async\" src=\"https:\/\/www.correiobraziliense.com.br\/cbradar\/wp-content\/uploads\/2025\/08\/dra_anna_luisa.jpeg\" alt=\"Dra Anna Lu\u00edsa\" style=\"border-radius:50%; width:80px; height:80px; margin-right:15px;\">\n      <span style=\"flex:1;\">\n        <h3 style=\"margin:0 0 5px 0;\">Dra. Anna Lu\u00edsa Barbosa Fernandes<\/h3>\n        <p style=\"margin:0 0 10px 0;\">CRM-GO 33.271<\/p>\n        <span style=\"display:flex; gap:10px;\">\n          <img decoding=\"async\" src=\"https:\/\/cdn-icons-png.flaticon.com\/24\/1384\/1384063.png\" alt=\"Instagram\">\n        <\/span>\n      <\/span>\n    <\/span>\n  <\/span>\n<\/a>","protected":false},"excerpt":{"rendered":"<p>A alimenta\u00e7\u00e3o pesada, muitas vezes repleta de frituras e carnes gordurosas, pode deixar diversas pessoas com a sensa\u00e7\u00e3o desagrad\u00e1vel de peso no est\u00f4mago. Em busca de al\u00edvio, pr\u00e1ticas caseiras como o Uso do Jil\u00f3 entram em cena. Este fruto, presente frequentemente nas feiras brasileiras, \u00e9 amplamente conhecido pelo seu sabor amargo, que pode ser um [&hellip;]<\/p>\n","protected":false},"author":25,"featured_media":164548,"comment_status":"open","ping_status":"open","sticky":false,"template":"","format":"standard","meta":{"jnews-multi-image_gallery":[],"jnews_single_post":{"format":"standard"},"jnews_primary_category":[],"jnews_social_meta":[],"jnews_override_counter":[],"footnotes":""},"categories":[1],"tags":[],"class_list":["post-164480","post","type-post","status-publish","format-standard","has-post-thumbnail","hentry","category-noticias"],"yoast_head":"<!-- This site is optimized with the Yoast SEO plugin v23.8 - https:\/\/yoast.com\/wordpress\/plugins\/seo\/ -->\n<title>O alimento amargo que alivia o peso ap\u00f3s refei\u00e7\u00f5es pesadas - Estado de Minas - Em foco<\/title>\n<meta name=\"description\" content=\"O jil\u00f3 \u00e9 conhecido pelo sabor amargo, mas pode ajudar na digest\u00e3o ap\u00f3s refei\u00e7\u00f5es pesadas. Entenda como esse alimento age no est\u00f4mago.\" \/>\n<meta name=\"robots\" content=\"index, follow, max-snippet:-1, max-image-preview:large, max-video-preview:-1\" \/>\n<link rel=\"canonical\" href=\"https:\/\/www.em.com.br\/emfoco\/2026\/02\/05\/o-alimento-amargo-que-alivia-o-peso-apos-refeicoes-pesadas\/\" \/>\n<meta property=\"og:locale\" content=\"pt_BR\" \/>\n<meta property=\"og:type\" content=\"article\" \/>\n<meta property=\"og:title\" content=\"O alimento amargo que alivia o peso ap\u00f3s refei\u00e7\u00f5es pesadas - Estado de Minas - Em foco\" \/>\n<meta property=\"og:description\" content=\"O jil\u00f3 \u00e9 conhecido pelo sabor amargo, mas pode ajudar na digest\u00e3o ap\u00f3s refei\u00e7\u00f5es pesadas. Entenda como esse alimento age no est\u00f4mago.\" \/>\n<meta property=\"og:url\" content=\"https:\/\/www.em.com.br\/emfoco\/2026\/02\/05\/o-alimento-amargo-que-alivia-o-peso-apos-refeicoes-pesadas\/\" \/>\n<meta property=\"og:site_name\" content=\"Estado de Minas - Em foco\" \/>\n<meta property=\"article:published_time\" content=\"2026-02-05T10:05:00+00:00\" \/>\n<meta property=\"article:modified_time\" content=\"2026-02-04T16:48:14+00:00\" \/>\n<meta property=\"og:image\" content=\"https:\/\/www.em.com.br\/emfoco\/wp-content\/uploads\/2026\/02\/Jilo_1770223633741.jpg\" \/>\n\t<meta property=\"og:image:width\" content=\"1280\" \/>\n\t<meta property=\"og:image:height\" content=\"720\" \/>\n\t<meta property=\"og:image:type\" content=\"image\/jpeg\" \/>\n<meta name=\"author\" content=\"Guilherme Lopes\" \/>\n<meta name=\"twitter:card\" content=\"summary_large_image\" \/>\n<meta name=\"twitter:label1\" content=\"Escrito por\" \/>\n\t<meta name=\"twitter:data1\" content=\"Guilherme Lopes\" \/>\n\t<meta name=\"twitter:label2\" content=\"Est. tempo de leitura\" \/>\n\t<meta name=\"twitter:data2\" content=\"5 minutos\" \/>\n<!-- \/ Yoast SEO plugin. -->","yoast_head_json":{"title":"O alimento amargo que alivia o peso ap\u00f3s refei\u00e7\u00f5es pesadas - Estado de Minas - Em foco","description":"O jil\u00f3 \u00e9 conhecido pelo sabor amargo, mas pode ajudar na digest\u00e3o ap\u00f3s refei\u00e7\u00f5es pesadas. Entenda como esse alimento age no est\u00f4mago.","robots":{"index":"index","follow":"follow","max-snippet":"max-snippet:-1","max-image-preview":"max-image-preview:large","max-video-preview":"max-video-preview:-1"},"canonical":"https:\/\/www.em.com.br\/emfoco\/2026\/02\/05\/o-alimento-amargo-que-alivia-o-peso-apos-refeicoes-pesadas\/","og_locale":"pt_BR","og_type":"article","og_title":"O alimento amargo que alivia o peso ap\u00f3s refei\u00e7\u00f5es pesadas - Estado de Minas - Em foco","og_description":"O jil\u00f3 \u00e9 conhecido pelo sabor amargo, mas pode ajudar na digest\u00e3o ap\u00f3s refei\u00e7\u00f5es pesadas. Entenda como esse alimento age no est\u00f4mago.","og_url":"https:\/\/www.em.com.br\/emfoco\/2026\/02\/05\/o-alimento-amargo-que-alivia-o-peso-apos-refeicoes-pesadas\/","og_site_name":"Estado de Minas - Em foco","article_published_time":"2026-02-05T10:05:00+00:00","article_modified_time":"2026-02-04T16:48:14+00:00","og_image":[{"width":1280,"height":720,"url":"https:\/\/www.em.com.br\/emfoco\/wp-content\/uploads\/2026\/02\/Jilo_1770223633741.jpg","type":"image\/jpeg"}],"author":"Guilherme Lopes","twitter_card":"summary_large_image","twitter_misc":{"Escrito por":"Guilherme Lopes","Est. tempo de leitura":"5 minutos"},"schema":{"@context":"https:\/\/schema.org","@graph":[{"@type":"WebPage","@id":"https:\/\/www.em.com.br\/emfoco\/2026\/02\/05\/o-alimento-amargo-que-alivia-o-peso-apos-refeicoes-pesadas\/","url":"https:\/\/www.em.com.br\/emfoco\/2026\/02\/05\/o-alimento-amargo-que-alivia-o-peso-apos-refeicoes-pesadas\/","name":"O alimento amargo que alivia o peso ap\u00f3s refei\u00e7\u00f5es pesadas - Estado de Minas - Em foco","isPartOf":{"@id":"https:\/\/www.em.com.br\/emfoco\/#website"},"primaryImageOfPage":{"@id":"https:\/\/www.em.com.br\/emfoco\/2026\/02\/05\/o-alimento-amargo-que-alivia-o-peso-apos-refeicoes-pesadas\/#primaryimage"},"image":{"@id":"https:\/\/www.em.com.br\/emfoco\/2026\/02\/05\/o-alimento-amargo-que-alivia-o-peso-apos-refeicoes-pesadas\/#primaryimage"},"thumbnailUrl":"https:\/\/www.em.com.br\/emfoco\/wp-content\/uploads\/2026\/02\/Jilo_1770223633741.jpg","datePublished":"2026-02-05T10:05:00+00:00","dateModified":"2026-02-04T16:48:14+00:00","author":{"@id":"https:\/\/www.em.com.br\/emfoco\/#\/schema\/person\/f6eade2e287023da170a1b2b329f68e5"},"description":"O jil\u00f3 \u00e9 conhecido pelo sabor amargo, mas pode ajudar na digest\u00e3o ap\u00f3s refei\u00e7\u00f5es pesadas. Entenda como esse alimento age no est\u00f4mago.","breadcrumb":{"@id":"https:\/\/www.em.com.br\/emfoco\/2026\/02\/05\/o-alimento-amargo-que-alivia-o-peso-apos-refeicoes-pesadas\/#breadcrumb"},"inLanguage":"pt-BR","potentialAction":[{"@type":"ReadAction","target":["https:\/\/www.em.com.br\/emfoco\/2026\/02\/05\/o-alimento-amargo-que-alivia-o-peso-apos-refeicoes-pesadas\/"]}]},{"@type":"ImageObject","inLanguage":"pt-BR","@id":"https:\/\/www.em.com.br\/emfoco\/2026\/02\/05\/o-alimento-amargo-que-alivia-o-peso-apos-refeicoes-pesadas\/#primaryimage","url":"https:\/\/www.em.com.br\/emfoco\/wp-content\/uploads\/2026\/02\/Jilo_1770223633741.jpg","contentUrl":"https:\/\/www.em.com.br\/emfoco\/wp-content\/uploads\/2026\/02\/Jilo_1770223633741.jpg","width":1280,"height":720,"caption":"O vegetal esquecido que ajuda a reduzir gases e incha\u00e7o - Cr\u00e9ditos: depositphotos.com \/ casadaphoto"},{"@type":"BreadcrumbList","@id":"https:\/\/www.em.com.br\/emfoco\/2026\/02\/05\/o-alimento-amargo-que-alivia-o-peso-apos-refeicoes-pesadas\/#breadcrumb","itemListElement":[{"@type":"ListItem","position":1,"name":"In\u00edcio","item":"https:\/\/www.em.com.br\/emfoco\/"},{"@type":"ListItem","position":2,"name":"O alimento amargo que alivia o peso ap\u00f3s refei\u00e7\u00f5es pesadas"}]},{"@type":"WebSite","@id":"https:\/\/www.em.com.br\/emfoco\/#website","url":"https:\/\/www.em.com.br\/emfoco\/","name":"Estado de Minas - Em foco","description":"Acompanhe as \u00faltimas not\u00edcias e fique bem informado sobre tudo o que acontece em Minas Gerais, Brasil e no mundo.","potentialAction":[{"@type":"SearchAction","target":{"@type":"EntryPoint","urlTemplate":"https:\/\/www.em.com.br\/emfoco\/?s={search_term_string}"},"query-input":{"@type":"PropertyValueSpecification","valueRequired":true,"valueName":"search_term_string"}}],"inLanguage":"pt-BR"},{"@type":"Person","@id":"https:\/\/www.em.com.br\/emfoco\/#\/schema\/person\/f6eade2e287023da170a1b2b329f68e5","name":"Guilherme Lopes","image":{"@type":"ImageObject","inLanguage":"pt-BR","@id":"https:\/\/www.em.com.br\/emfoco\/#\/schema\/person\/image\/","url":"https:\/\/secure.gravatar.com\/avatar\/df9adfb835d344bc0af109d41756253f?s=96&d=mm&r=g","contentUrl":"https:\/\/secure.gravatar.com\/avatar\/df9adfb835d344bc0af109d41756253f?s=96&d=mm&r=g","caption":"Guilherme Lopes"},"url":"https:\/\/www.em.com.br\/emfoco\/author\/guilherme_saude\/"}]}},"_links":{"self":[{"href":"https:\/\/www.em.com.br\/emfoco\/wp-json\/wp\/v2\/posts\/164480","targetHints":{"allow":["GET"]}}],"collection":[{"href":"https:\/\/www.em.com.br\/emfoco\/wp-json\/wp\/v2\/posts"}],"about":[{"href":"https:\/\/www.em.com.br\/emfoco\/wp-json\/wp\/v2\/types\/post"}],"author":[{"embeddable":true,"href":"https:\/\/www.em.com.br\/emfoco\/wp-json\/wp\/v2\/users\/25"}],"replies":[{"embeddable":true,"href":"https:\/\/www.em.com.br\/emfoco\/wp-json\/wp\/v2\/comments?post=164480"}],"version-history":[{"count":1,"href":"https:\/\/www.em.com.br\/emfoco\/wp-json\/wp\/v2\/posts\/164480\/revisions"}],"predecessor-version":[{"id":164552,"href":"https:\/\/www.em.com.br\/emfoco\/wp-json\/wp\/v2\/posts\/164480\/revisions\/164552"}],"wp:featuredmedia":[{"embeddable":true,"href":"https:\/\/www.em.com.br\/emfoco\/wp-json\/wp\/v2\/media\/164548"}],"wp:attachment":[{"href":"https:\/\/www.em.com.br\/emfoco\/wp-json\/wp\/v2\/media?parent=164480"}],"wp:term":[{"taxonomy":"category","embeddable":true,"href":"https:\/\/www.em.com.br\/emfoco\/wp-json\/wp\/v2\/categories?post=164480"},{"taxonomy":"post_tag","embeddable":true,"href":"https:\/\/www.em.com.br\/emfoco\/wp-json\/wp\/v2\/tags?post=164480"}],"curies":[{"name":"wp","href":"https:\/\/api.w.org\/{rel}","templated":true}]}}