{"id":16442,"date":"2025-02-03T16:30:09","date_gmt":"2025-02-03T19:30:09","guid":{"rendered":"https:\/\/www.em.com.br\/emfoco\/?p=16442"},"modified":"2025-02-03T16:30:09","modified_gmt":"2025-02-03T19:30:09","slug":"conheca-o-paraiso-mineiro-onde-a-qualidade-de-vida-para-criar-seus-filhos-e-incomparavel","status":"publish","type":"post","link":"https:\/\/www.em.com.br\/emfoco\/2025\/02\/03\/conheca-o-paraiso-mineiro-onde-a-qualidade-de-vida-para-criar-seus-filhos-e-incomparavel\/","title":{"rendered":"Conhe\u00e7a o para\u00edso mineiro onde a qualidade de vida para criar seus filhos \u00e9 incompar\u00e1vel"},"content":{"rendered":"\n<p><strong>Nova Lima<\/strong>, localizada na regi\u00e3o metropolitana de <strong>Belo Horizonte<\/strong>, se tornou um destino desej\u00e1vel para fam\u00edlias que buscam criar seus filhos em um ambiente seguro e saud\u00e1vel. Esta cidade mineira combina custo acess\u00edvel com alta qualidade de vida, o que tem atra\u00eddo crescente aten\u00e7\u00e3o e interesse de quem busca melhores condi\u00e7\u00f5es para viver e criar os filhos. Um estudo recente realizado pela startup <strong>Mapfry<\/strong> posicionou Nova Lima no topo das cidades brasileiras ideias para fam\u00edlias, gra\u00e7as \u00e0 combina\u00e7\u00e3o \u00fanica de infraestrutura, educa\u00e7\u00e3o e seguran\u00e7a que oferece.<\/p>\n\n\n\n<p>A pesquisa da Mapfry se destacou ao indicar a cidade como uma excelente op\u00e7\u00e3o para a cria\u00e7\u00e3o de filhos, contemplando aspectos fundamentais como infraestrutura, qualidade do ensino e seguran\u00e7a. Esses fatores tornam Nova Lima especialmente atraente para fam\u00edlias que buscam um ambiente no qual seus filhos possam crescer com tranquilidade e acesso a oportunidades de desenvolvimento.<\/p>\n\n\n\n<h2 class=\"wp-block-heading\">Quais s\u00e3o os pontos fortes de Nova Lima?<\/h2>\n\n\n\n<p>A cidade de Nova Lima possui diversos atrativos que a tornam ideal para quem busca criar uma fam\u00edlia. A educa\u00e7\u00e3o, por exemplo, \u00e9 um dos pilares fundamentais que alicer\u00e7am sua reputa\u00e7\u00e3o. As institui\u00e7\u00f5es de ensino locais, tanto p\u00fablicas quanto privadas, s\u00e3o reconhecidas pela excel\u00eancia e dedica\u00e7\u00e3o ao desempenho estudantil. J\u00e1 a infraestrutura urbana oferece uma rede bem articulada de servi\u00e7os p\u00fablicos, abrangendo desde o saneamento b\u00e1sico at\u00e9 o transporte.<\/p>\n\n\n\n<p>Outro aspecto importante \u00e9 a presen\u00e7a de um mercado de trabalho din\u00e2mico. A economia local mostra-se favor\u00e1vel \u00e0 inclus\u00e3o de novos profissionais e ao progresso da for\u00e7a de trabalho j\u00e1 estabelecida na regi\u00e3o. Esse ambiente pr\u00f3spero e em crescimento faz com que Nova Lima se destaque no cen\u00e1rio nacional como uma cidade que promove desenvolvimento pessoal e profissional.<\/p>\n\n\n\n<figure class=\"wp-block-image size-large\"><img loading=\"lazy\" decoding=\"async\" width=\"1024\" height=\"576\" src=\"https:\/\/www.em.com.br\/emfoco\/wp-content\/uploads\/2025\/02\/esse-3-1024x576.jpg\" alt=\"Conhe\u00e7a o para\u00edso mineiro para criar seus filhos com qualidade.\" class=\"wp-image-15401\" srcset=\"https:\/\/www.em.com.br\/emfoco\/wp-content\/uploads\/2025\/02\/esse-3-1024x576.jpg 1024w, https:\/\/www.em.com.br\/emfoco\/wp-content\/uploads\/2025\/02\/esse-3-300x169.jpg 300w, https:\/\/www.em.com.br\/emfoco\/wp-content\/uploads\/2025\/02\/esse-3-768x432.jpg 768w, https:\/\/www.em.com.br\/emfoco\/wp-content\/uploads\/2025\/02\/esse-3-750x422.jpg 750w, https:\/\/www.em.com.br\/emfoco\/wp-content\/uploads\/2025\/02\/esse-3-1140x641.jpg 1140w, https:\/\/www.em.com.br\/emfoco\/wp-content\/uploads\/2025\/02\/esse-3.jpg 1280w\" sizes=\"auto, (max-width: 1024px) 100vw, 1024px\" \/><figcaption class=\"wp-element-caption\">Nova Lima &#8211; Cr\u00e9ditos: Wikimedia Commons<\/figcaption><\/figure>\n\n\n\n<h2 class=\"wp-block-heading\">Quais outras cidades se destacam no Brasil para fam\u00edlias?<\/h2>\n\n\n\n<p>A pesquisa promovida pela Mapfry tamb\u00e9m identificou outras cidades pelo Brasil como igualmente atrativas para fam\u00edlias, cada uma com suas caracter\u00edsticas \u00fanicas. Uma dessas cidades \u00e9 <strong>Bady Bassitt<\/strong>, em S\u00e3o Paulo, reconhecida pela alta qualidade de vida e custo de vida acess\u00edvel. J\u00e1 <strong>Santana de Parna\u00edba<\/strong>, tamb\u00e9m em <strong>S\u00e3o Paulo<\/strong>, \u00e9 mencionada pela robusta infraestrutura e excel\u00eancia nas escolas.<\/p>\n\n\n\n<p>Na regi\u00e3o Centro-Oeste, Abadia de Goi\u00e1s se sobressai pela seguran\u00e7a e ambiente familiar acolhedor, consolidando-se como uma escolha segura para fam\u00edlias que priorizam a tranquilidade e bem-estar. Essas cidades complementam o quadro apresentado por Nova Lima, formando um leque de op\u00e7\u00f5es para diferentes necessidades familiares em todo o pa\u00eds.<\/p>\n\n\n\n<h2 class=\"wp-block-heading\">Como a pesquisa da Mapfry analisou as cidades?<\/h2>\n\n\n\n<p>A metodologia utilizada pela Mapfry baseia-se em dados fornecidos pelo Instituto Brasileiro de Geografia e Estat\u00edstica (IBGE), abrangendo cinco dimens\u00f5es chave que afetam a qualidade de vida urbana. Entre elas, a infraestrutura local \u00e9 avaliada detalhadamente considerando as condi\u00e7\u00f5es de escolas, hospitais e saneamento dispon\u00edveis para a popula\u00e7\u00e3o.<\/p>\n\n\n\n<p>Outra dimens\u00e3o essencial \u00e9 a atividade econ\u00f4mica, que considera as oportunidades de emprego e potencial de crescimento econ\u00f4mico da regi\u00e3o. Al\u00e9m disso, fatores como presen\u00e7a de crian\u00e7as, qualidade geral da vida e desenvolvimento de \u00e1reas s\u00e3o igualmente ponderados para fornecer uma vis\u00e3o abrangente sobre como uma determinada cidade atende \u00e0s necessidades de uma fam\u00edlia moderna.<\/p>\n\n\n\n<h2 class=\"wp-block-heading\">O que torna Nova Lima uma escolha ideal para fam\u00edlias?<\/h2>\n\n\n\n<p>Nova Lima se destaca ao promover um ambiente equilibrado e saud\u00e1vel, ideal para a cria\u00e7\u00e3o de filhos. A combina\u00e7\u00e3o de seguran\u00e7a, excelente infraestrutura educacional e um mercado de trabalho diversificado faz da cidade uma escolha l\u00f3gica para fam\u00edlias em busca de um lugar onde possam se estabelecer e prosperar.<\/p>\n\n\n\n<p>Para aqueles planejando uma mudan\u00e7a at\u00e9 2025, Nova Lima n\u00e3o oferece apenas uma vida tranquila, mas oportunidades reais de desenvolvimento pessoal para pais e filhos. Assim, esta cidade mineira surge como um promissor cen\u00e1rio futur\u00edstico que inspira confian\u00e7a para fam\u00edlias em busca de uma comunidade que apoie tanto o crescimento pessoal quanto o educacional.<\/p>\n","protected":false},"excerpt":{"rendered":"<p>Nova Lima, localizada na regi\u00e3o metropolitana de Belo Horizonte, se tornou um destino desej\u00e1vel para fam\u00edlias que buscam criar seus filhos em um ambiente seguro e saud\u00e1vel. Esta cidade mineira combina custo acess\u00edvel com alta qualidade de vida, o que tem atra\u00eddo crescente aten\u00e7\u00e3o e interesse de quem busca melhores condi\u00e7\u00f5es para viver e criar [&hellip;]<\/p>\n","protected":false},"author":5,"featured_media":9851,"comment_status":"open","ping_status":"open","sticky":false,"template":"","format":"standard","meta":{"jnews-multi-image_gallery":[],"jnews_single_post":{"format":"standard"},"jnews_primary_category":[],"jnews_social_meta":[],"jnews_override_counter":[],"footnotes":""},"categories":[26,1],"tags":[154,207,689,327],"class_list":["post-16442","post","type-post","status-publish","format-standard","has-post-thumbnail","hentry","category-cidades","category-noticias","tag-belo-horizonte","tag-minas-gerais","tag-nova-lima","tag-qualidade-de-vida"],"yoast_head":"<!-- This site is optimized with the Yoast SEO plugin v23.8 - https:\/\/yoast.com\/wordpress\/plugins\/seo\/ -->\n<title>Conhe\u00e7a o para\u00edso mineiro onde a qualidade de vida para criar seus filhos \u00e9 incompar\u00e1vel - Estado de Minas - Em foco<\/title>\n<meta name=\"description\" content=\"Com infraestrutura de ponta e ambiente seguro, se tornou uma das cidades mais procuradas para criar filhos no brasil.\" \/>\n<meta name=\"robots\" content=\"index, follow, max-snippet:-1, max-image-preview:large, max-video-preview:-1\" \/>\n<link rel=\"canonical\" href=\"https:\/\/www.em.com.br\/emfoco\/2025\/02\/03\/conheca-o-paraiso-mineiro-onde-a-qualidade-de-vida-para-criar-seus-filhos-e-incomparavel\/\" \/>\n<meta property=\"og:locale\" content=\"pt_BR\" \/>\n<meta property=\"og:type\" content=\"article\" \/>\n<meta property=\"og:title\" content=\"Conhe\u00e7a o para\u00edso mineiro onde a qualidade de vida para criar seus filhos \u00e9 incompar\u00e1vel - Estado de Minas - Em foco\" \/>\n<meta property=\"og:description\" content=\"Com infraestrutura de ponta e ambiente seguro, se tornou uma das cidades mais procuradas para criar filhos no brasil.\" \/>\n<meta property=\"og:url\" content=\"https:\/\/www.em.com.br\/emfoco\/2025\/02\/03\/conheca-o-paraiso-mineiro-onde-a-qualidade-de-vida-para-criar-seus-filhos-e-incomparavel\/\" \/>\n<meta property=\"og:site_name\" content=\"Estado de Minas - Em foco\" \/>\n<meta property=\"article:published_time\" content=\"2025-02-03T19:30:09+00:00\" \/>\n<meta property=\"og:image\" content=\"https:\/\/www.em.com.br\/emfoco\/wp-content\/uploads\/2025\/01\/familia_1736594817040.jpg\" \/>\n\t<meta property=\"og:image:width\" content=\"1280\" \/>\n\t<meta property=\"og:image:height\" content=\"720\" \/>\n\t<meta property=\"og:image:type\" content=\"image\/jpeg\" \/>\n<meta name=\"author\" content=\"N\u00fabia Rangel\" \/>\n<meta name=\"twitter:card\" content=\"summary_large_image\" \/>\n<meta name=\"twitter:label1\" content=\"Escrito por\" \/>\n\t<meta name=\"twitter:data1\" content=\"N\u00fabia Rangel\" \/>\n\t<meta name=\"twitter:label2\" content=\"Est. tempo de leitura\" \/>\n\t<meta name=\"twitter:data2\" content=\"4 minutos\" \/>\n<!-- \/ Yoast SEO plugin. -->","yoast_head_json":{"title":"Conhe\u00e7a o para\u00edso mineiro onde a qualidade de vida para criar seus filhos \u00e9 incompar\u00e1vel - Estado de Minas - Em foco","description":"Com infraestrutura de ponta e ambiente seguro, se tornou uma das cidades mais procuradas para criar filhos no brasil.","robots":{"index":"index","follow":"follow","max-snippet":"max-snippet:-1","max-image-preview":"max-image-preview:large","max-video-preview":"max-video-preview:-1"},"canonical":"https:\/\/www.em.com.br\/emfoco\/2025\/02\/03\/conheca-o-paraiso-mineiro-onde-a-qualidade-de-vida-para-criar-seus-filhos-e-incomparavel\/","og_locale":"pt_BR","og_type":"article","og_title":"Conhe\u00e7a o para\u00edso mineiro onde a qualidade de vida para criar seus filhos \u00e9 incompar\u00e1vel - Estado de Minas - Em foco","og_description":"Com infraestrutura de ponta e ambiente seguro, se tornou uma das cidades mais procuradas para criar filhos no brasil.","og_url":"https:\/\/www.em.com.br\/emfoco\/2025\/02\/03\/conheca-o-paraiso-mineiro-onde-a-qualidade-de-vida-para-criar-seus-filhos-e-incomparavel\/","og_site_name":"Estado de Minas - Em foco","article_published_time":"2025-02-03T19:30:09+00:00","og_image":[{"width":1280,"height":720,"url":"https:\/\/www.em.com.br\/emfoco\/wp-content\/uploads\/2025\/01\/familia_1736594817040.jpg","type":"image\/jpeg"}],"author":"N\u00fabia Rangel","twitter_card":"summary_large_image","twitter_misc":{"Escrito por":"N\u00fabia Rangel","Est. tempo de leitura":"4 minutos"},"schema":{"@context":"https:\/\/schema.org","@graph":[{"@type":"WebPage","@id":"https:\/\/www.em.com.br\/emfoco\/2025\/02\/03\/conheca-o-paraiso-mineiro-onde-a-qualidade-de-vida-para-criar-seus-filhos-e-incomparavel\/","url":"https:\/\/www.em.com.br\/emfoco\/2025\/02\/03\/conheca-o-paraiso-mineiro-onde-a-qualidade-de-vida-para-criar-seus-filhos-e-incomparavel\/","name":"Conhe\u00e7a o para\u00edso mineiro onde a qualidade de vida para criar seus filhos \u00e9 incompar\u00e1vel - Estado de Minas - Em foco","isPartOf":{"@id":"https:\/\/www.em.com.br\/emfoco\/#website"},"primaryImageOfPage":{"@id":"https:\/\/www.em.com.br\/emfoco\/2025\/02\/03\/conheca-o-paraiso-mineiro-onde-a-qualidade-de-vida-para-criar-seus-filhos-e-incomparavel\/#primaryimage"},"image":{"@id":"https:\/\/www.em.com.br\/emfoco\/2025\/02\/03\/conheca-o-paraiso-mineiro-onde-a-qualidade-de-vida-para-criar-seus-filhos-e-incomparavel\/#primaryimage"},"thumbnailUrl":"https:\/\/www.em.com.br\/emfoco\/wp-content\/uploads\/2025\/01\/familia_1736594817040.jpg","datePublished":"2025-02-03T19:30:09+00:00","dateModified":"2025-02-03T19:30:09+00:00","author":{"@id":"https:\/\/www.em.com.br\/emfoco\/#\/schema\/person\/524437ef54f8a5d32591b143307f2e20"},"description":"Com infraestrutura de ponta e ambiente seguro, se tornou uma das cidades mais procuradas para criar filhos no brasil.","breadcrumb":{"@id":"https:\/\/www.em.com.br\/emfoco\/2025\/02\/03\/conheca-o-paraiso-mineiro-onde-a-qualidade-de-vida-para-criar-seus-filhos-e-incomparavel\/#breadcrumb"},"inLanguage":"pt-BR","potentialAction":[{"@type":"ReadAction","target":["https:\/\/www.em.com.br\/emfoco\/2025\/02\/03\/conheca-o-paraiso-mineiro-onde-a-qualidade-de-vida-para-criar-seus-filhos-e-incomparavel\/"]}]},{"@type":"ImageObject","inLanguage":"pt-BR","@id":"https:\/\/www.em.com.br\/emfoco\/2025\/02\/03\/conheca-o-paraiso-mineiro-onde-a-qualidade-de-vida-para-criar-seus-filhos-e-incomparavel\/#primaryimage","url":"https:\/\/www.em.com.br\/emfoco\/wp-content\/uploads\/2025\/01\/familia_1736594817040.jpg","contentUrl":"https:\/\/www.em.com.br\/emfoco\/wp-content\/uploads\/2025\/01\/familia_1736594817040.jpg","width":1280,"height":720,"caption":"Imagem Ilustrativa de Fam\u00edlia - Cr\u00e9ditos: depositphotos.com \/ alebloshka"},{"@type":"BreadcrumbList","@id":"https:\/\/www.em.com.br\/emfoco\/2025\/02\/03\/conheca-o-paraiso-mineiro-onde-a-qualidade-de-vida-para-criar-seus-filhos-e-incomparavel\/#breadcrumb","itemListElement":[{"@type":"ListItem","position":1,"name":"In\u00edcio","item":"https:\/\/www.em.com.br\/emfoco\/"},{"@type":"ListItem","position":2,"name":"Conhe\u00e7a o para\u00edso mineiro onde a qualidade de vida para criar seus filhos \u00e9 incompar\u00e1vel"}]},{"@type":"WebSite","@id":"https:\/\/www.em.com.br\/emfoco\/#website","url":"https:\/\/www.em.com.br\/emfoco\/","name":"Estado de Minas - Em foco","description":"Acompanhe as \u00faltimas not\u00edcias e fique bem informado sobre tudo o que acontece em Minas Gerais, Brasil e no mundo.","potentialAction":[{"@type":"SearchAction","target":{"@type":"EntryPoint","urlTemplate":"https:\/\/www.em.com.br\/emfoco\/?s={search_term_string}"},"query-input":{"@type":"PropertyValueSpecification","valueRequired":true,"valueName":"search_term_string"}}],"inLanguage":"pt-BR"},{"@type":"Person","@id":"https:\/\/www.em.com.br\/emfoco\/#\/schema\/person\/524437ef54f8a5d32591b143307f2e20","name":"N\u00fabia Rangel","image":{"@type":"ImageObject","inLanguage":"pt-BR","@id":"https:\/\/www.em.com.br\/emfoco\/#\/schema\/person\/image\/","url":"https:\/\/secure.gravatar.com\/avatar\/47cff2827a5ba23c37e8068c86817ea4?s=96&d=mm&r=g","contentUrl":"https:\/\/secure.gravatar.com\/avatar\/47cff2827a5ba23c37e8068c86817ea4?s=96&d=mm&r=g","caption":"N\u00fabia Rangel"},"sameAs":["https:\/\/www.em.com.br\/emfoco\/"],"url":"https:\/\/www.em.com.br\/emfoco\/author\/nubiamyth\/"}]}},"_links":{"self":[{"href":"https:\/\/www.em.com.br\/emfoco\/wp-json\/wp\/v2\/posts\/16442","targetHints":{"allow":["GET"]}}],"collection":[{"href":"https:\/\/www.em.com.br\/emfoco\/wp-json\/wp\/v2\/posts"}],"about":[{"href":"https:\/\/www.em.com.br\/emfoco\/wp-json\/wp\/v2\/types\/post"}],"author":[{"embeddable":true,"href":"https:\/\/www.em.com.br\/emfoco\/wp-json\/wp\/v2\/users\/5"}],"replies":[{"embeddable":true,"href":"https:\/\/www.em.com.br\/emfoco\/wp-json\/wp\/v2\/comments?post=16442"}],"version-history":[{"count":2,"href":"https:\/\/www.em.com.br\/emfoco\/wp-json\/wp\/v2\/posts\/16442\/revisions"}],"predecessor-version":[{"id":16446,"href":"https:\/\/www.em.com.br\/emfoco\/wp-json\/wp\/v2\/posts\/16442\/revisions\/16446"}],"wp:featuredmedia":[{"embeddable":true,"href":"https:\/\/www.em.com.br\/emfoco\/wp-json\/wp\/v2\/media\/9851"}],"wp:attachment":[{"href":"https:\/\/www.em.com.br\/emfoco\/wp-json\/wp\/v2\/media?parent=16442"}],"wp:term":[{"taxonomy":"category","embeddable":true,"href":"https:\/\/www.em.com.br\/emfoco\/wp-json\/wp\/v2\/categories?post=16442"},{"taxonomy":"post_tag","embeddable":true,"href":"https:\/\/www.em.com.br\/emfoco\/wp-json\/wp\/v2\/tags?post=16442"}],"curies":[{"name":"wp","href":"https:\/\/api.w.org\/{rel}","templated":true}]}}