{"id":16414,"date":"2025-02-11T14:20:00","date_gmt":"2025-02-11T17:20:00","guid":{"rendered":"https:\/\/www.em.com.br\/emfoco\/?p=16414"},"modified":"2025-02-10T16:00:50","modified_gmt":"2025-02-10T19:00:50","slug":"interior-paulista-se-destaca-com-qualidade-de-vida-e-cultura-vibrante","status":"publish","type":"post","link":"https:\/\/www.em.com.br\/emfoco\/2025\/02\/11\/interior-paulista-se-destaca-com-qualidade-de-vida-e-cultura-vibrante\/","title":{"rendered":"Interior paulista se destaca com qualidade de vida e cultura vibrante!"},"content":{"rendered":"\n<p><strong>S\u00e3o Jos\u00e9 do Rio Preto<\/strong> se destaca no interior paulista como um exemplo de cidade em constante crescimento econ\u00f4mico, mantendo uma alta qualidade de vida para seus habitantes. Localizada a 440 km de <strong><a href=\"https:\/\/www.em.com.br\/emfoco\/2025\/02\/06\/cidades-brasileiras-brilham-no-turismo-global-veja-os-destaques-nacionais\/\" target=\"_blank\" rel=\"noreferrer noopener\">S\u00e3o Paulo<\/a><\/strong>, a cidade combina eficientemente modernidade e tradi\u00e7\u00f5es, servindo tanto como centro econ\u00f4mico quanto como destino tur\u00edstico atrativo.<\/p>\n\n\n\n<p>O munic\u00edpio \u00e9 conhecido por sua infraestrutura avan\u00e7ada e pelas oportunidades amplas que oferece. Rio Preto atrai tanto residentes quanto turistas, deixando uma marca evidente pela sua capacidade de acolher a inova\u00e7\u00e3o enquanto preserva suas ra\u00edzes culturais.<\/p>\n\n\n\n<h2 class=\"wp-block-heading\">Por que viver em S\u00e3o Jos\u00e9 do Rio Preto \u00e9 uma op\u00e7\u00e3o atrativa?<\/h2>\n\n\n\n<p>Quando se pensa em qualidade de vida, S\u00e3o Jos\u00e9 do Rio Preto se sobressai. Segundo o <strong><a href=\"https:\/\/www.firjan.com.br\/ifdm\/consulta-ao-indice\/\" target=\"_blank\" rel=\"noreferrer noopener\">\u00cdndice FIRJAN de Desenvolvimento Municipal<\/a><\/strong>, a cidade \u00e9 um exemplo de boas pr\u00e1ticas em sa\u00fade, educa\u00e7\u00e3o e infraestrutura. Essa estrutura torna o ambiente de Rio Preto acolhedor e prop\u00edcio para novos moradores que buscam uma rotina equilibrada.<\/p>\n\n\n\n<p>O custo de vida em Rio Preto \u00e9 um atrativo especial, sendo significativamente mais baixo que na capital paulista. A cidade oferece uma combina\u00e7\u00e3o de acessibilidade financeira e oferta de empregos, posicionando-se como uma escolha racional para aqueles que visam reduzir o estresse das grandes metr\u00f3poles.<\/p>\n\n\n\n<figure class=\"wp-block-image size-large\"><img loading=\"lazy\" decoding=\"async\" width=\"1024\" height=\"576\" src=\"https:\/\/www.em.com.br\/emfoco\/wp-content\/uploads\/2025\/02\/esse-20-1024x576.jpg\" alt=\"Novo ponto tur\u00edstico que tem tudo pra voc\u00ea!\" class=\"wp-image-15752\" srcset=\"https:\/\/www.em.com.br\/emfoco\/wp-content\/uploads\/2025\/02\/esse-20-1024x576.jpg 1024w, https:\/\/www.em.com.br\/emfoco\/wp-content\/uploads\/2025\/02\/esse-20-300x169.jpg 300w, https:\/\/www.em.com.br\/emfoco\/wp-content\/uploads\/2025\/02\/esse-20-768x432.jpg 768w, https:\/\/www.em.com.br\/emfoco\/wp-content\/uploads\/2025\/02\/esse-20-750x422.jpg 750w, https:\/\/www.em.com.br\/emfoco\/wp-content\/uploads\/2025\/02\/esse-20-1140x641.jpg 1140w, https:\/\/www.em.com.br\/emfoco\/wp-content\/uploads\/2025\/02\/esse-20.jpg 1280w\" sizes=\"auto, (max-width: 1024px) 100vw, 1024px\" \/><figcaption class=\"wp-element-caption\">S\u00e3o Jos\u00e9 do Rio Preto. S\u00e3o Paulo &#8211; Cr\u00e9ditos: Wikimedia Commons<\/figcaption><\/figure>\n\n\n\n<h2 class=\"wp-block-heading\">Quais experi\u00eancias culturais e de lazer a cidade oferece?<\/h2>\n\n\n\n<p>S\u00e3o Jos\u00e9 do Rio Preto \u00e9 conhecida por seu fervor cultural, abrigando eventos como o<strong> Festival Internacional de Teatro<\/strong> (FIT). Este acontecimento anual coloca a cidade no mapa global das artes, atraindo diversos artistas e p\u00fablico para celebrar uma mistura de express\u00f5es culturais.<\/p>\n\n\n\n<p>O munic\u00edpio tamb\u00e9m possui outras p\u00e9rolas culturais, como o <strong>Museu de Arte Primitivista Jos\u00e9 Ant\u00f4nio da Silva<\/strong>, que celebra o talento singular do artista ao expor suas obras e biografia. O passeio de <strong>Trem Caipira<\/strong>, por outro lado, oferece um vislumbre do passado ferrovi\u00e1rio da regi\u00e3o e conecta os visitantes ao tradicional distrito de <strong>Engenheiro Schmitt<\/strong>.<\/p>\n\n\n\n<h2 class=\"wp-block-heading\">Como S\u00e3o Jos\u00e9 do Rio Preto conserva o meio ambiente?<\/h2>\n\n\n\n<p>Conhecida como <strong>Capital dos Grandes Lagos<\/strong>, a cidade tem recebido aten\u00e7\u00e3o por suas eficazes iniciativas ambientais, reconhecidas pelo <strong>Pr\u00eamio Munic\u00edpio Verde Azul<\/strong>. \u00c1reas como o <strong>Parque Represa Municipal<\/strong> oferecem espa\u00e7o para recrea\u00e7\u00e3o e contato com a natureza, importante tanto para o lazer quanto para a preserva\u00e7\u00e3o ambiental e abastecimento de \u00e1gua da popula\u00e7\u00e3o.<\/p>\n\n\n\n<p>O zool\u00f3gico municipal e suas \u00e1reas de vegeta\u00e7\u00e3o nativa s\u00e3o mais exemplos de como a cidade integra pr\u00e1ticas sustent\u00e1veis, oferecendo aos visitantes experi\u00eancias que educam e estimulam a consci\u00eancia ambiental.<\/p>\n\n\n\n<h2 class=\"wp-block-heading\">O que esperar da vida noturna de Rio Preto?<\/h2>\n\n\n\n<p>A cidade pulsa \u00e0 noite com uma variedade de op\u00e7\u00f5es para todos os gostos. Entre restaurantes sofisticados, bares animados e casas noturnas, a cena gastron\u00f4mica e de entretenimento \u00e9 diversa e acess\u00edvel. Desde uma refei\u00e7\u00e3o gourmet at\u00e9 um simples encontro em um pub local, as op\u00e7\u00f5es s\u00e3o extensas e atender\u00e3o qualquer prefer\u00eancia.<\/p>\n\n\n\n<p>Este ambiente vibrante garante que moradores e visitantes tenham experi\u00eancias sempre novas e memor\u00e1veis, solidificando a reputa\u00e7\u00e3o de S\u00e3o Jos\u00e9 do Rio Preto como um local acolhedor e repleto de vida.<\/p>\n","protected":false},"excerpt":{"rendered":"<p>S\u00e3o Jos\u00e9 do Rio Preto se destaca no interior paulista como um exemplo de cidade em constante crescimento econ\u00f4mico, mantendo uma alta qualidade de vida para seus habitantes. Localizada a 440 km de S\u00e3o Paulo, a cidade combina eficientemente modernidade e tradi\u00e7\u00f5es, servindo tanto como centro econ\u00f4mico quanto como destino tur\u00edstico atrativo. O munic\u00edpio \u00e9 [&hellip;]<\/p>\n","protected":false},"author":5,"featured_media":15754,"comment_status":"open","ping_status":"open","sticky":false,"template":"","format":"standard","meta":{"jnews-multi-image_gallery":[],"jnews_single_post":{"format":"standard"},"jnews_primary_category":[],"jnews_social_meta":[],"jnews_override_counter":[],"footnotes":""},"categories":[26,1],"tags":[1383,1601,553],"class_list":["post-16414","post","type-post","status-publish","format-standard","has-post-thumbnail","hentry","category-cidades","category-noticias","tag-interior","tag-sao-jose-do-rio-preto","tag-sao-paulo"],"yoast_head":"<!-- This site is optimized with the Yoast SEO plugin v23.8 - https:\/\/yoast.com\/wordpress\/plugins\/seo\/ -->\n<title>Interior paulista se destaca com qualidade de vida e cultura vibrante! - Estado de Minas - Em foco<\/title>\n<meta name=\"description\" content=\"Conhecida como a Capital dos Grandes Lagos, S\u00e3o Jos\u00e9 do Rio Preto encanta com natureza preservada e infraestrutura moderna.\" \/>\n<meta name=\"robots\" content=\"index, follow, max-snippet:-1, max-image-preview:large, max-video-preview:-1\" \/>\n<link rel=\"canonical\" href=\"https:\/\/www.em.com.br\/emfoco\/2025\/02\/11\/interior-paulista-se-destaca-com-qualidade-de-vida-e-cultura-vibrante\/\" \/>\n<meta property=\"og:locale\" content=\"pt_BR\" \/>\n<meta property=\"og:type\" content=\"article\" \/>\n<meta property=\"og:title\" content=\"Interior paulista se destaca com qualidade de vida e cultura vibrante! - Estado de Minas - Em foco\" \/>\n<meta property=\"og:description\" content=\"Conhecida como a Capital dos Grandes Lagos, S\u00e3o Jos\u00e9 do Rio Preto encanta com natureza preservada e infraestrutura moderna.\" \/>\n<meta property=\"og:url\" content=\"https:\/\/www.em.com.br\/emfoco\/2025\/02\/11\/interior-paulista-se-destaca-com-qualidade-de-vida-e-cultura-vibrante\/\" \/>\n<meta property=\"og:site_name\" content=\"Estado de Minas - Em foco\" \/>\n<meta property=\"article:published_time\" content=\"2025-02-11T17:20:00+00:00\" \/>\n<meta property=\"article:modified_time\" content=\"2025-02-10T19:00:50+00:00\" \/>\n<meta property=\"og:image\" content=\"https:\/\/www.em.com.br\/emfoco\/wp-content\/uploads\/2025\/02\/esse-1-18.jpg\" \/>\n\t<meta property=\"og:image:width\" content=\"1280\" \/>\n\t<meta property=\"og:image:height\" content=\"720\" \/>\n\t<meta property=\"og:image:type\" content=\"image\/jpeg\" \/>\n<meta name=\"author\" content=\"N\u00fabia Rangel\" \/>\n<meta name=\"twitter:card\" content=\"summary_large_image\" \/>\n<meta name=\"twitter:label1\" content=\"Escrito por\" \/>\n\t<meta name=\"twitter:data1\" content=\"N\u00fabia Rangel\" \/>\n\t<meta name=\"twitter:label2\" content=\"Est. tempo de leitura\" \/>\n\t<meta name=\"twitter:data2\" content=\"4 minutos\" \/>\n<!-- \/ Yoast SEO plugin. -->","yoast_head_json":{"title":"Interior paulista se destaca com qualidade de vida e cultura vibrante! - Estado de Minas - Em foco","description":"Conhecida como a Capital dos Grandes Lagos, S\u00e3o Jos\u00e9 do Rio Preto encanta com natureza preservada e infraestrutura moderna.","robots":{"index":"index","follow":"follow","max-snippet":"max-snippet:-1","max-image-preview":"max-image-preview:large","max-video-preview":"max-video-preview:-1"},"canonical":"https:\/\/www.em.com.br\/emfoco\/2025\/02\/11\/interior-paulista-se-destaca-com-qualidade-de-vida-e-cultura-vibrante\/","og_locale":"pt_BR","og_type":"article","og_title":"Interior paulista se destaca com qualidade de vida e cultura vibrante! - Estado de Minas - Em foco","og_description":"Conhecida como a Capital dos Grandes Lagos, S\u00e3o Jos\u00e9 do Rio Preto encanta com natureza preservada e infraestrutura moderna.","og_url":"https:\/\/www.em.com.br\/emfoco\/2025\/02\/11\/interior-paulista-se-destaca-com-qualidade-de-vida-e-cultura-vibrante\/","og_site_name":"Estado de Minas - Em foco","article_published_time":"2025-02-11T17:20:00+00:00","article_modified_time":"2025-02-10T19:00:50+00:00","og_image":[{"width":1280,"height":720,"url":"https:\/\/www.em.com.br\/emfoco\/wp-content\/uploads\/2025\/02\/esse-1-18.jpg","type":"image\/jpeg"}],"author":"N\u00fabia Rangel","twitter_card":"summary_large_image","twitter_misc":{"Escrito por":"N\u00fabia Rangel","Est. tempo de leitura":"4 minutos"},"schema":{"@context":"https:\/\/schema.org","@graph":[{"@type":"WebPage","@id":"https:\/\/www.em.com.br\/emfoco\/2025\/02\/11\/interior-paulista-se-destaca-com-qualidade-de-vida-e-cultura-vibrante\/","url":"https:\/\/www.em.com.br\/emfoco\/2025\/02\/11\/interior-paulista-se-destaca-com-qualidade-de-vida-e-cultura-vibrante\/","name":"Interior paulista se destaca com qualidade de vida e cultura vibrante! - Estado de Minas - Em foco","isPartOf":{"@id":"https:\/\/www.em.com.br\/emfoco\/#website"},"primaryImageOfPage":{"@id":"https:\/\/www.em.com.br\/emfoco\/2025\/02\/11\/interior-paulista-se-destaca-com-qualidade-de-vida-e-cultura-vibrante\/#primaryimage"},"image":{"@id":"https:\/\/www.em.com.br\/emfoco\/2025\/02\/11\/interior-paulista-se-destaca-com-qualidade-de-vida-e-cultura-vibrante\/#primaryimage"},"thumbnailUrl":"https:\/\/www.em.com.br\/emfoco\/wp-content\/uploads\/2025\/02\/esse-1-18.jpg","datePublished":"2025-02-11T17:20:00+00:00","dateModified":"2025-02-10T19:00:50+00:00","author":{"@id":"https:\/\/www.em.com.br\/emfoco\/#\/schema\/person\/524437ef54f8a5d32591b143307f2e20"},"description":"Conhecida como a Capital dos Grandes Lagos, S\u00e3o Jos\u00e9 do Rio Preto encanta com natureza preservada e infraestrutura moderna.","breadcrumb":{"@id":"https:\/\/www.em.com.br\/emfoco\/2025\/02\/11\/interior-paulista-se-destaca-com-qualidade-de-vida-e-cultura-vibrante\/#breadcrumb"},"inLanguage":"pt-BR","potentialAction":[{"@type":"ReadAction","target":["https:\/\/www.em.com.br\/emfoco\/2025\/02\/11\/interior-paulista-se-destaca-com-qualidade-de-vida-e-cultura-vibrante\/"]}]},{"@type":"ImageObject","inLanguage":"pt-BR","@id":"https:\/\/www.em.com.br\/emfoco\/2025\/02\/11\/interior-paulista-se-destaca-com-qualidade-de-vida-e-cultura-vibrante\/#primaryimage","url":"https:\/\/www.em.com.br\/emfoco\/wp-content\/uploads\/2025\/02\/esse-1-18.jpg","contentUrl":"https:\/\/www.em.com.br\/emfoco\/wp-content\/uploads\/2025\/02\/esse-1-18.jpg","width":1280,"height":720,"caption":"S\u00e3o Jos\u00e9 do Rio Preto em S\u00e3o Paulo - Cr\u00e9ditos: Wikimedia Commons"},{"@type":"BreadcrumbList","@id":"https:\/\/www.em.com.br\/emfoco\/2025\/02\/11\/interior-paulista-se-destaca-com-qualidade-de-vida-e-cultura-vibrante\/#breadcrumb","itemListElement":[{"@type":"ListItem","position":1,"name":"In\u00edcio","item":"https:\/\/www.em.com.br\/emfoco\/"},{"@type":"ListItem","position":2,"name":"Interior paulista se destaca com qualidade de vida e cultura vibrante!"}]},{"@type":"WebSite","@id":"https:\/\/www.em.com.br\/emfoco\/#website","url":"https:\/\/www.em.com.br\/emfoco\/","name":"Estado de Minas - Em foco","description":"Acompanhe as \u00faltimas not\u00edcias e fique bem informado sobre tudo o que acontece em Minas Gerais, Brasil e no mundo.","potentialAction":[{"@type":"SearchAction","target":{"@type":"EntryPoint","urlTemplate":"https:\/\/www.em.com.br\/emfoco\/?s={search_term_string}"},"query-input":{"@type":"PropertyValueSpecification","valueRequired":true,"valueName":"search_term_string"}}],"inLanguage":"pt-BR"},{"@type":"Person","@id":"https:\/\/www.em.com.br\/emfoco\/#\/schema\/person\/524437ef54f8a5d32591b143307f2e20","name":"N\u00fabia Rangel","image":{"@type":"ImageObject","inLanguage":"pt-BR","@id":"https:\/\/www.em.com.br\/emfoco\/#\/schema\/person\/image\/","url":"https:\/\/secure.gravatar.com\/avatar\/47cff2827a5ba23c37e8068c86817ea4?s=96&d=mm&r=g","contentUrl":"https:\/\/secure.gravatar.com\/avatar\/47cff2827a5ba23c37e8068c86817ea4?s=96&d=mm&r=g","caption":"N\u00fabia Rangel"},"sameAs":["https:\/\/www.em.com.br\/emfoco\/"],"url":"https:\/\/www.em.com.br\/emfoco\/author\/nubiamyth\/"}]}},"_links":{"self":[{"href":"https:\/\/www.em.com.br\/emfoco\/wp-json\/wp\/v2\/posts\/16414","targetHints":{"allow":["GET"]}}],"collection":[{"href":"https:\/\/www.em.com.br\/emfoco\/wp-json\/wp\/v2\/posts"}],"about":[{"href":"https:\/\/www.em.com.br\/emfoco\/wp-json\/wp\/v2\/types\/post"}],"author":[{"embeddable":true,"href":"https:\/\/www.em.com.br\/emfoco\/wp-json\/wp\/v2\/users\/5"}],"replies":[{"embeddable":true,"href":"https:\/\/www.em.com.br\/emfoco\/wp-json\/wp\/v2\/comments?post=16414"}],"version-history":[{"count":2,"href":"https:\/\/www.em.com.br\/emfoco\/wp-json\/wp\/v2\/posts\/16414\/revisions"}],"predecessor-version":[{"id":16416,"href":"https:\/\/www.em.com.br\/emfoco\/wp-json\/wp\/v2\/posts\/16414\/revisions\/16416"}],"wp:featuredmedia":[{"embeddable":true,"href":"https:\/\/www.em.com.br\/emfoco\/wp-json\/wp\/v2\/media\/15754"}],"wp:attachment":[{"href":"https:\/\/www.em.com.br\/emfoco\/wp-json\/wp\/v2\/media?parent=16414"}],"wp:term":[{"taxonomy":"category","embeddable":true,"href":"https:\/\/www.em.com.br\/emfoco\/wp-json\/wp\/v2\/categories?post=16414"},{"taxonomy":"post_tag","embeddable":true,"href":"https:\/\/www.em.com.br\/emfoco\/wp-json\/wp\/v2\/tags?post=16414"}],"curies":[{"name":"wp","href":"https:\/\/api.w.org\/{rel}","templated":true}]}}