{"id":163238,"date":"2026-02-01T09:05:00","date_gmt":"2026-02-01T12:05:00","guid":{"rendered":"https:\/\/www.em.com.br\/emfoco\/?p=163238"},"modified":"2026-01-31T15:46:46","modified_gmt":"2026-01-31T18:46:46","slug":"usar-sabonete-demais-pode-estar-prejudicando-sua-pele","status":"publish","type":"post","link":"https:\/\/www.em.com.br\/emfoco\/2026\/02\/01\/usar-sabonete-demais-pode-estar-prejudicando-sua-pele\/","title":{"rendered":"Usar sabonete demais pode estar prejudicando sua pele"},"content":{"rendered":"\n<p>O <strong>Sabonete <\/strong>\u00e9 um elemento essencial da rotina de higiene di\u00e1ria, mas seu uso incorreto pode trazer preju\u00edzos \u00e0 sa\u00fade da pele. Por vezes, sem perceber, as pessoas acabam utilizando sabonete de maneira excessiva, o que pode levar ao ressecamento, irrita\u00e7\u00f5es e, em alguns casos, alergias. Compreender os impactos desse h\u00e1bito e fazer pequenos ajustes pode ser crucial para manter a sa\u00fade cut\u00e2nea.<\/p>\n\n\n\n<p>\u00c9 um equ\u00edvoco comum pensar que quanto mais sabonete se utiliza, mais limpa a pele ficar\u00e1. Na realidade, o uso excessivo de sabonete pode remover as camadas protetoras naturais da pele, como os \u00f3leos essenciais que preservam a hidrata\u00e7\u00e3o. Estes \u00f3leos s\u00e3o vitais para evitar o ressecamento e irrita\u00e7\u00f5es, portanto, uma aplica\u00e7\u00e3o equilibrada de sabonete \u00e9 fundamental para preservar a barreira de prote\u00e7\u00e3o da pele.<\/p>\n\n\n\n<h2 class=\"wp-block-heading\">Como o Excesso de Sabonete Pode Prejudicar a Pele?<\/h2>\n\n\n\n<p>O uso de sabonete em demasia compromete a camada lip\u00eddica da pele, que \u00e9 respons\u00e1vel por proteg\u00ea-la de desidrata\u00e7\u00e3o e agentes externos. Essa camada, quando removida, mesmo de maneira sutil, pode causar danos a longo prazo, tornando a pele mais suscet\u00edvel a rachaduras, descama\u00e7\u00f5es e at\u00e9 infec\u00e7\u00f5es. Aplicar sabonete com modera\u00e7\u00e3o, principalmente nas \u00e1reas que requerem limpeza, como axilas, p\u00e9s e genitais, \u00e9 recomendado para evitar problemas. A suavidade durante a aplica\u00e7\u00e3o tamb\u00e9m \u00e9 essencial.<\/p>\n\n\n<div class=\"wp-block-image\">\n<figure class=\"aligncenter size-large\"><img loading=\"lazy\" decoding=\"async\" width=\"1024\" height=\"576\" src=\"https:\/\/www.em.com.br\/emfoco\/wp-content\/uploads\/2026\/01\/Sabonete-_1769885101493-1024x576.jpg\" alt=\"\" class=\"wp-image-163242\" srcset=\"https:\/\/www.em.com.br\/emfoco\/wp-content\/uploads\/2026\/01\/Sabonete-_1769885101493-1024x576.jpg 1024w, https:\/\/www.em.com.br\/emfoco\/wp-content\/uploads\/2026\/01\/Sabonete-_1769885101493-300x169.jpg 300w, https:\/\/www.em.com.br\/emfoco\/wp-content\/uploads\/2026\/01\/Sabonete-_1769885101493-768x432.jpg 768w, https:\/\/www.em.com.br\/emfoco\/wp-content\/uploads\/2026\/01\/Sabonete-_1769885101493-750x422.jpg 750w, https:\/\/www.em.com.br\/emfoco\/wp-content\/uploads\/2026\/01\/Sabonete-_1769885101493-1140x641.jpg 1140w, https:\/\/www.em.com.br\/emfoco\/wp-content\/uploads\/2026\/01\/Sabonete-_1769885101493.jpg 1280w\" sizes=\"auto, (max-width: 1024px) 100vw, 1024px\" \/><figcaption class=\"wp-element-caption\">Sabonete &#8211; Cr\u00e9ditos: depositphotos.com \/ VadimVasenin<\/figcaption><\/figure><\/div>\n\n\n<h2 class=\"wp-block-heading\">Sabonetes Antibacterianos: S\u00e3o Realmente Necess\u00e1rios?<\/h2>\n\n\n\n<p>Os sabonetes antibacterianos ganharam popularidade, mas \u00e9 essencial questionar se s\u00e3o necess\u00e1rios para o uso di\u00e1rio. Em muitas circunst\u00e2ncias, um sabonete comum \u00e9 suficiente para assegurar a higiene da pele. O uso frequente de sabonetes antibacterianos pode perturbar a flora bacteriana natural, afetando o equil\u00edbrio da pele e provocando ressecamento e irrita\u00e7\u00f5es.<\/p>\n\n\n\n<p>Embora esses sabonetes sejam eficazes na elimina\u00e7\u00e3o de germes e bact\u00e9rias, podem ser desnecess\u00e1rios em ambientes de baixo risco. Salvo recomenda\u00e7\u00f5es m\u00e9dicas espec\u00edficas, \u00e9 prefer\u00edvel optar por sabonetes convencionais que s\u00e3o geralmente menos agressivos \u00e0 microbiota cut\u00e2nea.<\/p>\n\n\n\n<h2 class=\"wp-block-heading\">\u00c1gua Quente e Sabonete: Uma Combina\u00e7\u00e3o que Resseca<\/h2>\n\n\n\n<p>A \u00e1gua quente, quando combinada com sabonete, figura entre os principais respons\u00e1veis pelo ressecamento da pele. A alta temperatura da \u00e1gua pode eliminar os \u00f3leos naturais, deixando a pele seca e \u00e1spera. A dilata\u00e7\u00e3o dos poros causada pela \u00e1gua quente acelera a perda de hidrata\u00e7\u00e3o essencial.<\/p>\n\n\n\n<p>Al\u00e9m disso, o uso simult\u00e2neo de sabonete intensifica esse efeito pela remo\u00e7\u00e3o da camada protetora. \u00c9 aconselh\u00e1vel usar \u00e1gua morna para minimizar o ressecamento e evitar que a pele se desidrate, optando por sabonetes mais suaves.<\/p>\n\n\n\n<h2 class=\"wp-block-heading\">Como Escolher o Sabonete Adequado para Cada Tipo de Pele?<\/h2>\n\n\n\n<p>A escolha do sabonete deve ser compat\u00edvel com o tipo de pele. Peles secas beneficiam-se de sabonetes hidratantes e suaves que n\u00e3o eliminem seus \u00f3leos naturais. Em contrapartida, peles oleosas requerem sabonetes que controlem o sebo sem serem agressivos.<\/p>\n\n\n\n<p>Sabonetes para peles sens\u00edveis devem ter ingredientes suaves, livres de fragr\u00e2ncias e corantes intensos, que s\u00e3o comumente irritantes. Identificar o tipo de pele \u00e9 crucial para escolher produtos que realmente atendam \u00e0s suas necessidades, garantindo efic\u00e1cia sem preju\u00edzo \u00e0 sa\u00fade cut\u00e2nea.<\/p>\n\n\n\n<p>Portanto, entender e adaptar o uso do sabonete conforme as caracter\u00edsticas individuais da pele \u00e9 um passo essencial para manter a sa\u00fade e o bem-estar geral. \u00c9 fundamental que se preste aten\u00e7\u00e3o n\u00e3o s\u00f3 ao tipo de sabonete, mas tamb\u00e9m \u00e0 forma e frequ\u00eancia do seu uso.<\/p>\n\n\n<a href=\"https:\/\/www.instagram.com\/dra.annaluisabf\/\" target=\"_blank\" style=\"text-decoration: none; color: inherit;\">\n  <span style=\"display:inline-block; border:1px solid #ccc; border-radius:10px; padding:15px; max-width:550px; font-family:sans-serif; box-shadow:0 2px 5px rgba(0,0,0,0.1);\">\n    <span style=\"margin:0 0 15px 0; font-weight:bold; color:#2c3e50; text-align: center;\">Entre em contato:<\/span>\n\n    <span style=\"display:flex; align-items:center;\">\n      <img decoding=\"async\" src=\"https:\/\/www.correiobraziliense.com.br\/cbradar\/wp-content\/uploads\/2025\/08\/dra_anna_luisa.jpeg\" alt=\"Dra Anna Lu\u00edsa\" style=\"border-radius:50%; width:80px; height:80px; margin-right:15px;\">\n      <span style=\"flex:1;\">\n        <h3 style=\"margin:0 0 5px 0;\">Dra. Anna Lu\u00edsa Barbosa Fernandes<\/h3>\n        <p style=\"margin:0 0 10px 0;\">CRM-GO 33.271<\/p>\n        <span style=\"display:flex; gap:10px;\">\n          <img decoding=\"async\" src=\"https:\/\/cdn-icons-png.flaticon.com\/24\/1384\/1384063.png\" alt=\"Instagram\">\n        <\/span>\n      <\/span>\n    <\/span>\n  <\/span>\n<\/a>","protected":false},"excerpt":{"rendered":"<p>O Sabonete \u00e9 um elemento essencial da rotina de higiene di\u00e1ria, mas seu uso incorreto pode trazer preju\u00edzos \u00e0 sa\u00fade da pele. Por vezes, sem perceber, as pessoas acabam utilizando sabonete de maneira excessiva, o que pode levar ao ressecamento, irrita\u00e7\u00f5es e, em alguns casos, alergias. Compreender os impactos desse h\u00e1bito e fazer pequenos ajustes [&hellip;]<\/p>\n","protected":false},"author":25,"featured_media":163239,"comment_status":"open","ping_status":"open","sticky":false,"template":"","format":"standard","meta":{"jnews-multi-image_gallery":[],"jnews_single_post":{"format":"standard"},"jnews_primary_category":[],"jnews_social_meta":[],"jnews_override_counter":[],"footnotes":""},"categories":[9053],"tags":[711,327,415],"class_list":["post-163238","post","type-post","status-publish","format-standard","has-post-thumbnail","hentry","category-saude","tag-bem-estar","tag-qualidade-de-vida","tag-saude"],"yoast_head":"<!-- This site is optimized with the Yoast SEO plugin v23.8 - https:\/\/yoast.com\/wordpress\/plugins\/seo\/ -->\n<title>Usar sabonete demais pode estar prejudicando sua pele - Estado de Minas - Em foco<\/title>\n<meta name=\"description\" content=\"O uso excessivo de sabonete pode remover a prote\u00e7\u00e3o natural da pele. Entenda os riscos, erros comuns no banho e como evitar ressecamento.\" \/>\n<meta name=\"robots\" content=\"index, follow, max-snippet:-1, max-image-preview:large, max-video-preview:-1\" \/>\n<link rel=\"canonical\" href=\"https:\/\/www.em.com.br\/emfoco\/2026\/02\/01\/usar-sabonete-demais-pode-estar-prejudicando-sua-pele\/\" \/>\n<meta property=\"og:locale\" content=\"pt_BR\" \/>\n<meta property=\"og:type\" content=\"article\" \/>\n<meta property=\"og:title\" content=\"Usar sabonete demais pode estar prejudicando sua pele - Estado de Minas - Em foco\" \/>\n<meta property=\"og:description\" content=\"O uso excessivo de sabonete pode remover a prote\u00e7\u00e3o natural da pele. Entenda os riscos, erros comuns no banho e como evitar ressecamento.\" \/>\n<meta property=\"og:url\" content=\"https:\/\/www.em.com.br\/emfoco\/2026\/02\/01\/usar-sabonete-demais-pode-estar-prejudicando-sua-pele\/\" \/>\n<meta property=\"og:site_name\" content=\"Estado de Minas - Em foco\" \/>\n<meta property=\"article:published_time\" content=\"2026-02-01T12:05:00+00:00\" \/>\n<meta property=\"article:modified_time\" content=\"2026-01-31T18:46:46+00:00\" \/>\n<meta property=\"og:image\" content=\"https:\/\/www.em.com.br\/emfoco\/wp-content\/uploads\/2026\/01\/Sabonete-_1769885058181.jpg\" \/>\n\t<meta property=\"og:image:width\" content=\"1280\" \/>\n\t<meta property=\"og:image:height\" content=\"720\" \/>\n\t<meta property=\"og:image:type\" content=\"image\/jpeg\" \/>\n<meta name=\"author\" content=\"Guilherme Lopes\" \/>\n<meta name=\"twitter:card\" content=\"summary_large_image\" \/>\n<meta name=\"twitter:label1\" content=\"Escrito por\" \/>\n\t<meta name=\"twitter:data1\" content=\"Guilherme Lopes\" \/>\n\t<meta name=\"twitter:label2\" content=\"Est. tempo de leitura\" \/>\n\t<meta name=\"twitter:data2\" content=\"4 minutos\" \/>\n<!-- \/ Yoast SEO plugin. -->","yoast_head_json":{"title":"Usar sabonete demais pode estar prejudicando sua pele - Estado de Minas - Em foco","description":"O uso excessivo de sabonete pode remover a prote\u00e7\u00e3o natural da pele. Entenda os riscos, erros comuns no banho e como evitar ressecamento.","robots":{"index":"index","follow":"follow","max-snippet":"max-snippet:-1","max-image-preview":"max-image-preview:large","max-video-preview":"max-video-preview:-1"},"canonical":"https:\/\/www.em.com.br\/emfoco\/2026\/02\/01\/usar-sabonete-demais-pode-estar-prejudicando-sua-pele\/","og_locale":"pt_BR","og_type":"article","og_title":"Usar sabonete demais pode estar prejudicando sua pele - Estado de Minas - Em foco","og_description":"O uso excessivo de sabonete pode remover a prote\u00e7\u00e3o natural da pele. Entenda os riscos, erros comuns no banho e como evitar ressecamento.","og_url":"https:\/\/www.em.com.br\/emfoco\/2026\/02\/01\/usar-sabonete-demais-pode-estar-prejudicando-sua-pele\/","og_site_name":"Estado de Minas - Em foco","article_published_time":"2026-02-01T12:05:00+00:00","article_modified_time":"2026-01-31T18:46:46+00:00","og_image":[{"width":1280,"height":720,"url":"https:\/\/www.em.com.br\/emfoco\/wp-content\/uploads\/2026\/01\/Sabonete-_1769885058181.jpg","type":"image\/jpeg"}],"author":"Guilherme Lopes","twitter_card":"summary_large_image","twitter_misc":{"Escrito por":"Guilherme Lopes","Est. tempo de leitura":"4 minutos"},"schema":{"@context":"https:\/\/schema.org","@graph":[{"@type":"WebPage","@id":"https:\/\/www.em.com.br\/emfoco\/2026\/02\/01\/usar-sabonete-demais-pode-estar-prejudicando-sua-pele\/","url":"https:\/\/www.em.com.br\/emfoco\/2026\/02\/01\/usar-sabonete-demais-pode-estar-prejudicando-sua-pele\/","name":"Usar sabonete demais pode estar prejudicando sua pele - Estado de Minas - Em foco","isPartOf":{"@id":"https:\/\/www.em.com.br\/emfoco\/#website"},"primaryImageOfPage":{"@id":"https:\/\/www.em.com.br\/emfoco\/2026\/02\/01\/usar-sabonete-demais-pode-estar-prejudicando-sua-pele\/#primaryimage"},"image":{"@id":"https:\/\/www.em.com.br\/emfoco\/2026\/02\/01\/usar-sabonete-demais-pode-estar-prejudicando-sua-pele\/#primaryimage"},"thumbnailUrl":"https:\/\/www.em.com.br\/emfoco\/wp-content\/uploads\/2026\/01\/Sabonete-_1769885058181.jpg","datePublished":"2026-02-01T12:05:00+00:00","dateModified":"2026-01-31T18:46:46+00:00","author":{"@id":"https:\/\/www.em.com.br\/emfoco\/#\/schema\/person\/f6eade2e287023da170a1b2b329f68e5"},"description":"O uso excessivo de sabonete pode remover a prote\u00e7\u00e3o natural da pele. Entenda os riscos, erros comuns no banho e como evitar ressecamento.","breadcrumb":{"@id":"https:\/\/www.em.com.br\/emfoco\/2026\/02\/01\/usar-sabonete-demais-pode-estar-prejudicando-sua-pele\/#breadcrumb"},"inLanguage":"pt-BR","potentialAction":[{"@type":"ReadAction","target":["https:\/\/www.em.com.br\/emfoco\/2026\/02\/01\/usar-sabonete-demais-pode-estar-prejudicando-sua-pele\/"]}]},{"@type":"ImageObject","inLanguage":"pt-BR","@id":"https:\/\/www.em.com.br\/emfoco\/2026\/02\/01\/usar-sabonete-demais-pode-estar-prejudicando-sua-pele\/#primaryimage","url":"https:\/\/www.em.com.br\/emfoco\/wp-content\/uploads\/2026\/01\/Sabonete-_1769885058181.jpg","contentUrl":"https:\/\/www.em.com.br\/emfoco\/wp-content\/uploads\/2026\/01\/Sabonete-_1769885058181.jpg","width":1280,"height":720,"caption":"Sabonete - Cr\u00e9ditos: depositphotos.com \/ AllaSerebrina"},{"@type":"BreadcrumbList","@id":"https:\/\/www.em.com.br\/emfoco\/2026\/02\/01\/usar-sabonete-demais-pode-estar-prejudicando-sua-pele\/#breadcrumb","itemListElement":[{"@type":"ListItem","position":1,"name":"In\u00edcio","item":"https:\/\/www.em.com.br\/emfoco\/"},{"@type":"ListItem","position":2,"name":"Usar sabonete demais pode estar prejudicando sua pele"}]},{"@type":"WebSite","@id":"https:\/\/www.em.com.br\/emfoco\/#website","url":"https:\/\/www.em.com.br\/emfoco\/","name":"Estado de Minas - Em foco","description":"Acompanhe as \u00faltimas not\u00edcias e fique bem informado sobre tudo o que acontece em Minas Gerais, Brasil e no mundo.","potentialAction":[{"@type":"SearchAction","target":{"@type":"EntryPoint","urlTemplate":"https:\/\/www.em.com.br\/emfoco\/?s={search_term_string}"},"query-input":{"@type":"PropertyValueSpecification","valueRequired":true,"valueName":"search_term_string"}}],"inLanguage":"pt-BR"},{"@type":"Person","@id":"https:\/\/www.em.com.br\/emfoco\/#\/schema\/person\/f6eade2e287023da170a1b2b329f68e5","name":"Guilherme Lopes","image":{"@type":"ImageObject","inLanguage":"pt-BR","@id":"https:\/\/www.em.com.br\/emfoco\/#\/schema\/person\/image\/","url":"https:\/\/secure.gravatar.com\/avatar\/df9adfb835d344bc0af109d41756253f?s=96&d=mm&r=g","contentUrl":"https:\/\/secure.gravatar.com\/avatar\/df9adfb835d344bc0af109d41756253f?s=96&d=mm&r=g","caption":"Guilherme Lopes"},"url":"https:\/\/www.em.com.br\/emfoco\/author\/guilherme_saude\/"}]}},"_links":{"self":[{"href":"https:\/\/www.em.com.br\/emfoco\/wp-json\/wp\/v2\/posts\/163238","targetHints":{"allow":["GET"]}}],"collection":[{"href":"https:\/\/www.em.com.br\/emfoco\/wp-json\/wp\/v2\/posts"}],"about":[{"href":"https:\/\/www.em.com.br\/emfoco\/wp-json\/wp\/v2\/types\/post"}],"author":[{"embeddable":true,"href":"https:\/\/www.em.com.br\/emfoco\/wp-json\/wp\/v2\/users\/25"}],"replies":[{"embeddable":true,"href":"https:\/\/www.em.com.br\/emfoco\/wp-json\/wp\/v2\/comments?post=163238"}],"version-history":[{"count":1,"href":"https:\/\/www.em.com.br\/emfoco\/wp-json\/wp\/v2\/posts\/163238\/revisions"}],"predecessor-version":[{"id":163243,"href":"https:\/\/www.em.com.br\/emfoco\/wp-json\/wp\/v2\/posts\/163238\/revisions\/163243"}],"wp:featuredmedia":[{"embeddable":true,"href":"https:\/\/www.em.com.br\/emfoco\/wp-json\/wp\/v2\/media\/163239"}],"wp:attachment":[{"href":"https:\/\/www.em.com.br\/emfoco\/wp-json\/wp\/v2\/media?parent=163238"}],"wp:term":[{"taxonomy":"category","embeddable":true,"href":"https:\/\/www.em.com.br\/emfoco\/wp-json\/wp\/v2\/categories?post=163238"},{"taxonomy":"post_tag","embeddable":true,"href":"https:\/\/www.em.com.br\/emfoco\/wp-json\/wp\/v2\/tags?post=163238"}],"curies":[{"name":"wp","href":"https:\/\/api.w.org\/{rel}","templated":true}]}}