{"id":16323,"date":"2025-02-04T17:00:28","date_gmt":"2025-02-04T20:00:28","guid":{"rendered":"https:\/\/www.em.com.br\/emfoco\/?p=16323"},"modified":"2025-02-03T14:19:15","modified_gmt":"2025-02-03T17:19:15","slug":"como-funciona-o-bpc-e-o-bolsa-familia","status":"publish","type":"post","link":"https:\/\/www.em.com.br\/emfoco\/2025\/02\/04\/como-funciona-o-bpc-e-o-bolsa-familia\/","title":{"rendered":"Como funciona o BPC e o Bolsa Fam\u00edlia?"},"content":{"rendered":"\n<p>No <strong>Brasil<\/strong>, o <strong>Benef\u00edcio de<\/strong> <strong>Presta\u00e7\u00e3o Continuada <\/strong>(<strong><a href=\"https:\/\/www.gov.br\/mds\/pt-br\/acoes-e-programas\/suas\/beneficios-assistenciais\/beneficio-assistencial-ao-idoso-e-a-pessoa-com-deficiencia-bpc#:~:text=O%20Benef%C3%ADcio%20de%20Presta%C3%A7%C3%A3o%20Continuada,com%20defici%C3%AAncia%20de%20qualquer%20idade.\" target=\"_blank\" rel=\"noreferrer noopener\">BPC<\/a><\/strong>) e o Bolsa Fam\u00edlia desempenham um <a href=\"https:\/\/www.em.com.br\/emfoco\/2025\/01\/31\/o-papel-do-programa-minha-casa-minha-vida-no-acesso-a-moradia-no-brasil\/\" target=\"_blank\" rel=\"noreferrer noopener\">papel <\/a>crucial na assist\u00eancia social, proporcionando apoio financeiro a cidad\u00e3os em situa\u00e7\u00e3o de vulnerabilidade. Recentemente, mudan\u00e7as legislativas permitiram uma nova forma de acesso a esses benef\u00edcios que pode beneficiar mais fam\u00edlias.<\/p>\n\n\n\n<p>Esses programas visam garantir <strong>dignidade e inclus\u00e3o<\/strong> social, assegurando que mais indiv\u00edduos tenham acesso a recursos essenciais para uma vida mais est\u00e1vel. Entender as novas regras e como solicitar esses benef\u00edcios \u00e9 fundamental para aqueles que precisam deste suporte.<\/p>\n\n\n<div class=\"wp-block-image\">\n<figure class=\"aligncenter size-large\"><img loading=\"lazy\" decoding=\"async\" width=\"1024\" height=\"576\" src=\"https:\/\/www.em.com.br\/emfoco\/wp-content\/uploads\/2024\/12\/Idosos_1733107233234-1024x576.jpg\" alt=\"Como funciona o BPC e o Bolsa Fam\u00edlia?\" class=\"wp-image-2689\" srcset=\"https:\/\/www.em.com.br\/emfoco\/wp-content\/uploads\/2024\/12\/Idosos_1733107233234-1024x576.jpg 1024w, https:\/\/www.em.com.br\/emfoco\/wp-content\/uploads\/2024\/12\/Idosos_1733107233234-300x169.jpg 300w, https:\/\/www.em.com.br\/emfoco\/wp-content\/uploads\/2024\/12\/Idosos_1733107233234-768x432.jpg 768w, https:\/\/www.em.com.br\/emfoco\/wp-content\/uploads\/2024\/12\/Idosos_1733107233234-750x422.jpg 750w, https:\/\/www.em.com.br\/emfoco\/wp-content\/uploads\/2024\/12\/Idosos_1733107233234-1140x641.jpg 1140w, https:\/\/www.em.com.br\/emfoco\/wp-content\/uploads\/2024\/12\/Idosos_1733107233234.jpg 1280w\" sizes=\"auto, (max-width: 1024px) 100vw, 1024px\" \/><figcaption class=\"wp-element-caption\">Idosos &#8211; Cr\u00e9ditos: depositphotos.com \/ AndrewLozovyi<\/figcaption><\/figure><\/div>\n\n\n<h2 class=\"wp-block-heading\">\u00c9 poss\u00edvel acumular pagamentos do BPC e Bolsa Fam\u00edlia?<\/h2>\n\n\n\n<p>Com a vig\u00eancia da <strong>Lei n\u00ba 14.601\/2023<\/strong>, houve uma altera\u00e7\u00e3o importante no crit\u00e9rio de recebimento do BPC e do Bolsa Fam\u00edlia. Antes dessa mudan\u00e7a, o valor do BPC era considerado como parte da renda familiar na an\u00e1lise para concess\u00e3o do Bolsa Fam\u00edlia. Entretanto, com a nova legisla\u00e7\u00e3o, isso n\u00e3o ocorre mais, permitindo que fam\u00edlias benefici\u00e1rias do BPC tamb\u00e9m tenham direito ao Bolsa Fam\u00edlia.<\/p>\n\n\n\n<p>Essa modifica\u00e7\u00e3o \u00e9 especialmente significativa porque permite a acumula\u00e7\u00e3o dos benef\u00edcios mesmo quando h\u00e1 mais de um benefici\u00e1rio do BPC na mesma resid\u00eancia. Essa pol\u00edtica visa <em>fortalecer<\/em> a rede de prote\u00e7\u00e3o social, aumentando o alcance e possibilitando que mais fam\u00edlias vulner\u00e1veis tenham acesso ao suporte necess\u00e1rio.<\/p>\n\n\n\n<h2 class=\"wp-block-heading\">Como solicitar os pagamentos do BPC?<\/h2>\n\n\n\n<p>Para solicitar o BPC, o interessado deve realizar o processo atrav\u00e9s do aplicativo <strong>Meu INSS<\/strong> ou presencialmente em uma ag\u00eancia da Previd\u00eancia Social. Os documentos necess\u00e1rios incluem o CPF, RG e, no caso de pessoas com defici\u00eancia, laudos m\u00e9dicos e receitas. Ap\u00f3s a entrega dos documentos, o requerente deve agendar uma per\u00edcia m\u00e9dica, que pode ser feita pelo telefone 135 ou pelo aplicativo.<\/p>\n\n\n\n<p>O resultado da per\u00edcia determinar\u00e1 a elegibilidade para o benef\u00edcio. O BPC n\u00e3o \u00e9 um benef\u00edcio previdenci\u00e1rio e, portanto, n\u00e3o requer contribui\u00e7\u00e3o pr\u00e9via ao INSS, mas sim comprova\u00e7\u00e3o de baixa renda e outras condi\u00e7\u00f5es espec\u00edficas.<\/p>\n\n\n\n<h2 class=\"wp-block-heading\">Como ingressar no programa Bolsa Fam\u00edlia?<\/h2>\n\n\n\n<p>O primeiro passo para se tornar benefici\u00e1rio do Bolsa Fam\u00edlia \u00e9 estar inscrito no <strong>Cadastro \u00danico<\/strong> (Cad\u00danico), um sistema do governo que identifica e caracteriza a situa\u00e7\u00e3o socioecon\u00f4mica das fam\u00edlias de baixa renda. A inscri\u00e7\u00e3o pode ser feita no <em>Centro de Refer\u00eancia da Assist\u00eancia Social<\/em> (CRAS) mais pr\u00f3ximo, onde \u00e9 necess\u00e1rio apresentar documentos como CPF, RG de todos os membros familiares e comprovante de resid\u00eancia.<\/p>\n\n\n\n<p>Ap\u00f3s o cadastro, os dados ser\u00e3o verificados para avaliar a elegibilidade ao programa. Uma vez aprovado, os pagamentos s\u00e3o realizados conforme o calend\u00e1rio definido, que varia segundo o final do N\u00famero de Identifica\u00e7\u00e3o Social (NIS) do benefici\u00e1rio.<\/p>\n\n\n\n<h2 class=\"wp-block-heading\">Quais os impactos da nova legisla\u00e7\u00e3o nos benef\u00edcios sociais?<\/h2>\n\n\n\n<p>A mudan\u00e7a na legisla\u00e7\u00e3o que permite a acumula\u00e7\u00e3o do BPC e Bolsa Fam\u00edlia sem que um interfira na concess\u00e3o do outro representa um avan\u00e7o significativo na pol\u00edtica de assist\u00eancia social. Isso pode aumentar consideravelmente o n\u00famero de fam\u00edlias atendidas, oferecendo uma <strong>rede de apoio financeira<\/strong> mais robusta para aqueles que vivem em situa\u00e7\u00f5es de risco e vulnerabilidade.<\/p>\n\n\n\n<p>O objetivo \u00e9 garantir que todas as fam\u00edlias que se encaixam nos crit\u00e9rios de vulnerabilidade consigam acessar os recursos necess\u00e1rios para uma subsist\u00eancia digna, contribuindo para a redu\u00e7\u00e3o das desigualdades sociais no pa\u00eds.<\/p>\n","protected":false},"excerpt":{"rendered":"<p>No Brasil, o Benef\u00edcio de Presta\u00e7\u00e3o Continuada (BPC) e o Bolsa Fam\u00edlia desempenham um papel crucial na assist\u00eancia social, proporcionando apoio financeiro a cidad\u00e3os em situa\u00e7\u00e3o de vulnerabilidade. Recentemente, mudan\u00e7as legislativas permitiram uma nova forma de acesso a esses benef\u00edcios que pode beneficiar mais fam\u00edlias. Esses programas visam garantir dignidade e inclus\u00e3o social, assegurando que [&hellip;]<\/p>\n","protected":false},"author":7,"featured_media":4095,"comment_status":"open","ping_status":"open","sticky":false,"template":"","format":"standard","meta":{"jnews-multi-image_gallery":[],"jnews_single_post":{"format":"standard"},"jnews_primary_category":[],"jnews_social_meta":[],"jnews_override_counter":[],"footnotes":""},"categories":[28],"tags":[498,1113,209,257],"class_list":["post-16323","post","type-post","status-publish","format-standard","has-post-thumbnail","hentry","category-economia","tag-assistencia-social","tag-beneficio-de-prestacao-continuada","tag-bolsa-familia","tag-bpc"],"yoast_head":"<!-- This site is optimized with the Yoast SEO plugin v23.8 - https:\/\/yoast.com\/wordpress\/plugins\/seo\/ -->\n<title>Como funciona o BPC e o Bolsa Fam\u00edlia? - Estado de Minas - Em foco<\/title>\n<meta name=\"description\" content=\"BPC e Bolsa Fam\u00edlia: Descubra como melhorar sua vida. Saiba quem tem direito e como esses programas podem te ajudar a ter mais qualidade de vida.\" \/>\n<meta name=\"robots\" content=\"index, follow, max-snippet:-1, max-image-preview:large, max-video-preview:-1\" \/>\n<link rel=\"canonical\" href=\"https:\/\/www.em.com.br\/emfoco\/2025\/02\/04\/como-funciona-o-bpc-e-o-bolsa-familia\/\" \/>\n<meta property=\"og:locale\" content=\"pt_BR\" \/>\n<meta property=\"og:type\" content=\"article\" \/>\n<meta property=\"og:title\" content=\"Como funciona o BPC e o Bolsa Fam\u00edlia? - Estado de Minas - Em foco\" \/>\n<meta property=\"og:description\" content=\"BPC e Bolsa Fam\u00edlia: Descubra como melhorar sua vida. Saiba quem tem direito e como esses programas podem te ajudar a ter mais qualidade de vida.\" \/>\n<meta property=\"og:url\" content=\"https:\/\/www.em.com.br\/emfoco\/2025\/02\/04\/como-funciona-o-bpc-e-o-bolsa-familia\/\" \/>\n<meta property=\"og:site_name\" content=\"Estado de Minas - Em foco\" \/>\n<meta property=\"article:published_time\" content=\"2025-02-04T20:00:28+00:00\" \/>\n<meta property=\"article:modified_time\" content=\"2025-02-03T17:19:15+00:00\" \/>\n<meta property=\"og:image\" content=\"https:\/\/www.em.com.br\/emfoco\/wp-content\/uploads\/2024\/12\/Idoso-Brasileiro_1733800902102.jpg\" \/>\n\t<meta property=\"og:image:width\" content=\"1280\" \/>\n\t<meta property=\"og:image:height\" content=\"720\" \/>\n\t<meta property=\"og:image:type\" content=\"image\/jpeg\" \/>\n<meta name=\"author\" content=\"Kelvin\" \/>\n<meta name=\"twitter:card\" content=\"summary_large_image\" \/>\n<meta name=\"twitter:label1\" content=\"Escrito por\" \/>\n\t<meta name=\"twitter:data1\" content=\"Kelvin\" \/>\n\t<meta name=\"twitter:label2\" content=\"Est. tempo de leitura\" \/>\n\t<meta name=\"twitter:data2\" content=\"4 minutos\" \/>\n<!-- \/ Yoast SEO plugin. -->","yoast_head_json":{"title":"Como funciona o BPC e o Bolsa Fam\u00edlia? - Estado de Minas - Em foco","description":"BPC e Bolsa Fam\u00edlia: Descubra como melhorar sua vida. Saiba quem tem direito e como esses programas podem te ajudar a ter mais qualidade de vida.","robots":{"index":"index","follow":"follow","max-snippet":"max-snippet:-1","max-image-preview":"max-image-preview:large","max-video-preview":"max-video-preview:-1"},"canonical":"https:\/\/www.em.com.br\/emfoco\/2025\/02\/04\/como-funciona-o-bpc-e-o-bolsa-familia\/","og_locale":"pt_BR","og_type":"article","og_title":"Como funciona o BPC e o Bolsa Fam\u00edlia? - Estado de Minas - Em foco","og_description":"BPC e Bolsa Fam\u00edlia: Descubra como melhorar sua vida. Saiba quem tem direito e como esses programas podem te ajudar a ter mais qualidade de vida.","og_url":"https:\/\/www.em.com.br\/emfoco\/2025\/02\/04\/como-funciona-o-bpc-e-o-bolsa-familia\/","og_site_name":"Estado de Minas - Em foco","article_published_time":"2025-02-04T20:00:28+00:00","article_modified_time":"2025-02-03T17:19:15+00:00","og_image":[{"width":1280,"height":720,"url":"https:\/\/www.em.com.br\/emfoco\/wp-content\/uploads\/2024\/12\/Idoso-Brasileiro_1733800902102.jpg","type":"image\/jpeg"}],"author":"Kelvin","twitter_card":"summary_large_image","twitter_misc":{"Escrito por":"Kelvin","Est. tempo de leitura":"4 minutos"},"schema":{"@context":"https:\/\/schema.org","@graph":[{"@type":"WebPage","@id":"https:\/\/www.em.com.br\/emfoco\/2025\/02\/04\/como-funciona-o-bpc-e-o-bolsa-familia\/","url":"https:\/\/www.em.com.br\/emfoco\/2025\/02\/04\/como-funciona-o-bpc-e-o-bolsa-familia\/","name":"Como funciona o BPC e o Bolsa Fam\u00edlia? - Estado de Minas - Em foco","isPartOf":{"@id":"https:\/\/www.em.com.br\/emfoco\/#website"},"primaryImageOfPage":{"@id":"https:\/\/www.em.com.br\/emfoco\/2025\/02\/04\/como-funciona-o-bpc-e-o-bolsa-familia\/#primaryimage"},"image":{"@id":"https:\/\/www.em.com.br\/emfoco\/2025\/02\/04\/como-funciona-o-bpc-e-o-bolsa-familia\/#primaryimage"},"thumbnailUrl":"https:\/\/www.em.com.br\/emfoco\/wp-content\/uploads\/2024\/12\/Idoso-Brasileiro_1733800902102.jpg","datePublished":"2025-02-04T20:00:28+00:00","dateModified":"2025-02-03T17:19:15+00:00","author":{"@id":"https:\/\/www.em.com.br\/emfoco\/#\/schema\/person\/fb0a7f48c6fbb94b83f413a80f61917d"},"description":"BPC e Bolsa Fam\u00edlia: Descubra como melhorar sua vida. Saiba quem tem direito e como esses programas podem te ajudar a ter mais qualidade de vida.","breadcrumb":{"@id":"https:\/\/www.em.com.br\/emfoco\/2025\/02\/04\/como-funciona-o-bpc-e-o-bolsa-familia\/#breadcrumb"},"inLanguage":"pt-BR","potentialAction":[{"@type":"ReadAction","target":["https:\/\/www.em.com.br\/emfoco\/2025\/02\/04\/como-funciona-o-bpc-e-o-bolsa-familia\/"]}]},{"@type":"ImageObject","inLanguage":"pt-BR","@id":"https:\/\/www.em.com.br\/emfoco\/2025\/02\/04\/como-funciona-o-bpc-e-o-bolsa-familia\/#primaryimage","url":"https:\/\/www.em.com.br\/emfoco\/wp-content\/uploads\/2024\/12\/Idoso-Brasileiro_1733800902102.jpg","contentUrl":"https:\/\/www.em.com.br\/emfoco\/wp-content\/uploads\/2024\/12\/Idoso-Brasileiro_1733800902102.jpg","width":1280,"height":720,"caption":"BPC - Cr\u00e9ditos: depositphotos.com \/ verganifotografia"},{"@type":"BreadcrumbList","@id":"https:\/\/www.em.com.br\/emfoco\/2025\/02\/04\/como-funciona-o-bpc-e-o-bolsa-familia\/#breadcrumb","itemListElement":[{"@type":"ListItem","position":1,"name":"In\u00edcio","item":"https:\/\/www.em.com.br\/emfoco\/"},{"@type":"ListItem","position":2,"name":"Como funciona o BPC e o Bolsa Fam\u00edlia?"}]},{"@type":"WebSite","@id":"https:\/\/www.em.com.br\/emfoco\/#website","url":"https:\/\/www.em.com.br\/emfoco\/","name":"Estado de Minas - Em foco","description":"Acompanhe as \u00faltimas not\u00edcias e fique bem informado sobre tudo o que acontece em Minas Gerais, Brasil e no mundo.","potentialAction":[{"@type":"SearchAction","target":{"@type":"EntryPoint","urlTemplate":"https:\/\/www.em.com.br\/emfoco\/?s={search_term_string}"},"query-input":{"@type":"PropertyValueSpecification","valueRequired":true,"valueName":"search_term_string"}}],"inLanguage":"pt-BR"},{"@type":"Person","@id":"https:\/\/www.em.com.br\/emfoco\/#\/schema\/person\/fb0a7f48c6fbb94b83f413a80f61917d","name":"Kelvin","image":{"@type":"ImageObject","inLanguage":"pt-BR","@id":"https:\/\/www.em.com.br\/emfoco\/#\/schema\/person\/image\/","url":"https:\/\/secure.gravatar.com\/avatar\/e74f84337e6bf6c4c5e88fbdffa05270?s=96&d=mm&r=g","contentUrl":"https:\/\/secure.gravatar.com\/avatar\/e74f84337e6bf6c4c5e88fbdffa05270?s=96&d=mm&r=g","caption":"Kelvin"},"sameAs":["https:\/\/www.em.com.br\/emfoco"],"url":"https:\/\/www.em.com.br\/emfoco\/author\/kelvinmyth\/"}]}},"_links":{"self":[{"href":"https:\/\/www.em.com.br\/emfoco\/wp-json\/wp\/v2\/posts\/16323","targetHints":{"allow":["GET"]}}],"collection":[{"href":"https:\/\/www.em.com.br\/emfoco\/wp-json\/wp\/v2\/posts"}],"about":[{"href":"https:\/\/www.em.com.br\/emfoco\/wp-json\/wp\/v2\/types\/post"}],"author":[{"embeddable":true,"href":"https:\/\/www.em.com.br\/emfoco\/wp-json\/wp\/v2\/users\/7"}],"replies":[{"embeddable":true,"href":"https:\/\/www.em.com.br\/emfoco\/wp-json\/wp\/v2\/comments?post=16323"}],"version-history":[{"count":2,"href":"https:\/\/www.em.com.br\/emfoco\/wp-json\/wp\/v2\/posts\/16323\/revisions"}],"predecessor-version":[{"id":16325,"href":"https:\/\/www.em.com.br\/emfoco\/wp-json\/wp\/v2\/posts\/16323\/revisions\/16325"}],"wp:featuredmedia":[{"embeddable":true,"href":"https:\/\/www.em.com.br\/emfoco\/wp-json\/wp\/v2\/media\/4095"}],"wp:attachment":[{"href":"https:\/\/www.em.com.br\/emfoco\/wp-json\/wp\/v2\/media?parent=16323"}],"wp:term":[{"taxonomy":"category","embeddable":true,"href":"https:\/\/www.em.com.br\/emfoco\/wp-json\/wp\/v2\/categories?post=16323"},{"taxonomy":"post_tag","embeddable":true,"href":"https:\/\/www.em.com.br\/emfoco\/wp-json\/wp\/v2\/tags?post=16323"}],"curies":[{"name":"wp","href":"https:\/\/api.w.org\/{rel}","templated":true}]}}