{"id":163229,"date":"2026-02-01T08:05:00","date_gmt":"2026-02-01T11:05:00","guid":{"rendered":"https:\/\/www.em.com.br\/emfoco\/?p=163229"},"modified":"2026-01-31T15:43:01","modified_gmt":"2026-01-31T18:43:01","slug":"por-que-medicos-guardam-parte-do-cranio-no-abdomen","status":"publish","type":"post","link":"https:\/\/www.em.com.br\/emfoco\/2026\/02\/01\/por-que-medicos-guardam-parte-do-cranio-no-abdomen\/","title":{"rendered":"Por que m\u00e9dicos guardam parte do cr\u00e2nio no abd\u00f4men"},"content":{"rendered":"\n<p>A <strong>Craniectomia <\/strong>descompressiva \u00e9 uma interven\u00e7\u00e3o m\u00e9dica crucial que, embora intrigante, desempenha um papel vital no tratamento de pacientes com press\u00e3o intracraniana elevada. Este procedimento cir\u00fargico \u00e9 considerado em condi\u00e7\u00f5es de alta gravidade, quando o c\u00e9rebro corre o risco de ser danificado devido \u00e0 press\u00e3o intensa dentro do cr\u00e2nio. Essa t\u00e9cnica permite remover temporariamente uma parte do cr\u00e2nio para que o c\u00e9rebro possa inchar sem a restri\u00e7\u00e3o imposta pelo osso, ajudando assim a prevenir sequelas neurol\u00f3gicas ou at\u00e9 mesmo a morte.<\/p>\n\n\n\n<p>O procedimento tem ganhado aten\u00e7\u00e3o n\u00e3o apenas pelo seu car\u00e1ter emergencial, mas tamb\u00e9m por um aspecto curioso: o armazenamento do fragmento \u00f3sseo retirado. Em alguns casos, esse osso \u00e9 guardado temporariamente no abd\u00f4men do paciente. Esta t\u00e9cnica visa manter a viabilidade do osso em um ambiente hospitaleiro e natural, evitando riscos de infec\u00e7\u00e3o que poderiam ocorrer com m\u00e9todos de armazenamento externo. Ao reintroduzir o osso na cabe\u00e7a, deseja-se n\u00e3o apenas restaurar a prote\u00e7\u00e3o f\u00edsica das estruturas cerebrais, mas tamb\u00e9m manter a funcionalidade est\u00e9tica do cr\u00e2nio.<\/p>\n\n\n\n<h2 class=\"wp-block-heading\">O que leva \u00e0 necessidade de uma craniectomia descompressiva?<\/h2>\n\n\n\n<p>O interior do cr\u00e2nio \u00e9 um espa\u00e7o imut\u00e1vel onde o c\u00e9rebro, o sangue e o l\u00edquido cefalorraquidiano coexistem em equil\u00edbrio. No entanto, traumas severos, acidentes vasculares cerebrais hemorr\u00e1gicos, infec\u00e7\u00f5es graves ou outras condi\u00e7\u00f5es que causam edema cerebral podem desestabilizar esse equil\u00edbrio. Nestes casos, quando medidas m\u00e9dicas convencionais n\u00e3o s\u00e3o suficientes para controlar a intensa press\u00e3o intracraniana, a craniectomia descompressiva emerge como uma solu\u00e7\u00e3o vi\u00e1vel.<\/p>\n\n\n<div class=\"wp-block-image\">\n<figure class=\"aligncenter size-large\"><img loading=\"lazy\" decoding=\"async\" width=\"1024\" height=\"576\" src=\"https:\/\/www.em.com.br\/emfoco\/wp-content\/uploads\/2026\/01\/Cranio_1769884819123-1024x576.jpg\" alt=\"\" class=\"wp-image-163234\" srcset=\"https:\/\/www.em.com.br\/emfoco\/wp-content\/uploads\/2026\/01\/Cranio_1769884819123-1024x576.jpg 1024w, https:\/\/www.em.com.br\/emfoco\/wp-content\/uploads\/2026\/01\/Cranio_1769884819123-300x169.jpg 300w, https:\/\/www.em.com.br\/emfoco\/wp-content\/uploads\/2026\/01\/Cranio_1769884819123-768x432.jpg 768w, https:\/\/www.em.com.br\/emfoco\/wp-content\/uploads\/2026\/01\/Cranio_1769884819123-750x422.jpg 750w, https:\/\/www.em.com.br\/emfoco\/wp-content\/uploads\/2026\/01\/Cranio_1769884819123-1140x641.jpg 1140w, https:\/\/www.em.com.br\/emfoco\/wp-content\/uploads\/2026\/01\/Cranio_1769884819123.jpg 1280w\" sizes=\"auto, (max-width: 1024px) 100vw, 1024px\" \/><figcaption class=\"wp-element-caption\">Cr\u00e2nio &#8211; Cr\u00e9ditos: depositphotos.com \/ pterwort<\/figcaption><\/figure><\/div>\n\n\n<p>O objetivo prim\u00e1rio \u00e9 reduzir a press\u00e3o sobre o tecido cerebral, preservando assim o suprimento sangu\u00edneo e prevenindo o deslocamento anormal das estruturas cerebrais dentro do cr\u00e2nio. Esse procedimento \u00e9 meticulosamente avaliado e indicado apenas quando o potencial benef\u00edcio supera claramente os riscos envolvidos, considerando fatores como a natureza da les\u00e3o, a idade e o estado geral de sa\u00fade do paciente.<\/p>\n\n\n\n<h2 class=\"wp-block-heading\">Por que o fragmento \u00f3sseo \u00e9 armazenado no abd\u00f4men do paciente?<\/h2>\n\n\n\n<p>O processo de armazenar o fragmento \u00f3sseo no abd\u00f4men, tamb\u00e9m conhecido como temporiza\u00e7\u00e3o abdominal, ajuda a conservar o osso de uma maneira biologicamente favor\u00e1vel. Ao manter o osso em contato com tecidos vivos e irrigados, h\u00e1 uma maior probabilidade de preserva\u00e7\u00e3o da viabilidade \u00f3ssea at\u00e9 que possa ser reimplantado no cr\u00e2nio atrav\u00e9s de uma cirurgia chamada cranioplastia. Esse m\u00e9todo n\u00e3o apenas minimiza o risco de infe\u00e7\u00f5es, mas tamb\u00e9m favorece uma melhor integra\u00e7\u00e3o anat\u00f4mica quando comparado ao uso de implantes sint\u00e9ticos.<\/p>\n\n\n\n<ul class=\"wp-block-list\">\n<li><strong>Preserva\u00e7\u00e3o osteol\u00f3gica:<\/strong>\u00a0A manuten\u00e7\u00e3o do osso com tecidos vascularizados ajuda a garantir sua sa\u00fade estrutural.<\/li>\n\n\n\n<li><strong>Redu\u00e7\u00e3o de infec\u00e7\u00f5es:<\/strong>\u00a0O risco de contamina\u00e7\u00e3o \u00e9 significativamente menor em compara\u00e7\u00e3o com t\u00e9cnicas de armazenamento externo.<\/li>\n\n\n\n<li><strong>Integra\u00e7\u00e3o aprimorada:<\/strong>\u00a0Reutilizar o osso original pode facilitar uma inser\u00e7\u00e3o mais precisa e natural durante a reconstru\u00e7\u00e3o.<\/li>\n<\/ul>\n\n\n\n<h2 class=\"wp-block-heading\">Como \u00e9 realizada a reconstru\u00e7\u00e3o craniana atrav\u00e9s da cranioplastia?<\/h2>\n\n\n\n<p>Ap\u00f3s a redu\u00e7\u00e3o do edema cerebral e a estabiliza\u00e7\u00e3o do paciente, a cranioplastia \u00e9 realizada para restabelecer a integridade do cr\u00e2nio. O osso previamente removido do abd\u00f4men \u00e9 reposicionado no cr\u00e2nio usando placas ou parafusos especializados. Quando n\u00e3o \u00e9 poss\u00edvel usar o osso original, s\u00e3o utilizadas pr\u00f3teses customizadas, garantindo que a cobertura craniana ofere\u00e7a prote\u00e7\u00e3o adequada e restaura\u00e7\u00e3o est\u00e9tica.<\/p>\n\n\n\n<p>A evolu\u00e7\u00e3o e a recupera\u00e7\u00e3o do paciente ap\u00f3s a cranioplastia dependem de v\u00e1rios fatores, incluindo a condi\u00e7\u00e3o subjacente que motivou a craniectomia, o intervalo entre as cirurgias e a sa\u00fade geral do paciente. Compreender o processo da craniectomia descompressiva e o motivo do armazenamento \u00f3sseo no abd\u00f4men contribui para elucidar a complexidade envolvida nesse tratamento m\u00e9dico e sua import\u00e2ncia na preserva\u00e7\u00e3o da fun\u00e7\u00e3o cerebral e no aumento das chances de sobreviv\u00eancia.<\/p>\n\n\n<a href=\"https:\/\/www.instagram.com\/dra.annaluisabf\/\" target=\"_blank\" style=\"text-decoration: none; color: inherit;\">\n  <span style=\"display:inline-block; border:1px solid #ccc; border-radius:10px; padding:15px; max-width:550px; font-family:sans-serif; box-shadow:0 2px 5px rgba(0,0,0,0.1);\">\n    <span style=\"margin:0 0 15px 0; font-weight:bold; color:#2c3e50; text-align: center;\">Entre em contato:<\/span>\n\n    <span style=\"display:flex; align-items:center;\">\n      <img decoding=\"async\" src=\"https:\/\/www.correiobraziliense.com.br\/cbradar\/wp-content\/uploads\/2025\/08\/dra_anna_luisa.jpeg\" alt=\"Dra Anna Lu\u00edsa\" style=\"border-radius:50%; width:80px; height:80px; margin-right:15px;\">\n      <span style=\"flex:1;\">\n        <h3 style=\"margin:0 0 5px 0;\">Dra. Anna Lu\u00edsa Barbosa Fernandes<\/h3>\n        <p style=\"margin:0 0 10px 0;\">CRM-GO 33.271<\/p>\n        <span style=\"display:flex; gap:10px;\">\n          <img decoding=\"async\" src=\"https:\/\/cdn-icons-png.flaticon.com\/24\/1384\/1384063.png\" alt=\"Instagram\">\n        <\/span>\n      <\/span>\n    <\/span>\n  <\/span>\n<\/a>","protected":false},"excerpt":{"rendered":"<p>A Craniectomia descompressiva \u00e9 uma interven\u00e7\u00e3o m\u00e9dica crucial que, embora intrigante, desempenha um papel vital no tratamento de pacientes com press\u00e3o intracraniana elevada. Este procedimento cir\u00fargico \u00e9 considerado em condi\u00e7\u00f5es de alta gravidade, quando o c\u00e9rebro corre o risco de ser danificado devido \u00e0 press\u00e3o intensa dentro do cr\u00e2nio. Essa t\u00e9cnica permite remover temporariamente uma [&hellip;]<\/p>\n","protected":false},"author":25,"featured_media":163232,"comment_status":"open","ping_status":"open","sticky":false,"template":"","format":"standard","meta":{"jnews-multi-image_gallery":[],"jnews_single_post":{"format":"standard"},"jnews_primary_category":[],"jnews_social_meta":[],"jnews_override_counter":[],"footnotes":""},"categories":[9053],"tags":[711,327,415],"class_list":["post-163229","post","type-post","status-publish","format-standard","has-post-thumbnail","hentry","category-saude","tag-bem-estar","tag-qualidade-de-vida","tag-saude"],"yoast_head":"<!-- This site is optimized with the Yoast SEO plugin v23.8 - https:\/\/yoast.com\/wordpress\/plugins\/seo\/ -->\n<title>Por que m\u00e9dicos guardam parte do cr\u00e2nio no abd\u00f4men - Estado de Minas - Em foco<\/title>\n<meta name=\"description\" content=\"A craniectomia descompressiva \u00e9 usada em casos graves de press\u00e3o no c\u00e9rebro. Entenda por que parte do cr\u00e2nio pode ser removida temporariamente.\" \/>\n<meta name=\"robots\" content=\"index, follow, max-snippet:-1, max-image-preview:large, max-video-preview:-1\" \/>\n<link rel=\"canonical\" href=\"https:\/\/www.em.com.br\/emfoco\/2026\/02\/01\/por-que-medicos-guardam-parte-do-cranio-no-abdomen\/\" \/>\n<meta property=\"og:locale\" content=\"pt_BR\" \/>\n<meta property=\"og:type\" content=\"article\" \/>\n<meta property=\"og:title\" content=\"Por que m\u00e9dicos guardam parte do cr\u00e2nio no abd\u00f4men - Estado de Minas - Em foco\" \/>\n<meta property=\"og:description\" content=\"A craniectomia descompressiva \u00e9 usada em casos graves de press\u00e3o no c\u00e9rebro. Entenda por que parte do cr\u00e2nio pode ser removida temporariamente.\" \/>\n<meta property=\"og:url\" content=\"https:\/\/www.em.com.br\/emfoco\/2026\/02\/01\/por-que-medicos-guardam-parte-do-cranio-no-abdomen\/\" \/>\n<meta property=\"og:site_name\" content=\"Estado de Minas - Em foco\" \/>\n<meta property=\"article:published_time\" content=\"2026-02-01T11:05:00+00:00\" \/>\n<meta property=\"article:modified_time\" content=\"2026-01-31T18:43:01+00:00\" \/>\n<meta property=\"og:image\" content=\"https:\/\/www.em.com.br\/emfoco\/wp-content\/uploads\/2026\/01\/Cranio_1769884785084.jpg\" \/>\n\t<meta property=\"og:image:width\" content=\"1280\" \/>\n\t<meta property=\"og:image:height\" content=\"720\" \/>\n\t<meta property=\"og:image:type\" content=\"image\/jpeg\" \/>\n<meta name=\"author\" content=\"Guilherme Lopes\" \/>\n<meta name=\"twitter:card\" content=\"summary_large_image\" \/>\n<meta name=\"twitter:label1\" content=\"Escrito por\" \/>\n\t<meta name=\"twitter:data1\" content=\"Guilherme Lopes\" \/>\n\t<meta name=\"twitter:label2\" content=\"Est. tempo de leitura\" \/>\n\t<meta name=\"twitter:data2\" content=\"5 minutos\" \/>\n<!-- \/ Yoast SEO plugin. -->","yoast_head_json":{"title":"Por que m\u00e9dicos guardam parte do cr\u00e2nio no abd\u00f4men - Estado de Minas - Em foco","description":"A craniectomia descompressiva \u00e9 usada em casos graves de press\u00e3o no c\u00e9rebro. Entenda por que parte do cr\u00e2nio pode ser removida temporariamente.","robots":{"index":"index","follow":"follow","max-snippet":"max-snippet:-1","max-image-preview":"max-image-preview:large","max-video-preview":"max-video-preview:-1"},"canonical":"https:\/\/www.em.com.br\/emfoco\/2026\/02\/01\/por-que-medicos-guardam-parte-do-cranio-no-abdomen\/","og_locale":"pt_BR","og_type":"article","og_title":"Por que m\u00e9dicos guardam parte do cr\u00e2nio no abd\u00f4men - Estado de Minas - Em foco","og_description":"A craniectomia descompressiva \u00e9 usada em casos graves de press\u00e3o no c\u00e9rebro. Entenda por que parte do cr\u00e2nio pode ser removida temporariamente.","og_url":"https:\/\/www.em.com.br\/emfoco\/2026\/02\/01\/por-que-medicos-guardam-parte-do-cranio-no-abdomen\/","og_site_name":"Estado de Minas - Em foco","article_published_time":"2026-02-01T11:05:00+00:00","article_modified_time":"2026-01-31T18:43:01+00:00","og_image":[{"width":1280,"height":720,"url":"https:\/\/www.em.com.br\/emfoco\/wp-content\/uploads\/2026\/01\/Cranio_1769884785084.jpg","type":"image\/jpeg"}],"author":"Guilherme Lopes","twitter_card":"summary_large_image","twitter_misc":{"Escrito por":"Guilherme Lopes","Est. tempo de leitura":"5 minutos"},"schema":{"@context":"https:\/\/schema.org","@graph":[{"@type":"WebPage","@id":"https:\/\/www.em.com.br\/emfoco\/2026\/02\/01\/por-que-medicos-guardam-parte-do-cranio-no-abdomen\/","url":"https:\/\/www.em.com.br\/emfoco\/2026\/02\/01\/por-que-medicos-guardam-parte-do-cranio-no-abdomen\/","name":"Por que m\u00e9dicos guardam parte do cr\u00e2nio no abd\u00f4men - Estado de Minas - Em foco","isPartOf":{"@id":"https:\/\/www.em.com.br\/emfoco\/#website"},"primaryImageOfPage":{"@id":"https:\/\/www.em.com.br\/emfoco\/2026\/02\/01\/por-que-medicos-guardam-parte-do-cranio-no-abdomen\/#primaryimage"},"image":{"@id":"https:\/\/www.em.com.br\/emfoco\/2026\/02\/01\/por-que-medicos-guardam-parte-do-cranio-no-abdomen\/#primaryimage"},"thumbnailUrl":"https:\/\/www.em.com.br\/emfoco\/wp-content\/uploads\/2026\/01\/Cranio_1769884785084.jpg","datePublished":"2026-02-01T11:05:00+00:00","dateModified":"2026-01-31T18:43:01+00:00","author":{"@id":"https:\/\/www.em.com.br\/emfoco\/#\/schema\/person\/f6eade2e287023da170a1b2b329f68e5"},"description":"A craniectomia descompressiva \u00e9 usada em casos graves de press\u00e3o no c\u00e9rebro. Entenda por que parte do cr\u00e2nio pode ser removida temporariamente.","breadcrumb":{"@id":"https:\/\/www.em.com.br\/emfoco\/2026\/02\/01\/por-que-medicos-guardam-parte-do-cranio-no-abdomen\/#breadcrumb"},"inLanguage":"pt-BR","potentialAction":[{"@type":"ReadAction","target":["https:\/\/www.em.com.br\/emfoco\/2026\/02\/01\/por-que-medicos-guardam-parte-do-cranio-no-abdomen\/"]}]},{"@type":"ImageObject","inLanguage":"pt-BR","@id":"https:\/\/www.em.com.br\/emfoco\/2026\/02\/01\/por-que-medicos-guardam-parte-do-cranio-no-abdomen\/#primaryimage","url":"https:\/\/www.em.com.br\/emfoco\/wp-content\/uploads\/2026\/01\/Cranio_1769884785084.jpg","contentUrl":"https:\/\/www.em.com.br\/emfoco\/wp-content\/uploads\/2026\/01\/Cranio_1769884785084.jpg","width":1280,"height":720,"caption":"Cr\u00e2nio - Cr\u00e9ditos: depositphotos.com \/ neilld"},{"@type":"BreadcrumbList","@id":"https:\/\/www.em.com.br\/emfoco\/2026\/02\/01\/por-que-medicos-guardam-parte-do-cranio-no-abdomen\/#breadcrumb","itemListElement":[{"@type":"ListItem","position":1,"name":"In\u00edcio","item":"https:\/\/www.em.com.br\/emfoco\/"},{"@type":"ListItem","position":2,"name":"Por que m\u00e9dicos guardam parte do cr\u00e2nio no abd\u00f4men"}]},{"@type":"WebSite","@id":"https:\/\/www.em.com.br\/emfoco\/#website","url":"https:\/\/www.em.com.br\/emfoco\/","name":"Estado de Minas - Em foco","description":"Acompanhe as \u00faltimas not\u00edcias e fique bem informado sobre tudo o que acontece em Minas Gerais, Brasil e no mundo.","potentialAction":[{"@type":"SearchAction","target":{"@type":"EntryPoint","urlTemplate":"https:\/\/www.em.com.br\/emfoco\/?s={search_term_string}"},"query-input":{"@type":"PropertyValueSpecification","valueRequired":true,"valueName":"search_term_string"}}],"inLanguage":"pt-BR"},{"@type":"Person","@id":"https:\/\/www.em.com.br\/emfoco\/#\/schema\/person\/f6eade2e287023da170a1b2b329f68e5","name":"Guilherme Lopes","image":{"@type":"ImageObject","inLanguage":"pt-BR","@id":"https:\/\/www.em.com.br\/emfoco\/#\/schema\/person\/image\/","url":"https:\/\/secure.gravatar.com\/avatar\/df9adfb835d344bc0af109d41756253f?s=96&d=mm&r=g","contentUrl":"https:\/\/secure.gravatar.com\/avatar\/df9adfb835d344bc0af109d41756253f?s=96&d=mm&r=g","caption":"Guilherme Lopes"},"url":"https:\/\/www.em.com.br\/emfoco\/author\/guilherme_saude\/"}]}},"_links":{"self":[{"href":"https:\/\/www.em.com.br\/emfoco\/wp-json\/wp\/v2\/posts\/163229","targetHints":{"allow":["GET"]}}],"collection":[{"href":"https:\/\/www.em.com.br\/emfoco\/wp-json\/wp\/v2\/posts"}],"about":[{"href":"https:\/\/www.em.com.br\/emfoco\/wp-json\/wp\/v2\/types\/post"}],"author":[{"embeddable":true,"href":"https:\/\/www.em.com.br\/emfoco\/wp-json\/wp\/v2\/users\/25"}],"replies":[{"embeddable":true,"href":"https:\/\/www.em.com.br\/emfoco\/wp-json\/wp\/v2\/comments?post=163229"}],"version-history":[{"count":1,"href":"https:\/\/www.em.com.br\/emfoco\/wp-json\/wp\/v2\/posts\/163229\/revisions"}],"predecessor-version":[{"id":163235,"href":"https:\/\/www.em.com.br\/emfoco\/wp-json\/wp\/v2\/posts\/163229\/revisions\/163235"}],"wp:featuredmedia":[{"embeddable":true,"href":"https:\/\/www.em.com.br\/emfoco\/wp-json\/wp\/v2\/media\/163232"}],"wp:attachment":[{"href":"https:\/\/www.em.com.br\/emfoco\/wp-json\/wp\/v2\/media?parent=163229"}],"wp:term":[{"taxonomy":"category","embeddable":true,"href":"https:\/\/www.em.com.br\/emfoco\/wp-json\/wp\/v2\/categories?post=163229"},{"taxonomy":"post_tag","embeddable":true,"href":"https:\/\/www.em.com.br\/emfoco\/wp-json\/wp\/v2\/tags?post=163229"}],"curies":[{"name":"wp","href":"https:\/\/api.w.org\/{rel}","templated":true}]}}