{"id":163046,"date":"2026-02-01T07:15:00","date_gmt":"2026-02-01T10:15:00","guid":{"rendered":"https:\/\/www.em.com.br\/emfoco\/?p=163046"},"modified":"2026-01-31T13:38:28","modified_gmt":"2026-01-31T16:38:28","slug":"o-que-acontece-com-seu-corpo-ao-caminhar-todos-os-dias-beneficios-simples-que-fazem-diferenca","status":"publish","type":"post","link":"https:\/\/www.em.com.br\/emfoco\/2026\/02\/01\/o-que-acontece-com-seu-corpo-ao-caminhar-todos-os-dias-beneficios-simples-que-fazem-diferenca\/","title":{"rendered":"O que acontece com seu corpo ao caminhar todos os dias? Benef\u00edcios simples que fazem diferen\u00e7a"},"content":{"rendered":"\n<p>A pr\u00e1tica di\u00e1ria da caminhada vem ganhando espa\u00e7o nas conversas sobre qualidade de vida, especialmente em um cen\u00e1rio em que o sedentarismo ainda \u00e9 bastante comum. Trata-se de um exerc\u00edcio simples, que n\u00e3o exige equipamentos sofisticados nem mensalidades de academia, mas que impacta diretamente a sa\u00fade f\u00edsica e mental. Por ser uma atividade de baixo custo e baixo impacto, a caminhada se torna uma alternativa vi\u00e1vel para diferentes faixas et\u00e1rias e perfis de condicionamento, favorecendo a ades\u00e3o a um estilo de vida mais ativo.<\/p>\n\n\n\n<h2 class=\"wp-block-heading\">Quais s\u00e3o os principais benef\u00edcios da caminhada di\u00e1ria para a sa\u00fade?<\/h2>\n\n\n\n<p>No v\u00eddeo do <strong>@<a href=\"https:\/\/www.youtube.com\/@CardioDF\" target=\"_blank\" rel=\"noreferrer noopener\">Cardio DF \u2014 Cardiologia e sa\u00fade cardiovascular em Bras\u00edlia (DF)<\/a><\/strong>, eu explico como a caminhada di\u00e1ria mexe com cora\u00e7\u00e3o, c\u00e9rebro, glicose e at\u00e9 envelhecimento \u2014 sem academia, sem complica\u00e7\u00e3o.<\/p>\n\n\n\n<iframe loading=\"lazy\" width=\"1013\" height=\"570\" src=\"https:\/\/www.youtube.com\/embed\/1HXqlLDQ5WA\" title=\"10 BENEF\u00cdCIOS QUANDO VOC\u00ca CAMINHA TODOS OS DIAS (SURPREENDENTE)| Efeitos da CAMINHADA para sua sa\u00fade\" frameborder=\"0\" allow=\"accelerometer; autoplay; clipboard-write; encrypted-media; gyroscope; picture-in-picture; web-share\" referrerpolicy=\"strict-origin-when-cross-origin\" allowfullscreen><\/iframe>\n\n\n\n<p>A palavra-chave central neste tema \u00e9 <strong>caminhada di\u00e1ria<\/strong>, entendida como o h\u00e1bito de reservar, quase todos os dias, alguns minutos para se movimentar em ritmo cont\u00ednuo. Estudos recentes associam esse costume a uma esp\u00e9cie de \u201cprote\u00e7\u00e3o\u201d do organismo, com menor risco de eventos cardiovasculares, melhor controle da glicose no sangue e marcadores de envelhecimento celular mais favor\u00e1veis, mesmo quando o tempo dispon\u00edvel \u00e9 curto.<\/p>\n\n\n\n<p>Outro ponto importante \u00e9 a rela\u00e7\u00e3o entre <strong>caminhar todos os dias<\/strong> e o equil\u00edbrio da sa\u00fade mental. Caminhadas ao ar livre favorecem o contato com ambientes mais verdes, a exposi\u00e7\u00e3o moderada ao sol e momentos de pausa na rotina, o que contribui para reduzir sintomas de ansiedade e depress\u00e3o, melhorar o sono e preservar a mobilidade, a for\u00e7a muscular e a densidade \u00f3ssea ao longo da vida.<\/p>\n\n\n\n<h2 class=\"wp-block-heading\">De que forma a caminhada di\u00e1ria ajuda o corpo por dentro?<\/h2>\n\n\n\n<p>Quando se fala em sa\u00fade interna, a <strong>caminhada regular<\/strong> atua em v\u00e1rias frentes ao mesmo tempo. Em rela\u00e7\u00e3o ao cora\u00e7\u00e3o e aos vasos sangu\u00edneos, h\u00e1 melhora na circula\u00e7\u00e3o, tend\u00eancia \u00e0 redu\u00e7\u00e3o da press\u00e3o arterial e aux\u00edlio no equil\u00edbrio do colesterol, com poss\u00edvel redu\u00e7\u00e3o do LDL e dos triglicer\u00eddeos e aumento do HDL. Pequenas caminhadas ap\u00f3s as refei\u00e7\u00f5es tamb\u00e9m podem evitar picos muito elevados de glicose.<\/p>\n\n\n\n<p>No c\u00e9rebro, a caminhada di\u00e1ria estimula a libera\u00e7\u00e3o de subst\u00e2ncias ligadas ao bem-estar e \u00e0 plasticidade neuronal. Regi\u00f5es relacionadas \u00e0 mem\u00f3ria, como o hipocampo, podem ser beneficiadas pelo aumento do fluxo sangu\u00edneo e de fatores neurotr\u00f3ficos, refletindo em melhor aten\u00e7\u00e3o e racioc\u00ednio, al\u00e9m de contribuir para a redu\u00e7\u00e3o de gordura no f\u00edgado e auxiliar no manejo da esteatose hep\u00e1tica em conjunto com orienta\u00e7\u00f5es m\u00e9dicas.<\/p>\n\n\n\n<p>Leia mais: <a href=\"https:\/\/www.em.com.br\/saude\/2026\/01\/7344374-gangrena-de-fournier-quais-os-primeiros-sintomas-e-como-e-o-tratamento.html\" target=\"_blank\" rel=\"noreferrer noopener\">Gangrena de Fournier: quais os primeiros sintomas e como \u00e9 o tratamento<\/a><\/p>\n\n\n\n<h2 class=\"wp-block-heading\">Como a caminhada di\u00e1ria protege a sa\u00fade ao longo dos anos?<\/h2>\n\n\n\n<p>No longo prazo, a caminhada parece influenciar diretamente o ritmo do envelhecimento. Caminhadas r\u00e1pidas e regulares est\u00e3o ligadas a tel\u00f4meros mais preservados, estruturas que protegem o DNA e indicam um envelhecimento celular potencialmente mais lento, al\u00e9m de benef\u00edcios na preven\u00e7\u00e3o de alguns tipos de c\u00e2ncer, na manuten\u00e7\u00e3o da vis\u00e3o e na preserva\u00e7\u00e3o da fun\u00e7\u00e3o imunol\u00f3gica.<\/p>\n\n\n\n<p>No sistema musculoesquel\u00e9tico, a caminhada ajuda a manter o t\u00f4nus muscular e estimula os ossos, reduzindo o risco de osteopenia e osteoporose. Como \u00e9 uma atividade de baixo impacto, tende a ser mais tolerada por quem tem dores articulares, ajudando na lubrifica\u00e7\u00e3o das articula\u00e7\u00f5es e na amplitude de movimento, o que favorece a independ\u00eancia para tarefas simples do cotidiano.<\/p>\n\n\n\n<h2 class=\"wp-block-heading\">Como transformar a caminhada di\u00e1ria em um h\u00e1bito consistente?<\/h2>\n\n\n<div class=\"wp-block-image\">\n<figure class=\"aligncenter size-large\"><img loading=\"lazy\" decoding=\"async\" width=\"1024\" height=\"576\" src=\"https:\/\/www.em.com.br\/emfoco\/wp-content\/uploads\/2026\/01\/idoso-caminhada_1767981571839-1024x576.jpg\" alt=\"Voc\u00ea tem mais de 59 anos? Esta vitamina melhora o equil\u00edbrio e a for\u00e7a nos joelhos!\" class=\"wp-image-153209\" srcset=\"https:\/\/www.em.com.br\/emfoco\/wp-content\/uploads\/2026\/01\/idoso-caminhada_1767981571839-1024x576.jpg 1024w, https:\/\/www.em.com.br\/emfoco\/wp-content\/uploads\/2026\/01\/idoso-caminhada_1767981571839-300x169.jpg 300w, https:\/\/www.em.com.br\/emfoco\/wp-content\/uploads\/2026\/01\/idoso-caminhada_1767981571839-768x432.jpg 768w, https:\/\/www.em.com.br\/emfoco\/wp-content\/uploads\/2026\/01\/idoso-caminhada_1767981571839-750x422.jpg 750w, https:\/\/www.em.com.br\/emfoco\/wp-content\/uploads\/2026\/01\/idoso-caminhada_1767981571839-1140x641.jpg 1140w, https:\/\/www.em.com.br\/emfoco\/wp-content\/uploads\/2026\/01\/idoso-caminhada_1767981571839.jpg 1280w\" sizes=\"auto, (max-width: 1024px) 100vw, 1024px\" \/><figcaption class=\"wp-element-caption\">Caminhar todos os dias traz benef\u00edcios reais para corpo e mente &#8211; Cr\u00e9ditos: depositphotos.com \/ AllaSerebrina<\/figcaption><\/figure><\/div>\n\n\n<p>Adotar a <strong>caminhada como h\u00e1bito<\/strong> costuma esbarrar em obst\u00e1culos como agenda cheia, cansa\u00e7o, clima desfavor\u00e1vel e expectativa por resultados imediatos. Uma estrat\u00e9gia \u00fatil \u00e9 diminuir as barreiras de in\u00edcio, deixando o t\u00eanis separado, optando por rotas seguras perto de casa e programando um hor\u00e1rio fixo, mesmo que curto, al\u00e9m de registrar os dias caminhados para visualizar a const\u00e2ncia e manter a motiva\u00e7\u00e3o.<\/p>\n\n\n\n<p>Tamb\u00e9m \u00e9 poss\u00edvel integrar a <em>caminhada di\u00e1ria<\/em> a outras atividades para torn\u00e1-la mais prazerosa e vi\u00e1vel. Caminhar ouvindo podcasts, aulas em \u00e1udio ou m\u00fasicas ajuda a tornar o trajeto mais agrad\u00e1vel, e caminhar em grupo favorece a socializa\u00e7\u00e3o. Para organizar esse processo, algumas orienta\u00e7\u00f5es pr\u00e1ticas podem facilitar a constru\u00e7\u00e3o do h\u00e1bito:<\/p>\n\n\n\n<ul class=\"wp-block-list\">\n<li><strong>Definir metas realistas:<\/strong> come\u00e7ar com poucos minutos por dia e aumentar gradualmente.<\/li>\n\n\n\n<li><strong>Escolher um hor\u00e1rio est\u00e1vel:<\/strong> manh\u00e3, intervalo do almo\u00e7o ou fim de tarde, conforme a rotina.<\/li>\n\n\n\n<li><strong>Variar o percurso:<\/strong> alternar ruas, parques ou cal\u00e7adas para evitar monotonia.<\/li>\n\n\n\n<li><strong>Usar cal\u00e7ados adequados:<\/strong> priorizar conforto e amortecimento para reduzir desconfortos.<\/li>\n\n\n\n<li><strong>Respeitar limites f\u00edsicos:<\/strong> ajustar ritmo e dist\u00e2ncia em caso de dor ou cansa\u00e7o intenso.<\/li>\n<\/ul>\n\n\n\n<p>Leia mais: <a href=\"https:\/\/www.em.com.br\/saude\/2026\/01\/7344107-hiigiene-e-manipulacao-de-alimentos-elevam-riscos-de-surtos-bacteriaanos.html\" target=\"_blank\" rel=\"noreferrer noopener\">Higiene e manipula\u00e7\u00e3o de alimentos elevam riscos de surtos bacterianos<\/a><\/p>\n\n\n\n<h2 class=\"wp-block-heading\">Quais s\u00e3o os passos simples para come\u00e7ar a caminhada di\u00e1ria?<\/h2>\n\n\n\n<p>Para quem est\u00e1 parado h\u00e1 muito tempo ou tem receio de iniciar atividades f\u00edsicas, a caminhada aparece como um ponto de partida acess\u00edvel e seguro. Em muitos casos, recomenda-se uma avalia\u00e7\u00e3o m\u00e9dica pr\u00e9via, especialmente para pessoas com doen\u00e7as cr\u00f4nicas, hist\u00f3rico card\u00edaco ou uso cont\u00ednuo de medica\u00e7\u00f5es, permitindo que o planejamento seja simples, sem necessidade de equipamentos complexos ou trajetos longos.<\/p>\n\n\n\n<ol class=\"wp-block-list\">\n<li>Estabelecer um objetivo inicial, como caminhar 10 a 15 minutos por dia em ritmo confort\u00e1vel.<\/li>\n\n\n\n<li>Adicionar, a cada semana, alguns minutos extras ou um pouco mais de intensidade, conforme a adapta\u00e7\u00e3o.<\/li>\n\n\n\n<li>Escolher superf\u00edcies regulares e bem iluminadas para reduzir risco de quedas.<\/li>\n\n\n\n<li>Manter hidrata\u00e7\u00e3o antes e depois da caminhada, principalmente em dias quentes.<\/li>\n\n\n\n<li>Observar sinais do corpo e, em caso de sintomas persistentes, buscar orienta\u00e7\u00e3o profissional.<\/li>\n<\/ol>\n\n\n\n<p>Com pequenas adapta\u00e7\u00f5es, a caminhada di\u00e1ria se encaixa em diferentes rotinas e fases da vida. Quando mantida com regularidade, tende a se tornar parte natural do dia, funcionando como um recurso cont\u00ednuo para preserva\u00e7\u00e3o da sa\u00fade, suporte emocional e manuten\u00e7\u00e3o da autonomia ao longo dos anos.<\/p>\n","protected":false},"excerpt":{"rendered":"<p>A pr\u00e1tica di\u00e1ria da caminhada vem ganhando espa\u00e7o nas conversas sobre qualidade de vida, especialmente em um cen\u00e1rio em que o sedentarismo ainda \u00e9 bastante comum. Trata-se de um exerc\u00edcio simples, que n\u00e3o exige equipamentos sofisticados nem mensalidades de academia, mas que impacta diretamente a sa\u00fade f\u00edsica e mental. Por ser uma atividade de baixo [&hellip;]<\/p>\n","protected":false},"author":20,"featured_media":163056,"comment_status":"open","ping_status":"open","sticky":false,"template":"","format":"standard","meta":{"jnews-multi-image_gallery":[],"jnews_single_post":{"format":"standard"},"jnews_primary_category":[],"jnews_social_meta":[],"jnews_override_counter":[],"footnotes":""},"categories":[8819,1],"tags":[5521,5207,415],"class_list":["post-163046","post","type-post","status-publish","format-standard","has-post-thumbnail","hentry","category-curiosidades","category-noticias","tag-caminhada","tag-exercicio","tag-saude"],"yoast_head":"<!-- This site is optimized with the Yoast SEO plugin v23.8 - https:\/\/yoast.com\/wordpress\/plugins\/seo\/ -->\n<title>O que acontece com seu corpo ao caminhar todos os dias? Benef\u00edcios simples que fazem diferen\u00e7a - Estado de Minas - Em foco<\/title>\n<meta name=\"description\" content=\"A caminhada di\u00e1ria melhora cora\u00e7\u00e3o, c\u00e9rebro e envelhecimento celular, mesmo com poucos minutos por dia e sem precisar de academia.\" \/>\n<meta name=\"robots\" content=\"index, follow, max-snippet:-1, max-image-preview:large, max-video-preview:-1\" \/>\n<link rel=\"canonical\" href=\"https:\/\/www.em.com.br\/emfoco\/2026\/02\/01\/o-que-acontece-com-seu-corpo-ao-caminhar-todos-os-dias-beneficios-simples-que-fazem-diferenca\/\" \/>\n<meta property=\"og:locale\" content=\"pt_BR\" \/>\n<meta property=\"og:type\" content=\"article\" \/>\n<meta property=\"og:title\" content=\"O que acontece com seu corpo ao caminhar todos os dias? Benef\u00edcios simples que fazem diferen\u00e7a - Estado de Minas - Em foco\" \/>\n<meta property=\"og:description\" content=\"A caminhada di\u00e1ria melhora cora\u00e7\u00e3o, c\u00e9rebro e envelhecimento celular, mesmo com poucos minutos por dia e sem precisar de academia.\" \/>\n<meta property=\"og:url\" content=\"https:\/\/www.em.com.br\/emfoco\/2026\/02\/01\/o-que-acontece-com-seu-corpo-ao-caminhar-todos-os-dias-beneficios-simples-que-fazem-diferenca\/\" \/>\n<meta property=\"og:site_name\" content=\"Estado de Minas - Em foco\" \/>\n<meta property=\"article:published_time\" content=\"2026-02-01T10:15:00+00:00\" \/>\n<meta property=\"article:modified_time\" content=\"2026-01-31T16:38:28+00:00\" \/>\n<meta property=\"og:image\" content=\"https:\/\/www.em.com.br\/emfoco\/wp-content\/uploads\/2026\/01\/caminhada_1769862615308.jpg\" \/>\n\t<meta property=\"og:image:width\" content=\"1280\" \/>\n\t<meta property=\"og:image:height\" content=\"720\" \/>\n\t<meta property=\"og:image:type\" content=\"image\/jpeg\" \/>\n<meta name=\"author\" content=\"Ingrid Diniz\" \/>\n<meta name=\"twitter:card\" content=\"summary_large_image\" \/>\n<meta name=\"twitter:label1\" content=\"Escrito por\" \/>\n\t<meta name=\"twitter:data1\" content=\"Ingrid Diniz\" \/>\n\t<meta name=\"twitter:label2\" content=\"Est. tempo de leitura\" \/>\n\t<meta name=\"twitter:data2\" content=\"6 minutos\" \/>\n<!-- \/ Yoast SEO plugin. -->","yoast_head_json":{"title":"O que acontece com seu corpo ao caminhar todos os dias? Benef\u00edcios simples que fazem diferen\u00e7a - Estado de Minas - Em foco","description":"A caminhada di\u00e1ria melhora cora\u00e7\u00e3o, c\u00e9rebro e envelhecimento celular, mesmo com poucos minutos por dia e sem precisar de academia.","robots":{"index":"index","follow":"follow","max-snippet":"max-snippet:-1","max-image-preview":"max-image-preview:large","max-video-preview":"max-video-preview:-1"},"canonical":"https:\/\/www.em.com.br\/emfoco\/2026\/02\/01\/o-que-acontece-com-seu-corpo-ao-caminhar-todos-os-dias-beneficios-simples-que-fazem-diferenca\/","og_locale":"pt_BR","og_type":"article","og_title":"O que acontece com seu corpo ao caminhar todos os dias? Benef\u00edcios simples que fazem diferen\u00e7a - Estado de Minas - Em foco","og_description":"A caminhada di\u00e1ria melhora cora\u00e7\u00e3o, c\u00e9rebro e envelhecimento celular, mesmo com poucos minutos por dia e sem precisar de academia.","og_url":"https:\/\/www.em.com.br\/emfoco\/2026\/02\/01\/o-que-acontece-com-seu-corpo-ao-caminhar-todos-os-dias-beneficios-simples-que-fazem-diferenca\/","og_site_name":"Estado de Minas - Em foco","article_published_time":"2026-02-01T10:15:00+00:00","article_modified_time":"2026-01-31T16:38:28+00:00","og_image":[{"width":1280,"height":720,"url":"https:\/\/www.em.com.br\/emfoco\/wp-content\/uploads\/2026\/01\/caminhada_1769862615308.jpg","type":"image\/jpeg"}],"author":"Ingrid Diniz","twitter_card":"summary_large_image","twitter_misc":{"Escrito por":"Ingrid Diniz","Est. tempo de leitura":"6 minutos"},"schema":{"@context":"https:\/\/schema.org","@graph":[{"@type":"WebPage","@id":"https:\/\/www.em.com.br\/emfoco\/2026\/02\/01\/o-que-acontece-com-seu-corpo-ao-caminhar-todos-os-dias-beneficios-simples-que-fazem-diferenca\/","url":"https:\/\/www.em.com.br\/emfoco\/2026\/02\/01\/o-que-acontece-com-seu-corpo-ao-caminhar-todos-os-dias-beneficios-simples-que-fazem-diferenca\/","name":"O que acontece com seu corpo ao caminhar todos os dias? Benef\u00edcios simples que fazem diferen\u00e7a - Estado de Minas - Em foco","isPartOf":{"@id":"https:\/\/www.em.com.br\/emfoco\/#website"},"primaryImageOfPage":{"@id":"https:\/\/www.em.com.br\/emfoco\/2026\/02\/01\/o-que-acontece-com-seu-corpo-ao-caminhar-todos-os-dias-beneficios-simples-que-fazem-diferenca\/#primaryimage"},"image":{"@id":"https:\/\/www.em.com.br\/emfoco\/2026\/02\/01\/o-que-acontece-com-seu-corpo-ao-caminhar-todos-os-dias-beneficios-simples-que-fazem-diferenca\/#primaryimage"},"thumbnailUrl":"https:\/\/www.em.com.br\/emfoco\/wp-content\/uploads\/2026\/01\/caminhada_1769862615308.jpg","datePublished":"2026-02-01T10:15:00+00:00","dateModified":"2026-01-31T16:38:28+00:00","author":{"@id":"https:\/\/www.em.com.br\/emfoco\/#\/schema\/person\/649e610b4eb8fff87ff394e54fe17b2b"},"description":"A caminhada di\u00e1ria melhora cora\u00e7\u00e3o, c\u00e9rebro e envelhecimento celular, mesmo com poucos minutos por dia e sem precisar de academia.","breadcrumb":{"@id":"https:\/\/www.em.com.br\/emfoco\/2026\/02\/01\/o-que-acontece-com-seu-corpo-ao-caminhar-todos-os-dias-beneficios-simples-que-fazem-diferenca\/#breadcrumb"},"inLanguage":"pt-BR","potentialAction":[{"@type":"ReadAction","target":["https:\/\/www.em.com.br\/emfoco\/2026\/02\/01\/o-que-acontece-com-seu-corpo-ao-caminhar-todos-os-dias-beneficios-simples-que-fazem-diferenca\/"]}]},{"@type":"ImageObject","inLanguage":"pt-BR","@id":"https:\/\/www.em.com.br\/emfoco\/2026\/02\/01\/o-que-acontece-com-seu-corpo-ao-caminhar-todos-os-dias-beneficios-simples-que-fazem-diferenca\/#primaryimage","url":"https:\/\/www.em.com.br\/emfoco\/wp-content\/uploads\/2026\/01\/caminhada_1769862615308.jpg","contentUrl":"https:\/\/www.em.com.br\/emfoco\/wp-content\/uploads\/2026\/01\/caminhada_1769862615308.jpg","width":1280,"height":720,"caption":"Caminhada di\u00e1ria transforma o funcionamento do seu corpo - Cr\u00e9ditos: depositphotos.com \/ AllaSerebrina"},{"@type":"BreadcrumbList","@id":"https:\/\/www.em.com.br\/emfoco\/2026\/02\/01\/o-que-acontece-com-seu-corpo-ao-caminhar-todos-os-dias-beneficios-simples-que-fazem-diferenca\/#breadcrumb","itemListElement":[{"@type":"ListItem","position":1,"name":"In\u00edcio","item":"https:\/\/www.em.com.br\/emfoco\/"},{"@type":"ListItem","position":2,"name":"O que acontece com seu corpo ao caminhar todos os dias? Benef\u00edcios simples que fazem diferen\u00e7a"}]},{"@type":"WebSite","@id":"https:\/\/www.em.com.br\/emfoco\/#website","url":"https:\/\/www.em.com.br\/emfoco\/","name":"Estado de Minas - Em foco","description":"Acompanhe as \u00faltimas not\u00edcias e fique bem informado sobre tudo o que acontece em Minas Gerais, Brasil e no mundo.","potentialAction":[{"@type":"SearchAction","target":{"@type":"EntryPoint","urlTemplate":"https:\/\/www.em.com.br\/emfoco\/?s={search_term_string}"},"query-input":{"@type":"PropertyValueSpecification","valueRequired":true,"valueName":"search_term_string"}}],"inLanguage":"pt-BR"},{"@type":"Person","@id":"https:\/\/www.em.com.br\/emfoco\/#\/schema\/person\/649e610b4eb8fff87ff394e54fe17b2b","name":"Ingrid Diniz","image":{"@type":"ImageObject","inLanguage":"pt-BR","@id":"https:\/\/www.em.com.br\/emfoco\/#\/schema\/person\/image\/","url":"https:\/\/secure.gravatar.com\/avatar\/a3baa1449ec5c39b4c42babc9d4f3951?s=96&d=mm&r=g","contentUrl":"https:\/\/secure.gravatar.com\/avatar\/a3baa1449ec5c39b4c42babc9d4f3951?s=96&d=mm&r=g","caption":"Ingrid Diniz"},"sameAs":["https:\/\/www.em.com.br\/"],"url":"https:\/\/www.em.com.br\/emfoco\/author\/ingridmyth\/"}]}},"_links":{"self":[{"href":"https:\/\/www.em.com.br\/emfoco\/wp-json\/wp\/v2\/posts\/163046","targetHints":{"allow":["GET"]}}],"collection":[{"href":"https:\/\/www.em.com.br\/emfoco\/wp-json\/wp\/v2\/posts"}],"about":[{"href":"https:\/\/www.em.com.br\/emfoco\/wp-json\/wp\/v2\/types\/post"}],"author":[{"embeddable":true,"href":"https:\/\/www.em.com.br\/emfoco\/wp-json\/wp\/v2\/users\/20"}],"replies":[{"embeddable":true,"href":"https:\/\/www.em.com.br\/emfoco\/wp-json\/wp\/v2\/comments?post=163046"}],"version-history":[{"count":2,"href":"https:\/\/www.em.com.br\/emfoco\/wp-json\/wp\/v2\/posts\/163046\/revisions"}],"predecessor-version":[{"id":163149,"href":"https:\/\/www.em.com.br\/emfoco\/wp-json\/wp\/v2\/posts\/163046\/revisions\/163149"}],"wp:featuredmedia":[{"embeddable":true,"href":"https:\/\/www.em.com.br\/emfoco\/wp-json\/wp\/v2\/media\/163056"}],"wp:attachment":[{"href":"https:\/\/www.em.com.br\/emfoco\/wp-json\/wp\/v2\/media?parent=163046"}],"wp:term":[{"taxonomy":"category","embeddable":true,"href":"https:\/\/www.em.com.br\/emfoco\/wp-json\/wp\/v2\/categories?post=163046"},{"taxonomy":"post_tag","embeddable":true,"href":"https:\/\/www.em.com.br\/emfoco\/wp-json\/wp\/v2\/tags?post=163046"}],"curies":[{"name":"wp","href":"https:\/\/api.w.org\/{rel}","templated":true}]}}