{"id":16299,"date":"2025-02-04T07:20:20","date_gmt":"2025-02-04T10:20:20","guid":{"rendered":"https:\/\/www.em.com.br\/emfoco\/?p=16299"},"modified":"2025-02-03T14:23:39","modified_gmt":"2025-02-03T17:23:39","slug":"calendario-bolsa-familia-fevereiro-2025","status":"publish","type":"post","link":"https:\/\/www.em.com.br\/emfoco\/2025\/02\/04\/calendario-bolsa-familia-fevereiro-2025\/","title":{"rendered":"Calend\u00e1rio Bolsa Fam\u00edlia fevereiro 2025!"},"content":{"rendered":"\n<p>O programa <strong>Bolsa Fam\u00edlia <\/strong>apresenta mais uma vez seu cronograma de pagamentos para o m\u00eas de <a href=\"https:\/\/www.em.com.br\/emfoco\/2025\/02\/03\/prepare-se-para-as-mudancas-o-taro-revela-o-que-te-espera-em-fevereiro\/\" target=\"_blank\" rel=\"noreferrer noopener\">fevereiro <\/a>de 2025, trazendo algumas atualiza\u00e7\u00f5es importantes para os benefici\u00e1rios. Este planejamento \u00e9 essencial para garantir que todas as fam\u00edlias inscritas possam acessar seus recursos de forma ordenada e sem contratempos.<\/p>\n\n\n\n<p>Para este m\u00eas, que tem um total de 28 dias, houve um ajuste nas datas de libera\u00e7\u00e3o dos benef\u00edcios. Tal mudan\u00e7a garante que todos os participantes do programa recebam seus pagamentos com anteced\u00eancia suficiente, evitando transtornos costumeiramente enfrentados em um m\u00eas com menos dias.<\/p>\n\n\n<div class=\"wp-block-image\">\n<figure class=\"aligncenter size-large\"><img loading=\"lazy\" decoding=\"async\" width=\"1024\" height=\"576\" src=\"https:\/\/www.em.com.br\/emfoco\/wp-content\/uploads\/2024\/12\/Cadastro-Unico_1733865564146-1024x576.jpg\" alt=\"Calend\u00e1rio Bolsa Fam\u00edlia fevereiro 2025!\" class=\"wp-image-4211\" srcset=\"https:\/\/www.em.com.br\/emfoco\/wp-content\/uploads\/2024\/12\/Cadastro-Unico_1733865564146-1024x576.jpg 1024w, https:\/\/www.em.com.br\/emfoco\/wp-content\/uploads\/2024\/12\/Cadastro-Unico_1733865564146-300x169.jpg 300w, https:\/\/www.em.com.br\/emfoco\/wp-content\/uploads\/2024\/12\/Cadastro-Unico_1733865564146-768x432.jpg 768w, https:\/\/www.em.com.br\/emfoco\/wp-content\/uploads\/2024\/12\/Cadastro-Unico_1733865564146-750x422.jpg 750w, https:\/\/www.em.com.br\/emfoco\/wp-content\/uploads\/2024\/12\/Cadastro-Unico_1733865564146-1140x641.jpg 1140w, https:\/\/www.em.com.br\/emfoco\/wp-content\/uploads\/2024\/12\/Cadastro-Unico_1733865564146.jpg 1280w\" sizes=\"auto, (max-width: 1024px) 100vw, 1024px\" \/><figcaption class=\"wp-element-caption\">Atualizar o CadUnico &#8211; Cr\u00e9ditos: depositphotos.com \/ joasouza<\/figcaption><\/figure><\/div>\n\n\n<h2 class=\"wp-block-heading\">Qual \u00e9 o novo cronograma de pagamentos para 2025?<\/h2>\n\n\n\n<p>O cronograma de pagamentos foi planejado para iniciar a partir do dia 17 de fevereiro e se estender at\u00e9 o dia 28. Este ajuste visa acomodar os 10 dias \u00fateis dentro do m\u00eas, facilitando o planejamento financeiro das fam\u00edlias que dependem deste aux\u00edlio regulamente.<\/p>\n\n\n\n<p>Os benefici\u00e1rios cujo <strong>N\u00famero de Identifica\u00e7\u00e3o Social <\/strong>(<strong><a href=\"https:\/\/www.gov.br\/pt-br\/servicos\/consultar-dados-do-cadastro-unico-cadunico\" target=\"_blank\" rel=\"noreferrer noopener\">NIS<\/a><\/strong>) termina de 1 a 5 s\u00e3o contemplados na primeira semana do calend\u00e1rio. J\u00e1 aqueles com NIS finais de 6 a 0 recebem na semana subsequente. Contudo, h\u00e1 uma aten\u00e7\u00e3o especial para os moradores de \u00e1reas reconhecidas pelo <strong>Governo Federal <\/strong>como em estado de emerg\u00eancia ou calamidade p\u00fablica, que t\u00eam seu benef\u00edcio liberado no primeiro dia \u00fatil, independentemente do seu n\u00famero final do NIS.<\/p>\n\n\n\n<ul class=\"wp-block-list\">\n<li><strong>NIS 1:<\/strong> Recebe em 17 de fevereiro<\/li>\n\n\n\n<li><strong>NIS 2:<\/strong> Recebe em 18 de fevereiro<\/li>\n\n\n\n<li><strong>NIS 3:<\/strong> Recebe em 19 de fevereiro<\/li>\n\n\n\n<li><strong>NIS 4:<\/strong> Recebe em 20 de fevereiro<\/li>\n\n\n\n<li><strong>NIS 5:<\/strong> Recebe em 21 de fevereiro<\/li>\n\n\n\n<li><strong>NIS 6:<\/strong> Recebe em 24 de fevereiro<\/li>\n\n\n\n<li><strong>NIS 7:<\/strong> Recebe em 25 de fevereiro<\/li>\n\n\n\n<li><strong>NIS 8:<\/strong> Recebe em 26 de fevereiro<\/li>\n\n\n\n<li><strong>NIS 9:<\/strong> Recebe em 27 de fevereiro<\/li>\n\n\n\n<li><strong>NIS 0:<\/strong> Recebe em 28 de fevereiro<\/li>\n<\/ul>\n\n\n\n<h2 class=\"wp-block-heading\">Como verificar o valor do Bolsa Fam\u00edlia?<\/h2>\n\n\n\n<p>Al\u00e9m do calend\u00e1rio, \u00e9 importante que os benefici\u00e1rios mantenham-se informados sobre o valor a ser recebido. Para isso, canais digitais e telef\u00f4nicos est\u00e3o dispon\u00edveis para consulta. A antecipa\u00e7\u00e3o do pagamento pode chegar como uma agrad\u00e1vel surpresa, mas \u00e9 fundamental verificar sempre se o aux\u00edlio foi efetivamente mantido e qual o montante que ser\u00e1 depositado.<\/p>\n\n\n\n<p>Recomenda-se que a consulta seja feita pelo menos cinco dias antes do in\u00edcio do cronograma, para evitar qualquer d\u00favida ou inconveniente de \u00faltima hora.<\/p>\n\n\n\n<ol class=\"wp-block-list\">\n<li>Ligue para a Caixa Econ\u00f4mica Federal no n\u00famero 111.<\/li>\n\n\n\n<li>Use o aplicativo Caixa Tem, acessando as op\u00e7\u00f5es &#8220;Extrato&#8221; e &#8220;Futuro&#8221;.<\/li>\n\n\n\n<li>Entre em contato com o Minist\u00e9rio do Desenvolvimento Social (MDS) pelo telefone 121.<\/li>\n\n\n\n<li>Acesse o aplicativo Bolsa Fam\u00edlia, onde a data de pagamento est\u00e1 listada logo na p\u00e1gina inicial.<\/li>\n<\/ol>\n\n\n\n<h2 class=\"wp-block-heading\">Por que esses ajustes s\u00e3o significativos?<\/h2>\n\n\n\n<p>Os ajustes no calend\u00e1rio do Bolsa Fam\u00edlia s\u00e3o de extrema import\u00e2ncia dado o impacto que t\u00eam na vida financeira de milh\u00f5es de brasileiros. Para muitos, o programa constitui a principal fonte de sustento, e qualquer altera\u00e7\u00e3o na data de pagamento pode ter reflexos consider\u00e1veis no or\u00e7amento dom\u00e9stico. Ao alinhar o calend\u00e1rio de fevereiro, o governo busca assegurar que todos os benefici\u00e1rios tenham plena capacidade de planejar e realizar suas despesas sem imprevistos.<\/p>\n\n\n\n<p>Al\u00e9m disso, a possibilidade de consulta digital \u00e9 um avan\u00e7o que facilita o acesso \u00e0 informa\u00e7\u00e3o, colocando-a \u00e0 disposi\u00e7\u00e3o de forma clara e acess\u00edvel, ajudando as fam\u00edlias a manterem-se informadas e preparadas.<\/p>\n","protected":false},"excerpt":{"rendered":"<p>O programa Bolsa Fam\u00edlia apresenta mais uma vez seu cronograma de pagamentos para o m\u00eas de fevereiro de 2025, trazendo algumas atualiza\u00e7\u00f5es importantes para os benefici\u00e1rios. Este planejamento \u00e9 essencial para garantir que todas as fam\u00edlias inscritas possam acessar seus recursos de forma ordenada e sem contratempos. Para este m\u00eas, que tem um total de [&hellip;]<\/p>\n","protected":false},"author":7,"featured_media":2182,"comment_status":"open","ping_status":"open","sticky":false,"template":"","format":"standard","meta":{"jnews-multi-image_gallery":[],"jnews_single_post":{"format":"standard"},"jnews_primary_category":[],"jnews_social_meta":[],"jnews_override_counter":[],"footnotes":""},"categories":[28],"tags":[782,209,1393,3719,4532],"class_list":["post-16299","post","type-post","status-publish","format-standard","has-post-thumbnail","hentry","category-economia","tag-782","tag-bolsa-familia","tag-calendario-de-pagamentos","tag-data-de-pagamento","tag-fevereiro"],"yoast_head":"<!-- This site is optimized with the Yoast SEO plugin v23.8 - https:\/\/yoast.com\/wordpress\/plugins\/seo\/ -->\n<title>Calend\u00e1rio Bolsa Fam\u00edlia fevereiro 2025! - Estado de Minas - Em foco<\/title>\n<meta name=\"description\" content=\"Confira as datas de pagamento do Bolsa Fam\u00edlia em fevereiro de 2025. Descubra se voc\u00ea tem direito ao benef\u00edcio e como consultar.\" \/>\n<meta name=\"robots\" content=\"index, follow, max-snippet:-1, max-image-preview:large, max-video-preview:-1\" \/>\n<link rel=\"canonical\" href=\"https:\/\/www.em.com.br\/emfoco\/2025\/02\/04\/calendario-bolsa-familia-fevereiro-2025\/\" \/>\n<meta property=\"og:locale\" content=\"pt_BR\" \/>\n<meta property=\"og:type\" content=\"article\" \/>\n<meta property=\"og:title\" content=\"Calend\u00e1rio Bolsa Fam\u00edlia fevereiro 2025! - Estado de Minas - Em foco\" \/>\n<meta property=\"og:description\" content=\"Confira as datas de pagamento do Bolsa Fam\u00edlia em fevereiro de 2025. Descubra se voc\u00ea tem direito ao benef\u00edcio e como consultar.\" \/>\n<meta property=\"og:url\" content=\"https:\/\/www.em.com.br\/emfoco\/2025\/02\/04\/calendario-bolsa-familia-fevereiro-2025\/\" \/>\n<meta property=\"og:site_name\" content=\"Estado de Minas - Em foco\" \/>\n<meta property=\"article:published_time\" content=\"2025-02-04T10:20:20+00:00\" \/>\n<meta property=\"article:modified_time\" content=\"2025-02-03T17:23:39+00:00\" \/>\n<meta property=\"og:image\" content=\"https:\/\/www.em.com.br\/emfoco\/wp-content\/uploads\/2024\/11\/Bolsa-familia_1732875432173.jpg\" \/>\n\t<meta property=\"og:image:width\" content=\"1280\" \/>\n\t<meta property=\"og:image:height\" content=\"720\" \/>\n\t<meta property=\"og:image:type\" content=\"image\/jpeg\" \/>\n<meta name=\"author\" content=\"Kelvin\" \/>\n<meta name=\"twitter:card\" content=\"summary_large_image\" \/>\n<meta name=\"twitter:label1\" content=\"Escrito por\" \/>\n\t<meta name=\"twitter:data1\" content=\"Kelvin\" \/>\n\t<meta name=\"twitter:label2\" content=\"Est. tempo de leitura\" \/>\n\t<meta name=\"twitter:data2\" content=\"4 minutos\" \/>\n<!-- \/ Yoast SEO plugin. -->","yoast_head_json":{"title":"Calend\u00e1rio Bolsa Fam\u00edlia fevereiro 2025! - Estado de Minas - Em foco","description":"Confira as datas de pagamento do Bolsa Fam\u00edlia em fevereiro de 2025. Descubra se voc\u00ea tem direito ao benef\u00edcio e como consultar.","robots":{"index":"index","follow":"follow","max-snippet":"max-snippet:-1","max-image-preview":"max-image-preview:large","max-video-preview":"max-video-preview:-1"},"canonical":"https:\/\/www.em.com.br\/emfoco\/2025\/02\/04\/calendario-bolsa-familia-fevereiro-2025\/","og_locale":"pt_BR","og_type":"article","og_title":"Calend\u00e1rio Bolsa Fam\u00edlia fevereiro 2025! - Estado de Minas - Em foco","og_description":"Confira as datas de pagamento do Bolsa Fam\u00edlia em fevereiro de 2025. Descubra se voc\u00ea tem direito ao benef\u00edcio e como consultar.","og_url":"https:\/\/www.em.com.br\/emfoco\/2025\/02\/04\/calendario-bolsa-familia-fevereiro-2025\/","og_site_name":"Estado de Minas - Em foco","article_published_time":"2025-02-04T10:20:20+00:00","article_modified_time":"2025-02-03T17:23:39+00:00","og_image":[{"width":1280,"height":720,"url":"https:\/\/www.em.com.br\/emfoco\/wp-content\/uploads\/2024\/11\/Bolsa-familia_1732875432173.jpg","type":"image\/jpeg"}],"author":"Kelvin","twitter_card":"summary_large_image","twitter_misc":{"Escrito por":"Kelvin","Est. tempo de leitura":"4 minutos"},"schema":{"@context":"https:\/\/schema.org","@graph":[{"@type":"WebPage","@id":"https:\/\/www.em.com.br\/emfoco\/2025\/02\/04\/calendario-bolsa-familia-fevereiro-2025\/","url":"https:\/\/www.em.com.br\/emfoco\/2025\/02\/04\/calendario-bolsa-familia-fevereiro-2025\/","name":"Calend\u00e1rio Bolsa Fam\u00edlia fevereiro 2025! - Estado de Minas - Em foco","isPartOf":{"@id":"https:\/\/www.em.com.br\/emfoco\/#website"},"primaryImageOfPage":{"@id":"https:\/\/www.em.com.br\/emfoco\/2025\/02\/04\/calendario-bolsa-familia-fevereiro-2025\/#primaryimage"},"image":{"@id":"https:\/\/www.em.com.br\/emfoco\/2025\/02\/04\/calendario-bolsa-familia-fevereiro-2025\/#primaryimage"},"thumbnailUrl":"https:\/\/www.em.com.br\/emfoco\/wp-content\/uploads\/2024\/11\/Bolsa-familia_1732875432173.jpg","datePublished":"2025-02-04T10:20:20+00:00","dateModified":"2025-02-03T17:23:39+00:00","author":{"@id":"https:\/\/www.em.com.br\/emfoco\/#\/schema\/person\/fb0a7f48c6fbb94b83f413a80f61917d"},"description":"Confira as datas de pagamento do Bolsa Fam\u00edlia em fevereiro de 2025. Descubra se voc\u00ea tem direito ao benef\u00edcio e como consultar.","breadcrumb":{"@id":"https:\/\/www.em.com.br\/emfoco\/2025\/02\/04\/calendario-bolsa-familia-fevereiro-2025\/#breadcrumb"},"inLanguage":"pt-BR","potentialAction":[{"@type":"ReadAction","target":["https:\/\/www.em.com.br\/emfoco\/2025\/02\/04\/calendario-bolsa-familia-fevereiro-2025\/"]}]},{"@type":"ImageObject","inLanguage":"pt-BR","@id":"https:\/\/www.em.com.br\/emfoco\/2025\/02\/04\/calendario-bolsa-familia-fevereiro-2025\/#primaryimage","url":"https:\/\/www.em.com.br\/emfoco\/wp-content\/uploads\/2024\/11\/Bolsa-familia_1732875432173.jpg","contentUrl":"https:\/\/www.em.com.br\/emfoco\/wp-content\/uploads\/2024\/11\/Bolsa-familia_1732875432173.jpg","width":1280,"height":720,"caption":"Cart\u00e3o bolsa familia - Cr\u00e9ditos: depositphotos.com \/ joasouza"},{"@type":"BreadcrumbList","@id":"https:\/\/www.em.com.br\/emfoco\/2025\/02\/04\/calendario-bolsa-familia-fevereiro-2025\/#breadcrumb","itemListElement":[{"@type":"ListItem","position":1,"name":"In\u00edcio","item":"https:\/\/www.em.com.br\/emfoco\/"},{"@type":"ListItem","position":2,"name":"Calend\u00e1rio Bolsa Fam\u00edlia fevereiro 2025!"}]},{"@type":"WebSite","@id":"https:\/\/www.em.com.br\/emfoco\/#website","url":"https:\/\/www.em.com.br\/emfoco\/","name":"Estado de Minas - Em foco","description":"Acompanhe as \u00faltimas not\u00edcias e fique bem informado sobre tudo o que acontece em Minas Gerais, Brasil e no mundo.","potentialAction":[{"@type":"SearchAction","target":{"@type":"EntryPoint","urlTemplate":"https:\/\/www.em.com.br\/emfoco\/?s={search_term_string}"},"query-input":{"@type":"PropertyValueSpecification","valueRequired":true,"valueName":"search_term_string"}}],"inLanguage":"pt-BR"},{"@type":"Person","@id":"https:\/\/www.em.com.br\/emfoco\/#\/schema\/person\/fb0a7f48c6fbb94b83f413a80f61917d","name":"Kelvin","image":{"@type":"ImageObject","inLanguage":"pt-BR","@id":"https:\/\/www.em.com.br\/emfoco\/#\/schema\/person\/image\/","url":"https:\/\/secure.gravatar.com\/avatar\/e74f84337e6bf6c4c5e88fbdffa05270?s=96&d=mm&r=g","contentUrl":"https:\/\/secure.gravatar.com\/avatar\/e74f84337e6bf6c4c5e88fbdffa05270?s=96&d=mm&r=g","caption":"Kelvin"},"sameAs":["https:\/\/www.em.com.br\/emfoco"],"url":"https:\/\/www.em.com.br\/emfoco\/author\/kelvinmyth\/"}]}},"_links":{"self":[{"href":"https:\/\/www.em.com.br\/emfoco\/wp-json\/wp\/v2\/posts\/16299","targetHints":{"allow":["GET"]}}],"collection":[{"href":"https:\/\/www.em.com.br\/emfoco\/wp-json\/wp\/v2\/posts"}],"about":[{"href":"https:\/\/www.em.com.br\/emfoco\/wp-json\/wp\/v2\/types\/post"}],"author":[{"embeddable":true,"href":"https:\/\/www.em.com.br\/emfoco\/wp-json\/wp\/v2\/users\/7"}],"replies":[{"embeddable":true,"href":"https:\/\/www.em.com.br\/emfoco\/wp-json\/wp\/v2\/comments?post=16299"}],"version-history":[{"count":2,"href":"https:\/\/www.em.com.br\/emfoco\/wp-json\/wp\/v2\/posts\/16299\/revisions"}],"predecessor-version":[{"id":16301,"href":"https:\/\/www.em.com.br\/emfoco\/wp-json\/wp\/v2\/posts\/16299\/revisions\/16301"}],"wp:featuredmedia":[{"embeddable":true,"href":"https:\/\/www.em.com.br\/emfoco\/wp-json\/wp\/v2\/media\/2182"}],"wp:attachment":[{"href":"https:\/\/www.em.com.br\/emfoco\/wp-json\/wp\/v2\/media?parent=16299"}],"wp:term":[{"taxonomy":"category","embeddable":true,"href":"https:\/\/www.em.com.br\/emfoco\/wp-json\/wp\/v2\/categories?post=16299"},{"taxonomy":"post_tag","embeddable":true,"href":"https:\/\/www.em.com.br\/emfoco\/wp-json\/wp\/v2\/tags?post=16299"}],"curies":[{"name":"wp","href":"https:\/\/api.w.org\/{rel}","templated":true}]}}