{"id":162840,"date":"2026-01-31T09:05:00","date_gmt":"2026-01-31T12:05:00","guid":{"rendered":"https:\/\/www.em.com.br\/emfoco\/?p=162840"},"modified":"2026-01-30T17:56:12","modified_gmt":"2026-01-30T20:56:12","slug":"o-alerta-do-verao-que-explica-o-surto-de-gastroenterite","status":"publish","type":"post","link":"https:\/\/www.em.com.br\/emfoco\/2026\/01\/31\/o-alerta-do-verao-que-explica-o-surto-de-gastroenterite\/","title":{"rendered":"O alerta do ver\u00e3o que explica o surto de gastroenterite"},"content":{"rendered":"\n<p>O ver\u00e3o de 2026 trouxe \u00e0 tona um desafio de sa\u00fade p\u00fablica nas regi\u00f5es litor\u00e2neas do Brasil: o aumento significativo de casos de <strong>Gastroenterite<\/strong>, frequentemente confundidos como simples &#8220;viroses&#8221;. Com os hospitais registrando um influxo de pacientes apresentando diarreia, v\u00f4mitos e mal-estar, o alerta foi disparado entre as autoridades sanit\u00e1rias. Este aumento n\u00e3o \u00e9 apenas reflexo de boas condi\u00e7\u00f5es clim\u00e1ticas para as f\u00e9rias, mas tamb\u00e9m de fatores que favorecem a prolifera\u00e7\u00e3o de pat\u00f3genos.<\/p>\n\n\n\n<p>Durante os meses mais quentes, a combina\u00e7\u00e3o de altas temperaturas, o consumo de alimentos em locais sem a devida conserva\u00e7\u00e3o e o contato com \u00e1guas impr\u00f3prias para o banho criam condi\u00e7\u00f5es ideais para a dissemina\u00e7\u00e3o de agentes causadores de doen\u00e7as gastrointestinais. Segundo o Minist\u00e9rio da Sa\u00fade, apenas em Santa Catarina, j\u00e1 foram registrados mais de 10 mil casos de Doen\u00e7a Diarreica Aguda desde o in\u00edcio do ano. Este quadro ressalta a import\u00e2ncia da interpreta\u00e7\u00e3o precisa dos sintomas para um tratamento eficaz e direcionado.<\/p>\n\n\n<div class=\"wp-block-image\">\n<figure class=\"aligncenter size-large\"><img loading=\"lazy\" decoding=\"async\" width=\"1024\" height=\"576\" src=\"https:\/\/www.em.com.br\/emfoco\/wp-content\/uploads\/2026\/01\/Gastroenterite_1769806546331-1024x576.jpg\" alt=\"\" class=\"wp-image-162842\" srcset=\"https:\/\/www.em.com.br\/emfoco\/wp-content\/uploads\/2026\/01\/Gastroenterite_1769806546331-1024x576.jpg 1024w, https:\/\/www.em.com.br\/emfoco\/wp-content\/uploads\/2026\/01\/Gastroenterite_1769806546331-300x169.jpg 300w, https:\/\/www.em.com.br\/emfoco\/wp-content\/uploads\/2026\/01\/Gastroenterite_1769806546331-768x432.jpg 768w, https:\/\/www.em.com.br\/emfoco\/wp-content\/uploads\/2026\/01\/Gastroenterite_1769806546331-750x422.jpg 750w, https:\/\/www.em.com.br\/emfoco\/wp-content\/uploads\/2026\/01\/Gastroenterite_1769806546331-1140x641.jpg 1140w, https:\/\/www.em.com.br\/emfoco\/wp-content\/uploads\/2026\/01\/Gastroenterite_1769806546331.jpg 1280w\" sizes=\"auto, (max-width: 1024px) 100vw, 1024px\" \/><figcaption class=\"wp-element-caption\">Gastroenterite &#8211; Cr\u00e9ditos: depositphotos.com \/ seb_ra<\/figcaption><\/figure><\/div>\n\n\n<h2 class=\"wp-block-heading\">Quais s\u00e3o os diferentes tipos de gastroenterite?<\/h2>\n\n\n\n<p>A gastroenterite pode ser classificada em tr\u00eas categorias principais, dependendo do agente causador:<\/p>\n\n\n\n<ul class=\"wp-block-list\">\n<li><strong>Viral:<\/strong>\u00a0A presen\u00e7a de Norov\u00edrus ou Rotav\u00edrus \u00e9 comum, e essas infec\u00e7\u00f5es tendem a provocar surtos s\u00fabitos e de curta dura\u00e7\u00e3o.<\/li>\n\n\n\n<li><strong>Bacteriana:<\/strong>\u00a0Agentes como Salmonella, Escherichia coli e Shigella podem desencadear condi\u00e7\u00f5es mais severas e inflamat\u00f3rias.<\/li>\n\n\n\n<li><strong>Parasit\u00e1ria:<\/strong>\u00a0Parasitas como Giardia e Amebas t\u00eam um curso mais prolongado e muitas vezes mais insidioso.<\/li>\n<\/ul>\n\n\n\n<p>A distin\u00e7\u00e3o entre essas causas \u00e9 crucial para evitar tratamentos inadequados, como o uso desnecess\u00e1rio de antibi\u00f3ticos em infec\u00e7\u00f5es virais, que podem resultar em efeitos colaterais indesejados e na resist\u00eancia bacteriana.<\/p>\n\n\n\n<h2 class=\"wp-block-heading\">Como a tecnologia est\u00e1 revolucionando o diagn\u00f3stico?<\/h2>\n\n\n\n<p>No passado, o diagn\u00f3stico de gastroenterite dependia de m\u00e9todos que levavam dias para retornar um resultado preciso. No entanto, avan\u00e7os tecnol\u00f3gicos, especialmente os testes sindr\u00f4micos por PCR multiplex direto, transformaram esse cen\u00e1rio. Esses testes modernos permitem a identifica\u00e7\u00e3o de m\u00faltiplos pat\u00f3genos a partir de uma \u00fanica amostra de fezes em cerca de uma hora. Essa celeridade n\u00e3o apenas facilita um tratamento mais imediato e adequado, como tamb\u00e9m colabora para a gest\u00e3o eficaz de surtos.<\/p>\n\n\n\n<h2 class=\"wp-block-heading\">Quais medidas s\u00e3o recomendadas em casos de gastroenterite?<\/h2>\n\n\n\n<p>A r\u00e1pida identifica\u00e7\u00e3o dos primeiros sinais de gastroenterite \u00e9 vital: diarreia persistente, v\u00f4mitos e dor abdominal s\u00e3o motivos suficientes para buscar orienta\u00e7\u00e3o m\u00e9dica. Al\u00e9m disso, evitar o uso de medicamentos que interrompam a diarreia sem prescri\u00e7\u00e3o m\u00e9dica \u00e9 aconselh\u00e1vel, pois isso pode agravar infec\u00e7\u00f5es bacterianas. A hidrata\u00e7\u00e3o constante, preferencialmente com solu\u00e7\u00f5es de reidrata\u00e7\u00e3o oral, \u00e9 essencial para prevenir complica\u00e7\u00f5es mais severas como a desidrata\u00e7\u00e3o, que \u00e9 uma das principais preocupa\u00e7\u00f5es em quadros de gastroenterite.<\/p>\n\n\n\n<h2 class=\"wp-block-heading\">Como prevenir a gastroenterite durante o ver\u00e3o?<\/h2>\n\n\n\n<p>Medidas preventivas s\u00e3o a chave para evitar a gastroenterite: prestar aten\u00e7\u00e3o \u00e0 qualidade da \u00e1gua consumida e do gelo utilizado, optando por vers\u00f5es de fontes confi\u00e1veis e embaladas. Em rela\u00e7\u00e3o \u00e0 alimenta\u00e7\u00e3o, evitar produtos perec\u00edveis ou mal conservados \u00e9 fundamental. Lavar frequentemente as m\u00e3os com \u00e1gua e sab\u00e3o, principalmente ap\u00f3s o uso de banheiros p\u00fablicos, \u00e9 uma simples, mas poderosa pr\u00e1tica de higiene.<\/p>\n\n\n\n<p>Embora o ver\u00e3o traga in\u00fameras alegrias, tamb\u00e9m exige precau\u00e7\u00f5es extras quando se trata de sa\u00fade. Com informa\u00e7\u00f5es corretas e ado\u00e7\u00e3o de medidas preventivas, \u00e9 poss\u00edvel desfrutar das f\u00e9rias sem surpresas indesejadas. Proteger-se significa entender que nem tudo \u00e9 &#8220;s\u00f3 uma virose&#8221;.<\/p>\n\n\n<a href=\"https:\/\/www.instagram.com\/dra.annaluisabf\/\" target=\"_blank\" style=\"text-decoration: none; color: inherit;\">\n  <span style=\"display:inline-block; border:1px solid #ccc; border-radius:10px; padding:15px; max-width:550px; font-family:sans-serif; box-shadow:0 2px 5px rgba(0,0,0,0.1);\">\n    <span style=\"margin:0 0 15px 0; font-weight:bold; color:#2c3e50; text-align: center;\">Entre em contato:<\/span>\n\n    <span style=\"display:flex; align-items:center;\">\n      <img decoding=\"async\" src=\"https:\/\/www.correiobraziliense.com.br\/cbradar\/wp-content\/uploads\/2025\/08\/dra_anna_luisa.jpeg\" alt=\"Dra Anna Lu\u00edsa\" style=\"border-radius:50%; width:80px; height:80px; margin-right:15px;\">\n      <span style=\"flex:1;\">\n        <h3 style=\"margin:0 0 5px 0;\">Dra. Anna Lu\u00edsa Barbosa Fernandes<\/h3>\n        <p style=\"margin:0 0 10px 0;\">CRM-GO 33.271<\/p>\n        <span style=\"display:flex; gap:10px;\">\n          <img decoding=\"async\" src=\"https:\/\/cdn-icons-png.flaticon.com\/24\/1384\/1384063.png\" alt=\"Instagram\">\n        <\/span>\n      <\/span>\n    <\/span>\n  <\/span>\n<\/a>","protected":false},"excerpt":{"rendered":"<p>O ver\u00e3o de 2026 trouxe \u00e0 tona um desafio de sa\u00fade p\u00fablica nas regi\u00f5es litor\u00e2neas do Brasil: o aumento significativo de casos de Gastroenterite, frequentemente confundidos como simples &#8220;viroses&#8221;. Com os hospitais registrando um influxo de pacientes apresentando diarreia, v\u00f4mitos e mal-estar, o alerta foi disparado entre as autoridades sanit\u00e1rias. Este aumento n\u00e3o \u00e9 apenas [&hellip;]<\/p>\n","protected":false},"author":25,"featured_media":162841,"comment_status":"open","ping_status":"open","sticky":false,"template":"","format":"standard","meta":{"jnews-multi-image_gallery":[],"jnews_single_post":{"format":"standard"},"jnews_primary_category":[],"jnews_social_meta":[],"jnews_override_counter":[],"footnotes":""},"categories":[9053],"tags":[711,327,415],"class_list":["post-162840","post","type-post","status-publish","format-standard","has-post-thumbnail","hentry","category-saude","tag-bem-estar","tag-qualidade-de-vida","tag-saude"],"yoast_head":"<!-- This site is optimized with the Yoast SEO plugin v23.8 - https:\/\/yoast.com\/wordpress\/plugins\/seo\/ -->\n<title>O alerta do ver\u00e3o que explica o surto de gastroenterite - Estado de Minas - Em foco<\/title>\n<meta name=\"description\" content=\"A gastroenterite cresce no ver\u00e3o e nem sempre \u00e9 apenas virose. Entenda os riscos, os sintomas e por que o diagn\u00f3stico correto importa.\" \/>\n<meta name=\"robots\" content=\"index, follow, max-snippet:-1, max-image-preview:large, max-video-preview:-1\" \/>\n<link rel=\"canonical\" href=\"https:\/\/www.em.com.br\/emfoco\/2026\/01\/31\/o-alerta-do-verao-que-explica-o-surto-de-gastroenterite\/\" \/>\n<meta property=\"og:locale\" content=\"pt_BR\" \/>\n<meta property=\"og:type\" content=\"article\" \/>\n<meta property=\"og:title\" content=\"O alerta do ver\u00e3o que explica o surto de gastroenterite - Estado de Minas - Em foco\" \/>\n<meta property=\"og:description\" content=\"A gastroenterite cresce no ver\u00e3o e nem sempre \u00e9 apenas virose. Entenda os riscos, os sintomas e por que o diagn\u00f3stico correto importa.\" \/>\n<meta property=\"og:url\" content=\"https:\/\/www.em.com.br\/emfoco\/2026\/01\/31\/o-alerta-do-verao-que-explica-o-surto-de-gastroenterite\/\" \/>\n<meta property=\"og:site_name\" content=\"Estado de Minas - Em foco\" \/>\n<meta property=\"article:published_time\" content=\"2026-01-31T12:05:00+00:00\" \/>\n<meta property=\"article:modified_time\" content=\"2026-01-30T20:56:12+00:00\" \/>\n<meta property=\"og:image\" content=\"https:\/\/www.em.com.br\/emfoco\/wp-content\/uploads\/2026\/01\/Gastroenterite_1769806454554.jpg\" \/>\n\t<meta property=\"og:image:width\" content=\"1280\" \/>\n\t<meta property=\"og:image:height\" content=\"720\" \/>\n\t<meta property=\"og:image:type\" content=\"image\/jpeg\" \/>\n<meta name=\"author\" content=\"Guilherme Lopes\" \/>\n<meta name=\"twitter:card\" content=\"summary_large_image\" \/>\n<meta name=\"twitter:label1\" content=\"Escrito por\" \/>\n\t<meta name=\"twitter:data1\" content=\"Guilherme Lopes\" \/>\n\t<meta name=\"twitter:label2\" content=\"Est. tempo de leitura\" \/>\n\t<meta name=\"twitter:data2\" content=\"4 minutos\" \/>\n<!-- \/ Yoast SEO plugin. -->","yoast_head_json":{"title":"O alerta do ver\u00e3o que explica o surto de gastroenterite - Estado de Minas - Em foco","description":"A gastroenterite cresce no ver\u00e3o e nem sempre \u00e9 apenas virose. Entenda os riscos, os sintomas e por que o diagn\u00f3stico correto importa.","robots":{"index":"index","follow":"follow","max-snippet":"max-snippet:-1","max-image-preview":"max-image-preview:large","max-video-preview":"max-video-preview:-1"},"canonical":"https:\/\/www.em.com.br\/emfoco\/2026\/01\/31\/o-alerta-do-verao-que-explica-o-surto-de-gastroenterite\/","og_locale":"pt_BR","og_type":"article","og_title":"O alerta do ver\u00e3o que explica o surto de gastroenterite - Estado de Minas - Em foco","og_description":"A gastroenterite cresce no ver\u00e3o e nem sempre \u00e9 apenas virose. Entenda os riscos, os sintomas e por que o diagn\u00f3stico correto importa.","og_url":"https:\/\/www.em.com.br\/emfoco\/2026\/01\/31\/o-alerta-do-verao-que-explica-o-surto-de-gastroenterite\/","og_site_name":"Estado de Minas - Em foco","article_published_time":"2026-01-31T12:05:00+00:00","article_modified_time":"2026-01-30T20:56:12+00:00","og_image":[{"width":1280,"height":720,"url":"https:\/\/www.em.com.br\/emfoco\/wp-content\/uploads\/2026\/01\/Gastroenterite_1769806454554.jpg","type":"image\/jpeg"}],"author":"Guilherme Lopes","twitter_card":"summary_large_image","twitter_misc":{"Escrito por":"Guilherme Lopes","Est. tempo de leitura":"4 minutos"},"schema":{"@context":"https:\/\/schema.org","@graph":[{"@type":"WebPage","@id":"https:\/\/www.em.com.br\/emfoco\/2026\/01\/31\/o-alerta-do-verao-que-explica-o-surto-de-gastroenterite\/","url":"https:\/\/www.em.com.br\/emfoco\/2026\/01\/31\/o-alerta-do-verao-que-explica-o-surto-de-gastroenterite\/","name":"O alerta do ver\u00e3o que explica o surto de gastroenterite - Estado de Minas - Em foco","isPartOf":{"@id":"https:\/\/www.em.com.br\/emfoco\/#website"},"primaryImageOfPage":{"@id":"https:\/\/www.em.com.br\/emfoco\/2026\/01\/31\/o-alerta-do-verao-que-explica-o-surto-de-gastroenterite\/#primaryimage"},"image":{"@id":"https:\/\/www.em.com.br\/emfoco\/2026\/01\/31\/o-alerta-do-verao-que-explica-o-surto-de-gastroenterite\/#primaryimage"},"thumbnailUrl":"https:\/\/www.em.com.br\/emfoco\/wp-content\/uploads\/2026\/01\/Gastroenterite_1769806454554.jpg","datePublished":"2026-01-31T12:05:00+00:00","dateModified":"2026-01-30T20:56:12+00:00","author":{"@id":"https:\/\/www.em.com.br\/emfoco\/#\/schema\/person\/f6eade2e287023da170a1b2b329f68e5"},"description":"A gastroenterite cresce no ver\u00e3o e nem sempre \u00e9 apenas virose. Entenda os riscos, os sintomas e por que o diagn\u00f3stico correto importa.","breadcrumb":{"@id":"https:\/\/www.em.com.br\/emfoco\/2026\/01\/31\/o-alerta-do-verao-que-explica-o-surto-de-gastroenterite\/#breadcrumb"},"inLanguage":"pt-BR","potentialAction":[{"@type":"ReadAction","target":["https:\/\/www.em.com.br\/emfoco\/2026\/01\/31\/o-alerta-do-verao-que-explica-o-surto-de-gastroenterite\/"]}]},{"@type":"ImageObject","inLanguage":"pt-BR","@id":"https:\/\/www.em.com.br\/emfoco\/2026\/01\/31\/o-alerta-do-verao-que-explica-o-surto-de-gastroenterite\/#primaryimage","url":"https:\/\/www.em.com.br\/emfoco\/wp-content\/uploads\/2026\/01\/Gastroenterite_1769806454554.jpg","contentUrl":"https:\/\/www.em.com.br\/emfoco\/wp-content\/uploads\/2026\/01\/Gastroenterite_1769806454554.jpg","width":1280,"height":720,"caption":"Gastroenterite - Cr\u00e9ditos: depositphotos.com \/ mapo_japan"},{"@type":"BreadcrumbList","@id":"https:\/\/www.em.com.br\/emfoco\/2026\/01\/31\/o-alerta-do-verao-que-explica-o-surto-de-gastroenterite\/#breadcrumb","itemListElement":[{"@type":"ListItem","position":1,"name":"In\u00edcio","item":"https:\/\/www.em.com.br\/emfoco\/"},{"@type":"ListItem","position":2,"name":"O alerta do ver\u00e3o que explica o surto de gastroenterite"}]},{"@type":"WebSite","@id":"https:\/\/www.em.com.br\/emfoco\/#website","url":"https:\/\/www.em.com.br\/emfoco\/","name":"Estado de Minas - Em foco","description":"Acompanhe as \u00faltimas not\u00edcias e fique bem informado sobre tudo o que acontece em Minas Gerais, Brasil e no mundo.","potentialAction":[{"@type":"SearchAction","target":{"@type":"EntryPoint","urlTemplate":"https:\/\/www.em.com.br\/emfoco\/?s={search_term_string}"},"query-input":{"@type":"PropertyValueSpecification","valueRequired":true,"valueName":"search_term_string"}}],"inLanguage":"pt-BR"},{"@type":"Person","@id":"https:\/\/www.em.com.br\/emfoco\/#\/schema\/person\/f6eade2e287023da170a1b2b329f68e5","name":"Guilherme Lopes","image":{"@type":"ImageObject","inLanguage":"pt-BR","@id":"https:\/\/www.em.com.br\/emfoco\/#\/schema\/person\/image\/","url":"https:\/\/secure.gravatar.com\/avatar\/df9adfb835d344bc0af109d41756253f?s=96&d=mm&r=g","contentUrl":"https:\/\/secure.gravatar.com\/avatar\/df9adfb835d344bc0af109d41756253f?s=96&d=mm&r=g","caption":"Guilherme Lopes"},"url":"https:\/\/www.em.com.br\/emfoco\/author\/guilherme_saude\/"}]}},"_links":{"self":[{"href":"https:\/\/www.em.com.br\/emfoco\/wp-json\/wp\/v2\/posts\/162840","targetHints":{"allow":["GET"]}}],"collection":[{"href":"https:\/\/www.em.com.br\/emfoco\/wp-json\/wp\/v2\/posts"}],"about":[{"href":"https:\/\/www.em.com.br\/emfoco\/wp-json\/wp\/v2\/types\/post"}],"author":[{"embeddable":true,"href":"https:\/\/www.em.com.br\/emfoco\/wp-json\/wp\/v2\/users\/25"}],"replies":[{"embeddable":true,"href":"https:\/\/www.em.com.br\/emfoco\/wp-json\/wp\/v2\/comments?post=162840"}],"version-history":[{"count":1,"href":"https:\/\/www.em.com.br\/emfoco\/wp-json\/wp\/v2\/posts\/162840\/revisions"}],"predecessor-version":[{"id":162843,"href":"https:\/\/www.em.com.br\/emfoco\/wp-json\/wp\/v2\/posts\/162840\/revisions\/162843"}],"wp:featuredmedia":[{"embeddable":true,"href":"https:\/\/www.em.com.br\/emfoco\/wp-json\/wp\/v2\/media\/162841"}],"wp:attachment":[{"href":"https:\/\/www.em.com.br\/emfoco\/wp-json\/wp\/v2\/media?parent=162840"}],"wp:term":[{"taxonomy":"category","embeddable":true,"href":"https:\/\/www.em.com.br\/emfoco\/wp-json\/wp\/v2\/categories?post=162840"},{"taxonomy":"post_tag","embeddable":true,"href":"https:\/\/www.em.com.br\/emfoco\/wp-json\/wp\/v2\/tags?post=162840"}],"curies":[{"name":"wp","href":"https:\/\/api.w.org\/{rel}","templated":true}]}}