{"id":162728,"date":"2026-01-31T09:35:00","date_gmt":"2026-01-31T12:35:00","guid":{"rendered":"https:\/\/www.em.com.br\/emfoco\/?p=162728"},"modified":"2026-01-30T20:55:49","modified_gmt":"2026-01-30T23:55:49","slug":"a-tendencia-dos-anos-80-retornou-mas-sem-exageros-veja-como-ela-ficou-mais-elegante","status":"publish","type":"post","link":"https:\/\/www.em.com.br\/emfoco\/2026\/01\/31\/a-tendencia-dos-anos-80-retornou-mas-sem-exageros-veja-como-ela-ficou-mais-elegante\/","title":{"rendered":"A tend\u00eancia dos anos 80 retornou, mas sem exageros: veja como ela ficou mais elegante"},"content":{"rendered":"\n<p>O interesse pelas tend\u00eancias dos anos 80 voltou a ganhar espa\u00e7o na moda atual, mas com outra linguagem. Em vez de reproduzir fantasias caricatas, o que se observa \u00e9 a incorpora\u00e7\u00e3o de refer\u00eancias oitentistas em pe\u00e7as vers\u00e1teis, cortes precisos e combina\u00e7\u00f5es poss\u00edveis no dia a dia, em um estilo mais pensado, que dialoga com conforto, identidade e adequa\u00e7\u00e3o a diferentes rotinas.<\/p>\n\n\n\n<h2 class=\"wp-block-heading\">Quais s\u00e3o as principais caracter\u00edsticas das tend\u00eancias dos anos 80 na moda atual<\/h2>\n\n\n\n<p>Separamos esse v\u00eddeo do @<a href=\"https:\/\/www.youtube.com\/@julianachristt\" target=\"_blank\" rel=\"noreferrer noopener\">Juliana Christ<\/a> para mostrar como as refer\u00eancias dos anos 80 voltam \u00e0 moda atual de forma equilibrada, com foco em propor\u00e7\u00e3o, conforto e estilo no dia a dia.<\/p>\n\n\n\n<iframe loading=\"lazy\" width=\"1013\" height=\"570\" src=\"https:\/\/www.youtube.com\/embed\/kt3KSznAr08\" title=\"A TEND\u00caNCIA QUE VOLTOU L\u00c1 DOS ANOS 80 | Juliana Christ\" frameborder=\"0\" allow=\"accelerometer; autoplay; clipboard-write; encrypted-media; gyroscope; picture-in-picture; web-share\" referrerpolicy=\"strict-origin-when-cross-origin\" allowfullscreen><\/iframe>\n\n\n\n<p>As tend\u00eancias dos anos 80 que reaparecem em 2025 se concentram em cabelos com textura natural, golas e ombros estruturados, jaquetas de couro de recorte cl\u00e1ssico e cintos de maior largura. Esses elementos marcantes s\u00e3o reinterpretados com tecidos tecnol\u00f3gicos, caimentos ajustados e acabamentos dur\u00e1veis, privilegiando propor\u00e7\u00e3o, harmonia e uso inteligente da informa\u00e7\u00e3o de moda.<\/p>\n\n\n\n<p>Entre as refer\u00eancias mais vis\u00edveis, os cabelos crespos e cacheados assumem protagonismo, com foco em volume controlado e defini\u00e7\u00e3o. A est\u00e9tica volumosa associada aos anos 80 se transforma em um visual que valoriza a textura original do fio, apoiado em tratamentos espec\u00edficos, cortes em camadas e finalizadores adequados, acompanhando um movimento de aceita\u00e7\u00e3o da identidade capilar e da diversidade.<\/p>\n\n\n\n<p>Leia mais: <a href=\"https:\/\/www.em.com.br\/saude\/2026\/01\/7344467-o-que-dizem-os-especialistas-sobre-o-adoecimento-emocional-em-2026.html\" target=\"_blank\" rel=\"noreferrer noopener\">O que dizem os especialistas sobre o adoecimento emocional em 2026?<\/a><\/p>\n\n\n\n<h2 class=\"wp-block-heading\">Como as tend\u00eancias dos anos 80 aparecem nos looks de hoje<\/h2>\n\n\n\n<p>Nos looks contempor\u00e2neos, as <strong>tend\u00eancias dos anos 80<\/strong> surgem em detalhes de constru\u00e7\u00e3o, como golas mais altas, colarinhos marcados e sobreposi\u00e7\u00f5es entre camisas e casacos. Esses recursos criam enquadramentos para o rosto e trazem sofistica\u00e7\u00e3o sem pesar, enquanto blazers com ombros discretamente projetados alongam a silhueta de forma sutil, sem repetir exageros da \u00e9poca.<\/p>\n\n\n\n<p>As jaquetas de couro seguem como pe\u00e7a-chave em vers\u00f5es perfecto, bomber e modelos com z\u00edperes aparentes, lapelas amplas ou golas estruturadas que remetem ao imagin\u00e1rio do rock e da cultura pop oitentista. Hoje, por\u00e9m, uma mesma jaqueta transita entre cal\u00e7a de alfaiataria, jeans reto ou vestidos fluidos, ampliando a versatilidade e a adapta\u00e7\u00e3o a diferentes estilos pessoais e ocasi\u00f5es.<\/p>\n\n\n\n<ul class=\"wp-block-list\">\n<li><strong>Cabelos<\/strong>: volume controlado e defini\u00e7\u00e3o de cachos e crespos.<\/li>\n\n\n\n<li><strong>Golas<\/strong>: sobrepostas, altas ou evidenciadas sob blazers e casacos.<\/li>\n\n\n\n<li><strong>Ombros<\/strong>: levemente ampliados, mas pr\u00f3ximos \u00e0 linha natural do corpo.<\/li>\n\n\n\n<li><strong>Jaquetas de couro<\/strong>: cortes cl\u00e1ssicos, acabamento moderno.<\/li>\n\n\n\n<li><strong>Cintos largos<\/strong>: usados como ponto focal e recurso de styling.<\/li>\n<\/ul>\n\n\n\n<h2 class=\"wp-block-heading\">Como adaptar as tend\u00eancias dos anos 80 ao estilo pessoal<\/h2>\n\n\n<div class=\"wp-block-image\">\n<figure class=\"aligncenter size-large\"><img loading=\"lazy\" decoding=\"async\" width=\"1024\" height=\"576\" src=\"https:\/\/www.em.com.br\/emfoco\/wp-content\/uploads\/2026\/01\/ChatGPT-Image-30-de-jan.-de-2026-17_07_35-1-1024x576.png\" alt=\"\" class=\"wp-image-162774\" srcset=\"https:\/\/www.em.com.br\/emfoco\/wp-content\/uploads\/2026\/01\/ChatGPT-Image-30-de-jan.-de-2026-17_07_35-1-1024x576.png 1024w, https:\/\/www.em.com.br\/emfoco\/wp-content\/uploads\/2026\/01\/ChatGPT-Image-30-de-jan.-de-2026-17_07_35-1-300x169.png 300w, https:\/\/www.em.com.br\/emfoco\/wp-content\/uploads\/2026\/01\/ChatGPT-Image-30-de-jan.-de-2026-17_07_35-1-768x432.png 768w, https:\/\/www.em.com.br\/emfoco\/wp-content\/uploads\/2026\/01\/ChatGPT-Image-30-de-jan.-de-2026-17_07_35-1-750x422.png 750w, https:\/\/www.em.com.br\/emfoco\/wp-content\/uploads\/2026\/01\/ChatGPT-Image-30-de-jan.-de-2026-17_07_35-1-1140x641.png 1140w, https:\/\/www.em.com.br\/emfoco\/wp-content\/uploads\/2026\/01\/ChatGPT-Image-30-de-jan.-de-2026-17_07_35-1.png 1280w\" sizes=\"auto, (max-width: 1024px) 100vw, 1024px\" \/><figcaption class=\"wp-element-caption\">Como usar refer\u00eancias dos anos 80 no dia a dia<\/figcaption><\/figure><\/div>\n\n\n<p>A aplica\u00e7\u00e3o dessas refer\u00eancias no guarda-roupa atual passa por observar propor\u00e7\u00e3o, biotipo e rotina, escolhendo pontos de destaque estrat\u00e9gicos. Cintos largos podem funcionar como pe\u00e7a de realce sobre vestidos, camisas ou casacos mais soltos, marcando a cintura e criando contraste, enquanto vers\u00f5es intermedi\u00e1rias tendem a favorecer pessoas de estatura baixa ou muito magras.<\/p>\n\n\n\n<p>Os ombros estruturados tamb\u00e9m pedem aten\u00e7\u00e3o ao contexto de uso, especialmente no ambiente profissional e em situa\u00e7\u00f5es informais. Para facilitar esse processo de escolha e combina\u00e7\u00e3o, \u00e9 poss\u00edvel seguir alguns passos simples que ajudam a equilibrar informa\u00e7\u00e3o de moda e conforto no dia a dia.<\/p>\n\n\n\n<ol class=\"wp-block-list\">\n<li>Escolher um elemento oitentista central (ombro, cinto, gola ou jaqueta).<\/li>\n\n\n\n<li>Combinar com pe\u00e7as b\u00e1sicas e de linhas simples para equilibrar o visual.<\/li>\n\n\n\n<li>Ajustar a propor\u00e7\u00e3o: volumes em cima pedem partes de baixo mais estruturadas.<\/li>\n\n\n\n<li>Observar o contexto de uso: trabalho, lazer, eventos formais ou casuais.<\/li>\n\n\n\n<li>Priorizar conforto e identifica\u00e7\u00e3o com a pr\u00f3pria imagem.<\/li>\n<\/ol>\n\n\n\n<p>Leia mais: <a href=\"https:\/\/www.em.com.br\/saude\/2026\/01\/7343574-professores-podem-ser-primeiros-a-observar-sofrimento-emocional-em-jovens.html\" target=\"_blank\" rel=\"noreferrer noopener\">Professores podem ser primeiros a observar sofrimento emocional em jovens<\/a><\/p>\n\n\n\n<h2 class=\"wp-block-heading\">Como as tend\u00eancias dos anos 80 funcionam para a mulher madura<\/h2>\n\n\n\n<p>Entre mulheres maduras, a releitura das <strong>tend\u00eancias dos anos 80<\/strong> encontra terreno favor\u00e1vel, j\u00e1 que muitas viveram essa d\u00e9cada ou parte dela. Hoje, por\u00e9m, a ado\u00e7\u00e3o de ombros marcados, cintos chamativos ou jaquetas de couro depende mais da personalidade e da rotina do que da idade, usando a mem\u00f3ria afetiva como inspira\u00e7\u00e3o, sem repetir combina\u00e7\u00f5es antigas.<\/p>\n\n\n\n<p>Pe\u00e7as com boa modelagem, tecidos de qualidade e caimento confort\u00e1vel costumam dialogar bem com esse p\u00fablico, valorizando presen\u00e7a e eleg\u00e2ncia. Um blazer com ombro levemente estruturado, jeans de corte reto e cinto de fivela mais evidente j\u00e1 trazem a ess\u00eancia oitentista de forma discreta, enquanto cabelos naturais bem cuidados refor\u00e7am uma imagem atual que une autenticidade, praticidade e conhecimento do pr\u00f3prio estilo.<\/p>\n\n\n\n<p>A presen\u00e7a constante das tend\u00eancias inspiradas nos anos 80 na moda contempor\u00e2nea indica um movimento c\u00edclico, em que o passado serve de refer\u00eancia, enquanto o presente dita ajustes de forma, fun\u00e7\u00e3o e prop\u00f3sito. Em 2025, esse resgate aparece mais ligado \u00e0 express\u00e3o pessoal e \u00e0 constru\u00e7\u00e3o de identidade visual do que \u00e0 simples repeti\u00e7\u00e3o de c\u00f3digos est\u00e9ticos de outra \u00e9poca.<\/p>\n","protected":false},"excerpt":{"rendered":"<p>O interesse pelas tend\u00eancias dos anos 80 voltou a ganhar espa\u00e7o na moda atual, mas com outra linguagem. Em vez de reproduzir fantasias caricatas, o que se observa \u00e9 a incorpora\u00e7\u00e3o de refer\u00eancias oitentistas em pe\u00e7as vers\u00e1teis, cortes precisos e combina\u00e7\u00f5es poss\u00edveis no dia a dia, em um estilo mais pensado, que dialoga com conforto, [&hellip;]<\/p>\n","protected":false},"author":20,"featured_media":162772,"comment_status":"open","ping_status":"open","sticky":false,"template":"","format":"standard","meta":{"jnews-multi-image_gallery":[],"jnews_single_post":{"format":"standard"},"jnews_primary_category":[],"jnews_social_meta":[],"jnews_override_counter":[],"footnotes":""},"categories":[8819,1],"tags":[5378,23818,3096],"class_list":["post-162728","post","type-post","status-publish","format-standard","has-post-thumbnail","hentry","category-curiosidades","category-noticias","tag-anos-80","tag-moda-contemporanea","tag-tendencias"],"yoast_head":"<!-- This site is optimized with the Yoast SEO plugin v23.8 - https:\/\/yoast.com\/wordpress\/plugins\/seo\/ -->\n<title>A tend\u00eancia dos anos 80 retornou, mas sem exageros: veja como ela ficou mais elegante - Estado de Minas - Em foco<\/title>\n<meta name=\"description\" content=\"As tend\u00eancias dos anos 80 retornam \u00e0 moda com cortes modernos, ombros estruturados, jaquetas de couro e cabelos naturais adaptados \u00e0 rotina atual.\" \/>\n<meta name=\"robots\" content=\"index, follow, max-snippet:-1, max-image-preview:large, max-video-preview:-1\" \/>\n<link rel=\"canonical\" href=\"https:\/\/www.em.com.br\/emfoco\/2026\/01\/31\/a-tendencia-dos-anos-80-retornou-mas-sem-exageros-veja-como-ela-ficou-mais-elegante\/\" \/>\n<meta property=\"og:locale\" content=\"pt_BR\" \/>\n<meta property=\"og:type\" content=\"article\" \/>\n<meta property=\"og:title\" content=\"A tend\u00eancia dos anos 80 retornou, mas sem exageros: veja como ela ficou mais elegante - Estado de Minas - Em foco\" \/>\n<meta property=\"og:description\" content=\"As tend\u00eancias dos anos 80 retornam \u00e0 moda com cortes modernos, ombros estruturados, jaquetas de couro e cabelos naturais adaptados \u00e0 rotina atual.\" \/>\n<meta property=\"og:url\" content=\"https:\/\/www.em.com.br\/emfoco\/2026\/01\/31\/a-tendencia-dos-anos-80-retornou-mas-sem-exageros-veja-como-ela-ficou-mais-elegante\/\" \/>\n<meta property=\"og:site_name\" content=\"Estado de Minas - Em foco\" \/>\n<meta property=\"article:published_time\" content=\"2026-01-31T12:35:00+00:00\" \/>\n<meta property=\"article:modified_time\" content=\"2026-01-30T23:55:49+00:00\" \/>\n<meta property=\"og:image\" content=\"https:\/\/www.em.com.br\/emfoco\/wp-content\/uploads\/2026\/01\/jaqueta-moda.png\" \/>\n\t<meta property=\"og:image:width\" content=\"1280\" \/>\n\t<meta property=\"og:image:height\" content=\"720\" \/>\n\t<meta property=\"og:image:type\" content=\"image\/png\" \/>\n<meta name=\"author\" content=\"Ingrid Diniz\" \/>\n<meta name=\"twitter:card\" content=\"summary_large_image\" \/>\n<meta name=\"twitter:label1\" content=\"Escrito por\" \/>\n\t<meta name=\"twitter:data1\" content=\"Ingrid Diniz\" \/>\n\t<meta name=\"twitter:label2\" content=\"Est. tempo de leitura\" \/>\n\t<meta name=\"twitter:data2\" content=\"5 minutos\" \/>\n<!-- \/ Yoast SEO plugin. -->","yoast_head_json":{"title":"A tend\u00eancia dos anos 80 retornou, mas sem exageros: veja como ela ficou mais elegante - Estado de Minas - Em foco","description":"As tend\u00eancias dos anos 80 retornam \u00e0 moda com cortes modernos, ombros estruturados, jaquetas de couro e cabelos naturais adaptados \u00e0 rotina atual.","robots":{"index":"index","follow":"follow","max-snippet":"max-snippet:-1","max-image-preview":"max-image-preview:large","max-video-preview":"max-video-preview:-1"},"canonical":"https:\/\/www.em.com.br\/emfoco\/2026\/01\/31\/a-tendencia-dos-anos-80-retornou-mas-sem-exageros-veja-como-ela-ficou-mais-elegante\/","og_locale":"pt_BR","og_type":"article","og_title":"A tend\u00eancia dos anos 80 retornou, mas sem exageros: veja como ela ficou mais elegante - Estado de Minas - Em foco","og_description":"As tend\u00eancias dos anos 80 retornam \u00e0 moda com cortes modernos, ombros estruturados, jaquetas de couro e cabelos naturais adaptados \u00e0 rotina atual.","og_url":"https:\/\/www.em.com.br\/emfoco\/2026\/01\/31\/a-tendencia-dos-anos-80-retornou-mas-sem-exageros-veja-como-ela-ficou-mais-elegante\/","og_site_name":"Estado de Minas - Em foco","article_published_time":"2026-01-31T12:35:00+00:00","article_modified_time":"2026-01-30T23:55:49+00:00","og_image":[{"width":1280,"height":720,"url":"https:\/\/www.em.com.br\/emfoco\/wp-content\/uploads\/2026\/01\/jaqueta-moda.png","type":"image\/png"}],"author":"Ingrid Diniz","twitter_card":"summary_large_image","twitter_misc":{"Escrito por":"Ingrid Diniz","Est. tempo de leitura":"5 minutos"},"schema":{"@context":"https:\/\/schema.org","@graph":[{"@type":"WebPage","@id":"https:\/\/www.em.com.br\/emfoco\/2026\/01\/31\/a-tendencia-dos-anos-80-retornou-mas-sem-exageros-veja-como-ela-ficou-mais-elegante\/","url":"https:\/\/www.em.com.br\/emfoco\/2026\/01\/31\/a-tendencia-dos-anos-80-retornou-mas-sem-exageros-veja-como-ela-ficou-mais-elegante\/","name":"A tend\u00eancia dos anos 80 retornou, mas sem exageros: veja como ela ficou mais elegante - Estado de Minas - Em foco","isPartOf":{"@id":"https:\/\/www.em.com.br\/emfoco\/#website"},"primaryImageOfPage":{"@id":"https:\/\/www.em.com.br\/emfoco\/2026\/01\/31\/a-tendencia-dos-anos-80-retornou-mas-sem-exageros-veja-como-ela-ficou-mais-elegante\/#primaryimage"},"image":{"@id":"https:\/\/www.em.com.br\/emfoco\/2026\/01\/31\/a-tendencia-dos-anos-80-retornou-mas-sem-exageros-veja-como-ela-ficou-mais-elegante\/#primaryimage"},"thumbnailUrl":"https:\/\/www.em.com.br\/emfoco\/wp-content\/uploads\/2026\/01\/jaqueta-moda.png","datePublished":"2026-01-31T12:35:00+00:00","dateModified":"2026-01-30T23:55:49+00:00","author":{"@id":"https:\/\/www.em.com.br\/emfoco\/#\/schema\/person\/649e610b4eb8fff87ff394e54fe17b2b"},"description":"As tend\u00eancias dos anos 80 retornam \u00e0 moda com cortes modernos, ombros estruturados, jaquetas de couro e cabelos naturais adaptados \u00e0 rotina atual.","breadcrumb":{"@id":"https:\/\/www.em.com.br\/emfoco\/2026\/01\/31\/a-tendencia-dos-anos-80-retornou-mas-sem-exageros-veja-como-ela-ficou-mais-elegante\/#breadcrumb"},"inLanguage":"pt-BR","potentialAction":[{"@type":"ReadAction","target":["https:\/\/www.em.com.br\/emfoco\/2026\/01\/31\/a-tendencia-dos-anos-80-retornou-mas-sem-exageros-veja-como-ela-ficou-mais-elegante\/"]}]},{"@type":"ImageObject","inLanguage":"pt-BR","@id":"https:\/\/www.em.com.br\/emfoco\/2026\/01\/31\/a-tendencia-dos-anos-80-retornou-mas-sem-exageros-veja-como-ela-ficou-mais-elegante\/#primaryimage","url":"https:\/\/www.em.com.br\/emfoco\/wp-content\/uploads\/2026\/01\/jaqueta-moda.png","contentUrl":"https:\/\/www.em.com.br\/emfoco\/wp-content\/uploads\/2026\/01\/jaqueta-moda.png","width":1280,"height":720,"caption":"Como usar refer\u00eancias dos anos 80 no dia a dia"},{"@type":"BreadcrumbList","@id":"https:\/\/www.em.com.br\/emfoco\/2026\/01\/31\/a-tendencia-dos-anos-80-retornou-mas-sem-exageros-veja-como-ela-ficou-mais-elegante\/#breadcrumb","itemListElement":[{"@type":"ListItem","position":1,"name":"In\u00edcio","item":"https:\/\/www.em.com.br\/emfoco\/"},{"@type":"ListItem","position":2,"name":"A tend\u00eancia dos anos 80 retornou, mas sem exageros: veja como ela ficou mais elegante"}]},{"@type":"WebSite","@id":"https:\/\/www.em.com.br\/emfoco\/#website","url":"https:\/\/www.em.com.br\/emfoco\/","name":"Estado de Minas - Em foco","description":"Acompanhe as \u00faltimas not\u00edcias e fique bem informado sobre tudo o que acontece em Minas Gerais, Brasil e no mundo.","potentialAction":[{"@type":"SearchAction","target":{"@type":"EntryPoint","urlTemplate":"https:\/\/www.em.com.br\/emfoco\/?s={search_term_string}"},"query-input":{"@type":"PropertyValueSpecification","valueRequired":true,"valueName":"search_term_string"}}],"inLanguage":"pt-BR"},{"@type":"Person","@id":"https:\/\/www.em.com.br\/emfoco\/#\/schema\/person\/649e610b4eb8fff87ff394e54fe17b2b","name":"Ingrid Diniz","image":{"@type":"ImageObject","inLanguage":"pt-BR","@id":"https:\/\/www.em.com.br\/emfoco\/#\/schema\/person\/image\/","url":"https:\/\/secure.gravatar.com\/avatar\/a3baa1449ec5c39b4c42babc9d4f3951?s=96&d=mm&r=g","contentUrl":"https:\/\/secure.gravatar.com\/avatar\/a3baa1449ec5c39b4c42babc9d4f3951?s=96&d=mm&r=g","caption":"Ingrid Diniz"},"sameAs":["https:\/\/www.em.com.br\/"],"url":"https:\/\/www.em.com.br\/emfoco\/author\/ingridmyth\/"}]}},"_links":{"self":[{"href":"https:\/\/www.em.com.br\/emfoco\/wp-json\/wp\/v2\/posts\/162728","targetHints":{"allow":["GET"]}}],"collection":[{"href":"https:\/\/www.em.com.br\/emfoco\/wp-json\/wp\/v2\/posts"}],"about":[{"href":"https:\/\/www.em.com.br\/emfoco\/wp-json\/wp\/v2\/types\/post"}],"author":[{"embeddable":true,"href":"https:\/\/www.em.com.br\/emfoco\/wp-json\/wp\/v2\/users\/20"}],"replies":[{"embeddable":true,"href":"https:\/\/www.em.com.br\/emfoco\/wp-json\/wp\/v2\/comments?post=162728"}],"version-history":[{"count":2,"href":"https:\/\/www.em.com.br\/emfoco\/wp-json\/wp\/v2\/posts\/162728\/revisions"}],"predecessor-version":[{"id":162931,"href":"https:\/\/www.em.com.br\/emfoco\/wp-json\/wp\/v2\/posts\/162728\/revisions\/162931"}],"wp:featuredmedia":[{"embeddable":true,"href":"https:\/\/www.em.com.br\/emfoco\/wp-json\/wp\/v2\/media\/162772"}],"wp:attachment":[{"href":"https:\/\/www.em.com.br\/emfoco\/wp-json\/wp\/v2\/media?parent=162728"}],"wp:term":[{"taxonomy":"category","embeddable":true,"href":"https:\/\/www.em.com.br\/emfoco\/wp-json\/wp\/v2\/categories?post=162728"},{"taxonomy":"post_tag","embeddable":true,"href":"https:\/\/www.em.com.br\/emfoco\/wp-json\/wp\/v2\/tags?post=162728"}],"curies":[{"name":"wp","href":"https:\/\/api.w.org\/{rel}","templated":true}]}}