{"id":162683,"date":"2026-01-31T17:00:00","date_gmt":"2026-01-31T20:00:00","guid":{"rendered":"https:\/\/www.em.com.br\/emfoco\/?p=162683"},"modified":"2026-01-30T22:06:07","modified_gmt":"2026-01-31T01:06:07","slug":"a-lei-e-clara-quando-o-proprietario-pode-e-quando-nao-pode-pedir-de-volta-um-imovel-alugado","status":"publish","type":"post","link":"https:\/\/www.em.com.br\/emfoco\/2026\/01\/31\/a-lei-e-clara-quando-o-proprietario-pode-e-quando-nao-pode-pedir-de-volta-um-imovel-alugado\/","title":{"rendered":"A lei \u00e9 clara: quando o propriet\u00e1rio pode e quando n\u00e3o pode pedir de volta um im\u00f3vel alugado"},"content":{"rendered":"\n<p>A<strong> Lei de Arrendamentos Urbanos<\/strong> (LAU), em vigor na <strong>Espanha<\/strong>, traz regras claras sobre quando o propriet\u00e1rio pode retomar um im\u00f3vel alugado antes do fim do contrato, buscando equilibrar interesses, reduzir conflitos e garantir seguran\u00e7a real para quem aluga e para quem coloca o im\u00f3vel no mercado, em um cen\u00e1rio de alta demanda por moradia.<\/p>\n\n\n\n<h2 class=\"wp-block-heading\">Quando o propriet\u00e1rio pode recuperar o im\u00f3vel pela Lei de Arrendamentos Urbanos<\/h2>\n\n\n\n<p>A LAU permite que o propriet\u00e1rio recupere a moradia antes do prazo apenas em hip\u00f3teses espec\u00edficas, como a necessidade de uso pr\u00f3prio ou de familiares pr\u00f3ximos, inadimplemento grave do inquilino ou uso indevido do im\u00f3vel. Essas situa\u00e7\u00f5es exigem respaldo legal, boa-f\u00e9 e, muitas vezes, previs\u00e3o expressa no contrato, al\u00e9m de comunica\u00e7\u00e3o formal.<\/p>\n\n\n\n<p>Em geral, \u00e9 necess\u00e1rio aviso pr\u00e9vio por escrito, respeito a um tempo m\u00ednimo de dura\u00e7\u00e3o do contrato e efetiva ocupa\u00e7\u00e3o do im\u00f3vel pelo benefici\u00e1rio alegado. Se o propriet\u00e1rio alega necessidade pr\u00f3pria e depois n\u00e3o utiliza o im\u00f3vel como informado, o inquilino pode pedir compensa\u00e7\u00f5es, inclusive retorno ao im\u00f3vel ou indeniza\u00e7\u00e3o por perdas e danos.<\/p>\n\n\n\n<figure class=\"wp-block-image size-large\"><img loading=\"lazy\" decoding=\"async\" width=\"1024\" height=\"576\" src=\"https:\/\/www.em.com.br\/emfoco\/wp-content\/uploads\/2026\/01\/ChatGPT-Image-30-de-jan.-de-2026-17_07_51-1-1024x576.png\" alt=\"Quando o propriet\u00e1rio pode exigir o im\u00f3vel antes do fim do contrato\" class=\"wp-image-162779\" srcset=\"https:\/\/www.em.com.br\/emfoco\/wp-content\/uploads\/2026\/01\/ChatGPT-Image-30-de-jan.-de-2026-17_07_51-1-1024x576.png 1024w, https:\/\/www.em.com.br\/emfoco\/wp-content\/uploads\/2026\/01\/ChatGPT-Image-30-de-jan.-de-2026-17_07_51-1-300x169.png 300w, https:\/\/www.em.com.br\/emfoco\/wp-content\/uploads\/2026\/01\/ChatGPT-Image-30-de-jan.-de-2026-17_07_51-1-768x432.png 768w, https:\/\/www.em.com.br\/emfoco\/wp-content\/uploads\/2026\/01\/ChatGPT-Image-30-de-jan.-de-2026-17_07_51-1-750x422.png 750w, https:\/\/www.em.com.br\/emfoco\/wp-content\/uploads\/2026\/01\/ChatGPT-Image-30-de-jan.-de-2026-17_07_51-1-1140x641.png 1140w, https:\/\/www.em.com.br\/emfoco\/wp-content\/uploads\/2026\/01\/ChatGPT-Image-30-de-jan.-de-2026-17_07_51-1.png 1280w\" sizes=\"auto, (max-width: 1024px) 100vw, 1024px\" \/><figcaption class=\"wp-element-caption\">Quando o propriet\u00e1rio pode exigir o im\u00f3vel antes do fim do contrato<\/figcaption><\/figure>\n\n\n\n<h2 class=\"wp-block-heading\">Como funciona a retomada do im\u00f3vel pela Lei do Inquilinato no Brasil em 2026<\/h2>\n\n\n\n<p>No <strong>Brasil<\/strong>, a <strong><a href=\"https:\/\/www.planalto.gov.br\/ccivil_03\/leis\/l8245.htm\" target=\"_blank\" rel=\"noreferrer noopener\">Lei do Inquilinato (Lei 8.245\/91)<\/a><\/strong>, em 2026, tamb\u00e9m estabelece regras r\u00edgidas para proteger o locat\u00e1rio, impedindo que o propriet\u00e1rio simplesmente \u201cpe\u00e7a o im\u00f3vel de volta\u201d a qualquer momento, sem motivo legalmente v\u00e1lido ou sem observar prazos e formas previstos em lei. A lei diferencia contratos por prazo determinado e por prazo indeterminado.<\/p>\n\n\n\n<p>Algumas das situa\u00e7\u00f5es em que o propriet\u00e1rio pode ou n\u00e3o pode pedir a retomada precisam ser analisadas com cuidado, pois o descumprimento de requisitos formais costuma invalidar a tentativa de despejo e garantir mais tempo de perman\u00eancia ao inquilino, al\u00e9m de servir de base para defesa judicial.<\/p>\n\n\n\n<ul class=\"wp-block-list\">\n<li><strong>Fim do contrato por prazo determinado:<\/strong>\u00a0Encerrado o per\u00edodo pactuado, o propriet\u00e1rio pode solicitar a desocupa\u00e7\u00e3o, em regra com aviso pr\u00e9vio m\u00ednimo de 30 dias, se n\u00e3o houver prorroga\u00e7\u00e3o ou renova\u00e7\u00e3o do contrato.<\/li>\n\n\n\n<li><strong>Uso pr\u00f3prio ou de familiares:<\/strong>\u00a0A retomada \u00e9 poss\u00edvel para moradia do pr\u00f3prio locador, de seu c\u00f4njuge, companheiro, pais ou filhos, desde que o benefici\u00e1rio n\u00e3o possua outro im\u00f3vel residencial pr\u00f3prio na mesma localidade e a finalidade seja efetivamente residencial.<\/li>\n\n\n\n<li><strong>Falta de pagamento e infra\u00e7\u00e3o contratual:<\/strong>\u00a0Inadimpl\u00eancia reiterada, subloca\u00e7\u00e3o n\u00e3o autorizada, uso indevido da propriedade, danos ao im\u00f3vel ou atividades il\u00edcitas permitem a\u00e7\u00e3o de despejo e retomada, muitas vezes com liminar.<\/li>\n\n\n\n<li><strong>Reformas urgentes ou den\u00fancia vazia:<\/strong>\u00a0Obras estruturais que obrigam a sa\u00edda e contratos com mais de 30 meses prorrogados por prazo indeterminado podem justificar a retomada, desde que respeitados aviso pr\u00e9vio e demais exig\u00eancias legais.<\/li>\n<\/ul>\n\n\n\n<h2 class=\"wp-block-heading\">Qual \u00e9 a diferen\u00e7a entre a Lei de Arrendamentos Urbanos e a Lei de Propriedade Horizontal<\/h2>\n\n\n\n<p>A Lei de Arrendamentos Urbanos regula a rela\u00e7\u00e3o entre propriet\u00e1rio e inquilino, tratando de dura\u00e7\u00e3o do contrato, causas de rescis\u00e3o, atualiza\u00e7\u00e3o de renda e direitos de uso do im\u00f3vel. J\u00e1 a Lei de Propriedade Horizontal organiza a conviv\u00eancia em edif\u00edcios e comunidades de propriet\u00e1rios, abordando elementos comuns, obras e despesas coletivas.<\/p>\n\n\n\n<p>Conflitos envolvendo inquilinos e vizinhos costumam ser analisados com base nas duas leis: a comunidade aplica a Lei de Propriedade Horizontal, enquanto o v\u00ednculo de loca\u00e7\u00e3o segue a LAU. Queixas de vizinhos, por si s\u00f3, n\u00e3o autorizam a retomada autom\u00e1tica do im\u00f3vel, sendo necess\u00e1ria viola\u00e7\u00e3o relevante do contrato ou da legisla\u00e7\u00e3o para justificar medidas mais dr\u00e1sticas.<\/p>\n\n\n\n<figure class=\"wp-block-image\"><img decoding=\"async\" src=\"https:\/\/www.em.com.br\/emfoco\/wp-content\/uploads\/2025\/12\/Gemini_Generated_Image_pt1fn9pt1fn9pt1f-1-1024x576.png\" alt=\"\"\/><figcaption class=\"wp-element-caption\">Uma mudan\u00e7a na lei pode alterar reajustes e despejos nos alugu\u00e9is<\/figcaption><\/figure>\n\n\n\n<h2 class=\"wp-block-heading\">Como funciona o direito \u00e0 privacidade do inquilino e o acesso do propriet\u00e1rio<\/h2>\n\n\n\n<p>A resid\u00eancia alugada \u00e9 domic\u00edlio protegido, o que impede o propriet\u00e1rio de entrar sem consentimento expresso do inquilino, ainda que queira apenas verificar o estado do im\u00f3vel ou planejar uma venda. Esse direito se apoia na inviolabilidade do domic\u00edlio prevista na Constitui\u00e7\u00e3o Espanhola e consolidada pela jurisprud\u00eancia, que refor\u00e7a a autonomia do arrendat\u00e1rio.<\/p>\n\n\n\n<p>Visitas, vistorias e reparos devem ser previamente combinados em dia e hor\u00e1rio acordados, sempre com anu\u00eancia do inquilino. A entrada n\u00e3o autorizada pode gerar responsabilidade civil e, em algumas situa\u00e7\u00f5es, consequ\u00eancias penais, refor\u00e7ando que o uso e gozo do im\u00f3vel, durante o contrato, pertencem ao arrendat\u00e1rio, salvo exce\u00e7\u00f5es legais muito espec\u00edficas.<\/p>\n\n\n\n<h2 class=\"wp-block-heading\">Quais cuidados adotar se o propriet\u00e1rio tenta recuperar o im\u00f3vel antes do tempo<\/h2>\n\n\n\n<p>Diante de uma tentativa de retomada antecipada, \u00e9 essencial revisar o contrato, conferir se h\u00e1 cl\u00e1usula compat\u00edvel com a LAU, se o prazo de pr\u00e9-aviso foi respeitado e se a causa alegada \u00e9 realmente prevista em lei. A falta de base contratual ou legal costuma enfraquecer a pretens\u00e3o de sa\u00edda imediata do inquilino e pode ser contestada na via judicial.<\/p>\n\n\n\n<p>N\u00e3o espere o problema explodir: se voc\u00ea est\u00e1 sendo pressionado a sair, busque orienta\u00e7\u00e3o jur\u00eddica especializada agora, re\u00fana documentos, registre todas as comunica\u00e7\u00f5es por escrito e exer\u00e7a seus direitos imediatamente. Cada dia de demora pode limitar suas op\u00e7\u00f5es de defesa e resultar em medidas irrevers\u00edveis contra a sua moradia.<\/p>\n\n\n\n<p><\/p>\n","protected":false},"excerpt":{"rendered":"<p>A Lei de Arrendamentos Urbanos (LAU), em vigor na Espanha, traz regras claras sobre quando o propriet\u00e1rio pode retomar um im\u00f3vel alugado antes do fim do contrato, buscando equilibrar interesses, reduzir conflitos e garantir seguran\u00e7a real para quem aluga e para quem coloca o im\u00f3vel no mercado, em um cen\u00e1rio de alta demanda por moradia. [&hellip;]<\/p>\n","protected":false},"author":11,"featured_media":162783,"comment_status":"open","ping_status":"open","sticky":false,"template":"","format":"standard","meta":{"jnews-multi-image_gallery":[],"jnews_single_post":{"format":"standard"},"jnews_primary_category":[],"jnews_social_meta":[],"jnews_override_counter":[],"footnotes":""},"categories":[28,1],"tags":[1526,14807,12376,21128,23826,23583],"class_list":["post-162683","post","type-post","status-publish","format-standard","has-post-thumbnail","hentry","category-economia","category-noticias","tag-aluguel","tag-contrato","tag-imovel","tag-imovel-alugado","tag-pedir-o-imovel-de-volta","tag-proprietario"],"yoast_head":"<!-- This site is optimized with the Yoast SEO plugin v23.8 - https:\/\/yoast.com\/wordpress\/plugins\/seo\/ -->\n<title>A lei \u00e9 clara: quando o propriet\u00e1rio pode e quando n\u00e3o pode pedir de volta um im\u00f3vel alugado - Estado de Minas - Em foco<\/title>\n<meta name=\"description\" content=\"Nem todo pedido de devolu\u00e7\u00e3o do im\u00f3vel \u00e9 legal na Espanha ou no Brasil. Veja o que a lei permite e quando o inquilino pode se proteger.\" \/>\n<meta name=\"robots\" content=\"index, follow, max-snippet:-1, max-image-preview:large, max-video-preview:-1\" \/>\n<link rel=\"canonical\" href=\"https:\/\/www.em.com.br\/emfoco\/2026\/01\/31\/a-lei-e-clara-quando-o-proprietario-pode-e-quando-nao-pode-pedir-de-volta-um-imovel-alugado\/\" \/>\n<meta property=\"og:locale\" content=\"pt_BR\" \/>\n<meta property=\"og:type\" content=\"article\" \/>\n<meta property=\"og:title\" content=\"A lei \u00e9 clara: quando o propriet\u00e1rio pode e quando n\u00e3o pode pedir de volta um im\u00f3vel alugado - Estado de Minas - Em foco\" \/>\n<meta property=\"og:description\" content=\"Nem todo pedido de devolu\u00e7\u00e3o do im\u00f3vel \u00e9 legal na Espanha ou no Brasil. Veja o que a lei permite e quando o inquilino pode se proteger.\" \/>\n<meta property=\"og:url\" content=\"https:\/\/www.em.com.br\/emfoco\/2026\/01\/31\/a-lei-e-clara-quando-o-proprietario-pode-e-quando-nao-pode-pedir-de-volta-um-imovel-alugado\/\" \/>\n<meta property=\"og:site_name\" content=\"Estado de Minas - Em foco\" \/>\n<meta property=\"article:published_time\" content=\"2026-01-31T20:00:00+00:00\" \/>\n<meta property=\"article:modified_time\" content=\"2026-01-31T01:06:07+00:00\" \/>\n<meta property=\"og:image\" content=\"https:\/\/www.em.com.br\/emfoco\/wp-content\/uploads\/2026\/01\/ChatGPT-Image-30-de-jan.-de-2026-17_11_11-1.png\" \/>\n\t<meta property=\"og:image:width\" content=\"1280\" \/>\n\t<meta property=\"og:image:height\" content=\"720\" \/>\n\t<meta property=\"og:image:type\" content=\"image\/png\" \/>\n<meta name=\"author\" content=\"Andre\u0301 Rangel\u00a0\" \/>\n<meta name=\"twitter:card\" content=\"summary_large_image\" \/>\n<meta name=\"twitter:label1\" content=\"Escrito por\" \/>\n\t<meta name=\"twitter:data1\" content=\"Andre\u0301 Rangel\u00a0\" \/>\n\t<meta name=\"twitter:label2\" content=\"Est. tempo de leitura\" \/>\n\t<meta name=\"twitter:data2\" content=\"6 minutos\" \/>\n<!-- \/ Yoast SEO plugin. -->","yoast_head_json":{"title":"A lei \u00e9 clara: quando o propriet\u00e1rio pode e quando n\u00e3o pode pedir de volta um im\u00f3vel alugado - Estado de Minas - Em foco","description":"Nem todo pedido de devolu\u00e7\u00e3o do im\u00f3vel \u00e9 legal na Espanha ou no Brasil. Veja o que a lei permite e quando o inquilino pode se proteger.","robots":{"index":"index","follow":"follow","max-snippet":"max-snippet:-1","max-image-preview":"max-image-preview:large","max-video-preview":"max-video-preview:-1"},"canonical":"https:\/\/www.em.com.br\/emfoco\/2026\/01\/31\/a-lei-e-clara-quando-o-proprietario-pode-e-quando-nao-pode-pedir-de-volta-um-imovel-alugado\/","og_locale":"pt_BR","og_type":"article","og_title":"A lei \u00e9 clara: quando o propriet\u00e1rio pode e quando n\u00e3o pode pedir de volta um im\u00f3vel alugado - Estado de Minas - Em foco","og_description":"Nem todo pedido de devolu\u00e7\u00e3o do im\u00f3vel \u00e9 legal na Espanha ou no Brasil. Veja o que a lei permite e quando o inquilino pode se proteger.","og_url":"https:\/\/www.em.com.br\/emfoco\/2026\/01\/31\/a-lei-e-clara-quando-o-proprietario-pode-e-quando-nao-pode-pedir-de-volta-um-imovel-alugado\/","og_site_name":"Estado de Minas - Em foco","article_published_time":"2026-01-31T20:00:00+00:00","article_modified_time":"2026-01-31T01:06:07+00:00","og_image":[{"width":1280,"height":720,"url":"https:\/\/www.em.com.br\/emfoco\/wp-content\/uploads\/2026\/01\/ChatGPT-Image-30-de-jan.-de-2026-17_11_11-1.png","type":"image\/png"}],"author":"Andre\u0301 Rangel\u00a0","twitter_card":"summary_large_image","twitter_misc":{"Escrito por":"Andre\u0301 Rangel\u00a0","Est. tempo de leitura":"6 minutos"},"schema":{"@context":"https:\/\/schema.org","@graph":[{"@type":"WebPage","@id":"https:\/\/www.em.com.br\/emfoco\/2026\/01\/31\/a-lei-e-clara-quando-o-proprietario-pode-e-quando-nao-pode-pedir-de-volta-um-imovel-alugado\/","url":"https:\/\/www.em.com.br\/emfoco\/2026\/01\/31\/a-lei-e-clara-quando-o-proprietario-pode-e-quando-nao-pode-pedir-de-volta-um-imovel-alugado\/","name":"A lei \u00e9 clara: quando o propriet\u00e1rio pode e quando n\u00e3o pode pedir de volta um im\u00f3vel alugado - Estado de Minas - Em foco","isPartOf":{"@id":"https:\/\/www.em.com.br\/emfoco\/#website"},"primaryImageOfPage":{"@id":"https:\/\/www.em.com.br\/emfoco\/2026\/01\/31\/a-lei-e-clara-quando-o-proprietario-pode-e-quando-nao-pode-pedir-de-volta-um-imovel-alugado\/#primaryimage"},"image":{"@id":"https:\/\/www.em.com.br\/emfoco\/2026\/01\/31\/a-lei-e-clara-quando-o-proprietario-pode-e-quando-nao-pode-pedir-de-volta-um-imovel-alugado\/#primaryimage"},"thumbnailUrl":"https:\/\/www.em.com.br\/emfoco\/wp-content\/uploads\/2026\/01\/ChatGPT-Image-30-de-jan.-de-2026-17_11_11-1.png","datePublished":"2026-01-31T20:00:00+00:00","dateModified":"2026-01-31T01:06:07+00:00","author":{"@id":"https:\/\/www.em.com.br\/emfoco\/#\/schema\/person\/60eda09c1fedf0d6891f4cef4b60b8b8"},"description":"Nem todo pedido de devolu\u00e7\u00e3o do im\u00f3vel \u00e9 legal na Espanha ou no Brasil. Veja o que a lei permite e quando o inquilino pode se proteger.","breadcrumb":{"@id":"https:\/\/www.em.com.br\/emfoco\/2026\/01\/31\/a-lei-e-clara-quando-o-proprietario-pode-e-quando-nao-pode-pedir-de-volta-um-imovel-alugado\/#breadcrumb"},"inLanguage":"pt-BR","potentialAction":[{"@type":"ReadAction","target":["https:\/\/www.em.com.br\/emfoco\/2026\/01\/31\/a-lei-e-clara-quando-o-proprietario-pode-e-quando-nao-pode-pedir-de-volta-um-imovel-alugado\/"]}]},{"@type":"ImageObject","inLanguage":"pt-BR","@id":"https:\/\/www.em.com.br\/emfoco\/2026\/01\/31\/a-lei-e-clara-quando-o-proprietario-pode-e-quando-nao-pode-pedir-de-volta-um-imovel-alugado\/#primaryimage","url":"https:\/\/www.em.com.br\/emfoco\/wp-content\/uploads\/2026\/01\/ChatGPT-Image-30-de-jan.-de-2026-17_11_11-1.png","contentUrl":"https:\/\/www.em.com.br\/emfoco\/wp-content\/uploads\/2026\/01\/ChatGPT-Image-30-de-jan.-de-2026-17_11_11-1.png","width":1280,"height":720,"caption":"Contrato de aluguel n\u00e3o pode ser rompido sem motivo v\u00e1lido"},{"@type":"BreadcrumbList","@id":"https:\/\/www.em.com.br\/emfoco\/2026\/01\/31\/a-lei-e-clara-quando-o-proprietario-pode-e-quando-nao-pode-pedir-de-volta-um-imovel-alugado\/#breadcrumb","itemListElement":[{"@type":"ListItem","position":1,"name":"In\u00edcio","item":"https:\/\/www.em.com.br\/emfoco\/"},{"@type":"ListItem","position":2,"name":"A lei \u00e9 clara: quando o propriet\u00e1rio pode e quando n\u00e3o pode pedir de volta um im\u00f3vel alugado"}]},{"@type":"WebSite","@id":"https:\/\/www.em.com.br\/emfoco\/#website","url":"https:\/\/www.em.com.br\/emfoco\/","name":"Estado de Minas - Em foco","description":"Acompanhe as \u00faltimas not\u00edcias e fique bem informado sobre tudo o que acontece em Minas Gerais, Brasil e no mundo.","potentialAction":[{"@type":"SearchAction","target":{"@type":"EntryPoint","urlTemplate":"https:\/\/www.em.com.br\/emfoco\/?s={search_term_string}"},"query-input":{"@type":"PropertyValueSpecification","valueRequired":true,"valueName":"search_term_string"}}],"inLanguage":"pt-BR"},{"@type":"Person","@id":"https:\/\/www.em.com.br\/emfoco\/#\/schema\/person\/60eda09c1fedf0d6891f4cef4b60b8b8","name":"Andre\u0301 Rangel\u00a0","image":{"@type":"ImageObject","inLanguage":"pt-BR","@id":"https:\/\/www.em.com.br\/emfoco\/#\/schema\/person\/image\/","url":"https:\/\/secure.gravatar.com\/avatar\/6234dc814c77c8ef6d8bba622c787efc?s=96&d=mm&r=g","contentUrl":"https:\/\/secure.gravatar.com\/avatar\/6234dc814c77c8ef6d8bba622c787efc?s=96&d=mm&r=g","caption":"Andre\u0301 Rangel\u00a0"},"url":"https:\/\/www.em.com.br\/emfoco\/author\/luizmyth\/"}]}},"_links":{"self":[{"href":"https:\/\/www.em.com.br\/emfoco\/wp-json\/wp\/v2\/posts\/162683","targetHints":{"allow":["GET"]}}],"collection":[{"href":"https:\/\/www.em.com.br\/emfoco\/wp-json\/wp\/v2\/posts"}],"about":[{"href":"https:\/\/www.em.com.br\/emfoco\/wp-json\/wp\/v2\/types\/post"}],"author":[{"embeddable":true,"href":"https:\/\/www.em.com.br\/emfoco\/wp-json\/wp\/v2\/users\/11"}],"replies":[{"embeddable":true,"href":"https:\/\/www.em.com.br\/emfoco\/wp-json\/wp\/v2\/comments?post=162683"}],"version-history":[{"count":3,"href":"https:\/\/www.em.com.br\/emfoco\/wp-json\/wp\/v2\/posts\/162683\/revisions"}],"predecessor-version":[{"id":162785,"href":"https:\/\/www.em.com.br\/emfoco\/wp-json\/wp\/v2\/posts\/162683\/revisions\/162785"}],"wp:featuredmedia":[{"embeddable":true,"href":"https:\/\/www.em.com.br\/emfoco\/wp-json\/wp\/v2\/media\/162783"}],"wp:attachment":[{"href":"https:\/\/www.em.com.br\/emfoco\/wp-json\/wp\/v2\/media?parent=162683"}],"wp:term":[{"taxonomy":"category","embeddable":true,"href":"https:\/\/www.em.com.br\/emfoco\/wp-json\/wp\/v2\/categories?post=162683"},{"taxonomy":"post_tag","embeddable":true,"href":"https:\/\/www.em.com.br\/emfoco\/wp-json\/wp\/v2\/tags?post=162683"}],"curies":[{"name":"wp","href":"https:\/\/api.w.org\/{rel}","templated":true}]}}