{"id":16266,"date":"2025-02-12T07:40:00","date_gmt":"2025-02-12T10:40:00","guid":{"rendered":"https:\/\/www.em.com.br\/emfoco\/?p=16266"},"modified":"2025-02-03T08:05:15","modified_gmt":"2025-02-03T11:05:15","slug":"como-cultivar-ora-pro-nobis-dentro-de-casa-sem-complicacao","status":"publish","type":"post","link":"https:\/\/www.em.com.br\/emfoco\/2025\/02\/12\/como-cultivar-ora-pro-nobis-dentro-de-casa-sem-complicacao\/","title":{"rendered":"Como cultivar ora-pro-n\u00f3bis dentro de casa sem complica\u00e7\u00e3o"},"content":{"rendered":"\n<p>A <strong>Ora-Pro-N\u00f3bis<\/strong> \u00e9 uma <strong><a href=\"https:\/\/www.em.com.br\/emfoco\/2025\/01\/04\/municipios-brasileiros-recebem-incentivo-para-produzir-e-usar-plantas-medicinais\/\" target=\"_blank\" rel=\"noreferrer noopener\">planta<\/a><\/strong> vers\u00e1til e altamente nutritiva que pode ser facilmente cultivada dentro de casa. Conhecida por suas propriedades alimentares, ela \u00e9 rica em prote\u00ednas e \u00e9 uma excelente adi\u00e7\u00e3o em jardins internos, desde que receba os cuidados adequados.<\/p>\n\n\n\n<p>Este artigo apresenta dicas essenciais para cultivar Ora-Pro-N\u00f3bis em vasos e garantir que a planta cres\u00e7a saud\u00e1vel e vigorosa, aproveitando ao m\u00e1ximo seus benef\u00edcios nutricionais.<\/p>\n\n\n\n<h2 class=\"wp-block-heading\">Qual \u00e9 o vaso e o substrato ideal?<\/h2>\n\n\n\n<p>Para o cultivo da Ora-Pro-N\u00f3bis em ambientes internos, a escolha do vaso \u00e9 fundamental. O ideal \u00e9 optar por um vaso grande, que possua furos para garantir a drenagem adequada da \u00e1gua. Isso ajuda a prevenir o encharcamento, que pode ser prejudicial \u00e0 planta. Quanto ao substrato, ele deve ser rico em mat\u00e9ria org\u00e2nica, bem drenado e oferecer boa aera\u00e7\u00e3o, proporcionando um ambiente ideal para o desenvolvimento das ra\u00edzes.<\/p>\n\n\n\n<h2 class=\"wp-block-heading\">Qual a ilumina\u00e7\u00e3o adequada para Ora-Pro-N\u00f3bis?<\/h2>\n\n\n\n<p>A ilumina\u00e7\u00e3o \u00e9 um fator crucial para o crescimento da <strong><a href=\"https:\/\/www.tuasaude.com\/ora-pro-nobis\/\" target=\"_blank\" rel=\"noreferrer noopener\">Ora-Pro-N\u00f3bis<\/a><\/strong>. Essa planta se adapta bem a luz indireta intensa, mas tamb\u00e9m se beneficia de algumas horas de sol direto diariamente. \u00c9 recomend\u00e1vel posicionar o vaso pr\u00f3ximo a uma janela bem iluminada, garantindo que ele receba luz solar suficiente para um crescimento saud\u00e1vel e vigoroso.<\/p>\n\n\n\n<figure class=\"wp-block-image size-large\"><img loading=\"lazy\" decoding=\"async\" width=\"1024\" height=\"576\" src=\"https:\/\/www.em.com.br\/emfoco\/wp-content\/uploads\/2025\/02\/esse-44-1024x576.jpg\" alt=\"Como cultivar ora-pro-n\u00f3bis dentro de casa sem complica\u00e7\u00e3o\" class=\"wp-image-16271\" srcset=\"https:\/\/www.em.com.br\/emfoco\/wp-content\/uploads\/2025\/02\/esse-44-1024x576.jpg 1024w, https:\/\/www.em.com.br\/emfoco\/wp-content\/uploads\/2025\/02\/esse-44-300x169.jpg 300w, https:\/\/www.em.com.br\/emfoco\/wp-content\/uploads\/2025\/02\/esse-44-768x432.jpg 768w, https:\/\/www.em.com.br\/emfoco\/wp-content\/uploads\/2025\/02\/esse-44-750x422.jpg 750w, https:\/\/www.em.com.br\/emfoco\/wp-content\/uploads\/2025\/02\/esse-44-1140x641.jpg 1140w, https:\/\/www.em.com.br\/emfoco\/wp-content\/uploads\/2025\/02\/esse-44.jpg 1280w\" sizes=\"auto, (max-width: 1024px) 100vw, 1024px\" \/><figcaption class=\"wp-element-caption\">Ora-pro-nobis &#8211; Cr\u00e9ditos: PictureThis<\/figcaption><\/figure>\n\n\n\n<h2 class=\"wp-block-heading\">Como fazer a rega e qual a temperatura ideal?<\/h2>\n\n\n\n<p>Mantenha o solo levemente \u00famido, regando a planta a cada dois ou tr\u00eas dias. \u00c9 importante evitar o excesso de \u00e1gua, pois o encharcamento pode comprometer a sa\u00fade da planta. Em rela\u00e7\u00e3o \u00e0 temperatura, a Ora-Pro-N\u00f3bis tolera bem varia\u00e7\u00f5es, mas se desenvolve melhor em ambientes com temperaturas entre 18\u00b0C e 30\u00b0C. N\u00e3o h\u00e1 necessidade de preocupa\u00e7\u00f5es com n\u00edveis altos de umidade, j\u00e1 que a planta \u00e9 bastante resistente a essas diferen\u00e7as.<\/p>\n\n\n\n<h2 class=\"wp-block-heading\">Por que usar aduba\u00e7\u00e3o regular?<\/h2>\n\n\n\n<p>Para sustentar o crescimento saud\u00e1vel da Ora-Pro-N\u00f3bis, a aduba\u00e7\u00e3o regular \u00e9 essencial. Recomenda-se a aplica\u00e7\u00e3o de fertilizantes org\u00e2nicos ou uma f\u00f3rmula NPK 10-10-10 a cada 30 dias. Esse tipo de aduba\u00e7\u00e3o proporciona os nutrientes necess\u00e1rios para o desenvolvimento robusto das folhas e da estrutura geral da planta.<\/p>\n\n\n\n<h2 class=\"wp-block-heading\">Quais s\u00e3o os benef\u00edcios nutricionais da Ora-Pro-N\u00f3bis?<\/h2>\n\n\n\n<ul class=\"wp-block-list\">\n<li><strong>Rica em prote\u00ednas:<\/strong> A Ora-Pro-N\u00f3bis \u00e9 uma excelente fonte de prote\u00ednas vegetais.<\/li>\n\n\n\n<li><strong>Fonte de ferro e fibras:<\/strong> Contribui para uma dieta equilibrada e auxilia no bom funcionamento do organismo.<\/li>\n\n\n\n<li><strong>Propriedades medicinais:<\/strong> Possui caracter\u00edsticas antioxidantes e anti-inflamat\u00f3rias que fortalecem o sistema imunol\u00f3gico.<\/li>\n<\/ul>\n\n\n\n<h2 class=\"wp-block-heading\">Como se propaga a Ora-Pro-N\u00f3bis?<\/h2>\n\n\n\n<p>A propaga\u00e7\u00e3o da Ora-Pro-N\u00f3bis pode ser feita por estaquia, um m\u00e9todo simples e eficaz. Primeiro, corte um ramo saud\u00e1vel da planta m\u00e3e e plante-o direto em um solo \u00famido. Em poucas semanas, o ramo come\u00e7ar\u00e1 a enraizar e dar\u00e1 origem a uma nova planta, garantindo o abastecimento cont\u00ednuo de Ora-Pro-N\u00f3bis em seu jardim interno.<\/p>\n\n\n\n<p>Com os cuidados corretos, a Ora-Pro-N\u00f3bis n\u00e3o apenas enriquecer\u00e1 sua dieta, mas tamb\u00e9m tornar\u00e1 seu espa\u00e7o mais verde e agrad\u00e1vel. Plante e colha sua Ora-Pro-N\u00f3bis sempre que precisar, beneficiando-se de suas propriedades \u00fanicas!<\/p>\n","protected":false},"excerpt":{"rendered":"<p>A Ora-Pro-N\u00f3bis \u00e9 uma planta vers\u00e1til e altamente nutritiva que pode ser facilmente cultivada dentro de casa. Conhecida por suas propriedades alimentares, ela \u00e9 rica em prote\u00ednas e \u00e9 uma excelente adi\u00e7\u00e3o em jardins internos, desde que receba os cuidados adequados. Este artigo apresenta dicas essenciais para cultivar Ora-Pro-N\u00f3bis em vasos e garantir que a [&hellip;]<\/p>\n","protected":false},"author":5,"featured_media":16269,"comment_status":"open","ping_status":"open","sticky":false,"template":"","format":"standard","meta":{"jnews-multi-image_gallery":[],"jnews_single_post":{"format":"standard"},"jnews_primary_category":[],"jnews_social_meta":[],"jnews_override_counter":[],"footnotes":""},"categories":[138,1],"tags":[342,4264,3779],"class_list":["post-16266","post","type-post","status-publish","format-standard","has-post-thumbnail","hentry","category-mundo","category-noticias","tag-cuidados","tag-ora-pro-nobis","tag-planta"],"yoast_head":"<!-- This site is optimized with the Yoast SEO plugin v23.8 - https:\/\/yoast.com\/wordpress\/plugins\/seo\/ -->\n<title>Como cultivar ora-pro-n\u00f3bis dentro de casa sem complica\u00e7\u00e3o - Estado de Minas - Em foco<\/title>\n<meta name=\"description\" content=\"Cultivar ora-pro-n\u00f3bis em casa \u00e9 mais f\u00e1cil do que parece! Aprenda os segredos para ter uma planta saud\u00e1vel e sempre pronta para a colheita.\" \/>\n<meta name=\"robots\" content=\"index, follow, max-snippet:-1, max-image-preview:large, max-video-preview:-1\" \/>\n<link rel=\"canonical\" href=\"https:\/\/www.em.com.br\/emfoco\/2025\/02\/12\/como-cultivar-ora-pro-nobis-dentro-de-casa-sem-complicacao\/\" \/>\n<meta property=\"og:locale\" content=\"pt_BR\" \/>\n<meta property=\"og:type\" content=\"article\" \/>\n<meta property=\"og:title\" content=\"Como cultivar ora-pro-n\u00f3bis dentro de casa sem complica\u00e7\u00e3o - Estado de Minas - Em foco\" \/>\n<meta property=\"og:description\" content=\"Cultivar ora-pro-n\u00f3bis em casa \u00e9 mais f\u00e1cil do que parece! Aprenda os segredos para ter uma planta saud\u00e1vel e sempre pronta para a colheita.\" \/>\n<meta property=\"og:url\" content=\"https:\/\/www.em.com.br\/emfoco\/2025\/02\/12\/como-cultivar-ora-pro-nobis-dentro-de-casa-sem-complicacao\/\" \/>\n<meta property=\"og:site_name\" content=\"Estado de Minas - Em foco\" \/>\n<meta property=\"article:published_time\" content=\"2025-02-12T10:40:00+00:00\" \/>\n<meta property=\"article:modified_time\" content=\"2025-02-03T11:05:15+00:00\" \/>\n<meta property=\"og:image\" content=\"https:\/\/www.em.com.br\/emfoco\/wp-content\/uploads\/2025\/02\/esse-4.png\" \/>\n\t<meta property=\"og:image:width\" content=\"1280\" \/>\n\t<meta property=\"og:image:height\" content=\"720\" \/>\n\t<meta property=\"og:image:type\" content=\"image\/png\" \/>\n<meta name=\"author\" content=\"N\u00fabia Rangel\" \/>\n<meta name=\"twitter:card\" content=\"summary_large_image\" \/>\n<meta name=\"twitter:label1\" content=\"Escrito por\" \/>\n\t<meta name=\"twitter:data1\" content=\"N\u00fabia Rangel\" \/>\n\t<meta name=\"twitter:label2\" content=\"Est. tempo de leitura\" \/>\n\t<meta name=\"twitter:data2\" content=\"4 minutos\" \/>\n<!-- \/ Yoast SEO plugin. -->","yoast_head_json":{"title":"Como cultivar ora-pro-n\u00f3bis dentro de casa sem complica\u00e7\u00e3o - Estado de Minas - Em foco","description":"Cultivar ora-pro-n\u00f3bis em casa \u00e9 mais f\u00e1cil do que parece! Aprenda os segredos para ter uma planta saud\u00e1vel e sempre pronta para a colheita.","robots":{"index":"index","follow":"follow","max-snippet":"max-snippet:-1","max-image-preview":"max-image-preview:large","max-video-preview":"max-video-preview:-1"},"canonical":"https:\/\/www.em.com.br\/emfoco\/2025\/02\/12\/como-cultivar-ora-pro-nobis-dentro-de-casa-sem-complicacao\/","og_locale":"pt_BR","og_type":"article","og_title":"Como cultivar ora-pro-n\u00f3bis dentro de casa sem complica\u00e7\u00e3o - Estado de Minas - Em foco","og_description":"Cultivar ora-pro-n\u00f3bis em casa \u00e9 mais f\u00e1cil do que parece! Aprenda os segredos para ter uma planta saud\u00e1vel e sempre pronta para a colheita.","og_url":"https:\/\/www.em.com.br\/emfoco\/2025\/02\/12\/como-cultivar-ora-pro-nobis-dentro-de-casa-sem-complicacao\/","og_site_name":"Estado de Minas - Em foco","article_published_time":"2025-02-12T10:40:00+00:00","article_modified_time":"2025-02-03T11:05:15+00:00","og_image":[{"width":1280,"height":720,"url":"https:\/\/www.em.com.br\/emfoco\/wp-content\/uploads\/2025\/02\/esse-4.png","type":"image\/png"}],"author":"N\u00fabia Rangel","twitter_card":"summary_large_image","twitter_misc":{"Escrito por":"N\u00fabia Rangel","Est. tempo de leitura":"4 minutos"},"schema":{"@context":"https:\/\/schema.org","@graph":[{"@type":"WebPage","@id":"https:\/\/www.em.com.br\/emfoco\/2025\/02\/12\/como-cultivar-ora-pro-nobis-dentro-de-casa-sem-complicacao\/","url":"https:\/\/www.em.com.br\/emfoco\/2025\/02\/12\/como-cultivar-ora-pro-nobis-dentro-de-casa-sem-complicacao\/","name":"Como cultivar ora-pro-n\u00f3bis dentro de casa sem complica\u00e7\u00e3o - Estado de Minas - Em foco","isPartOf":{"@id":"https:\/\/www.em.com.br\/emfoco\/#website"},"primaryImageOfPage":{"@id":"https:\/\/www.em.com.br\/emfoco\/2025\/02\/12\/como-cultivar-ora-pro-nobis-dentro-de-casa-sem-complicacao\/#primaryimage"},"image":{"@id":"https:\/\/www.em.com.br\/emfoco\/2025\/02\/12\/como-cultivar-ora-pro-nobis-dentro-de-casa-sem-complicacao\/#primaryimage"},"thumbnailUrl":"https:\/\/www.em.com.br\/emfoco\/wp-content\/uploads\/2025\/02\/esse-4.png","datePublished":"2025-02-12T10:40:00+00:00","dateModified":"2025-02-03T11:05:15+00:00","author":{"@id":"https:\/\/www.em.com.br\/emfoco\/#\/schema\/person\/524437ef54f8a5d32591b143307f2e20"},"description":"Cultivar ora-pro-n\u00f3bis em casa \u00e9 mais f\u00e1cil do que parece! Aprenda os segredos para ter uma planta saud\u00e1vel e sempre pronta para a colheita.","breadcrumb":{"@id":"https:\/\/www.em.com.br\/emfoco\/2025\/02\/12\/como-cultivar-ora-pro-nobis-dentro-de-casa-sem-complicacao\/#breadcrumb"},"inLanguage":"pt-BR","potentialAction":[{"@type":"ReadAction","target":["https:\/\/www.em.com.br\/emfoco\/2025\/02\/12\/como-cultivar-ora-pro-nobis-dentro-de-casa-sem-complicacao\/"]}]},{"@type":"ImageObject","inLanguage":"pt-BR","@id":"https:\/\/www.em.com.br\/emfoco\/2025\/02\/12\/como-cultivar-ora-pro-nobis-dentro-de-casa-sem-complicacao\/#primaryimage","url":"https:\/\/www.em.com.br\/emfoco\/wp-content\/uploads\/2025\/02\/esse-4.png","contentUrl":"https:\/\/www.em.com.br\/emfoco\/wp-content\/uploads\/2025\/02\/esse-4.png","width":1280,"height":720,"caption":"Ora-pro-nobis - Cr\u00e9ditos: Wikimedia Commons"},{"@type":"BreadcrumbList","@id":"https:\/\/www.em.com.br\/emfoco\/2025\/02\/12\/como-cultivar-ora-pro-nobis-dentro-de-casa-sem-complicacao\/#breadcrumb","itemListElement":[{"@type":"ListItem","position":1,"name":"In\u00edcio","item":"https:\/\/www.em.com.br\/emfoco\/"},{"@type":"ListItem","position":2,"name":"Como cultivar ora-pro-n\u00f3bis dentro de casa sem complica\u00e7\u00e3o"}]},{"@type":"WebSite","@id":"https:\/\/www.em.com.br\/emfoco\/#website","url":"https:\/\/www.em.com.br\/emfoco\/","name":"Estado de Minas - Em foco","description":"Acompanhe as \u00faltimas not\u00edcias e fique bem informado sobre tudo o que acontece em Minas Gerais, Brasil e no mundo.","potentialAction":[{"@type":"SearchAction","target":{"@type":"EntryPoint","urlTemplate":"https:\/\/www.em.com.br\/emfoco\/?s={search_term_string}"},"query-input":{"@type":"PropertyValueSpecification","valueRequired":true,"valueName":"search_term_string"}}],"inLanguage":"pt-BR"},{"@type":"Person","@id":"https:\/\/www.em.com.br\/emfoco\/#\/schema\/person\/524437ef54f8a5d32591b143307f2e20","name":"N\u00fabia Rangel","image":{"@type":"ImageObject","inLanguage":"pt-BR","@id":"https:\/\/www.em.com.br\/emfoco\/#\/schema\/person\/image\/","url":"https:\/\/secure.gravatar.com\/avatar\/47cff2827a5ba23c37e8068c86817ea4?s=96&d=mm&r=g","contentUrl":"https:\/\/secure.gravatar.com\/avatar\/47cff2827a5ba23c37e8068c86817ea4?s=96&d=mm&r=g","caption":"N\u00fabia Rangel"},"sameAs":["https:\/\/www.em.com.br\/emfoco\/"],"url":"https:\/\/www.em.com.br\/emfoco\/author\/nubiamyth\/"}]}},"_links":{"self":[{"href":"https:\/\/www.em.com.br\/emfoco\/wp-json\/wp\/v2\/posts\/16266","targetHints":{"allow":["GET"]}}],"collection":[{"href":"https:\/\/www.em.com.br\/emfoco\/wp-json\/wp\/v2\/posts"}],"about":[{"href":"https:\/\/www.em.com.br\/emfoco\/wp-json\/wp\/v2\/types\/post"}],"author":[{"embeddable":true,"href":"https:\/\/www.em.com.br\/emfoco\/wp-json\/wp\/v2\/users\/5"}],"replies":[{"embeddable":true,"href":"https:\/\/www.em.com.br\/emfoco\/wp-json\/wp\/v2\/comments?post=16266"}],"version-history":[{"count":3,"href":"https:\/\/www.em.com.br\/emfoco\/wp-json\/wp\/v2\/posts\/16266\/revisions"}],"predecessor-version":[{"id":16272,"href":"https:\/\/www.em.com.br\/emfoco\/wp-json\/wp\/v2\/posts\/16266\/revisions\/16272"}],"wp:featuredmedia":[{"embeddable":true,"href":"https:\/\/www.em.com.br\/emfoco\/wp-json\/wp\/v2\/media\/16269"}],"wp:attachment":[{"href":"https:\/\/www.em.com.br\/emfoco\/wp-json\/wp\/v2\/media?parent=16266"}],"wp:term":[{"taxonomy":"category","embeddable":true,"href":"https:\/\/www.em.com.br\/emfoco\/wp-json\/wp\/v2\/categories?post=16266"},{"taxonomy":"post_tag","embeddable":true,"href":"https:\/\/www.em.com.br\/emfoco\/wp-json\/wp\/v2\/tags?post=16266"}],"curies":[{"name":"wp","href":"https:\/\/api.w.org\/{rel}","templated":true}]}}