{"id":162481,"date":"2026-01-31T12:55:55","date_gmt":"2026-01-31T15:55:55","guid":{"rendered":"https:\/\/www.em.com.br\/emfoco\/?p=162481"},"modified":"2026-01-30T16:59:34","modified_gmt":"2026-01-30T19:59:34","slug":"aprenda-a-harmonizar-cores-neutras-e-vibrantes-e-deixar-seus-looks-mais-versateis-e-chiques","status":"publish","type":"post","link":"https:\/\/www.em.com.br\/emfoco\/2026\/01\/31\/aprenda-a-harmonizar-cores-neutras-e-vibrantes-e-deixar-seus-looks-mais-versateis-e-chiques\/","title":{"rendered":"Aprenda a harmonizar cores neutras e vibrantes e deixar seus looks mais vers\u00e1teis e chiques"},"content":{"rendered":"\n<h2 class=\"wp-block-heading\">Combinar neutros como bege e preto com uma pe\u00e7a vibrante cria um visual harm\u00f4nico. Use a cor forte como protagonista e os neutros como base. Essa t\u00e9cnica garante eleg\u00e2ncia e versatilidade para qualquer ocasi\u00e3o.<\/h2>\n\n\n\n<p><b>Sabe quando voc\u00ea quer usar aquela pe\u00e7a bem colorida<\/b>, mas tem medo de o look ficar exagerado? <b>Combinar cores neutras<\/b> com um item vibrante \u00e9 uma forma simples de deixar o visual estiloso, equilibrado e f\u00e1cil de repetir no dia a dia. Em vez de montar um look todo chamativo ou todo discreto, essa mistura ajuda a destacar um ponto do visual sem perder a harmonia, funcionando tanto para <b>ambientes formais<\/b> quanto para momentos casuais.<\/p>\n\n\n\n<h2 class=\"wp-block-heading\">O que s\u00e3o cores neutras e por que elas funcionam t\u00e3o bem no look<\/h2>\n\n\n\n<p>As <b>cores neutras<\/b> s\u00e3o aquelas que v\u00e3o bem com quase tudo e n\u00e3o \u201cbrigam\u201d entre si. As mais comuns s\u00e3o <b>preto, branco, cinza, bege, marrom e off-white<\/b>. Elas s\u00e3o \u00f3timas parceiras porque podem ser repetidas em v\u00e1rios looks sem cansar, servindo como <b>fundo para que outras cores apare\u00e7am<\/b>.<\/p>\n\n\n\n<p>Visualmente, as cores neutras funcionam como uma <b>base silenciosa<\/b>: deixam o visual organizado e permitem que uma pe\u00e7a colorida se destaque sem que o conjunto pare\u00e7a pesado. Isso ajuda tanto quem prefere um <b>estilo mais discreto<\/b> quanto quem gosta de incluir <b>pontos de cor com personalidade<\/b>.<\/p>\n\n\n\n<figure class=\"wp-block-embed is-type-rich is-provider-pinterest wp-block-embed-pinterest\"><div class=\"wp-block-embed__wrapper\">\n<iframe loading=\"lazy\" title=\" \" src=\"https:\/\/assets.pinterest.com\/ext\/embed.html?id=6051780746043606&#038;src=oembed\" height=\"1050\" width=\"450\" frameborder=\"0\" scrolling=\"no\" ><\/iframe>\n<\/div><\/figure>\n\n\n\n<p>Leia tamb\u00e9m: <a href=\"https:\/\/www.em.com.br\/emfoco\/2026\/01\/30\/nao-e-o-vermelho-a-nova-tendencia-para-unhas-em-2026-traz-cor-e-esta-se-despedindo-da-perfeicao-e-das-linhas-retas\/\" target=\"_blank\" rel=\"noopener\">N\u00e3o \u00e9 o vermelho: a nova tend\u00eancia para unhas em 2026 traz cor e est\u00e1 se despedindo da perfei\u00e7\u00e3o e das linhas retas<\/a><\/p>\n\n\n\n<h2 class=\"wp-block-heading\">Como usar cores neutras e uma pe\u00e7a colorida no dia a dia<\/h2>\n\n\n\n<p>Para montar esse tipo de combina\u00e7\u00e3o, a palavra-chave \u00e9 <b>equil\u00edbrio no look<\/b>. A ideia \u00e9 que as pe\u00e7as neutras ocupem a maior parte da produ\u00e7\u00e3o, enquanto a <b>pe\u00e7a colorida entra como protagonista<\/b>, chamando aten\u00e7\u00e3o de forma intencional e harmoniosa.<\/p>\n\n\n\n<p>Essa pe\u00e7a em destaque pode ser uma <b>blusa, cal\u00e7a, casaco, sapato<\/b> ou at\u00e9 um acess\u00f3rio marcante, como bolsa ou len\u00e7o. Assim, voc\u00ea consegue usar as mesmas <b>roupas neutras<\/b> em contextos diferentes, mudando s\u00f3 o toque de cor para adaptar o visual ao trabalho, a um encontro ou a um <b>passeio descontra\u00eddo<\/b>.<\/p>\n\n\n\n<figure class=\"wp-block-embed is-type-rich is-provider-pinterest wp-block-embed-pinterest\"><div class=\"wp-block-embed__wrapper\">\n<iframe loading=\"lazy\" title=\"Look frio cl\u00e1ssico e estiloso\" src=\"https:\/\/assets.pinterest.com\/ext\/embed.html?id=71072500371099144&#038;src=oembed\" height=\"899\" width=\"450\" frameborder=\"0\" scrolling=\"no\" ><\/iframe>\n<\/div><\/figure>\n\n\n\n<figure class=\"wp-block-embed is-type-rich is-provider-pinterest wp-block-embed-pinterest\"><div class=\"wp-block-embed__wrapper\">\n<iframe loading=\"lazy\" title=\" \" src=\"https:\/\/assets.pinterest.com\/ext\/embed.html?id=1125968743276385&#038;src=oembed\" height=\"775\" width=\"450\" frameborder=\"0\" scrolling=\"no\" ><\/iframe>\n<\/div><\/figure>\n\n\n\n<h2 class=\"wp-block-heading\">Quais cores neutras combinam melhor com pe\u00e7as coloridas no look<\/h2>\n\n\n\n<p>Algumas <b>duplas de cores<\/b> aparecem com frequ\u00eancia porque deixam o visual organizado e agrad\u00e1vel de olhar. Nessas combina\u00e7\u00f5es, a <b>cor neutra ocupa a maior \u00e1rea do corpo<\/b>, enquanto o tom vibrante aparece em menor propor\u00e7\u00e3o, como ponto de destaque.<\/p>\n\n\n\n<p>Veja algumas misturas que costumam funcionar muito bem e s\u00e3o <b>f\u00e1ceis de reproduzir em casa<\/b>:<\/p>\n\n\n\n<ul class=\"wp-block-list\">\n<li><b>Preto com vermelho, rosa ou verde:<\/b> o preto reduz o impacto visual das cores vivas e cria <b>contraste marcante<\/b>.<\/li>\n\n\n\n<li><b>Branco com azul, amarelo ou laranja:<\/b> o branco ilumina a produ\u00e7\u00e3o e real\u00e7a ainda mais a <b>pe\u00e7a colorida<\/b>.<\/li>\n\n\n\n<li><b>Bege e tons terrosos com verde, vinho ou azul-petr\u00f3leo:<\/b> essas misturas geram um resultado <b>elegante e moderado<\/b>.<\/li>\n\n\n\n<li><b>Cinza com rosa, roxo ou azul intenso:<\/b> o cinza suaviza as <b>cores vibrantes<\/b> e mant\u00e9m o look discreto.<\/li>\n<\/ul>\n\n\n\n<figure class=\"wp-block-embed is-type-rich is-provider-pinterest wp-block-embed-pinterest\"><div class=\"wp-block-embed__wrapper\">\n<iframe loading=\"lazy\" title=\" \" src=\"https:\/\/assets.pinterest.com\/ext\/embed.html?id=33425222230493350&#038;src=oembed\" height=\"899\" width=\"450\" frameborder=\"0\" scrolling=\"no\" ><\/iframe>\n<\/div><\/figure>\n\n\n\n<figure class=\"wp-block-embed is-type-rich is-provider-pinterest wp-block-embed-pinterest\"><div class=\"wp-block-embed__wrapper\">\n<iframe loading=\"lazy\" title=\"Camisa verde\" src=\"https:\/\/assets.pinterest.com\/ext\/embed.html?id=21673641951569324&#038;src=oembed\" height=\"711\" width=\"450\" frameborder=\"0\" scrolling=\"no\" ><\/iframe>\n<\/div><\/figure>\n\n\n\n<h2 class=\"wp-block-heading\">Como montar um look equilibrado com uma pe\u00e7a colorida passo a passo<\/h2>\n\n\n\n<p>Se voc\u00ea ainda tem d\u00favida na hora de montar o visual, seguir alguns <b>passos simples<\/b> pode ajudar muito. N\u00e3o \u00e9 uma regra r\u00edgida, mas um guia para facilitar o processo e evitar aquela sensa\u00e7\u00e3o de que <b>\u201ctem coisa demais acontecendo\u201d<\/b> no look.<\/p>\n\n\n\n<p>Uma forma pr\u00e1tica de pensar \u00e9: primeiro escolher a <b>pe\u00e7a colorida<\/b>, depois montar a base neutra ao redor dela. Observar propor\u00e7\u00f5es, reduzir <b>excesso de informa\u00e7\u00e3o<\/b> nas outras pe\u00e7as e at\u00e9 repetir a cor em detalhes pequenos cria um resultado harmonioso e f\u00e1cil de usar em <b>diferentes ocasi\u00f5es<\/b>.<\/p>\n\n\n\n<p>Para voc\u00ea que gosta de moda, separamos um v\u00eddeo do canal da <a href=\"https:\/\/www.youtube.com\/@CamilaAlmeidaCanal\" target=\"_blank\" rel=\"noreferrer noopener\">Camila Almeida <\/a>com dicas de como usar cores neutras no seu look:<\/p>\n\n\n\n<figure class=\"wp-block-embed is-type-video is-provider-youtube wp-block-embed-youtube wp-embed-aspect-16-9 wp-has-aspect-ratio\"><div class=\"wp-block-embed__wrapper\">\n<div class=\"jeg_video_container jeg_video_content\"><iframe loading=\"lazy\" title=\"LOOKS EM CORES NEUTRAS!\" width=\"500\" height=\"281\" src=\"https:\/\/www.youtube.com\/embed\/i5bycLMhmBo?feature=oembed\" frameborder=\"0\" allow=\"accelerometer; autoplay; clipboard-write; encrypted-media; gyroscope; picture-in-picture; web-share\" referrerpolicy=\"strict-origin-when-cross-origin\" allowfullscreen><\/iframe><\/div>\n<\/div><\/figure>\n\n\n\n<h2 class=\"wp-block-heading\">Por que o equil\u00edbrio de cores faz diferen\u00e7a na sua imagem<\/h2>\n\n\n\n<p>O <b>equil\u00edbrio entre cores neutras e uma pe\u00e7a colorida<\/b> influencia diretamente como o look \u00e9 percebido. Em ambientes profissionais, por exemplo, <b>tons discretos<\/b> costumam ser prioridade, deixando a cor forte para detalhes menores, como um len\u00e7o, um cinto ou uma <b>camisa sob um blazer neutro<\/b>.<\/p>\n\n\n\n<p>Em situa\u00e7\u00f5es informais, voc\u00ea pode aumentar um pouco o <b>espa\u00e7o da cor<\/b>, sem medo. Entender o papel das cores neutras ajuda a usar melhor o que j\u00e1 existe no <b>guarda-roupa<\/b>, variar o estilo sem mudan\u00e7as radicais e construir uma <b>apar\u00eancia organizada<\/b>, atual e adequada a diferentes momentos da rotina.<\/p>\n","protected":false},"excerpt":{"rendered":"<p>Combinar neutros como bege e preto com uma pe\u00e7a vibrante cria um visual harm\u00f4nico. Use a cor forte como protagonista e os neutros como base. Essa t\u00e9cnica garante eleg\u00e2ncia e versatilidade para qualquer ocasi\u00e3o. Sabe quando voc\u00ea quer usar aquela pe\u00e7a bem colorida, mas tem medo de o look ficar exagerado? Combinar cores neutras com [&hellip;]<\/p>\n","protected":false},"author":9,"featured_media":162719,"comment_status":"open","ping_status":"open","sticky":false,"template":"","format":"standard","meta":{"jnews-multi-image_gallery":[],"jnews_single_post":{"format":"standard"},"jnews_primary_category":[],"jnews_social_meta":[],"jnews_override_counter":[],"footnotes":""},"categories":[8691,8819,1],"tags":[2616,1110,18815],"class_list":["post-162481","post","type-post","status-publish","format-standard","has-post-thumbnail","hentry","category-bem-estar","category-curiosidades","category-noticias","tag-beleza","tag-cores","tag-look"],"yoast_head":"<!-- This site is optimized with the Yoast SEO plugin v23.8 - https:\/\/yoast.com\/wordpress\/plugins\/seo\/ -->\n<title>Aprenda a harmonizar cores neutras e vibrantes e deixar seus looks mais vers\u00e1teis e chiques - Estado de Minas - Em foco<\/title>\n<meta name=\"description\" content=\"Aprenda em 2026 a combinar cores neutras com pe\u00e7as vibrantes. Crie looks equilibrados, estilosos e f\u00e1ceis de usar.\" \/>\n<meta name=\"robots\" content=\"index, follow, max-snippet:-1, max-image-preview:large, max-video-preview:-1\" \/>\n<link rel=\"canonical\" href=\"https:\/\/www.em.com.br\/emfoco\/2026\/01\/31\/aprenda-a-harmonizar-cores-neutras-e-vibrantes-e-deixar-seus-looks-mais-versateis-e-chiques\/\" \/>\n<meta property=\"og:locale\" content=\"pt_BR\" \/>\n<meta property=\"og:type\" content=\"article\" \/>\n<meta property=\"og:title\" content=\"Aprenda a harmonizar cores neutras e vibrantes e deixar seus looks mais vers\u00e1teis e chiques - Estado de Minas - Em foco\" \/>\n<meta property=\"og:description\" content=\"Aprenda em 2026 a combinar cores neutras com pe\u00e7as vibrantes. Crie looks equilibrados, estilosos e f\u00e1ceis de usar.\" \/>\n<meta property=\"og:url\" content=\"https:\/\/www.em.com.br\/emfoco\/2026\/01\/31\/aprenda-a-harmonizar-cores-neutras-e-vibrantes-e-deixar-seus-looks-mais-versateis-e-chiques\/\" \/>\n<meta property=\"og:site_name\" content=\"Estado de Minas - Em foco\" \/>\n<meta property=\"article:published_time\" content=\"2026-01-31T15:55:55+00:00\" \/>\n<meta property=\"article:modified_time\" content=\"2026-01-30T19:59:34+00:00\" \/>\n<meta property=\"og:image\" content=\"https:\/\/www.em.com.br\/emfoco\/wp-content\/uploads\/2026\/01\/cores-neutras-roupa_1769801303217.jpg\" \/>\n\t<meta property=\"og:image:width\" content=\"1280\" \/>\n\t<meta property=\"og:image:height\" content=\"720\" \/>\n\t<meta property=\"og:image:type\" content=\"image\/jpeg\" \/>\n<meta name=\"author\" content=\"Daniely Cardoso\" \/>\n<meta name=\"twitter:card\" content=\"summary_large_image\" \/>\n<meta name=\"twitter:label1\" content=\"Escrito por\" \/>\n\t<meta name=\"twitter:data1\" content=\"Daniely Cardoso\" \/>\n\t<meta name=\"twitter:label2\" content=\"Est. tempo de leitura\" \/>\n\t<meta name=\"twitter:data2\" content=\"5 minutos\" \/>\n<!-- \/ Yoast SEO plugin. -->","yoast_head_json":{"title":"Aprenda a harmonizar cores neutras e vibrantes e deixar seus looks mais vers\u00e1teis e chiques - Estado de Minas - Em foco","description":"Aprenda em 2026 a combinar cores neutras com pe\u00e7as vibrantes. Crie looks equilibrados, estilosos e f\u00e1ceis de usar.","robots":{"index":"index","follow":"follow","max-snippet":"max-snippet:-1","max-image-preview":"max-image-preview:large","max-video-preview":"max-video-preview:-1"},"canonical":"https:\/\/www.em.com.br\/emfoco\/2026\/01\/31\/aprenda-a-harmonizar-cores-neutras-e-vibrantes-e-deixar-seus-looks-mais-versateis-e-chiques\/","og_locale":"pt_BR","og_type":"article","og_title":"Aprenda a harmonizar cores neutras e vibrantes e deixar seus looks mais vers\u00e1teis e chiques - Estado de Minas - Em foco","og_description":"Aprenda em 2026 a combinar cores neutras com pe\u00e7as vibrantes. Crie looks equilibrados, estilosos e f\u00e1ceis de usar.","og_url":"https:\/\/www.em.com.br\/emfoco\/2026\/01\/31\/aprenda-a-harmonizar-cores-neutras-e-vibrantes-e-deixar-seus-looks-mais-versateis-e-chiques\/","og_site_name":"Estado de Minas - Em foco","article_published_time":"2026-01-31T15:55:55+00:00","article_modified_time":"2026-01-30T19:59:34+00:00","og_image":[{"width":1280,"height":720,"url":"https:\/\/www.em.com.br\/emfoco\/wp-content\/uploads\/2026\/01\/cores-neutras-roupa_1769801303217.jpg","type":"image\/jpeg"}],"author":"Daniely Cardoso","twitter_card":"summary_large_image","twitter_misc":{"Escrito por":"Daniely Cardoso","Est. tempo de leitura":"5 minutos"},"schema":{"@context":"https:\/\/schema.org","@graph":[{"@type":"WebPage","@id":"https:\/\/www.em.com.br\/emfoco\/2026\/01\/31\/aprenda-a-harmonizar-cores-neutras-e-vibrantes-e-deixar-seus-looks-mais-versateis-e-chiques\/","url":"https:\/\/www.em.com.br\/emfoco\/2026\/01\/31\/aprenda-a-harmonizar-cores-neutras-e-vibrantes-e-deixar-seus-looks-mais-versateis-e-chiques\/","name":"Aprenda a harmonizar cores neutras e vibrantes e deixar seus looks mais vers\u00e1teis e chiques - Estado de Minas - Em foco","isPartOf":{"@id":"https:\/\/www.em.com.br\/emfoco\/#website"},"primaryImageOfPage":{"@id":"https:\/\/www.em.com.br\/emfoco\/2026\/01\/31\/aprenda-a-harmonizar-cores-neutras-e-vibrantes-e-deixar-seus-looks-mais-versateis-e-chiques\/#primaryimage"},"image":{"@id":"https:\/\/www.em.com.br\/emfoco\/2026\/01\/31\/aprenda-a-harmonizar-cores-neutras-e-vibrantes-e-deixar-seus-looks-mais-versateis-e-chiques\/#primaryimage"},"thumbnailUrl":"https:\/\/www.em.com.br\/emfoco\/wp-content\/uploads\/2026\/01\/cores-neutras-roupa_1769801303217.jpg","datePublished":"2026-01-31T15:55:55+00:00","dateModified":"2026-01-30T19:59:34+00:00","author":{"@id":"https:\/\/www.em.com.br\/emfoco\/#\/schema\/person\/0a8186d72f2c3a5c6276d90b41f271a0"},"description":"Aprenda em 2026 a combinar cores neutras com pe\u00e7as vibrantes. Crie looks equilibrados, estilosos e f\u00e1ceis de usar.","breadcrumb":{"@id":"https:\/\/www.em.com.br\/emfoco\/2026\/01\/31\/aprenda-a-harmonizar-cores-neutras-e-vibrantes-e-deixar-seus-looks-mais-versateis-e-chiques\/#breadcrumb"},"inLanguage":"pt-BR","potentialAction":[{"@type":"ReadAction","target":["https:\/\/www.em.com.br\/emfoco\/2026\/01\/31\/aprenda-a-harmonizar-cores-neutras-e-vibrantes-e-deixar-seus-looks-mais-versateis-e-chiques\/"]}]},{"@type":"ImageObject","inLanguage":"pt-BR","@id":"https:\/\/www.em.com.br\/emfoco\/2026\/01\/31\/aprenda-a-harmonizar-cores-neutras-e-vibrantes-e-deixar-seus-looks-mais-versateis-e-chiques\/#primaryimage","url":"https:\/\/www.em.com.br\/emfoco\/wp-content\/uploads\/2026\/01\/cores-neutras-roupa_1769801303217.jpg","contentUrl":"https:\/\/www.em.com.br\/emfoco\/wp-content\/uploads\/2026\/01\/cores-neutras-roupa_1769801303217.jpg","width":1280,"height":720,"caption":"As cores neutras s\u00e3o aquelas que v\u00e3o bem com quase tudo e n\u00e3o \u201cbrigam\u201d entre si. - Cr\u00e9ditos: depositphotos.com \/ IgorVetushko"},{"@type":"BreadcrumbList","@id":"https:\/\/www.em.com.br\/emfoco\/2026\/01\/31\/aprenda-a-harmonizar-cores-neutras-e-vibrantes-e-deixar-seus-looks-mais-versateis-e-chiques\/#breadcrumb","itemListElement":[{"@type":"ListItem","position":1,"name":"In\u00edcio","item":"https:\/\/www.em.com.br\/emfoco\/"},{"@type":"ListItem","position":2,"name":"Aprenda a harmonizar cores neutras e vibrantes e deixar seus looks mais vers\u00e1teis e chiques"}]},{"@type":"WebSite","@id":"https:\/\/www.em.com.br\/emfoco\/#website","url":"https:\/\/www.em.com.br\/emfoco\/","name":"Estado de Minas - Em foco","description":"Acompanhe as \u00faltimas not\u00edcias e fique bem informado sobre tudo o que acontece em Minas Gerais, Brasil e no mundo.","potentialAction":[{"@type":"SearchAction","target":{"@type":"EntryPoint","urlTemplate":"https:\/\/www.em.com.br\/emfoco\/?s={search_term_string}"},"query-input":{"@type":"PropertyValueSpecification","valueRequired":true,"valueName":"search_term_string"}}],"inLanguage":"pt-BR"},{"@type":"Person","@id":"https:\/\/www.em.com.br\/emfoco\/#\/schema\/person\/0a8186d72f2c3a5c6276d90b41f271a0","name":"Daniely Cardoso","image":{"@type":"ImageObject","inLanguage":"pt-BR","@id":"https:\/\/www.em.com.br\/emfoco\/#\/schema\/person\/image\/","url":"https:\/\/secure.gravatar.com\/avatar\/4b80ddbd124d1f071b626d52d62e5dff?s=96&d=mm&r=g","contentUrl":"https:\/\/secure.gravatar.com\/avatar\/4b80ddbd124d1f071b626d52d62e5dff?s=96&d=mm&r=g","caption":"Daniely Cardoso"},"url":"https:\/\/www.em.com.br\/emfoco\/author\/danielymyth\/"}]}},"_links":{"self":[{"href":"https:\/\/www.em.com.br\/emfoco\/wp-json\/wp\/v2\/posts\/162481","targetHints":{"allow":["GET"]}}],"collection":[{"href":"https:\/\/www.em.com.br\/emfoco\/wp-json\/wp\/v2\/posts"}],"about":[{"href":"https:\/\/www.em.com.br\/emfoco\/wp-json\/wp\/v2\/types\/post"}],"author":[{"embeddable":true,"href":"https:\/\/www.em.com.br\/emfoco\/wp-json\/wp\/v2\/users\/9"}],"replies":[{"embeddable":true,"href":"https:\/\/www.em.com.br\/emfoco\/wp-json\/wp\/v2\/comments?post=162481"}],"version-history":[{"count":3,"href":"https:\/\/www.em.com.br\/emfoco\/wp-json\/wp\/v2\/posts\/162481\/revisions"}],"predecessor-version":[{"id":162763,"href":"https:\/\/www.em.com.br\/emfoco\/wp-json\/wp\/v2\/posts\/162481\/revisions\/162763"}],"wp:featuredmedia":[{"embeddable":true,"href":"https:\/\/www.em.com.br\/emfoco\/wp-json\/wp\/v2\/media\/162719"}],"wp:attachment":[{"href":"https:\/\/www.em.com.br\/emfoco\/wp-json\/wp\/v2\/media?parent=162481"}],"wp:term":[{"taxonomy":"category","embeddable":true,"href":"https:\/\/www.em.com.br\/emfoco\/wp-json\/wp\/v2\/categories?post=162481"},{"taxonomy":"post_tag","embeddable":true,"href":"https:\/\/www.em.com.br\/emfoco\/wp-json\/wp\/v2\/tags?post=162481"}],"curies":[{"name":"wp","href":"https:\/\/api.w.org\/{rel}","templated":true}]}}