{"id":162471,"date":"2026-01-31T09:55:05","date_gmt":"2026-01-31T12:55:05","guid":{"rendered":"https:\/\/www.em.com.br\/emfoco\/?p=162471"},"modified":"2026-01-30T16:33:43","modified_gmt":"2026-01-30T19:33:43","slug":"tenha-um-cantinho-perfumado-de-lavanda-que-floresce-mesmo-nas-temperaturas-altas-do-verao","status":"publish","type":"post","link":"https:\/\/www.em.com.br\/emfoco\/2026\/01\/31\/tenha-um-cantinho-perfumado-de-lavanda-que-floresce-mesmo-nas-temperaturas-altas-do-verao\/","title":{"rendered":"Tenha um cantinho perfumado de lavanda que floresce mesmo nas temperaturas altas do ver\u00e3o"},"content":{"rendered":"\n<h2 class=\"wp-block-heading\">Em regi\u00f5es quentes, plante esp\u00e9cies adaptadas como <em>L. dentata<\/em> em solo arenoso e drenado. Evite encharcamento com regas espa\u00e7adas e fa\u00e7a podas leves para garantir ventila\u00e7\u00e3o, sa\u00fade e perfume o ano todo.<\/h2>\n\n\n\n<p><b>Voc\u00ea j\u00e1 imaginou ter um cantinho perfumado de lavanda<\/b> mesmo morando em uma regi\u00e3o bem quente? Cada vez mais produtores e jardineiros v\u00eam descobrindo que, com alguns cuidados simples, essa planta <b>r\u00fastica e arom\u00e1tica<\/b> pode se adaptar ao calor, render boa flora\u00e7\u00e3o e at\u00e9 gerar renda com produtos artesanais como sach\u00eas, arranjos secos e \u00f3leos.<\/p>\n\n\n\n<h2 class=\"wp-block-heading\">Por onde come\u00e7ar o plantio de lavanda em regi\u00f5es quentes<\/h2>\n\n\n\n<p>O primeiro passo para dar certo com o <b>plantio de lavanda em regi\u00f5es quentes<\/b> \u00e9 entender que nem toda lavanda gosta do mesmo tipo de clima. Algumas esp\u00e9cies lidam melhor com o calor, enquanto outras sofrem e acabam produzindo <b>poucas flores ou adoecendo<\/b> com mais facilidade.<\/p>\n\n\n\n<p>Esp\u00e9cies como <em>Lavandula dentata<\/em> e <em>Lavandula stoechas<\/em> costumam se adaptar melhor \u00e0s temperaturas altas do que a tradicional <em>Lavandula angustifolia<\/em>, que prefere temperaturas mais amenas. <b>Escolher mudas saud\u00e1veis<\/b>, com ra\u00edzes firmes, sem manchas nas folhas e sem cheiro de mofo, j\u00e1 aumenta muito a chance de sucesso, especialmente quando combinadas com um <b>planejamento pr\u00e9vio do local de plantio<\/b>.<\/p>\n\n\n\n<figure class=\"wp-block-embed is-type-rich is-provider-pinterest wp-block-embed-pinterest\"><div class=\"wp-block-embed__wrapper\">\n<iframe loading=\"lazy\" title=\"Frederico Pugliese | Paisagista | Cuidados e Curiosidades sobre Lavandas! Aprenda os cuidados essenciais para cultivar uma lavanda saud\u00e1vel e descubra curiosidades... | Instagram\" src=\"https:\/\/assets.pinterest.com\/ext\/embed.html?id=217158013277487240&#038;src=oembed\" height=\"903\" width=\"450\" frameborder=\"0\" scrolling=\"no\" ><\/iframe>\n<\/div><\/figure>\n\n\n\n<p>Leia tamb\u00e9m:&nbsp;<a href=\"https:\/\/www.em.com.br\/emfoco\/2026\/01\/30\/como-plantar-hortela-em-casa-sem-deixar-que-ela-domine-o-jardim-ou-o-vaso\/\" target=\"_blank\" rel=\"noopener\">Como plantar hortel\u00e3 em casa sem deixar que ela domine o jardim ou o vaso<\/a><\/p>\n\n\n\n<h2 class=\"wp-block-heading\">Como preparar o solo e a drenagem para lavanda em clima quente<\/h2>\n\n\n\n<p>Em regi\u00f5es quentes, o <b>solo certo faz toda a diferen\u00e7a<\/b> para a lavanda. Ela n\u00e3o gosta de \u201cp\u00e9 molhado\u201d: calor misturado com encharcamento costuma ser receita para apodrecimento de ra\u00edzes e surgimento de fungos, por isso \u00e9 importante <b>evitar ac\u00famulo excessivo de \u00e1gua<\/b> ao redor da planta.<\/p>\n\n\n\n<p>Um substrato ideal \u00e9 bem drenado, com textura mais arenosa e pH levemente alcalino. Em jardins, muita gente usa canteiros elevados ou taludes para facilitar o escoamento da \u00e1gua da chuva. J\u00e1 em vasos, vale colocar uma boa camada de drenagem com pedrinhas ou argila expandida no fundo e, se poss\u00edvel, misturar um pouco de <b>areia grossa ou pedrisco<\/b> ao substrato para deixar tudo mais <b>solto e aerado<\/b>.<\/p>\n\n\n\n<p>Para voc\u00ea que gosta de plantar em casa, separamos um v\u00eddeo do canal <a href=\"https:\/\/www.youtube.com\/@MinhasPlantas\" target=\"_blank\" rel=\"noreferrer noopener\">Minhas Plantas<\/a> com dicas de como plantar e cuidados com a lavanda:<\/p>\n\n\n\n<figure class=\"wp-block-embed is-type-video is-provider-youtube wp-block-embed-youtube wp-embed-aspect-16-9 wp-has-aspect-ratio\"><div class=\"wp-block-embed__wrapper\">\n<div class=\"jeg_video_container jeg_video_content\"><iframe loading=\"lazy\" title=\"Como cultivar LAVANDA\" width=\"500\" height=\"281\" src=\"https:\/\/www.youtube.com\/embed\/BygVGdhMFDA?feature=oembed\" frameborder=\"0\" allow=\"accelerometer; autoplay; clipboard-write; encrypted-media; gyroscope; picture-in-picture; web-share\" referrerpolicy=\"strict-origin-when-cross-origin\" allowfullscreen><\/iframe><\/div>\n<\/div><\/figure>\n\n\n\n<h2 class=\"wp-block-heading\">Quais s\u00e3o os principais cuidados di\u00e1rios com lavanda em regi\u00f5es de calor intenso<\/h2>\n\n\n\n<p>No dia a dia, a adapta\u00e7\u00e3o da lavanda ao calor depende bastante da <b>rotina de regas<\/b> e da escolha do local. Em geral, a planta prefere regas profundas, mas mais espa\u00e7adas, deixando o solo secar levemente entre uma e outra, o que ajuda a manter as ra\u00edzes <b>fortes e saud\u00e1veis<\/b>.<\/p>\n\n\n\n<p>Em vasos, o cuidado precisa ser maior, j\u00e1 que o substrato esquenta e seca mais r\u00e1pido. Em locais muito quentes, pode ser interessante deixar a lavanda em sol direto pela manh\u00e3 e em meia-sombra leve \u00e0 tarde, principalmente no ver\u00e3o, garantindo <b>luz suficiente<\/b>, mas reduzindo o estresse das horas mais quentes para evitar <b>queimaduras nas folhas e flores<\/b>.<\/p>\n\n\n\n<h2 class=\"wp-block-heading\">Quais pr\u00e1ticas ajudam a refor\u00e7ar o manejo da lavanda no calor<\/h2>\n\n\n\n<p>Algumas atitudes simples no manejo ajudam a lavanda a aguentar melhor o calor e a se manter bonita por mais tempo. A seguir, veja alguns cuidados pr\u00e1ticos que voc\u00ea pode aplicar tanto em vasos quanto em canteiros no jardim, sempre priorizando um ambiente <b>bem ventilado<\/b> e com <b>boa incid\u00eancia de luz<\/b>.<\/p>\n\n\n\n<figure class=\"wp-block-embed is-type-rich is-provider-pinterest wp-block-embed-pinterest\"><div class=\"wp-block-embed__wrapper\">\n<iframe loading=\"lazy\" title=\"Se voc\u00ea sempre quis cultivar lavanda em casa e desfrutar do aroma e beleza desta planta encantadora, ent\u00e3o esse v\u00eddeo \u00e9 para voc\u00ea! Descubra os segredos para ter uma planta\u00e7\u00e3o de lavanda exuberante e saud\u00e1vel em seu jardim ou em vasos. N\u00e3o perca essa oportunidade de trazer o charme e o aroma da lavanda para o seu lar. Deixe sua casa mais verde com a Plantei!! #plantas #lavanda#cuidadoscomasplantas #lojaplantei #biologia #botanica #saltogrande#gardencente\" src=\"https:\/\/assets.pinterest.com\/ext\/embed.html?id=58687601390624411&#038;src=oembed\" height=\"899\" width=\"450\" frameborder=\"0\" scrolling=\"no\" ><\/iframe>\n<\/div><\/figure>\n\n\n\n<ul class=\"wp-block-list\">\n<li>Preferir variedades mais tolerantes ao calor, como <em>L. dentata<\/em> e <em>L. stoechas<\/em>;<\/li>\n\n\n\n<li>Usar solo bem drenante, com areia ou pedrisco misturados ao substrato;<\/li>\n\n\n\n<li>Regar pela manh\u00e3 cedo ou no final da tarde, evitando sol forte;<\/li>\n\n\n\n<li>Evitar adubos muito ricos em nitrog\u00eanio, que geram excesso de folhas e pouca flor;<\/li>\n\n\n\n<li>Observar sinais de estresse, como folhas amareladas, murchas ou com manchas escuras.<\/li>\n<\/ul>\n\n\n\n<h2 class=\"wp-block-heading\">Qual \u00e9 o papel da poda de lavanda em regi\u00f5es quentes<\/h2>\n\n\n\n<p>A poda da lavanda em clima quente n\u00e3o serve s\u00f3 para deixar o arbusto <b>bonito e equilibrado<\/b>. Ela ajuda a melhorar a circula\u00e7\u00e3o de ar entre os ramos, diminui a umidade acumulada dentro da planta e reduz o risco de fungos, principalmente quando o calor vem acompanhado de chuvas e <b>alta umidade ambiental<\/b>.<\/p>\n\n\n\n<p>Normalmente, a poda \u00e9 feita depois da principal flora\u00e7\u00e3o, retirando flores secas e encurtando os ramos, sem cortar a parte totalmente lenhosa. Em regi\u00f5es quentes, muitos preferem podas mais leves e frequentes, em vez de cortes muito dr\u00e1sticos, para evitar que a planta sofra e demore a rebrotar, mantendo um <b>ciclo cont\u00ednuo de renova\u00e7\u00e3o<\/b> e favorecendo <b>novas flora\u00e7\u00f5es ao longo do ano<\/b>.<\/p>\n","protected":false},"excerpt":{"rendered":"<p>Em regi\u00f5es quentes, plante esp\u00e9cies adaptadas como L. dentata em solo arenoso e drenado. Evite encharcamento com regas espa\u00e7adas e fa\u00e7a podas leves para garantir ventila\u00e7\u00e3o, sa\u00fade e perfume o ano todo. Voc\u00ea j\u00e1 imaginou ter um cantinho perfumado de lavanda mesmo morando em uma regi\u00e3o bem quente? Cada vez mais produtores e jardineiros v\u00eam [&hellip;]<\/p>\n","protected":false},"author":9,"featured_media":162702,"comment_status":"open","ping_status":"open","sticky":false,"template":"","format":"standard","meta":{"jnews-multi-image_gallery":[],"jnews_single_post":{"format":"standard"},"jnews_primary_category":[],"jnews_social_meta":[],"jnews_override_counter":[],"footnotes":""},"categories":[8691,8819,1],"tags":[7701,3357,2502],"class_list":["post-162471","post","type-post","status-publish","format-standard","has-post-thumbnail","hentry","category-bem-estar","category-curiosidades","category-noticias","tag-como-plantar","tag-flores","tag-lavanda"],"yoast_head":"<!-- This site is optimized with the Yoast SEO plugin v23.8 - https:\/\/yoast.com\/wordpress\/plugins\/seo\/ -->\n<title>Tenha um cantinho perfumado de lavanda que floresce mesmo nas temperaturas altas do ver\u00e3o - Estado de Minas - Em foco<\/title>\n<meta name=\"description\" content=\"Cultive lavanda no calor em 2026! Escolha esp\u00e9cies resistentes, melhore a drenagem e pode corretamente para ter flores.\" \/>\n<meta name=\"robots\" content=\"index, follow, max-snippet:-1, max-image-preview:large, max-video-preview:-1\" \/>\n<link rel=\"canonical\" href=\"https:\/\/www.em.com.br\/emfoco\/2026\/01\/31\/tenha-um-cantinho-perfumado-de-lavanda-que-floresce-mesmo-nas-temperaturas-altas-do-verao\/\" \/>\n<meta property=\"og:locale\" content=\"pt_BR\" \/>\n<meta property=\"og:type\" content=\"article\" \/>\n<meta property=\"og:title\" content=\"Tenha um cantinho perfumado de lavanda que floresce mesmo nas temperaturas altas do ver\u00e3o - Estado de Minas - Em foco\" \/>\n<meta property=\"og:description\" content=\"Cultive lavanda no calor em 2026! Escolha esp\u00e9cies resistentes, melhore a drenagem e pode corretamente para ter flores.\" \/>\n<meta property=\"og:url\" content=\"https:\/\/www.em.com.br\/emfoco\/2026\/01\/31\/tenha-um-cantinho-perfumado-de-lavanda-que-floresce-mesmo-nas-temperaturas-altas-do-verao\/\" \/>\n<meta property=\"og:site_name\" content=\"Estado de Minas - Em foco\" \/>\n<meta property=\"article:published_time\" content=\"2026-01-31T12:55:05+00:00\" \/>\n<meta property=\"article:modified_time\" content=\"2026-01-30T19:33:43+00:00\" \/>\n<meta property=\"og:image\" content=\"https:\/\/www.em.com.br\/emfoco\/wp-content\/uploads\/2026\/01\/Plantio-de-lavanda-_1769800642330.jpg\" \/>\n\t<meta property=\"og:image:width\" content=\"1280\" \/>\n\t<meta property=\"og:image:height\" content=\"720\" \/>\n\t<meta property=\"og:image:type\" content=\"image\/jpeg\" \/>\n<meta name=\"author\" content=\"Daniely Cardoso\" \/>\n<meta name=\"twitter:card\" content=\"summary_large_image\" \/>\n<meta name=\"twitter:label1\" content=\"Escrito por\" \/>\n\t<meta name=\"twitter:data1\" content=\"Daniely Cardoso\" \/>\n\t<meta name=\"twitter:label2\" content=\"Est. tempo de leitura\" \/>\n\t<meta name=\"twitter:data2\" content=\"5 minutos\" \/>\n<!-- \/ Yoast SEO plugin. -->","yoast_head_json":{"title":"Tenha um cantinho perfumado de lavanda que floresce mesmo nas temperaturas altas do ver\u00e3o - Estado de Minas - Em foco","description":"Cultive lavanda no calor em 2026! Escolha esp\u00e9cies resistentes, melhore a drenagem e pode corretamente para ter flores.","robots":{"index":"index","follow":"follow","max-snippet":"max-snippet:-1","max-image-preview":"max-image-preview:large","max-video-preview":"max-video-preview:-1"},"canonical":"https:\/\/www.em.com.br\/emfoco\/2026\/01\/31\/tenha-um-cantinho-perfumado-de-lavanda-que-floresce-mesmo-nas-temperaturas-altas-do-verao\/","og_locale":"pt_BR","og_type":"article","og_title":"Tenha um cantinho perfumado de lavanda que floresce mesmo nas temperaturas altas do ver\u00e3o - Estado de Minas - Em foco","og_description":"Cultive lavanda no calor em 2026! Escolha esp\u00e9cies resistentes, melhore a drenagem e pode corretamente para ter flores.","og_url":"https:\/\/www.em.com.br\/emfoco\/2026\/01\/31\/tenha-um-cantinho-perfumado-de-lavanda-que-floresce-mesmo-nas-temperaturas-altas-do-verao\/","og_site_name":"Estado de Minas - Em foco","article_published_time":"2026-01-31T12:55:05+00:00","article_modified_time":"2026-01-30T19:33:43+00:00","og_image":[{"width":1280,"height":720,"url":"https:\/\/www.em.com.br\/emfoco\/wp-content\/uploads\/2026\/01\/Plantio-de-lavanda-_1769800642330.jpg","type":"image\/jpeg"}],"author":"Daniely Cardoso","twitter_card":"summary_large_image","twitter_misc":{"Escrito por":"Daniely Cardoso","Est. tempo de leitura":"5 minutos"},"schema":{"@context":"https:\/\/schema.org","@graph":[{"@type":"WebPage","@id":"https:\/\/www.em.com.br\/emfoco\/2026\/01\/31\/tenha-um-cantinho-perfumado-de-lavanda-que-floresce-mesmo-nas-temperaturas-altas-do-verao\/","url":"https:\/\/www.em.com.br\/emfoco\/2026\/01\/31\/tenha-um-cantinho-perfumado-de-lavanda-que-floresce-mesmo-nas-temperaturas-altas-do-verao\/","name":"Tenha um cantinho perfumado de lavanda que floresce mesmo nas temperaturas altas do ver\u00e3o - Estado de Minas - Em foco","isPartOf":{"@id":"https:\/\/www.em.com.br\/emfoco\/#website"},"primaryImageOfPage":{"@id":"https:\/\/www.em.com.br\/emfoco\/2026\/01\/31\/tenha-um-cantinho-perfumado-de-lavanda-que-floresce-mesmo-nas-temperaturas-altas-do-verao\/#primaryimage"},"image":{"@id":"https:\/\/www.em.com.br\/emfoco\/2026\/01\/31\/tenha-um-cantinho-perfumado-de-lavanda-que-floresce-mesmo-nas-temperaturas-altas-do-verao\/#primaryimage"},"thumbnailUrl":"https:\/\/www.em.com.br\/emfoco\/wp-content\/uploads\/2026\/01\/Plantio-de-lavanda-_1769800642330.jpg","datePublished":"2026-01-31T12:55:05+00:00","dateModified":"2026-01-30T19:33:43+00:00","author":{"@id":"https:\/\/www.em.com.br\/emfoco\/#\/schema\/person\/0a8186d72f2c3a5c6276d90b41f271a0"},"description":"Cultive lavanda no calor em 2026! Escolha esp\u00e9cies resistentes, melhore a drenagem e pode corretamente para ter flores.","breadcrumb":{"@id":"https:\/\/www.em.com.br\/emfoco\/2026\/01\/31\/tenha-um-cantinho-perfumado-de-lavanda-que-floresce-mesmo-nas-temperaturas-altas-do-verao\/#breadcrumb"},"inLanguage":"pt-BR","potentialAction":[{"@type":"ReadAction","target":["https:\/\/www.em.com.br\/emfoco\/2026\/01\/31\/tenha-um-cantinho-perfumado-de-lavanda-que-floresce-mesmo-nas-temperaturas-altas-do-verao\/"]}]},{"@type":"ImageObject","inLanguage":"pt-BR","@id":"https:\/\/www.em.com.br\/emfoco\/2026\/01\/31\/tenha-um-cantinho-perfumado-de-lavanda-que-floresce-mesmo-nas-temperaturas-altas-do-verao\/#primaryimage","url":"https:\/\/www.em.com.br\/emfoco\/wp-content\/uploads\/2026\/01\/Plantio-de-lavanda-_1769800642330.jpg","contentUrl":"https:\/\/www.em.com.br\/emfoco\/wp-content\/uploads\/2026\/01\/Plantio-de-lavanda-_1769800642330.jpg","width":1280,"height":720,"caption":"O primeiro passo para dar certo com o plantio de lavanda em regi\u00f5es quentes \u00e9 entender que nem toda lavanda gosta do mesmo tipo de clima - Cr\u00e9ditos: depositphotos.com \/ Havanaman"},{"@type":"BreadcrumbList","@id":"https:\/\/www.em.com.br\/emfoco\/2026\/01\/31\/tenha-um-cantinho-perfumado-de-lavanda-que-floresce-mesmo-nas-temperaturas-altas-do-verao\/#breadcrumb","itemListElement":[{"@type":"ListItem","position":1,"name":"In\u00edcio","item":"https:\/\/www.em.com.br\/emfoco\/"},{"@type":"ListItem","position":2,"name":"Tenha um cantinho perfumado de lavanda que floresce mesmo nas temperaturas altas do ver\u00e3o"}]},{"@type":"WebSite","@id":"https:\/\/www.em.com.br\/emfoco\/#website","url":"https:\/\/www.em.com.br\/emfoco\/","name":"Estado de Minas - Em foco","description":"Acompanhe as \u00faltimas not\u00edcias e fique bem informado sobre tudo o que acontece em Minas Gerais, Brasil e no mundo.","potentialAction":[{"@type":"SearchAction","target":{"@type":"EntryPoint","urlTemplate":"https:\/\/www.em.com.br\/emfoco\/?s={search_term_string}"},"query-input":{"@type":"PropertyValueSpecification","valueRequired":true,"valueName":"search_term_string"}}],"inLanguage":"pt-BR"},{"@type":"Person","@id":"https:\/\/www.em.com.br\/emfoco\/#\/schema\/person\/0a8186d72f2c3a5c6276d90b41f271a0","name":"Daniely Cardoso","image":{"@type":"ImageObject","inLanguage":"pt-BR","@id":"https:\/\/www.em.com.br\/emfoco\/#\/schema\/person\/image\/","url":"https:\/\/secure.gravatar.com\/avatar\/4b80ddbd124d1f071b626d52d62e5dff?s=96&d=mm&r=g","contentUrl":"https:\/\/secure.gravatar.com\/avatar\/4b80ddbd124d1f071b626d52d62e5dff?s=96&d=mm&r=g","caption":"Daniely Cardoso"},"url":"https:\/\/www.em.com.br\/emfoco\/author\/danielymyth\/"}]}},"_links":{"self":[{"href":"https:\/\/www.em.com.br\/emfoco\/wp-json\/wp\/v2\/posts\/162471","targetHints":{"allow":["GET"]}}],"collection":[{"href":"https:\/\/www.em.com.br\/emfoco\/wp-json\/wp\/v2\/posts"}],"about":[{"href":"https:\/\/www.em.com.br\/emfoco\/wp-json\/wp\/v2\/types\/post"}],"author":[{"embeddable":true,"href":"https:\/\/www.em.com.br\/emfoco\/wp-json\/wp\/v2\/users\/9"}],"replies":[{"embeddable":true,"href":"https:\/\/www.em.com.br\/emfoco\/wp-json\/wp\/v2\/comments?post=162471"}],"version-history":[{"count":3,"href":"https:\/\/www.em.com.br\/emfoco\/wp-json\/wp\/v2\/posts\/162471\/revisions"}],"predecessor-version":[{"id":162721,"href":"https:\/\/www.em.com.br\/emfoco\/wp-json\/wp\/v2\/posts\/162471\/revisions\/162721"}],"wp:featuredmedia":[{"embeddable":true,"href":"https:\/\/www.em.com.br\/emfoco\/wp-json\/wp\/v2\/media\/162702"}],"wp:attachment":[{"href":"https:\/\/www.em.com.br\/emfoco\/wp-json\/wp\/v2\/media?parent=162471"}],"wp:term":[{"taxonomy":"category","embeddable":true,"href":"https:\/\/www.em.com.br\/emfoco\/wp-json\/wp\/v2\/categories?post=162471"},{"taxonomy":"post_tag","embeddable":true,"href":"https:\/\/www.em.com.br\/emfoco\/wp-json\/wp\/v2\/tags?post=162471"}],"curies":[{"name":"wp","href":"https:\/\/api.w.org\/{rel}","templated":true}]}}