{"id":162351,"date":"2026-01-30T17:00:00","date_gmt":"2026-01-30T20:00:00","guid":{"rendered":"https:\/\/www.em.com.br\/emfoco\/?p=162351"},"modified":"2026-01-30T15:31:58","modified_gmt":"2026-01-30T18:31:58","slug":"comunicado-importante-para-quem-ainda-informa-o-cpf-no-supermercado-em-2026","status":"publish","type":"post","link":"https:\/\/www.em.com.br\/emfoco\/2026\/01\/30\/comunicado-importante-para-quem-ainda-informa-o-cpf-no-supermercado-em-2026\/","title":{"rendered":"Comunicado importante para quem ainda informa o CPF no supermercado em 2026"},"content":{"rendered":"\n<p>Informar o CPF no caixa do supermercado sempre pareceu um gesto autom\u00e1tico, quase invis\u00edvel no meio da rotina de compras. Em 2026, por\u00e9m, esse h\u00e1bito ganha um peso maior, porque o n\u00famero deixou de ser apenas uma chave para descontos e passou a integrar sistemas avan\u00e7ados de an\u00e1lise de consumo. O comunicado para todos que informam o CPF ao comprar em supermercados em 2026 surge justamente para esclarecer o que acontece com esses dados e quais cuidados o consumidor precisa adotar.<\/p>\n\n\n\n<h2 class=\"wp-block-heading\">O que muda ao informar o CPF em supermercados em 2026?<\/h2>\n\n\n\n<p>Com a evolu\u00e7\u00e3o das tecnologias de an\u00e1lise de dados, o CPF passou a funcionar como um identificador central do comportamento de compra. Cada vez que o n\u00famero \u00e9 informado, o sistema registra produtos, valores, frequ\u00eancia e at\u00e9 hor\u00e1rios, criando um hist\u00f3rico detalhado do consumidor ao longo do tempo.<\/p>\n\n\n\n<p>Em 2026, esse processo tende a ficar mais sofisticado, pois supermercados integram lojas f\u00edsicas, aplicativos e plataformas de entrega. O resultado \u00e9 um banco de dados mais completo, capaz de gerar ofertas personalizadas, mas tamb\u00e9m de ampliar a responsabilidade das empresas quanto ao uso correto dessas informa\u00e7\u00f5es.<\/p>\n\n\n\n<h2 class=\"wp-block-heading\">Por que os supermercados pedem o CPF no momento da compra?<\/h2>\n\n\n\n<p>A solicita\u00e7\u00e3o do CPF no caixa n\u00e3o acontece por um \u00fanico motivo. Ela est\u00e1 ligada a estrat\u00e9gias comerciais, obriga\u00e7\u00f5es fiscais e programas de relacionamento com o cliente. Entender essas finalidades ajuda o consumidor a decidir quando faz sentido informar o n\u00famero.<\/p>\n\n\n\n<p>De forma pr\u00e1tica, os principais motivos apresentados pelas redes de supermercados incluem:<\/p>\n\n\n\n<ul class=\"wp-block-list\">\n<li>Cadastro em programas de fidelidade que liberam descontos e ofertas exclusivas.<\/li>\n\n\n\n<li>Emiss\u00e3o de nota fiscal com identifica\u00e7\u00e3o do consumidor.<\/li>\n\n\n\n<li>Participa\u00e7\u00e3o em campanhas promocionais, sorteios e a\u00e7\u00f5es de cashback.<\/li>\n\n\n\n<li>An\u00e1lise de h\u00e1bitos de consumo para defini\u00e7\u00e3o de pre\u00e7os e estoques.<\/li>\n<\/ul>\n\n\n\n<figure class=\"wp-block-image size-large\"><img loading=\"lazy\" decoding=\"async\" width=\"1024\" height=\"683\" src=\"https:\/\/www.em.com.br\/emfoco\/wp-content\/uploads\/2026\/01\/ChatGPT-Image-30-de-jan.-de-2026-14_52_22-1024x683.png\" alt=\"\" class=\"wp-image-162381\" srcset=\"https:\/\/www.em.com.br\/emfoco\/wp-content\/uploads\/2026\/01\/ChatGPT-Image-30-de-jan.-de-2026-14_52_22-1024x683.png 1024w, https:\/\/www.em.com.br\/emfoco\/wp-content\/uploads\/2026\/01\/ChatGPT-Image-30-de-jan.-de-2026-14_52_22-300x200.png 300w, https:\/\/www.em.com.br\/emfoco\/wp-content\/uploads\/2026\/01\/ChatGPT-Image-30-de-jan.-de-2026-14_52_22-768x512.png 768w, https:\/\/www.em.com.br\/emfoco\/wp-content\/uploads\/2026\/01\/ChatGPT-Image-30-de-jan.-de-2026-14_52_22-750x500.png 750w, https:\/\/www.em.com.br\/emfoco\/wp-content\/uploads\/2026\/01\/ChatGPT-Image-30-de-jan.-de-2026-14_52_22-1140x760.png 1140w, https:\/\/www.em.com.br\/emfoco\/wp-content\/uploads\/2026\/01\/ChatGPT-Image-30-de-jan.-de-2026-14_52_22.png 1536w\" sizes=\"auto, (max-width: 1024px) 100vw, 1024px\" \/><figcaption class=\"wp-element-caption\">Quem informa o CPF no caixa do mercado em 2026 precisa saber disso<\/figcaption><\/figure>\n\n\n\n<h2 class=\"wp-block-heading\">Como o CPF se conecta \u00e0 intelig\u00eancia artificial nas compras?<\/h2>\n\n\n\n<p>Quando associado a sistemas de intelig\u00eancia artificial, o CPF deixa de ser apenas um dado cadastral e passa a alimentar modelos de previs\u00e3o e segmenta\u00e7\u00e3o. Esses sistemas identificam padr\u00f5es de consumo e ajudam as empresas a antecipar demandas e personalizar comunica\u00e7\u00f5es.<\/p>\n\n\n\n<p>Na pr\u00e1tica, isso significa que um consumidor pode receber promo\u00e7\u00f5es alinhadas ao que compra com mais frequ\u00eancia. Por outro lado, tamb\u00e9m aumenta a rastreabilidade do comportamento de consumo, tornando essencial o respeito \u00e0s regras de prote\u00e7\u00e3o de dados e \u00e0 transpar\u00eancia sobre esse uso.<\/p>\n\n\n\n<h2 class=\"wp-block-heading\">Quais cuidados o consumidor deve ter ao informar o CPF?<\/h2>\n\n\n\n<p>Os comunicados direcionados aos consumidores em 2026 refor\u00e7am que informar o CPF \u00e9 uma escolha, n\u00e3o uma obriga\u00e7\u00e3o em todas as compras. Por isso, adotar alguns cuidados ajuda a equilibrar vantagens comerciais e prote\u00e7\u00e3o da privacidade.<\/p>\n\n\n\n<p>Entre as principais recomenda\u00e7\u00f5es, destacam-se:<\/p>\n\n\n\n<ul class=\"wp-block-list\">\n<li>Ler com aten\u00e7\u00e3o a pol\u00edtica de privacidade antes de aderir a programas de fidelidade.<\/li>\n\n\n\n<li>Avaliar se o desconto ou benef\u00edcio realmente compensa o fornecimento do CPF.<\/li>\n\n\n\n<li>Evitar informar o n\u00famero em ambientes inseguros ou de forma aud\u00edvel em filas.<\/li>\n\n\n\n<li>Limitar o preenchimento de dados adicionais quando n\u00e3o forem obrigat\u00f3rios.<\/li>\n\n\n\n<li>Solicitar revis\u00e3o ou exclus\u00e3o de dados sempre que julgar necess\u00e1rio.<\/li>\n<\/ul>\n\n\n\n<h2 class=\"wp-block-heading\">Quais impactos o uso do CPF gera no dia a dia do consumidor?<\/h2>\n\n\n\n<p>O uso frequente do CPF nas compras traz benef\u00edcios claros, como ofertas personalizadas e economia em produtos recorrentes. Ao mesmo tempo, cria um cen\u00e1rio em que o consumo passa a ser constantemente monitorado e analisado.<\/p>\n\n\n\n<p>Em 2026, a principal mensagem dos comunicados \u00e9 a conscientiza\u00e7\u00e3o. Cabe ao consumidor decidir quando informar o CPF, entendendo que essa escolha influencia diretamente a forma como seus dados s\u00e3o utilizados. Quanto maior a informa\u00e7\u00e3o e a transpar\u00eancia, mais equilibrada tende a ser essa rela\u00e7\u00e3o entre conveni\u00eancia e privacidade.<\/p>\n","protected":false},"excerpt":{"rendered":"<p>Informar o CPF no caixa do supermercado sempre pareceu um gesto autom\u00e1tico, quase invis\u00edvel no meio da rotina de compras. Em 2026, por\u00e9m, esse h\u00e1bito ganha um peso maior, porque o n\u00famero deixou de ser apenas uma chave para descontos e passou a integrar sistemas avan\u00e7ados de an\u00e1lise de consumo. O comunicado para todos que [&hellip;]<\/p>\n","protected":false},"author":19,"featured_media":162380,"comment_status":"open","ping_status":"open","sticky":false,"template":"","format":"standard","meta":{"jnews-multi-image_gallery":[],"jnews_single_post":{"format":"standard"},"jnews_primary_category":[],"jnews_social_meta":[],"jnews_override_counter":[],"footnotes":""},"categories":[28],"tags":[848,398,15377],"class_list":["post-162351","post","type-post","status-publish","format-standard","has-post-thumbnail","hentry","category-economia","tag-cpf","tag-cpf-na-nota","tag-supermercado"],"yoast_head":"<!-- This site is optimized with the Yoast SEO plugin v23.8 - https:\/\/yoast.com\/wordpress\/plugins\/seo\/ -->\n<title>Comunicado importante para quem ainda informa o CPF no supermercado em 2026 - Estado de Minas - Em foco<\/title>\n<meta name=\"description\" content=\"Milhares de brasileiros informam o CPF no mercado sem saber o impacto disso em 2026. Veja o que pode mudar e por que ficar atento agora.\" \/>\n<meta name=\"robots\" content=\"index, follow, max-snippet:-1, max-image-preview:large, max-video-preview:-1\" \/>\n<link rel=\"canonical\" href=\"https:\/\/www.em.com.br\/emfoco\/2026\/01\/30\/comunicado-importante-para-quem-ainda-informa-o-cpf-no-supermercado-em-2026\/\" \/>\n<meta property=\"og:locale\" content=\"pt_BR\" \/>\n<meta property=\"og:type\" content=\"article\" \/>\n<meta property=\"og:title\" content=\"Comunicado importante para quem ainda informa o CPF no supermercado em 2026 - Estado de Minas - Em foco\" \/>\n<meta property=\"og:description\" content=\"Milhares de brasileiros informam o CPF no mercado sem saber o impacto disso em 2026. Veja o que pode mudar e por que ficar atento agora.\" \/>\n<meta property=\"og:url\" content=\"https:\/\/www.em.com.br\/emfoco\/2026\/01\/30\/comunicado-importante-para-quem-ainda-informa-o-cpf-no-supermercado-em-2026\/\" \/>\n<meta property=\"og:site_name\" content=\"Estado de Minas - Em foco\" \/>\n<meta property=\"article:published_time\" content=\"2026-01-30T20:00:00+00:00\" \/>\n<meta property=\"article:modified_time\" content=\"2026-01-30T18:31:58+00:00\" \/>\n<meta property=\"og:image\" content=\"https:\/\/www.em.com.br\/emfoco\/wp-content\/uploads\/2026\/01\/ChatGPT-Image-30-de-jan.-de-2026-14_44_39-1024x683.png\" \/>\n\t<meta property=\"og:image:width\" content=\"1024\" \/>\n\t<meta property=\"og:image:height\" content=\"683\" \/>\n\t<meta property=\"og:image:type\" content=\"image\/png\" \/>\n<meta name=\"author\" content=\"Vanessa Tavares\" \/>\n<meta name=\"twitter:card\" content=\"summary_large_image\" \/>\n<meta name=\"twitter:label1\" content=\"Escrito por\" \/>\n\t<meta name=\"twitter:data1\" content=\"Vanessa Tavares\" \/>\n\t<meta name=\"twitter:label2\" content=\"Est. tempo de leitura\" \/>\n\t<meta name=\"twitter:data2\" content=\"4 minutos\" \/>\n<!-- \/ Yoast SEO plugin. -->","yoast_head_json":{"title":"Comunicado importante para quem ainda informa o CPF no supermercado em 2026 - Estado de Minas - Em foco","description":"Milhares de brasileiros informam o CPF no mercado sem saber o impacto disso em 2026. Veja o que pode mudar e por que ficar atento agora.","robots":{"index":"index","follow":"follow","max-snippet":"max-snippet:-1","max-image-preview":"max-image-preview:large","max-video-preview":"max-video-preview:-1"},"canonical":"https:\/\/www.em.com.br\/emfoco\/2026\/01\/30\/comunicado-importante-para-quem-ainda-informa-o-cpf-no-supermercado-em-2026\/","og_locale":"pt_BR","og_type":"article","og_title":"Comunicado importante para quem ainda informa o CPF no supermercado em 2026 - Estado de Minas - Em foco","og_description":"Milhares de brasileiros informam o CPF no mercado sem saber o impacto disso em 2026. Veja o que pode mudar e por que ficar atento agora.","og_url":"https:\/\/www.em.com.br\/emfoco\/2026\/01\/30\/comunicado-importante-para-quem-ainda-informa-o-cpf-no-supermercado-em-2026\/","og_site_name":"Estado de Minas - Em foco","article_published_time":"2026-01-30T20:00:00+00:00","article_modified_time":"2026-01-30T18:31:58+00:00","og_image":[{"width":1024,"height":683,"url":"https:\/\/www.em.com.br\/emfoco\/wp-content\/uploads\/2026\/01\/ChatGPT-Image-30-de-jan.-de-2026-14_44_39-1024x683.png","type":"image\/png"}],"author":"Vanessa Tavares","twitter_card":"summary_large_image","twitter_misc":{"Escrito por":"Vanessa Tavares","Est. tempo de leitura":"4 minutos"},"schema":{"@context":"https:\/\/schema.org","@graph":[{"@type":"WebPage","@id":"https:\/\/www.em.com.br\/emfoco\/2026\/01\/30\/comunicado-importante-para-quem-ainda-informa-o-cpf-no-supermercado-em-2026\/","url":"https:\/\/www.em.com.br\/emfoco\/2026\/01\/30\/comunicado-importante-para-quem-ainda-informa-o-cpf-no-supermercado-em-2026\/","name":"Comunicado importante para quem ainda informa o CPF no supermercado em 2026 - Estado de Minas - Em foco","isPartOf":{"@id":"https:\/\/www.em.com.br\/emfoco\/#website"},"primaryImageOfPage":{"@id":"https:\/\/www.em.com.br\/emfoco\/2026\/01\/30\/comunicado-importante-para-quem-ainda-informa-o-cpf-no-supermercado-em-2026\/#primaryimage"},"image":{"@id":"https:\/\/www.em.com.br\/emfoco\/2026\/01\/30\/comunicado-importante-para-quem-ainda-informa-o-cpf-no-supermercado-em-2026\/#primaryimage"},"thumbnailUrl":"https:\/\/www.em.com.br\/emfoco\/wp-content\/uploads\/2026\/01\/ChatGPT-Image-30-de-jan.-de-2026-14_44_39.png","datePublished":"2026-01-30T20:00:00+00:00","dateModified":"2026-01-30T18:31:58+00:00","author":{"@id":"https:\/\/www.em.com.br\/emfoco\/#\/schema\/person\/4a7a157aac450b98edc86f15a7434f0b"},"description":"Milhares de brasileiros informam o CPF no mercado sem saber o impacto disso em 2026. Veja o que pode mudar e por que ficar atento agora.","breadcrumb":{"@id":"https:\/\/www.em.com.br\/emfoco\/2026\/01\/30\/comunicado-importante-para-quem-ainda-informa-o-cpf-no-supermercado-em-2026\/#breadcrumb"},"inLanguage":"pt-BR","potentialAction":[{"@type":"ReadAction","target":["https:\/\/www.em.com.br\/emfoco\/2026\/01\/30\/comunicado-importante-para-quem-ainda-informa-o-cpf-no-supermercado-em-2026\/"]}]},{"@type":"ImageObject","inLanguage":"pt-BR","@id":"https:\/\/www.em.com.br\/emfoco\/2026\/01\/30\/comunicado-importante-para-quem-ainda-informa-o-cpf-no-supermercado-em-2026\/#primaryimage","url":"https:\/\/www.em.com.br\/emfoco\/wp-content\/uploads\/2026\/01\/ChatGPT-Image-30-de-jan.-de-2026-14_44_39.png","contentUrl":"https:\/\/www.em.com.br\/emfoco\/wp-content\/uploads\/2026\/01\/ChatGPT-Image-30-de-jan.-de-2026-14_44_39.png","width":1536,"height":1024,"caption":"Se voc\u00ea informa o CPF no supermercado em 2026, este alerta \u00e9 para voc\u00ea"},{"@type":"BreadcrumbList","@id":"https:\/\/www.em.com.br\/emfoco\/2026\/01\/30\/comunicado-importante-para-quem-ainda-informa-o-cpf-no-supermercado-em-2026\/#breadcrumb","itemListElement":[{"@type":"ListItem","position":1,"name":"In\u00edcio","item":"https:\/\/www.em.com.br\/emfoco\/"},{"@type":"ListItem","position":2,"name":"Comunicado importante para quem ainda informa o CPF no supermercado em 2026"}]},{"@type":"WebSite","@id":"https:\/\/www.em.com.br\/emfoco\/#website","url":"https:\/\/www.em.com.br\/emfoco\/","name":"Estado de Minas - Em foco","description":"Acompanhe as \u00faltimas not\u00edcias e fique bem informado sobre tudo o que acontece em Minas Gerais, Brasil e no mundo.","potentialAction":[{"@type":"SearchAction","target":{"@type":"EntryPoint","urlTemplate":"https:\/\/www.em.com.br\/emfoco\/?s={search_term_string}"},"query-input":{"@type":"PropertyValueSpecification","valueRequired":true,"valueName":"search_term_string"}}],"inLanguage":"pt-BR"},{"@type":"Person","@id":"https:\/\/www.em.com.br\/emfoco\/#\/schema\/person\/4a7a157aac450b98edc86f15a7434f0b","name":"Vanessa Tavares","image":{"@type":"ImageObject","inLanguage":"pt-BR","@id":"https:\/\/www.em.com.br\/emfoco\/#\/schema\/person\/image\/","url":"https:\/\/secure.gravatar.com\/avatar\/088c9372da58da00f00f8e508f13d635?s=96&d=mm&r=g","contentUrl":"https:\/\/secure.gravatar.com\/avatar\/088c9372da58da00f00f8e508f13d635?s=96&d=mm&r=g","caption":"Vanessa Tavares"},"sameAs":["https:\/\/www.em.com.br\/emfoco"],"url":"https:\/\/www.em.com.br\/emfoco\/author\/vanessamyth\/"}]}},"_links":{"self":[{"href":"https:\/\/www.em.com.br\/emfoco\/wp-json\/wp\/v2\/posts\/162351","targetHints":{"allow":["GET"]}}],"collection":[{"href":"https:\/\/www.em.com.br\/emfoco\/wp-json\/wp\/v2\/posts"}],"about":[{"href":"https:\/\/www.em.com.br\/emfoco\/wp-json\/wp\/v2\/types\/post"}],"author":[{"embeddable":true,"href":"https:\/\/www.em.com.br\/emfoco\/wp-json\/wp\/v2\/users\/19"}],"replies":[{"embeddable":true,"href":"https:\/\/www.em.com.br\/emfoco\/wp-json\/wp\/v2\/comments?post=162351"}],"version-history":[{"count":1,"href":"https:\/\/www.em.com.br\/emfoco\/wp-json\/wp\/v2\/posts\/162351\/revisions"}],"predecessor-version":[{"id":162405,"href":"https:\/\/www.em.com.br\/emfoco\/wp-json\/wp\/v2\/posts\/162351\/revisions\/162405"}],"wp:featuredmedia":[{"embeddable":true,"href":"https:\/\/www.em.com.br\/emfoco\/wp-json\/wp\/v2\/media\/162380"}],"wp:attachment":[{"href":"https:\/\/www.em.com.br\/emfoco\/wp-json\/wp\/v2\/media?parent=162351"}],"wp:term":[{"taxonomy":"category","embeddable":true,"href":"https:\/\/www.em.com.br\/emfoco\/wp-json\/wp\/v2\/categories?post=162351"},{"taxonomy":"post_tag","embeddable":true,"href":"https:\/\/www.em.com.br\/emfoco\/wp-json\/wp\/v2\/tags?post=162351"}],"curies":[{"name":"wp","href":"https:\/\/api.w.org\/{rel}","templated":true}]}}