{"id":162326,"date":"2026-01-30T13:55:00","date_gmt":"2026-01-30T16:55:00","guid":{"rendered":"https:\/\/www.em.com.br\/emfoco\/?p=162326"},"modified":"2026-01-30T10:26:25","modified_gmt":"2026-01-30T13:26:25","slug":"nunca-mais-vou-colar-meu-sofa-na-parede-o-truque-de-2026-que-realmente-amplia-a-sala-de-estar-sem-reforma-segundo-arquitetos","status":"publish","type":"post","link":"https:\/\/www.em.com.br\/emfoco\/2026\/01\/30\/nunca-mais-vou-colar-meu-sofa-na-parede-o-truque-de-2026-que-realmente-amplia-a-sala-de-estar-sem-reforma-segundo-arquitetos\/","title":{"rendered":"Nunca mais vou colar meu sof\u00e1 na parede: o truque de 2026 que realmente amplia a sala de estar sem reforma, segundo arquitetos"},"content":{"rendered":"\n<p>Repensar a <strong>posi\u00e7\u00e3o do sof\u00e1<\/strong> pode ser o detalhe que faltava para transformar completamente a <strong>sala de estar<\/strong>, trazendo mais amplitude visual, conforto e sofistica\u00e7\u00e3o sem qualquer obra. A <strong>tend\u00eancia de 2026 <\/strong>mostra que <strong>afastar o sof\u00e1 da parede<\/strong> n\u00e3o \u00e9 apenas uma escolha est\u00e9tica, mas uma estrat\u00e9gia funcional que valoriza o espa\u00e7o, melhora a circula\u00e7\u00e3o e cria uma sensa\u00e7\u00e3o imediata de ambiente maior e mais acolhedor.<\/p>\n\n\n\n<h2 class=\"wp-block-heading\">Por que afastar o sof\u00e1 da parede faz a sala parecer maior?<\/h2>\n\n\n\n<p>Quando o<strong> sof\u00e1 fica colado \u00e0 parede<\/strong>, o olhar percorre o ambiente de forma previs\u00edvel e limita a <strong>percep\u00e7\u00e3o de<\/strong> <strong>profundidade<\/strong>. Ao criar um pequeno respiro entre o m\u00f3vel e a parede, o espa\u00e7o ganha camadas visuais que ampliam a sensa\u00e7\u00e3o de metragem, mesmo em salas compactas.<\/p>\n\n\n\n<p>Al\u00e9m disso, essa <strong>disposi\u00e7\u00e3o permite <\/strong>que a sala tenha um layout mais fluido e menos engessado. O sof\u00e1 deixa de ser apenas um encosto e passa a atuar como um elemento central de composi\u00e7\u00e3o, valorizando tapetes, mesas laterais e at\u00e9 a <a href=\"https:\/\/www.gov.br\/fundacentro\/pt-br\/comunicacao\/noticias\/noticias\/2025\/fevereiro\/iluminacao-integrativa-une-conforto-visual-e-ritmo-biologico\" target=\"_blank\" rel=\"noreferrer noopener\"><strong>ilumina\u00e7\u00e3o <\/strong><\/a>do ambiente.<\/p>\n\n\n\n<h2 class=\"wp-block-heading\">Como posicionar o sof\u00e1 corretamente sem comprometer a circula\u00e7\u00e3o?<\/h2>\n\n\n\n<p>Antes de mover o sof\u00e1, \u00e9 essencial observar o<strong> fluxo natural da sala e os pontos<\/strong> de passagem mais utilizados. O objetivo \u00e9 criar conforto sem bloquear caminhos, mantendo a funcionalidade do ambiente no dia a dia.<\/p>\n\n\n\n<p>Algumas<strong> orienta\u00e7\u00f5es simples ajudam a acertar na escolha<\/strong> e garantem que o espa\u00e7o fique visualmente equilibrado e pr\u00e1tico ao mesmo tempo.<\/p>\n\n\n\n<ul class=\"wp-block-list\">\n<li>Mantenha um afastamento m\u00ednimo de 10 a 20 cent\u00edmetros da parede para criar profundidade visual;<\/li>\n\n\n\n<li>Alinhe o sof\u00e1 com o tapete, garantindo que os p\u00e9s frontais fiquem sobre ele;<\/li>\n\n\n\n<li>Evite bloquear portas, janelas ou corredores principais da sala;<\/li>\n\n\n\n<li>Use mesas laterais ou aparadores atr\u00e1s do sof\u00e1 para delimitar o espa\u00e7o.<\/li>\n<\/ul>\n\n\n\n<figure class=\"wp-block-image size-large\"><img loading=\"lazy\" decoding=\"async\" width=\"1024\" height=\"576\" src=\"https:\/\/www.em.com.br\/emfoco\/wp-content\/uploads\/2026\/01\/Copia-de-Copia-de-Mural-marrom-2026-01-30T094359.208-1024x576.jpg\" alt=\"Nunca mais vou colar meu sof\u00e1 na parede: o truque de 2026 que realmente amplia a sala de estar sem reforma, segundo arquitetos\" class=\"wp-image-162337\" srcset=\"https:\/\/www.em.com.br\/emfoco\/wp-content\/uploads\/2026\/01\/Copia-de-Copia-de-Mural-marrom-2026-01-30T094359.208-1024x576.jpg 1024w, https:\/\/www.em.com.br\/emfoco\/wp-content\/uploads\/2026\/01\/Copia-de-Copia-de-Mural-marrom-2026-01-30T094359.208-300x169.jpg 300w, https:\/\/www.em.com.br\/emfoco\/wp-content\/uploads\/2026\/01\/Copia-de-Copia-de-Mural-marrom-2026-01-30T094359.208-768x432.jpg 768w, https:\/\/www.em.com.br\/emfoco\/wp-content\/uploads\/2026\/01\/Copia-de-Copia-de-Mural-marrom-2026-01-30T094359.208-750x422.jpg 750w, https:\/\/www.em.com.br\/emfoco\/wp-content\/uploads\/2026\/01\/Copia-de-Copia-de-Mural-marrom-2026-01-30T094359.208-1140x641.jpg 1140w, https:\/\/www.em.com.br\/emfoco\/wp-content\/uploads\/2026\/01\/Copia-de-Copia-de-Mural-marrom-2026-01-30T094359.208.jpg 1280w\" sizes=\"auto, (max-width: 1024px) 100vw, 1024px\" \/><figcaption class=\"wp-element-caption\">O posicionamento correto do sof\u00e1 melhora a circula\u00e7\u00e3o e o conforto da sala<\/figcaption><\/figure>\n\n\n\n<h2 class=\"wp-block-heading\">Quais elementos valorizam essa nova disposi\u00e7\u00e3o do sof\u00e1?<\/h2>\n\n\n\n<p>Afastar o <strong>sof\u00e1 da parede abre espa\u00e7o para explorar melhor outros itens de decora\u00e7\u00e3o <\/strong>que refor\u00e7am a sensa\u00e7\u00e3o de amplitude. A escolha correta desses elementos faz toda a diferen\u00e7a no resultado final da sala de estar.<\/p>\n\n\n\n<p>Texturas, cores claras e ilumina\u00e7\u00e3o bem distribu\u00edda trabalham juntas para <strong>potencializar o efeito do layout<\/strong>, criando um ambiente mais elegante e convidativo.<\/p>\n\n\n\n<ul class=\"wp-block-list\">\n<li>Lumin\u00e1rias de piso ou abajures posicionados atr\u00e1s do sof\u00e1;<\/li>\n\n\n\n<li>Quadros ou pain\u00e9is discretos na parede, sem excesso de informa\u00e7\u00e3o;<\/li>\n\n\n\n<li>Cortinas leves que permitem a entrada de luz natural;<\/li>\n\n\n\n<li>Espelhos bem posicionados para refletir o ambiente.<\/li>\n<\/ul>\n\n\n\n<h2 class=\"wp-block-heading\">Esse truque funciona em salas pequenas?<\/h2>\n\n\n\n<p>Em espa\u00e7os reduzidos, a ideia de afastar o<strong> sof\u00e1 pode causar inseguran\u00e7a<\/strong>, mas o efeito costuma ser surpreendente. Quando bem planejado, o truque cria uma ilus\u00e3o de espa\u00e7o maior, evitando a sensa\u00e7\u00e3o de aperto comum em <a href=\"http:\/\/em.com.br\/emfoco\/2026\/01\/17\/se-a-sua-sala-de-estar-parece-pequena-e-sem-graca-voce-deve-colocar-em-pratica-este-truque-de-decoracao-que-lhe-permitira-ganhar-estilo\/\" target=\"_blank\" rel=\"noreferrer noopener\"><strong>salas pequenas<\/strong><\/a>.<\/p>\n\n\n\n<p>O segredo est\u00e1 em<strong> respeitar as propor\u00e7\u00f5es do ambiente<\/strong> e <strong>optar por sof\u00e1s com design mais leve<\/strong>, linhas retas e p\u00e9s aparentes. Esses detalhes visuais ajudam a manter a leveza e evitam que o m\u00f3vel pese na composi\u00e7\u00e3o.<\/p>\n\n\n\n<h2 class=\"wp-block-heading\">Como adaptar essa tend\u00eancia ao estilo da sua casa?<\/h2>\n\n\n\n<p>A versatilidade dessa proposta permite que ela funcione em diferentes estilos de decora\u00e7\u00e3o, do moderno ao cl\u00e1ssico. O importante \u00e9 harmonizar o sof\u00e1 com os demais m\u00f3veis e acabamentos do ambiente.<\/p>\n\n\n\n<p>Ao testar essa nova disposi\u00e7\u00e3o, vale observar o espa\u00e7o em diferentes momentos do dia e ajustar pequenos detalhes at\u00e9 alcan\u00e7ar o equil\u00edbrio ideal. O resultado \u00e9 uma <strong>sala de estar mais ampla<\/strong>, atual e confort\u00e1vel,<strong> sem necessidade de reformas ou grandes investimentos<\/strong>.<\/p>\n","protected":false},"excerpt":{"rendered":"<p>Repensar a posi\u00e7\u00e3o do sof\u00e1 pode ser o detalhe que faltava para transformar completamente a sala de estar, trazendo mais amplitude visual, conforto e sofistica\u00e7\u00e3o sem qualquer obra. A tend\u00eancia de 2026 mostra que afastar o sof\u00e1 da parede n\u00e3o \u00e9 apenas uma escolha est\u00e9tica, mas uma estrat\u00e9gia funcional que valoriza o espa\u00e7o, melhora a [&hellip;]<\/p>\n","protected":false},"author":28,"featured_media":162338,"comment_status":"open","ping_status":"open","sticky":false,"template":"","format":"standard","meta":{"jnews-multi-image_gallery":[],"jnews_single_post":{"format":"standard"},"jnews_primary_category":[],"jnews_social_meta":[],"jnews_override_counter":[],"footnotes":""},"categories":[8691],"tags":[8372,1706,6489,10626],"class_list":["post-162326","post","type-post","status-publish","format-standard","has-post-thumbnail","hentry","category-bem-estar","tag-circulacao","tag-espaco","tag-sala","tag-sofa"],"yoast_head":"<!-- This site is optimized with the Yoast SEO plugin v23.8 - https:\/\/yoast.com\/wordpress\/plugins\/seo\/ -->\n<title>Nunca mais vou colar meu sof\u00e1 na parede: o truque de 2026 que realmente amplia a sala de estar sem reforma, segundo arquitetos - Estado de Minas - Em foco<\/title>\n<meta name=\"description\" content=\"Afastar o sof\u00e1 da parede amplia a sala, melhora a circula\u00e7\u00e3o e cria um ambiente mais moderno, confort\u00e1vel e acolhedor.\" \/>\n<meta name=\"robots\" content=\"index, follow, max-snippet:-1, max-image-preview:large, max-video-preview:-1\" \/>\n<link rel=\"canonical\" href=\"https:\/\/www.em.com.br\/emfoco\/2026\/01\/30\/nunca-mais-vou-colar-meu-sofa-na-parede-o-truque-de-2026-que-realmente-amplia-a-sala-de-estar-sem-reforma-segundo-arquitetos\/\" \/>\n<meta property=\"og:locale\" content=\"pt_BR\" \/>\n<meta property=\"og:type\" content=\"article\" \/>\n<meta property=\"og:title\" content=\"Nunca mais vou colar meu sof\u00e1 na parede: o truque de 2026 que realmente amplia a sala de estar sem reforma, segundo arquitetos - Estado de Minas - Em foco\" \/>\n<meta property=\"og:description\" content=\"Afastar o sof\u00e1 da parede amplia a sala, melhora a circula\u00e7\u00e3o e cria um ambiente mais moderno, confort\u00e1vel e acolhedor.\" \/>\n<meta property=\"og:url\" content=\"https:\/\/www.em.com.br\/emfoco\/2026\/01\/30\/nunca-mais-vou-colar-meu-sofa-na-parede-o-truque-de-2026-que-realmente-amplia-a-sala-de-estar-sem-reforma-segundo-arquitetos\/\" \/>\n<meta property=\"og:site_name\" content=\"Estado de Minas - Em foco\" \/>\n<meta property=\"article:published_time\" content=\"2026-01-30T16:55:00+00:00\" \/>\n<meta property=\"article:modified_time\" content=\"2026-01-30T13:26:25+00:00\" \/>\n<meta property=\"og:image\" content=\"https:\/\/www.em.com.br\/emfoco\/wp-content\/uploads\/2026\/01\/Copia-de-Copia-de-Mural-marrom-2026-01-30T094321.463.jpg\" \/>\n\t<meta property=\"og:image:width\" content=\"1280\" \/>\n\t<meta property=\"og:image:height\" content=\"720\" \/>\n\t<meta property=\"og:image:type\" content=\"image\/jpeg\" \/>\n<meta name=\"author\" content=\"Elis Gabrielle Santos Souza\" \/>\n<meta name=\"twitter:card\" content=\"summary_large_image\" \/>\n<meta name=\"twitter:label1\" content=\"Escrito por\" \/>\n\t<meta name=\"twitter:data1\" content=\"Elis Gabrielle Santos Souza\" \/>\n\t<meta name=\"twitter:label2\" content=\"Est. tempo de leitura\" \/>\n\t<meta name=\"twitter:data2\" content=\"4 minutos\" \/>\n<!-- \/ Yoast SEO plugin. -->","yoast_head_json":{"title":"Nunca mais vou colar meu sof\u00e1 na parede: o truque de 2026 que realmente amplia a sala de estar sem reforma, segundo arquitetos - Estado de Minas - Em foco","description":"Afastar o sof\u00e1 da parede amplia a sala, melhora a circula\u00e7\u00e3o e cria um ambiente mais moderno, confort\u00e1vel e acolhedor.","robots":{"index":"index","follow":"follow","max-snippet":"max-snippet:-1","max-image-preview":"max-image-preview:large","max-video-preview":"max-video-preview:-1"},"canonical":"https:\/\/www.em.com.br\/emfoco\/2026\/01\/30\/nunca-mais-vou-colar-meu-sofa-na-parede-o-truque-de-2026-que-realmente-amplia-a-sala-de-estar-sem-reforma-segundo-arquitetos\/","og_locale":"pt_BR","og_type":"article","og_title":"Nunca mais vou colar meu sof\u00e1 na parede: o truque de 2026 que realmente amplia a sala de estar sem reforma, segundo arquitetos - Estado de Minas - Em foco","og_description":"Afastar o sof\u00e1 da parede amplia a sala, melhora a circula\u00e7\u00e3o e cria um ambiente mais moderno, confort\u00e1vel e acolhedor.","og_url":"https:\/\/www.em.com.br\/emfoco\/2026\/01\/30\/nunca-mais-vou-colar-meu-sofa-na-parede-o-truque-de-2026-que-realmente-amplia-a-sala-de-estar-sem-reforma-segundo-arquitetos\/","og_site_name":"Estado de Minas - Em foco","article_published_time":"2026-01-30T16:55:00+00:00","article_modified_time":"2026-01-30T13:26:25+00:00","og_image":[{"width":1280,"height":720,"url":"https:\/\/www.em.com.br\/emfoco\/wp-content\/uploads\/2026\/01\/Copia-de-Copia-de-Mural-marrom-2026-01-30T094321.463.jpg","type":"image\/jpeg"}],"author":"Elis Gabrielle Santos Souza","twitter_card":"summary_large_image","twitter_misc":{"Escrito por":"Elis Gabrielle Santos Souza","Est. tempo de leitura":"4 minutos"},"schema":{"@context":"https:\/\/schema.org","@graph":[{"@type":"WebPage","@id":"https:\/\/www.em.com.br\/emfoco\/2026\/01\/30\/nunca-mais-vou-colar-meu-sofa-na-parede-o-truque-de-2026-que-realmente-amplia-a-sala-de-estar-sem-reforma-segundo-arquitetos\/","url":"https:\/\/www.em.com.br\/emfoco\/2026\/01\/30\/nunca-mais-vou-colar-meu-sofa-na-parede-o-truque-de-2026-que-realmente-amplia-a-sala-de-estar-sem-reforma-segundo-arquitetos\/","name":"Nunca mais vou colar meu sof\u00e1 na parede: o truque de 2026 que realmente amplia a sala de estar sem reforma, segundo arquitetos - Estado de Minas - Em foco","isPartOf":{"@id":"https:\/\/www.em.com.br\/emfoco\/#website"},"primaryImageOfPage":{"@id":"https:\/\/www.em.com.br\/emfoco\/2026\/01\/30\/nunca-mais-vou-colar-meu-sofa-na-parede-o-truque-de-2026-que-realmente-amplia-a-sala-de-estar-sem-reforma-segundo-arquitetos\/#primaryimage"},"image":{"@id":"https:\/\/www.em.com.br\/emfoco\/2026\/01\/30\/nunca-mais-vou-colar-meu-sofa-na-parede-o-truque-de-2026-que-realmente-amplia-a-sala-de-estar-sem-reforma-segundo-arquitetos\/#primaryimage"},"thumbnailUrl":"https:\/\/www.em.com.br\/emfoco\/wp-content\/uploads\/2026\/01\/Copia-de-Copia-de-Mural-marrom-2026-01-30T094321.463.jpg","datePublished":"2026-01-30T16:55:00+00:00","dateModified":"2026-01-30T13:26:25+00:00","author":{"@id":"https:\/\/www.em.com.br\/emfoco\/#\/schema\/person\/0c545bffa944f9caa147d776b5f6f1f5"},"description":"Afastar o sof\u00e1 da parede amplia a sala, melhora a circula\u00e7\u00e3o e cria um ambiente mais moderno, confort\u00e1vel e acolhedor.","breadcrumb":{"@id":"https:\/\/www.em.com.br\/emfoco\/2026\/01\/30\/nunca-mais-vou-colar-meu-sofa-na-parede-o-truque-de-2026-que-realmente-amplia-a-sala-de-estar-sem-reforma-segundo-arquitetos\/#breadcrumb"},"inLanguage":"pt-BR","potentialAction":[{"@type":"ReadAction","target":["https:\/\/www.em.com.br\/emfoco\/2026\/01\/30\/nunca-mais-vou-colar-meu-sofa-na-parede-o-truque-de-2026-que-realmente-amplia-a-sala-de-estar-sem-reforma-segundo-arquitetos\/"]}]},{"@type":"ImageObject","inLanguage":"pt-BR","@id":"https:\/\/www.em.com.br\/emfoco\/2026\/01\/30\/nunca-mais-vou-colar-meu-sofa-na-parede-o-truque-de-2026-que-realmente-amplia-a-sala-de-estar-sem-reforma-segundo-arquitetos\/#primaryimage","url":"https:\/\/www.em.com.br\/emfoco\/wp-content\/uploads\/2026\/01\/Copia-de-Copia-de-Mural-marrom-2026-01-30T094321.463.jpg","contentUrl":"https:\/\/www.em.com.br\/emfoco\/wp-content\/uploads\/2026\/01\/Copia-de-Copia-de-Mural-marrom-2026-01-30T094321.463.jpg","width":1280,"height":720,"caption":"Afastar o sof\u00e1 da parede cria profundidade visual e amplia a sensa\u00e7\u00e3o de espa\u00e7o"},{"@type":"BreadcrumbList","@id":"https:\/\/www.em.com.br\/emfoco\/2026\/01\/30\/nunca-mais-vou-colar-meu-sofa-na-parede-o-truque-de-2026-que-realmente-amplia-a-sala-de-estar-sem-reforma-segundo-arquitetos\/#breadcrumb","itemListElement":[{"@type":"ListItem","position":1,"name":"In\u00edcio","item":"https:\/\/www.em.com.br\/emfoco\/"},{"@type":"ListItem","position":2,"name":"Nunca mais vou colar meu sof\u00e1 na parede: o truque de 2026 que realmente amplia a sala de estar sem reforma, segundo arquitetos"}]},{"@type":"WebSite","@id":"https:\/\/www.em.com.br\/emfoco\/#website","url":"https:\/\/www.em.com.br\/emfoco\/","name":"Estado de Minas - Em foco","description":"Acompanhe as \u00faltimas not\u00edcias e fique bem informado sobre tudo o que acontece em Minas Gerais, Brasil e no mundo.","potentialAction":[{"@type":"SearchAction","target":{"@type":"EntryPoint","urlTemplate":"https:\/\/www.em.com.br\/emfoco\/?s={search_term_string}"},"query-input":{"@type":"PropertyValueSpecification","valueRequired":true,"valueName":"search_term_string"}}],"inLanguage":"pt-BR"},{"@type":"Person","@id":"https:\/\/www.em.com.br\/emfoco\/#\/schema\/person\/0c545bffa944f9caa147d776b5f6f1f5","name":"Elis Gabrielle Santos Souza","image":{"@type":"ImageObject","inLanguage":"pt-BR","@id":"https:\/\/www.em.com.br\/emfoco\/#\/schema\/person\/image\/","url":"https:\/\/secure.gravatar.com\/avatar\/1dc86c254cebb74d9c8a14da612c52db?s=96&d=mm&r=g","contentUrl":"https:\/\/secure.gravatar.com\/avatar\/1dc86c254cebb74d9c8a14da612c52db?s=96&d=mm&r=g","caption":"Elis Gabrielle Santos Souza"},"sameAs":["https:\/\/www.em.com.br\/emfoco"],"url":"https:\/\/www.em.com.br\/emfoco\/author\/elis-myth\/"}]}},"_links":{"self":[{"href":"https:\/\/www.em.com.br\/emfoco\/wp-json\/wp\/v2\/posts\/162326","targetHints":{"allow":["GET"]}}],"collection":[{"href":"https:\/\/www.em.com.br\/emfoco\/wp-json\/wp\/v2\/posts"}],"about":[{"href":"https:\/\/www.em.com.br\/emfoco\/wp-json\/wp\/v2\/types\/post"}],"author":[{"embeddable":true,"href":"https:\/\/www.em.com.br\/emfoco\/wp-json\/wp\/v2\/users\/28"}],"replies":[{"embeddable":true,"href":"https:\/\/www.em.com.br\/emfoco\/wp-json\/wp\/v2\/comments?post=162326"}],"version-history":[{"count":3,"href":"https:\/\/www.em.com.br\/emfoco\/wp-json\/wp\/v2\/posts\/162326\/revisions"}],"predecessor-version":[{"id":162363,"href":"https:\/\/www.em.com.br\/emfoco\/wp-json\/wp\/v2\/posts\/162326\/revisions\/162363"}],"wp:featuredmedia":[{"embeddable":true,"href":"https:\/\/www.em.com.br\/emfoco\/wp-json\/wp\/v2\/media\/162338"}],"wp:attachment":[{"href":"https:\/\/www.em.com.br\/emfoco\/wp-json\/wp\/v2\/media?parent=162326"}],"wp:term":[{"taxonomy":"category","embeddable":true,"href":"https:\/\/www.em.com.br\/emfoco\/wp-json\/wp\/v2\/categories?post=162326"},{"taxonomy":"post_tag","embeddable":true,"href":"https:\/\/www.em.com.br\/emfoco\/wp-json\/wp\/v2\/tags?post=162326"}],"curies":[{"name":"wp","href":"https:\/\/api.w.org\/{rel}","templated":true}]}}