{"id":162314,"date":"2026-01-30T11:54:00","date_gmt":"2026-01-30T14:54:00","guid":{"rendered":"https:\/\/www.em.com.br\/emfoco\/?p=162314"},"modified":"2026-01-30T10:27:36","modified_gmt":"2026-01-30T13:27:36","slug":"chega-de-ilhas-de-cozinha-a-nova-tendencia-de-design-que-esta-substituindo-as-nas-cozinhas-residenciais","status":"publish","type":"post","link":"https:\/\/www.em.com.br\/emfoco\/2026\/01\/30\/chega-de-ilhas-de-cozinha-a-nova-tendencia-de-design-que-esta-substituindo-as-nas-cozinhas-residenciais\/","title":{"rendered":"Chega de ilhas de cozinha: a nova tend\u00eancia de design que est\u00e1 substituindo-as nas cozinhas residenciais"},"content":{"rendered":"\n<p>Durante anos, a <strong>ilha de cozinha<\/strong> foi vista como o<strong> grande s\u00edmbolo de status e funcionalidade nos projetos residenciais<\/strong>, por\u00e9m o comportamento das fam\u00edlias mudou e, com ele, as necessidades dentro de casa. Ambientes mais integrados,<strong> rotinas din\u00e2micas e espa\u00e7os menores fizeram surgir uma alternativa que une est\u00e9tica<\/strong>, praticidade e melhor aproveitamento da \u00e1rea dispon\u00edvel, trazendo as pen\u00ednsulas de volta ao centro do design de interiores.<\/p>\n\n\n\n<h2 class=\"wp-block-heading\">Por que as ilhas de cozinha est\u00e3o perdendo espa\u00e7o nos projetos atuais?<\/h2>\n\n\n\n<p>Apesar de<strong> visualmente impactantes<\/strong>, as ilhas de cozinha nem sempre atendem \u00e0s <strong>demandas reais do cotidiano dom\u00e9stico<\/strong>. Em muitas resid\u00eancias brasileiras, elas acabam ocupando \u00e1reas preciosas, dificultando a circula\u00e7\u00e3o e limitando outras possibilidades de uso do ambiente.<\/p>\n\n\n\n<p>Al\u00e9m disso, a busca por<strong> casas mais funcionais e acolhedoras<\/strong> impulsionou solu\u00e7\u00f5es que favorecem a conviv\u00eancia sem comprometer o espa\u00e7o. Antes de entender a ascens\u00e3o das pen\u00ednsulas, vale observar os principais motivos que est\u00e3o afastando as ilhas dos projetos contempor\u00e2neos.<\/p>\n\n\n\n<ul class=\"wp-block-list\">\n<li>Necessidade de \u00e1reas amplas para circula\u00e7\u00e3o confort\u00e1vel;<\/li>\n\n\n\n<li>Custo elevado de execu\u00e7\u00e3o e manuten\u00e7\u00e3o;<\/li>\n\n\n\n<li>Menor flexibilidade em cozinhas integradas.<\/li>\n<\/ul>\n\n\n\n<h2 class=\"wp-block-heading\">O que torna as pen\u00ednsulas a nova aposta para cozinhas residenciais?<\/h2>\n\n\n\n<p>As<strong> pen\u00ednsulas <\/strong>surgem como uma<strong> solu\u00e7\u00e3o inteligente para quem deseja funcionalidade sem abrir m\u00e3o do design<\/strong>. Conectadas a uma parede ou bancada existente, elas criam uma extens\u00e3o pr\u00e1tica que se adapta melhor \u00e0 maioria dos layouts residenciais.<\/p>\n\n\n\n<p>Esse formato favorece a<strong> integra\u00e7\u00e3o com <a href=\"https:\/\/www.em.com.br\/emfoco\/2026\/01\/29\/adeus-a-mesa-na-sala-de-estar-a-tendencia-de-decoracao-que-podera-substitui-la-em-2026\/\" target=\"_blank\" rel=\"noreferrer noopener\">salas de estar<\/a> ou jantar<\/strong>, algo cada vez mais valorizado em projetos atuais. Para entender por que elas est\u00e3o reconquistando espa\u00e7o, \u00e9 importante observar seus principais diferenciais no uso di\u00e1rio.<\/p>\n\n\n\n<ul class=\"wp-block-list\">\n<li>Otimiza\u00e7\u00e3o do espa\u00e7o em cozinhas m\u00e9dias e pequenas;<\/li>\n\n\n\n<li>Maior fluidez na circula\u00e7\u00e3o e no fluxo de trabalho;<\/li>\n\n\n\n<li>Versatilidade para refei\u00e7\u00f5es r\u00e1pidas e apoio funcional.<\/li>\n<\/ul>\n\n\n\n<figure class=\"wp-block-image size-large\"><img loading=\"lazy\" decoding=\"async\" width=\"1024\" height=\"576\" src=\"https:\/\/www.em.com.br\/emfoco\/wp-content\/uploads\/2026\/01\/Copia-de-Copia-de-Mural-marrom-2026-01-30T091605.320-1024x576.jpg\" alt=\"Chega de ilhas de cozinha: a nova tend\u00eancia de design que est\u00e1 substituindo-as nas cozinhas residenciais\" class=\"wp-image-162321\" srcset=\"https:\/\/www.em.com.br\/emfoco\/wp-content\/uploads\/2026\/01\/Copia-de-Copia-de-Mural-marrom-2026-01-30T091605.320-1024x576.jpg 1024w, https:\/\/www.em.com.br\/emfoco\/wp-content\/uploads\/2026\/01\/Copia-de-Copia-de-Mural-marrom-2026-01-30T091605.320-300x169.jpg 300w, https:\/\/www.em.com.br\/emfoco\/wp-content\/uploads\/2026\/01\/Copia-de-Copia-de-Mural-marrom-2026-01-30T091605.320-768x432.jpg 768w, https:\/\/www.em.com.br\/emfoco\/wp-content\/uploads\/2026\/01\/Copia-de-Copia-de-Mural-marrom-2026-01-30T091605.320-750x422.jpg 750w, https:\/\/www.em.com.br\/emfoco\/wp-content\/uploads\/2026\/01\/Copia-de-Copia-de-Mural-marrom-2026-01-30T091605.320-1140x641.jpg 1140w, https:\/\/www.em.com.br\/emfoco\/wp-content\/uploads\/2026\/01\/Copia-de-Copia-de-Mural-marrom-2026-01-30T091605.320.jpg 1280w\" sizes=\"auto, (max-width: 1024px) 100vw, 1024px\" \/><figcaption class=\"wp-element-caption\">A pen\u00ednsula melhora a circula\u00e7\u00e3o e amplia o uso di\u00e1rio da cozinha<\/figcaption><\/figure>\n\n\n\n<h2 class=\"wp-block-heading\">Como a pen\u00ednsula contribui para uma cozinha mais funcional?<\/h2>\n\n\n\n<p><strong>Funcionalidade <\/strong>\u00e9 uma das palavras mais buscadas quando o assunto \u00e9<strong> organiza\u00e7\u00e3o da casa<\/strong>. A pen\u00ednsula atende a essa demanda ao reunir m\u00faltiplas fun\u00e7\u00f5es em um \u00fanico elemento, sem comprometer o<strong> <a href=\"https:\/\/eventos.antac.org.br\/index.php\/entac\/article\/view\/2247\" target=\"_blank\" rel=\"noreferrer noopener\">conforto visual<\/a><\/strong> do ambiente.<\/p>\n\n\n\n<p>Ela pode funcionar como \u00e1rea de preparo, <strong>bancada para refei\u00e7\u00f5es<\/strong>, <strong>apoio para eletrodom\u00e9sticos ou at\u00e9 espa\u00e7o de trabalho,<\/strong> dependendo do projeto. Essa flexibilidade faz com que o ambiente se adapte melhor \u00e0s rotinas modernas.<\/p>\n\n\n\n<ul class=\"wp-block-list\">\n<li>Integra\u00e7\u00e3o eficiente entre preparo e conviv\u00eancia;<\/li>\n\n\n\n<li>Facilidade na instala\u00e7\u00e3o de arm\u00e1rios e nichos;<\/li>\n\n\n\n<li>Aproveitamento estrat\u00e9gico de pontos hidr\u00e1ulicos e el\u00e9tricos.<\/li>\n<\/ul>\n\n\n\n<h2 class=\"wp-block-heading\">Quais materiais e acabamentos valorizam o uso de pen\u00ednsulas?<\/h2>\n\n\n\n<p>Assim como qualquer <strong>elemento central da cozinha<\/strong>, a escolha dos materiais da pen\u00ednsula influencia diretamente no resultado est\u00e9tico e na durabilidade do projeto. Materiais resistentes e de f\u00e1cil manuten\u00e7\u00e3o s\u00e3o os mais indicados para o uso di\u00e1rio.<\/p>\n\n\n\n<p>Ao mesmo tempo, acabamentos bem escolhidos ajudam a<strong> criar unidade visual com o restante da casa<\/strong>, tornando a cozinha mais elegante e atemporal. Algumas op\u00e7\u00f5es se destacam pela combina\u00e7\u00e3o de beleza e praticidade.<\/p>\n\n\n\n<ul class=\"wp-block-list\">\n<li>Pedras naturais e superf\u00edcies industrializadas resistentes;<\/li>\n\n\n\n<li>Marcenaria sob medida com acabamento sofisticado;<\/li>\n\n\n\n<li>Revestimentos que dialogam com o restante do ambiente.<\/li>\n<\/ul>\n\n\n\n<h2 class=\"wp-block-heading\">Vale a pena substituir a ilha pela pen\u00ednsula em reformas?<\/h2>\n\n\n\n<p>Em muitos casos, a substitui\u00e7\u00e3o da ilha pela pen\u00ednsula \u00e9 uma<strong> decis\u00e3o estrat\u00e9gica durante reformas residenciais<\/strong>. Essa mudan\u00e7a pode melhorar significativamente a circula\u00e7\u00e3o e ampliar as possibilidades de uso do espa\u00e7o.<\/p>\n\n\n\n<p>Antes de optar pela altera\u00e7\u00e3o, \u00e9 essencial avaliar o layout, os h\u00e1bitos da fam\u00edlia e a integra\u00e7\u00e3o com outros ambientes da casa. Quando bem planejada, a pen\u00ednsula se torna um investimento funcional e est\u00e9tico para o longo prazo.<\/p>\n\n\n\n<ul class=\"wp-block-list\">\n<li>Melhoria na circula\u00e7\u00e3o e no conforto visual;<\/li>\n\n\n\n<li>Redu\u00e7\u00e3o de custos estruturais na reforma;<\/li>\n\n\n\n<li>Maior adapta\u00e7\u00e3o \u00e0s necessidades do dia a dia.<\/li>\n<\/ul>\n\n\n\n<p>Ao priorizar solu\u00e7\u00f5es que<strong> equilibram design, funcionalidade e aproveitamento inteligente do espa\u00e7o<\/strong>, a pen\u00ednsula se consolida como uma escolha alinhada \u00e0s novas formas de viver e usar a cozinha. Mais do que uma tend\u00eancia passageira, ela reflete um olhar atento \u00e0s necessidades reais da casa, valorizando ambientes pr\u00e1ticos, integrados e esteticamente harmoniosos, capazes de acompanhar a rotina e o<strong> estilo de vida contempor\u00e2neo<\/strong>.<\/p>\n","protected":false},"excerpt":{"rendered":"<p>Durante anos, a ilha de cozinha foi vista como o grande s\u00edmbolo de status e funcionalidade nos projetos residenciais, por\u00e9m o comportamento das fam\u00edlias mudou e, com ele, as necessidades dentro de casa. Ambientes mais integrados, rotinas din\u00e2micas e espa\u00e7os menores fizeram surgir uma alternativa que une est\u00e9tica, praticidade e melhor aproveitamento da \u00e1rea dispon\u00edvel, [&hellip;]<\/p>\n","protected":false},"author":28,"featured_media":162318,"comment_status":"open","ping_status":"open","sticky":false,"template":"","format":"standard","meta":{"jnews-multi-image_gallery":[],"jnews_single_post":{"format":"standard"},"jnews_primary_category":[],"jnews_social_meta":[],"jnews_override_counter":[],"footnotes":""},"categories":[8691],"tags":[3563,1706,14609,18795],"class_list":["post-162314","post","type-post","status-publish","format-standard","has-post-thumbnail","hentry","category-bem-estar","tag-cozinha","tag-espaco","tag-funcionalidade","tag-peninsula"],"yoast_head":"<!-- This site is optimized with the Yoast SEO plugin v23.8 - https:\/\/yoast.com\/wordpress\/plugins\/seo\/ -->\n<title>Chega de ilhas de cozinha: a nova tend\u00eancia de design que est\u00e1 substituindo-as nas cozinhas residenciais - Estado de Minas - Em foco<\/title>\n<meta name=\"description\" content=\"Pen\u00ednsulas ganham espa\u00e7o no design de cozinhas por otimizar \u00e1reas, melhorar a circula\u00e7\u00e3o e unir funcionalidade e est\u00e9tica.\" \/>\n<meta name=\"robots\" content=\"index, follow, max-snippet:-1, max-image-preview:large, max-video-preview:-1\" \/>\n<link rel=\"canonical\" href=\"https:\/\/www.em.com.br\/emfoco\/2026\/01\/30\/chega-de-ilhas-de-cozinha-a-nova-tendencia-de-design-que-esta-substituindo-as-nas-cozinhas-residenciais\/\" \/>\n<meta property=\"og:locale\" content=\"pt_BR\" \/>\n<meta property=\"og:type\" content=\"article\" \/>\n<meta property=\"og:title\" content=\"Chega de ilhas de cozinha: a nova tend\u00eancia de design que est\u00e1 substituindo-as nas cozinhas residenciais - Estado de Minas - Em foco\" \/>\n<meta property=\"og:description\" content=\"Pen\u00ednsulas ganham espa\u00e7o no design de cozinhas por otimizar \u00e1reas, melhorar a circula\u00e7\u00e3o e unir funcionalidade e est\u00e9tica.\" \/>\n<meta property=\"og:url\" content=\"https:\/\/www.em.com.br\/emfoco\/2026\/01\/30\/chega-de-ilhas-de-cozinha-a-nova-tendencia-de-design-que-esta-substituindo-as-nas-cozinhas-residenciais\/\" \/>\n<meta property=\"og:site_name\" content=\"Estado de Minas - Em foco\" \/>\n<meta property=\"article:published_time\" content=\"2026-01-30T14:54:00+00:00\" \/>\n<meta property=\"article:modified_time\" content=\"2026-01-30T13:27:36+00:00\" \/>\n<meta property=\"og:image\" content=\"https:\/\/www.em.com.br\/emfoco\/wp-content\/uploads\/2026\/01\/Copia-de-Copia-de-Mural-marrom-2026-01-30T091431.781.jpg\" \/>\n\t<meta property=\"og:image:width\" content=\"1280\" \/>\n\t<meta property=\"og:image:height\" content=\"720\" \/>\n\t<meta property=\"og:image:type\" content=\"image\/jpeg\" \/>\n<meta name=\"author\" content=\"Elis Gabrielle Santos Souza\" \/>\n<meta name=\"twitter:card\" content=\"summary_large_image\" \/>\n<meta name=\"twitter:label1\" content=\"Escrito por\" \/>\n\t<meta name=\"twitter:data1\" content=\"Elis Gabrielle Santos Souza\" \/>\n\t<meta name=\"twitter:label2\" content=\"Est. tempo de leitura\" \/>\n\t<meta name=\"twitter:data2\" content=\"5 minutos\" \/>\n<!-- \/ Yoast SEO plugin. -->","yoast_head_json":{"title":"Chega de ilhas de cozinha: a nova tend\u00eancia de design que est\u00e1 substituindo-as nas cozinhas residenciais - Estado de Minas - Em foco","description":"Pen\u00ednsulas ganham espa\u00e7o no design de cozinhas por otimizar \u00e1reas, melhorar a circula\u00e7\u00e3o e unir funcionalidade e est\u00e9tica.","robots":{"index":"index","follow":"follow","max-snippet":"max-snippet:-1","max-image-preview":"max-image-preview:large","max-video-preview":"max-video-preview:-1"},"canonical":"https:\/\/www.em.com.br\/emfoco\/2026\/01\/30\/chega-de-ilhas-de-cozinha-a-nova-tendencia-de-design-que-esta-substituindo-as-nas-cozinhas-residenciais\/","og_locale":"pt_BR","og_type":"article","og_title":"Chega de ilhas de cozinha: a nova tend\u00eancia de design que est\u00e1 substituindo-as nas cozinhas residenciais - Estado de Minas - Em foco","og_description":"Pen\u00ednsulas ganham espa\u00e7o no design de cozinhas por otimizar \u00e1reas, melhorar a circula\u00e7\u00e3o e unir funcionalidade e est\u00e9tica.","og_url":"https:\/\/www.em.com.br\/emfoco\/2026\/01\/30\/chega-de-ilhas-de-cozinha-a-nova-tendencia-de-design-que-esta-substituindo-as-nas-cozinhas-residenciais\/","og_site_name":"Estado de Minas - Em foco","article_published_time":"2026-01-30T14:54:00+00:00","article_modified_time":"2026-01-30T13:27:36+00:00","og_image":[{"width":1280,"height":720,"url":"https:\/\/www.em.com.br\/emfoco\/wp-content\/uploads\/2026\/01\/Copia-de-Copia-de-Mural-marrom-2026-01-30T091431.781.jpg","type":"image\/jpeg"}],"author":"Elis Gabrielle Santos Souza","twitter_card":"summary_large_image","twitter_misc":{"Escrito por":"Elis Gabrielle Santos Souza","Est. tempo de leitura":"5 minutos"},"schema":{"@context":"https:\/\/schema.org","@graph":[{"@type":"WebPage","@id":"https:\/\/www.em.com.br\/emfoco\/2026\/01\/30\/chega-de-ilhas-de-cozinha-a-nova-tendencia-de-design-que-esta-substituindo-as-nas-cozinhas-residenciais\/","url":"https:\/\/www.em.com.br\/emfoco\/2026\/01\/30\/chega-de-ilhas-de-cozinha-a-nova-tendencia-de-design-que-esta-substituindo-as-nas-cozinhas-residenciais\/","name":"Chega de ilhas de cozinha: a nova tend\u00eancia de design que est\u00e1 substituindo-as nas cozinhas residenciais - Estado de Minas - Em foco","isPartOf":{"@id":"https:\/\/www.em.com.br\/emfoco\/#website"},"primaryImageOfPage":{"@id":"https:\/\/www.em.com.br\/emfoco\/2026\/01\/30\/chega-de-ilhas-de-cozinha-a-nova-tendencia-de-design-que-esta-substituindo-as-nas-cozinhas-residenciais\/#primaryimage"},"image":{"@id":"https:\/\/www.em.com.br\/emfoco\/2026\/01\/30\/chega-de-ilhas-de-cozinha-a-nova-tendencia-de-design-que-esta-substituindo-as-nas-cozinhas-residenciais\/#primaryimage"},"thumbnailUrl":"https:\/\/www.em.com.br\/emfoco\/wp-content\/uploads\/2026\/01\/Copia-de-Copia-de-Mural-marrom-2026-01-30T091431.781.jpg","datePublished":"2026-01-30T14:54:00+00:00","dateModified":"2026-01-30T13:27:36+00:00","author":{"@id":"https:\/\/www.em.com.br\/emfoco\/#\/schema\/person\/0c545bffa944f9caa147d776b5f6f1f5"},"description":"Pen\u00ednsulas ganham espa\u00e7o no design de cozinhas por otimizar \u00e1reas, melhorar a circula\u00e7\u00e3o e unir funcionalidade e est\u00e9tica.","breadcrumb":{"@id":"https:\/\/www.em.com.br\/emfoco\/2026\/01\/30\/chega-de-ilhas-de-cozinha-a-nova-tendencia-de-design-que-esta-substituindo-as-nas-cozinhas-residenciais\/#breadcrumb"},"inLanguage":"pt-BR","potentialAction":[{"@type":"ReadAction","target":["https:\/\/www.em.com.br\/emfoco\/2026\/01\/30\/chega-de-ilhas-de-cozinha-a-nova-tendencia-de-design-que-esta-substituindo-as-nas-cozinhas-residenciais\/"]}]},{"@type":"ImageObject","inLanguage":"pt-BR","@id":"https:\/\/www.em.com.br\/emfoco\/2026\/01\/30\/chega-de-ilhas-de-cozinha-a-nova-tendencia-de-design-que-esta-substituindo-as-nas-cozinhas-residenciais\/#primaryimage","url":"https:\/\/www.em.com.br\/emfoco\/wp-content\/uploads\/2026\/01\/Copia-de-Copia-de-Mural-marrom-2026-01-30T091431.781.jpg","contentUrl":"https:\/\/www.em.com.br\/emfoco\/wp-content\/uploads\/2026\/01\/Copia-de-Copia-de-Mural-marrom-2026-01-30T091431.781.jpg","width":1280,"height":720,"caption":"A pen\u00ednsula surge como alternativa funcional \u00e0s ilhas em cozinhas contempor\u00e2neas"},{"@type":"BreadcrumbList","@id":"https:\/\/www.em.com.br\/emfoco\/2026\/01\/30\/chega-de-ilhas-de-cozinha-a-nova-tendencia-de-design-que-esta-substituindo-as-nas-cozinhas-residenciais\/#breadcrumb","itemListElement":[{"@type":"ListItem","position":1,"name":"In\u00edcio","item":"https:\/\/www.em.com.br\/emfoco\/"},{"@type":"ListItem","position":2,"name":"Chega de ilhas de cozinha: a nova tend\u00eancia de design que est\u00e1 substituindo-as nas cozinhas residenciais"}]},{"@type":"WebSite","@id":"https:\/\/www.em.com.br\/emfoco\/#website","url":"https:\/\/www.em.com.br\/emfoco\/","name":"Estado de Minas - Em foco","description":"Acompanhe as \u00faltimas not\u00edcias e fique bem informado sobre tudo o que acontece em Minas Gerais, Brasil e no mundo.","potentialAction":[{"@type":"SearchAction","target":{"@type":"EntryPoint","urlTemplate":"https:\/\/www.em.com.br\/emfoco\/?s={search_term_string}"},"query-input":{"@type":"PropertyValueSpecification","valueRequired":true,"valueName":"search_term_string"}}],"inLanguage":"pt-BR"},{"@type":"Person","@id":"https:\/\/www.em.com.br\/emfoco\/#\/schema\/person\/0c545bffa944f9caa147d776b5f6f1f5","name":"Elis Gabrielle Santos Souza","image":{"@type":"ImageObject","inLanguage":"pt-BR","@id":"https:\/\/www.em.com.br\/emfoco\/#\/schema\/person\/image\/","url":"https:\/\/secure.gravatar.com\/avatar\/1dc86c254cebb74d9c8a14da612c52db?s=96&d=mm&r=g","contentUrl":"https:\/\/secure.gravatar.com\/avatar\/1dc86c254cebb74d9c8a14da612c52db?s=96&d=mm&r=g","caption":"Elis Gabrielle Santos Souza"},"sameAs":["https:\/\/www.em.com.br\/emfoco"],"url":"https:\/\/www.em.com.br\/emfoco\/author\/elis-myth\/"}]}},"_links":{"self":[{"href":"https:\/\/www.em.com.br\/emfoco\/wp-json\/wp\/v2\/posts\/162314","targetHints":{"allow":["GET"]}}],"collection":[{"href":"https:\/\/www.em.com.br\/emfoco\/wp-json\/wp\/v2\/posts"}],"about":[{"href":"https:\/\/www.em.com.br\/emfoco\/wp-json\/wp\/v2\/types\/post"}],"author":[{"embeddable":true,"href":"https:\/\/www.em.com.br\/emfoco\/wp-json\/wp\/v2\/users\/28"}],"replies":[{"embeddable":true,"href":"https:\/\/www.em.com.br\/emfoco\/wp-json\/wp\/v2\/comments?post=162314"}],"version-history":[{"count":3,"href":"https:\/\/www.em.com.br\/emfoco\/wp-json\/wp\/v2\/posts\/162314\/revisions"}],"predecessor-version":[{"id":162365,"href":"https:\/\/www.em.com.br\/emfoco\/wp-json\/wp\/v2\/posts\/162314\/revisions\/162365"}],"wp:featuredmedia":[{"embeddable":true,"href":"https:\/\/www.em.com.br\/emfoco\/wp-json\/wp\/v2\/media\/162318"}],"wp:attachment":[{"href":"https:\/\/www.em.com.br\/emfoco\/wp-json\/wp\/v2\/media?parent=162314"}],"wp:term":[{"taxonomy":"category","embeddable":true,"href":"https:\/\/www.em.com.br\/emfoco\/wp-json\/wp\/v2\/categories?post=162314"},{"taxonomy":"post_tag","embeddable":true,"href":"https:\/\/www.em.com.br\/emfoco\/wp-json\/wp\/v2\/tags?post=162314"}],"curies":[{"name":"wp","href":"https:\/\/api.w.org\/{rel}","templated":true}]}}