{"id":16229,"date":"2025-02-04T16:00:48","date_gmt":"2025-02-04T19:00:48","guid":{"rendered":"https:\/\/www.em.com.br\/emfoco\/?p=16229"},"modified":"2025-02-03T14:04:34","modified_gmt":"2025-02-03T17:04:34","slug":"openai-apresenta-o3-mini-sua-nova-ia-de-raciocinio-logico","status":"publish","type":"post","link":"https:\/\/www.em.com.br\/emfoco\/2025\/02\/04\/openai-apresenta-o3-mini-sua-nova-ia-de-raciocinio-logico\/","title":{"rendered":"OpenAI apresenta o3-mini, sua nova IA de racioc\u00ednio l\u00f3gico."},"content":{"rendered":"\n<p>Recentemente, a <strong>OpenAI <\/strong>anunciou o lan\u00e7amento do<strong> o3-mini<\/strong>, seu mais novo modelo de intelig\u00eancia artificial focado em <strong>racioc\u00ednio l\u00f3gico<\/strong>. Este modelo promete ser uma op\u00e7\u00e3o mais <strong>econ\u00f4mica <\/strong>e <strong>eficiente <\/strong>para a resolu\u00e7\u00e3o de problemas complexos. A chegada do o3-mini coincide com o surgimento da <strong><a href=\"https:\/\/chat.deepseek.com\/\" target=\"_blank\" rel=\"noreferrer noopener\">DeepSeek<\/a><\/strong>, uma <strong>startup chinesa<\/strong> que entrou no mercado de IA, gerando expectativas e aumentando a competitividade na ind\u00fastria de tecnologia.<\/p>\n\n\n\n<p>O o3-mini foi projetado para manejar <strong>quest\u00f5es desafiadoras<\/strong>, destacando-se em <strong>\u00e1reas como ci\u00eancia<\/strong>, <strong>matem\u00e1tica <\/strong>e <strong>programa\u00e7\u00e3o<\/strong>. Os desenvolvedores t\u00eam a capacidade de ajustar o n\u00edvel de racioc\u00ednio do modelo, adaptando-o \u00e0s necessidades espec\u00edficas de cada situa\u00e7\u00e3o, o que pode variar em complexidade.<\/p>\n\n\n\n<h2 class=\"wp-block-heading\">Qual \u00e9 o diferencial do o3-mini?<\/h2>\n\n\n\n<p>Diferentemente de muitos modelos de linguagem ampla, o o3-mini da OpenAI realiza uma verifica\u00e7\u00e3o minuciosa antes de apresentar suas respostas. Essa abordagem visa reduzir a ocorr\u00eancia de erros comuns associados a estas tecnologias, tornando o modelo mais confi\u00e1vel, especialmente em disciplinas t\u00e9cnicas como a f\u00edsica.<\/p>\n\n\n\n<p>Embora o processo para chegar a uma solu\u00e7\u00e3o possa ser mais demorado, a <strong>robustez <\/strong>do o3-mini compensa a espera com <strong>resultados mais precisos<\/strong>. Este sistema est\u00e1 projetado para lidar com o espectro completo de <strong>racioc\u00ednio<\/strong>, oferecendo ajustes de racioc\u00ednio baixo, m\u00e9dio ou alto aos usu\u00e1rios, dependendo da complexidade do problema.<\/p>\n\n\n<div class=\"wp-block-image\">\n<figure class=\"aligncenter size-large\"><img loading=\"lazy\" decoding=\"async\" width=\"1024\" height=\"576\" src=\"https:\/\/www.em.com.br\/emfoco\/wp-content\/uploads\/2025\/01\/chat-gpt_1737902489071-1024x576.jpg\" alt=\"\" class=\"wp-image-13814\" srcset=\"https:\/\/www.em.com.br\/emfoco\/wp-content\/uploads\/2025\/01\/chat-gpt_1737902489071-1024x576.jpg 1024w, https:\/\/www.em.com.br\/emfoco\/wp-content\/uploads\/2025\/01\/chat-gpt_1737902489071-300x169.jpg 300w, https:\/\/www.em.com.br\/emfoco\/wp-content\/uploads\/2025\/01\/chat-gpt_1737902489071-768x432.jpg 768w, https:\/\/www.em.com.br\/emfoco\/wp-content\/uploads\/2025\/01\/chat-gpt_1737902489071-750x422.jpg 750w, https:\/\/www.em.com.br\/emfoco\/wp-content\/uploads\/2025\/01\/chat-gpt_1737902489071-1140x641.jpg 1140w, https:\/\/www.em.com.br\/emfoco\/wp-content\/uploads\/2025\/01\/chat-gpt_1737902489071.jpg 1280w\" sizes=\"auto, (max-width: 1024px) 100vw, 1024px\" \/><figcaption class=\"wp-element-caption\">Imagem ilustrativa do CHATGPT &#8211; Cr\u00e9ditos: depositphotos.com \/ photo_pw<\/figcaption><\/figure><\/div>\n\n\n<h2 class=\"wp-block-heading\">Quais s\u00e3o os benef\u00edcios e limites de acesso ao o3-mini?<\/h2>\n\n\n\n<p>O o3-mini foi integrado ao <strong>ChatGPT<\/strong>, permitindo que todos os usu\u00e1rios explorem suas capacidades por meio do novo bot\u00e3o &#8220;<strong>Reason<\/strong>&#8221; ou &#8220;<strong>Refletir<\/strong>&#8221; na interface de conversa\u00e7\u00e3o. Entretanto, a quantidade de consultas di\u00e1rias pode variar conforme o plano de assinatura. Usu\u00e1rios do <strong>ChatGPT Plus e Team<\/strong> t\u00eam um limite de 150 consultas di\u00e1rias, enquanto os assinantes do <strong>ChatGPT Pro desfrutam de acesso ilimitado<\/strong>.<\/p>\n\n\n\n<p>Al\u00e9m disso, a <a href=\"https:\/\/www.em.com.br\/emfoco\/?s=ChatGPT\" target=\"_blank\" rel=\"noreferrer noopener\">OpenAI <\/a>planeja expandir o acesso ao o3-mini para usu\u00e1rios dos planos <strong>ChatGPT Enterprise<\/strong> e<strong> ChatGPT Edu <\/strong>em breve. Por\u00e9m, no lan\u00e7amento inicial, o modelo n\u00e3o oferecer\u00e1 suporte para a an\u00e1lise de imagens, destinando-se principalmente a desafios textuais.<\/p>\n\n\n\n<h2 class=\"wp-block-heading\">O futuro do o3-mini no mercado de IA<\/h2>\n\n\n\n<p>A introdu\u00e7\u00e3o do o3-mini representa um passo significativo para a <strong>OpenAI <\/strong>em sua miss\u00e3o de aprimorar modelos de racioc\u00ednio l\u00f3gico. Com a crescente demanda por solu\u00e7\u00f5es confi\u00e1veis em \u00e1reas complexas, este modelo tem potencial para se tornar um recurso de valor para desenvolvedores e empresas.<\/p>\n\n\n\n<p>Al\u00e9m disso, o car\u00e1ter modular do o3-mini, que se adapta a diferentes tipos de problemas e complexidades, oferece uma versatilidade atraente para usu\u00e1rios na busca por resultados precisos. \u00c0 medida que o desenvolvimento tecnol\u00f3gico avan\u00e7a, \u00e9 esperado que modelos como o o3-mini continuem a evoluir, aumentando ainda mais suas capacidades e aplica\u00e7\u00f5es.<\/p>\n","protected":false},"excerpt":{"rendered":"<p>Recentemente, a OpenAI anunciou o lan\u00e7amento do o3-mini, seu mais novo modelo de intelig\u00eancia artificial focado em racioc\u00ednio l\u00f3gico. Este modelo promete ser uma op\u00e7\u00e3o mais econ\u00f4mica e eficiente para a resolu\u00e7\u00e3o de problemas complexos. A chegada do o3-mini coincide com o surgimento da DeepSeek, uma startup chinesa que entrou no mercado de IA, gerando [&hellip;]<\/p>\n","protected":false},"author":9,"featured_media":16232,"comment_status":"open","ping_status":"open","sticky":false,"template":"","format":"standard","meta":{"jnews-multi-image_gallery":[],"jnews_single_post":{"format":"standard"},"jnews_primary_category":[],"jnews_social_meta":[],"jnews_override_counter":[],"footnotes":""},"categories":[138,1,4204],"tags":[4143,1249,4517,161],"class_list":["post-16229","post","type-post","status-publish","format-standard","has-post-thumbnail","hentry","category-mundo","category-noticias","category-tecnologia","tag-chatgpt","tag-inteligencia-artificial","tag-openia","tag-tecnologia"],"yoast_head":"<!-- This site is optimized with the Yoast SEO plugin v23.8 - https:\/\/yoast.com\/wordpress\/plugins\/seo\/ -->\n<title>OpenAI apresenta o3-mini, sua nova IA de racioc\u00ednio l\u00f3gico.<\/title>\n<meta name=\"description\" content=\"OpenAI lan\u00e7a o3-mini, focado em racioc\u00ednio l\u00f3gico, enquanto a startup DeepSeek entra no mercado, aumentando a competi\u00e7\u00e3o no setor.\" \/>\n<meta name=\"robots\" content=\"index, follow, max-snippet:-1, max-image-preview:large, max-video-preview:-1\" \/>\n<link rel=\"canonical\" href=\"https:\/\/www.em.com.br\/emfoco\/2025\/02\/04\/openai-apresenta-o3-mini-sua-nova-ia-de-raciocinio-logico\/\" \/>\n<meta property=\"og:locale\" content=\"pt_BR\" \/>\n<meta property=\"og:type\" content=\"article\" \/>\n<meta property=\"og:title\" content=\"OpenAI apresenta o3-mini, sua nova IA de racioc\u00ednio l\u00f3gico.\" \/>\n<meta property=\"og:description\" content=\"OpenAI lan\u00e7a o3-mini, focado em racioc\u00ednio l\u00f3gico, enquanto a startup DeepSeek entra no mercado, aumentando a competi\u00e7\u00e3o no setor.\" \/>\n<meta property=\"og:url\" content=\"https:\/\/www.em.com.br\/emfoco\/2025\/02\/04\/openai-apresenta-o3-mini-sua-nova-ia-de-raciocinio-logico\/\" \/>\n<meta property=\"og:site_name\" content=\"Estado de Minas - Em foco\" \/>\n<meta property=\"article:published_time\" content=\"2025-02-04T19:00:48+00:00\" \/>\n<meta property=\"article:modified_time\" content=\"2025-02-03T17:04:34+00:00\" \/>\n<meta property=\"og:image\" content=\"https:\/\/www.em.com.br\/emfoco\/wp-content\/uploads\/2025\/02\/chatgpt_1738559779394.jpg\" \/>\n\t<meta property=\"og:image:width\" content=\"1280\" \/>\n\t<meta property=\"og:image:height\" content=\"720\" \/>\n\t<meta property=\"og:image:type\" content=\"image\/jpeg\" \/>\n<meta name=\"author\" content=\"Daniely Cardoso\" \/>\n<meta name=\"twitter:card\" content=\"summary_large_image\" \/>\n<meta name=\"twitter:label1\" content=\"Escrito por\" \/>\n\t<meta name=\"twitter:data1\" content=\"Daniely Cardoso\" \/>\n\t<meta name=\"twitter:label2\" content=\"Est. tempo de leitura\" \/>\n\t<meta name=\"twitter:data2\" content=\"3 minutos\" \/>\n<!-- \/ Yoast SEO plugin. -->","yoast_head_json":{"title":"OpenAI apresenta o3-mini, sua nova IA de racioc\u00ednio l\u00f3gico.","description":"OpenAI lan\u00e7a o3-mini, focado em racioc\u00ednio l\u00f3gico, enquanto a startup DeepSeek entra no mercado, aumentando a competi\u00e7\u00e3o no setor.","robots":{"index":"index","follow":"follow","max-snippet":"max-snippet:-1","max-image-preview":"max-image-preview:large","max-video-preview":"max-video-preview:-1"},"canonical":"https:\/\/www.em.com.br\/emfoco\/2025\/02\/04\/openai-apresenta-o3-mini-sua-nova-ia-de-raciocinio-logico\/","og_locale":"pt_BR","og_type":"article","og_title":"OpenAI apresenta o3-mini, sua nova IA de racioc\u00ednio l\u00f3gico.","og_description":"OpenAI lan\u00e7a o3-mini, focado em racioc\u00ednio l\u00f3gico, enquanto a startup DeepSeek entra no mercado, aumentando a competi\u00e7\u00e3o no setor.","og_url":"https:\/\/www.em.com.br\/emfoco\/2025\/02\/04\/openai-apresenta-o3-mini-sua-nova-ia-de-raciocinio-logico\/","og_site_name":"Estado de Minas - Em foco","article_published_time":"2025-02-04T19:00:48+00:00","article_modified_time":"2025-02-03T17:04:34+00:00","og_image":[{"width":1280,"height":720,"url":"https:\/\/www.em.com.br\/emfoco\/wp-content\/uploads\/2025\/02\/chatgpt_1738559779394.jpg","type":"image\/jpeg"}],"author":"Daniely Cardoso","twitter_card":"summary_large_image","twitter_misc":{"Escrito por":"Daniely Cardoso","Est. tempo de leitura":"3 minutos"},"schema":{"@context":"https:\/\/schema.org","@graph":[{"@type":"WebPage","@id":"https:\/\/www.em.com.br\/emfoco\/2025\/02\/04\/openai-apresenta-o3-mini-sua-nova-ia-de-raciocinio-logico\/","url":"https:\/\/www.em.com.br\/emfoco\/2025\/02\/04\/openai-apresenta-o3-mini-sua-nova-ia-de-raciocinio-logico\/","name":"OpenAI apresenta o3-mini, sua nova IA de racioc\u00ednio l\u00f3gico.","isPartOf":{"@id":"https:\/\/www.em.com.br\/emfoco\/#website"},"primaryImageOfPage":{"@id":"https:\/\/www.em.com.br\/emfoco\/2025\/02\/04\/openai-apresenta-o3-mini-sua-nova-ia-de-raciocinio-logico\/#primaryimage"},"image":{"@id":"https:\/\/www.em.com.br\/emfoco\/2025\/02\/04\/openai-apresenta-o3-mini-sua-nova-ia-de-raciocinio-logico\/#primaryimage"},"thumbnailUrl":"https:\/\/www.em.com.br\/emfoco\/wp-content\/uploads\/2025\/02\/chatgpt_1738559779394.jpg","datePublished":"2025-02-04T19:00:48+00:00","dateModified":"2025-02-03T17:04:34+00:00","author":{"@id":"https:\/\/www.em.com.br\/emfoco\/#\/schema\/person\/0a8186d72f2c3a5c6276d90b41f271a0"},"description":"OpenAI lan\u00e7a o3-mini, focado em racioc\u00ednio l\u00f3gico, enquanto a startup DeepSeek entra no mercado, aumentando a competi\u00e7\u00e3o no setor.","breadcrumb":{"@id":"https:\/\/www.em.com.br\/emfoco\/2025\/02\/04\/openai-apresenta-o3-mini-sua-nova-ia-de-raciocinio-logico\/#breadcrumb"},"inLanguage":"pt-BR","potentialAction":[{"@type":"ReadAction","target":["https:\/\/www.em.com.br\/emfoco\/2025\/02\/04\/openai-apresenta-o3-mini-sua-nova-ia-de-raciocinio-logico\/"]}]},{"@type":"ImageObject","inLanguage":"pt-BR","@id":"https:\/\/www.em.com.br\/emfoco\/2025\/02\/04\/openai-apresenta-o3-mini-sua-nova-ia-de-raciocinio-logico\/#primaryimage","url":"https:\/\/www.em.com.br\/emfoco\/wp-content\/uploads\/2025\/02\/chatgpt_1738559779394.jpg","contentUrl":"https:\/\/www.em.com.br\/emfoco\/wp-content\/uploads\/2025\/02\/chatgpt_1738559779394.jpg","width":1280,"height":720,"caption":"Imagem ilustrativa de usu\u00e1rio usando ChatGPT - Cr\u00e9ditos: depositphotos.com \/ KTStock"},{"@type":"BreadcrumbList","@id":"https:\/\/www.em.com.br\/emfoco\/2025\/02\/04\/openai-apresenta-o3-mini-sua-nova-ia-de-raciocinio-logico\/#breadcrumb","itemListElement":[{"@type":"ListItem","position":1,"name":"In\u00edcio","item":"https:\/\/www.em.com.br\/emfoco\/"},{"@type":"ListItem","position":2,"name":"OpenAI apresenta o3-mini, sua nova IA de racioc\u00ednio l\u00f3gico."}]},{"@type":"WebSite","@id":"https:\/\/www.em.com.br\/emfoco\/#website","url":"https:\/\/www.em.com.br\/emfoco\/","name":"Estado de Minas - Em foco","description":"Acompanhe as \u00faltimas not\u00edcias e fique bem informado sobre tudo o que acontece em Minas Gerais, Brasil e no mundo.","potentialAction":[{"@type":"SearchAction","target":{"@type":"EntryPoint","urlTemplate":"https:\/\/www.em.com.br\/emfoco\/?s={search_term_string}"},"query-input":{"@type":"PropertyValueSpecification","valueRequired":true,"valueName":"search_term_string"}}],"inLanguage":"pt-BR"},{"@type":"Person","@id":"https:\/\/www.em.com.br\/emfoco\/#\/schema\/person\/0a8186d72f2c3a5c6276d90b41f271a0","name":"Daniely Cardoso","image":{"@type":"ImageObject","inLanguage":"pt-BR","@id":"https:\/\/www.em.com.br\/emfoco\/#\/schema\/person\/image\/","url":"https:\/\/secure.gravatar.com\/avatar\/4b80ddbd124d1f071b626d52d62e5dff?s=96&d=mm&r=g","contentUrl":"https:\/\/secure.gravatar.com\/avatar\/4b80ddbd124d1f071b626d52d62e5dff?s=96&d=mm&r=g","caption":"Daniely Cardoso"},"url":"https:\/\/www.em.com.br\/emfoco\/author\/danielymyth\/"}]}},"_links":{"self":[{"href":"https:\/\/www.em.com.br\/emfoco\/wp-json\/wp\/v2\/posts\/16229","targetHints":{"allow":["GET"]}}],"collection":[{"href":"https:\/\/www.em.com.br\/emfoco\/wp-json\/wp\/v2\/posts"}],"about":[{"href":"https:\/\/www.em.com.br\/emfoco\/wp-json\/wp\/v2\/types\/post"}],"author":[{"embeddable":true,"href":"https:\/\/www.em.com.br\/emfoco\/wp-json\/wp\/v2\/users\/9"}],"replies":[{"embeddable":true,"href":"https:\/\/www.em.com.br\/emfoco\/wp-json\/wp\/v2\/comments?post=16229"}],"version-history":[{"count":4,"href":"https:\/\/www.em.com.br\/emfoco\/wp-json\/wp\/v2\/posts\/16229\/revisions"}],"predecessor-version":[{"id":16234,"href":"https:\/\/www.em.com.br\/emfoco\/wp-json\/wp\/v2\/posts\/16229\/revisions\/16234"}],"wp:featuredmedia":[{"embeddable":true,"href":"https:\/\/www.em.com.br\/emfoco\/wp-json\/wp\/v2\/media\/16232"}],"wp:attachment":[{"href":"https:\/\/www.em.com.br\/emfoco\/wp-json\/wp\/v2\/media?parent=16229"}],"wp:term":[{"taxonomy":"category","embeddable":true,"href":"https:\/\/www.em.com.br\/emfoco\/wp-json\/wp\/v2\/categories?post=16229"},{"taxonomy":"post_tag","embeddable":true,"href":"https:\/\/www.em.com.br\/emfoco\/wp-json\/wp\/v2\/tags?post=16229"}],"curies":[{"name":"wp","href":"https:\/\/api.w.org\/{rel}","templated":true}]}}