{"id":162234,"date":"2026-01-30T09:05:00","date_gmt":"2026-01-30T12:05:00","guid":{"rendered":"https:\/\/www.em.com.br\/emfoco\/?p=162234"},"modified":"2026-01-29T20:12:07","modified_gmt":"2026-01-29T23:12:07","slug":"o-ritual-oriental-que-vem-transformando-o-bem-estar-moderno","status":"publish","type":"post","link":"https:\/\/www.em.com.br\/emfoco\/2026\/01\/30\/o-ritual-oriental-que-vem-transformando-o-bem-estar-moderno\/","title":{"rendered":"O ritual oriental que vem transformando o bem-estar moderno"},"content":{"rendered":"\n<p>A busca por equil\u00edbrio e bem-estar em um mundo acelerado tem levado muitas pessoas a explorarem terapias alternativas. Cada vez mais popular, a\u00a0<strong>Massagem Ayurv\u00e9dica<\/strong>\u00a0\u00e9 uma pr\u00e1tica milenar que se destaca pelos seus efeitos rejuvenescedores e relaxantes. Origin\u00e1ria da \u00cdndia, essa t\u00e9cnica integra o sistema de sa\u00fade tradicional conhecido como\u00a0<em>Ayurveda<\/em>, que aborda a sa\u00fade de maneira hol\u00edstica, considerando corpo, mente e esp\u00edrito como um s\u00f3.<\/p>\n\n\n\n<p>Essencialmente, a massagem ayurv\u00e9dica utiliza manobras precisas que visam trabalhar profundamente na musculatura e nas articula\u00e7\u00f5es. Ao contr\u00e1rio de outros m\u00e9todos, ela incorpora movimentos derivados do&nbsp;<em>yoga<\/em>&nbsp;e utiliza uma combina\u00e7\u00e3o \u00fanica de \u00f3leos essenciais para potencializar seus benef\u00edcios. O objetivo \u00e9 liberar tens\u00f5es, promovendo um al\u00edvio n\u00e3o apenas f\u00edsico, mas tamb\u00e9m emocional, promovendo uma sensa\u00e7\u00e3o duradoura de bem-estar.<\/p>\n\n\n\n<h2 class=\"wp-block-heading\">Como a massagem ayurv\u00e9dica pode melhorar a qualidade de vida?<\/h2>\n\n\n\n<p>Um dos principais benef\u00edcios da massagem ayurv\u00e9dica \u00e9 o est\u00edmulo \u00e0 circula\u00e7\u00e3o sangu\u00ednea e linf\u00e1tica. Os \u00f3leos utilizados durante a sess\u00e3o t\u00eam propriedades nutritivas que n\u00e3o s\u00f3 relaxam os m\u00fasculos, mas tamb\u00e9m melhoram a textura da pele. Al\u00e9m disso, eles s\u00e3o escolhidos para atender \u00e0s necessidades espec\u00edficas de cada indiv\u00edduo, levando em conta seu&nbsp;<em>dosha<\/em>&nbsp;&#8211; um conceito ayurv\u00e9dico que classifica os tipos corporais em&nbsp;<strong>Vata<\/strong>,&nbsp;<strong>Pitta<\/strong>, e&nbsp;<strong>Kapha<\/strong>.<\/p>\n\n\n<div class=\"wp-block-image\">\n<figure class=\"aligncenter size-large\"><img loading=\"lazy\" decoding=\"async\" width=\"1024\" height=\"576\" src=\"https:\/\/www.em.com.br\/emfoco\/wp-content\/uploads\/2026\/01\/Massagem-Ayurvedica_1769728288484-1024x576.jpg\" alt=\"\" class=\"wp-image-162235\" srcset=\"https:\/\/www.em.com.br\/emfoco\/wp-content\/uploads\/2026\/01\/Massagem-Ayurvedica_1769728288484-1024x576.jpg 1024w, https:\/\/www.em.com.br\/emfoco\/wp-content\/uploads\/2026\/01\/Massagem-Ayurvedica_1769728288484-300x169.jpg 300w, https:\/\/www.em.com.br\/emfoco\/wp-content\/uploads\/2026\/01\/Massagem-Ayurvedica_1769728288484-768x432.jpg 768w, https:\/\/www.em.com.br\/emfoco\/wp-content\/uploads\/2026\/01\/Massagem-Ayurvedica_1769728288484-750x422.jpg 750w, https:\/\/www.em.com.br\/emfoco\/wp-content\/uploads\/2026\/01\/Massagem-Ayurvedica_1769728288484-1140x641.jpg 1140w, https:\/\/www.em.com.br\/emfoco\/wp-content\/uploads\/2026\/01\/Massagem-Ayurvedica_1769728288484.jpg 1280w\" sizes=\"auto, (max-width: 1024px) 100vw, 1024px\" \/><figcaption class=\"wp-element-caption\">Massagem Ayurv\u00e9dica &#8211; Cr\u00e9ditos: depositphotos.com \/ poznyakov<\/figcaption><\/figure><\/div>\n\n\n<p>O alinhamento postural tamb\u00e9m \u00e9 uma \u00e1rea de foco importante. Muitos problemas de sa\u00fade est\u00e3o diretamente associados a m\u00e1 postura e desalinhamento corporal. A massagem ayurv\u00e9dica busca corrigir esses desequil\u00edbrios, minimizando dores e desconfortos comuns na rotina di\u00e1ria, como aqueles causados pelo uso excessivo de celulares ou horas prolongadas em frente a computadores.<\/p>\n\n\n\n<h2 class=\"wp-block-heading\">Quais s\u00e3o os diferenciais da t\u00e9cnica ayurv\u00e9dica?<\/h2>\n\n\n\n<p>Al\u00e9m das m\u00e3os, a massagem ayurv\u00e9dica tradicionalmente utiliza os p\u00e9s para tratar camadas mais profundas do corpo. Este m\u00e9todo \u00e9 favorecido devido \u00e0 maior \u00e1rea de contato e capacidade de distribuir a press\u00e3o mais uniformemente, o que \u00e9 particularmente eficaz para liberar tens\u00f5es cr\u00f4nicas. As sess\u00f5es podem ocorrer em diferentes disposi\u00e7\u00f5es, como no ch\u00e3o, em um colch\u00e3o ou at\u00e9 mesmo sobre um banco especial.<\/p>\n\n\n\n<p>A aplica\u00e7\u00e3o de&nbsp;<strong>calor<\/strong>&nbsp;atrav\u00e9s de p\u00f3s como o mesocarpo de baba\u00e7u misturado com gengibre \u00e9 outro diferencial. Este compondo aquecedor melhora significativamente a circula\u00e7\u00e3o, incentivando um melhor abastecimento de oxig\u00eanio aos m\u00fasculos e promovendo a remo\u00e7\u00e3o eficiente de toxinas pelo sistema linf\u00e1tico.<\/p>\n\n\n\n<h2 class=\"wp-block-heading\">A massagem ayurv\u00e9dica \u00e9 adequada para todos os perfis?<\/h2>\n\n\n\n<p>Embora a massagem ayurv\u00e9dica ofere\u00e7a in\u00fameros benef\u00edcios, ela deve ser realizada por profissionais qualificados, que ajustar\u00e3o a t\u00e9cnica \u00e0s necessidades individuais de cada cliente. \u00c9 uma pr\u00e1tica essencial para aqueles que enfrentam altos n\u00edveis de estresse, dores musculares persistentes e procuram um caminho para o equil\u00edbrio emocional e conforto f\u00edsico.<\/p>\n\n\n\n<p>A busca pela sa\u00fade integral \u00e9 algo mais relevante do que nunca. A massagem ayurv\u00e9dica, ao proporcionar relaxamento profundo e harmoniza\u00e7\u00e3o, \u00e9 um convite para um autocuidado consciente e deliberado. Adotar essa pr\u00e1tica pode ser a chave para uma vida mais equilibrada e saud\u00e1vel, onde a mente e o corpo s\u00e3o tratados com a aten\u00e7\u00e3o e o respeito que merecem.<\/p>\n\n\n<a href=\"https:\/\/www.instagram.com\/dra.annaluisabf\/\" target=\"_blank\" style=\"text-decoration: none; color: inherit;\">\n  <span style=\"display:inline-block; border:1px solid #ccc; border-radius:10px; padding:15px; max-width:550px; font-family:sans-serif; box-shadow:0 2px 5px rgba(0,0,0,0.1);\">\n    <span style=\"margin:0 0 15px 0; font-weight:bold; color:#2c3e50; text-align: center;\">Entre em contato:<\/span>\n\n    <span style=\"display:flex; align-items:center;\">\n      <img decoding=\"async\" src=\"https:\/\/www.correiobraziliense.com.br\/cbradar\/wp-content\/uploads\/2025\/08\/dra_anna_luisa.jpeg\" alt=\"Dra Anna Lu\u00edsa\" style=\"border-radius:50%; width:80px; height:80px; margin-right:15px;\">\n      <span style=\"flex:1;\">\n        <h3 style=\"margin:0 0 5px 0;\">Dra. Anna Lu\u00edsa Barbosa Fernandes<\/h3>\n        <p style=\"margin:0 0 10px 0;\">CRM-GO 33.271<\/p>\n        <span style=\"display:flex; gap:10px;\">\n          <img decoding=\"async\" src=\"https:\/\/cdn-icons-png.flaticon.com\/24\/1384\/1384063.png\" alt=\"Instagram\">\n        <\/span>\n      <\/span>\n    <\/span>\n  <\/span>\n<\/a>","protected":false},"excerpt":{"rendered":"<p>A busca por equil\u00edbrio e bem-estar em um mundo acelerado tem levado muitas pessoas a explorarem terapias alternativas. Cada vez mais popular, a\u00a0Massagem Ayurv\u00e9dica\u00a0\u00e9 uma pr\u00e1tica milenar que se destaca pelos seus efeitos rejuvenescedores e relaxantes. Origin\u00e1ria da \u00cdndia, essa t\u00e9cnica integra o sistema de sa\u00fade tradicional conhecido como\u00a0Ayurveda, que aborda a sa\u00fade de maneira [&hellip;]<\/p>\n","protected":false},"author":25,"featured_media":162237,"comment_status":"open","ping_status":"open","sticky":false,"template":"","format":"standard","meta":{"jnews-multi-image_gallery":[],"jnews_single_post":{"format":"standard"},"jnews_primary_category":[],"jnews_social_meta":[],"jnews_override_counter":[],"footnotes":""},"categories":[9053],"tags":[711,327,415],"class_list":["post-162234","post","type-post","status-publish","format-standard","has-post-thumbnail","hentry","category-saude","tag-bem-estar","tag-qualidade-de-vida","tag-saude"],"yoast_head":"<!-- This site is optimized with the Yoast SEO plugin v23.8 - https:\/\/yoast.com\/wordpress\/plugins\/seo\/ -->\n<title>O ritual oriental que vem transformando o bem-estar moderno - Estado de Minas - Em foco<\/title>\n<meta name=\"description\" content=\"A massagem ayurv\u00e9dica une \u00f3leos, calor e movimentos profundos para aliviar tens\u00f5es e promover equil\u00edbrio f\u00edsico e emocional.\" \/>\n<meta name=\"robots\" content=\"index, follow, max-snippet:-1, max-image-preview:large, max-video-preview:-1\" \/>\n<link rel=\"canonical\" href=\"https:\/\/www.em.com.br\/emfoco\/2026\/01\/30\/o-ritual-oriental-que-vem-transformando-o-bem-estar-moderno\/\" \/>\n<meta property=\"og:locale\" content=\"pt_BR\" \/>\n<meta property=\"og:type\" content=\"article\" \/>\n<meta property=\"og:title\" content=\"O ritual oriental que vem transformando o bem-estar moderno - Estado de Minas - Em foco\" \/>\n<meta property=\"og:description\" content=\"A massagem ayurv\u00e9dica une \u00f3leos, calor e movimentos profundos para aliviar tens\u00f5es e promover equil\u00edbrio f\u00edsico e emocional.\" \/>\n<meta property=\"og:url\" content=\"https:\/\/www.em.com.br\/emfoco\/2026\/01\/30\/o-ritual-oriental-que-vem-transformando-o-bem-estar-moderno\/\" \/>\n<meta property=\"og:site_name\" content=\"Estado de Minas - Em foco\" \/>\n<meta property=\"article:published_time\" content=\"2026-01-30T12:05:00+00:00\" \/>\n<meta property=\"article:modified_time\" content=\"2026-01-29T23:12:07+00:00\" \/>\n<meta property=\"og:image\" content=\"https:\/\/www.em.com.br\/emfoco\/wp-content\/uploads\/2026\/01\/Massagem-Ayurvedica_1769728313149.jpg\" \/>\n\t<meta property=\"og:image:width\" content=\"1280\" \/>\n\t<meta property=\"og:image:height\" content=\"720\" \/>\n\t<meta property=\"og:image:type\" content=\"image\/jpeg\" \/>\n<meta name=\"author\" content=\"Guilherme Lopes\" \/>\n<meta name=\"twitter:card\" content=\"summary_large_image\" \/>\n<meta name=\"twitter:label1\" content=\"Escrito por\" \/>\n\t<meta name=\"twitter:data1\" content=\"Guilherme Lopes\" \/>\n\t<meta name=\"twitter:label2\" content=\"Est. tempo de leitura\" \/>\n\t<meta name=\"twitter:data2\" content=\"4 minutos\" \/>\n<!-- \/ Yoast SEO plugin. -->","yoast_head_json":{"title":"O ritual oriental que vem transformando o bem-estar moderno - Estado de Minas - Em foco","description":"A massagem ayurv\u00e9dica une \u00f3leos, calor e movimentos profundos para aliviar tens\u00f5es e promover equil\u00edbrio f\u00edsico e emocional.","robots":{"index":"index","follow":"follow","max-snippet":"max-snippet:-1","max-image-preview":"max-image-preview:large","max-video-preview":"max-video-preview:-1"},"canonical":"https:\/\/www.em.com.br\/emfoco\/2026\/01\/30\/o-ritual-oriental-que-vem-transformando-o-bem-estar-moderno\/","og_locale":"pt_BR","og_type":"article","og_title":"O ritual oriental que vem transformando o bem-estar moderno - Estado de Minas - Em foco","og_description":"A massagem ayurv\u00e9dica une \u00f3leos, calor e movimentos profundos para aliviar tens\u00f5es e promover equil\u00edbrio f\u00edsico e emocional.","og_url":"https:\/\/www.em.com.br\/emfoco\/2026\/01\/30\/o-ritual-oriental-que-vem-transformando-o-bem-estar-moderno\/","og_site_name":"Estado de Minas - Em foco","article_published_time":"2026-01-30T12:05:00+00:00","article_modified_time":"2026-01-29T23:12:07+00:00","og_image":[{"width":1280,"height":720,"url":"https:\/\/www.em.com.br\/emfoco\/wp-content\/uploads\/2026\/01\/Massagem-Ayurvedica_1769728313149.jpg","type":"image\/jpeg"}],"author":"Guilherme Lopes","twitter_card":"summary_large_image","twitter_misc":{"Escrito por":"Guilherme Lopes","Est. tempo de leitura":"4 minutos"},"schema":{"@context":"https:\/\/schema.org","@graph":[{"@type":"WebPage","@id":"https:\/\/www.em.com.br\/emfoco\/2026\/01\/30\/o-ritual-oriental-que-vem-transformando-o-bem-estar-moderno\/","url":"https:\/\/www.em.com.br\/emfoco\/2026\/01\/30\/o-ritual-oriental-que-vem-transformando-o-bem-estar-moderno\/","name":"O ritual oriental que vem transformando o bem-estar moderno - Estado de Minas - Em foco","isPartOf":{"@id":"https:\/\/www.em.com.br\/emfoco\/#website"},"primaryImageOfPage":{"@id":"https:\/\/www.em.com.br\/emfoco\/2026\/01\/30\/o-ritual-oriental-que-vem-transformando-o-bem-estar-moderno\/#primaryimage"},"image":{"@id":"https:\/\/www.em.com.br\/emfoco\/2026\/01\/30\/o-ritual-oriental-que-vem-transformando-o-bem-estar-moderno\/#primaryimage"},"thumbnailUrl":"https:\/\/www.em.com.br\/emfoco\/wp-content\/uploads\/2026\/01\/Massagem-Ayurvedica_1769728313149.jpg","datePublished":"2026-01-30T12:05:00+00:00","dateModified":"2026-01-29T23:12:07+00:00","author":{"@id":"https:\/\/www.em.com.br\/emfoco\/#\/schema\/person\/f6eade2e287023da170a1b2b329f68e5"},"description":"A massagem ayurv\u00e9dica une \u00f3leos, calor e movimentos profundos para aliviar tens\u00f5es e promover equil\u00edbrio f\u00edsico e emocional.","breadcrumb":{"@id":"https:\/\/www.em.com.br\/emfoco\/2026\/01\/30\/o-ritual-oriental-que-vem-transformando-o-bem-estar-moderno\/#breadcrumb"},"inLanguage":"pt-BR","potentialAction":[{"@type":"ReadAction","target":["https:\/\/www.em.com.br\/emfoco\/2026\/01\/30\/o-ritual-oriental-que-vem-transformando-o-bem-estar-moderno\/"]}]},{"@type":"ImageObject","inLanguage":"pt-BR","@id":"https:\/\/www.em.com.br\/emfoco\/2026\/01\/30\/o-ritual-oriental-que-vem-transformando-o-bem-estar-moderno\/#primaryimage","url":"https:\/\/www.em.com.br\/emfoco\/wp-content\/uploads\/2026\/01\/Massagem-Ayurvedica_1769728313149.jpg","contentUrl":"https:\/\/www.em.com.br\/emfoco\/wp-content\/uploads\/2026\/01\/Massagem-Ayurvedica_1769728313149.jpg","width":1280,"height":720,"caption":"Massagem Ayurv\u00e9dica - Cr\u00e9ditos: depositphotos.com \/ poznyakov"},{"@type":"BreadcrumbList","@id":"https:\/\/www.em.com.br\/emfoco\/2026\/01\/30\/o-ritual-oriental-que-vem-transformando-o-bem-estar-moderno\/#breadcrumb","itemListElement":[{"@type":"ListItem","position":1,"name":"In\u00edcio","item":"https:\/\/www.em.com.br\/emfoco\/"},{"@type":"ListItem","position":2,"name":"O ritual oriental que vem transformando o bem-estar moderno"}]},{"@type":"WebSite","@id":"https:\/\/www.em.com.br\/emfoco\/#website","url":"https:\/\/www.em.com.br\/emfoco\/","name":"Estado de Minas - Em foco","description":"Acompanhe as \u00faltimas not\u00edcias e fique bem informado sobre tudo o que acontece em Minas Gerais, Brasil e no mundo.","potentialAction":[{"@type":"SearchAction","target":{"@type":"EntryPoint","urlTemplate":"https:\/\/www.em.com.br\/emfoco\/?s={search_term_string}"},"query-input":{"@type":"PropertyValueSpecification","valueRequired":true,"valueName":"search_term_string"}}],"inLanguage":"pt-BR"},{"@type":"Person","@id":"https:\/\/www.em.com.br\/emfoco\/#\/schema\/person\/f6eade2e287023da170a1b2b329f68e5","name":"Guilherme Lopes","image":{"@type":"ImageObject","inLanguage":"pt-BR","@id":"https:\/\/www.em.com.br\/emfoco\/#\/schema\/person\/image\/","url":"https:\/\/secure.gravatar.com\/avatar\/df9adfb835d344bc0af109d41756253f?s=96&d=mm&r=g","contentUrl":"https:\/\/secure.gravatar.com\/avatar\/df9adfb835d344bc0af109d41756253f?s=96&d=mm&r=g","caption":"Guilherme Lopes"},"url":"https:\/\/www.em.com.br\/emfoco\/author\/guilherme_saude\/"}]}},"_links":{"self":[{"href":"https:\/\/www.em.com.br\/emfoco\/wp-json\/wp\/v2\/posts\/162234","targetHints":{"allow":["GET"]}}],"collection":[{"href":"https:\/\/www.em.com.br\/emfoco\/wp-json\/wp\/v2\/posts"}],"about":[{"href":"https:\/\/www.em.com.br\/emfoco\/wp-json\/wp\/v2\/types\/post"}],"author":[{"embeddable":true,"href":"https:\/\/www.em.com.br\/emfoco\/wp-json\/wp\/v2\/users\/25"}],"replies":[{"embeddable":true,"href":"https:\/\/www.em.com.br\/emfoco\/wp-json\/wp\/v2\/comments?post=162234"}],"version-history":[{"count":1,"href":"https:\/\/www.em.com.br\/emfoco\/wp-json\/wp\/v2\/posts\/162234\/revisions"}],"predecessor-version":[{"id":162238,"href":"https:\/\/www.em.com.br\/emfoco\/wp-json\/wp\/v2\/posts\/162234\/revisions\/162238"}],"wp:featuredmedia":[{"embeddable":true,"href":"https:\/\/www.em.com.br\/emfoco\/wp-json\/wp\/v2\/media\/162237"}],"wp:attachment":[{"href":"https:\/\/www.em.com.br\/emfoco\/wp-json\/wp\/v2\/media?parent=162234"}],"wp:term":[{"taxonomy":"category","embeddable":true,"href":"https:\/\/www.em.com.br\/emfoco\/wp-json\/wp\/v2\/categories?post=162234"},{"taxonomy":"post_tag","embeddable":true,"href":"https:\/\/www.em.com.br\/emfoco\/wp-json\/wp\/v2\/tags?post=162234"}],"curies":[{"name":"wp","href":"https:\/\/api.w.org\/{rel}","templated":true}]}}