{"id":162231,"date":"2026-01-30T08:05:00","date_gmt":"2026-01-30T11:05:00","guid":{"rendered":"https:\/\/www.em.com.br\/emfoco\/?p=162231"},"modified":"2026-01-29T20:08:35","modified_gmt":"2026-01-29T23:08:35","slug":"o-avanco-silencioso-das-doencas-cronicas-que-preocupa-o-brasil","status":"publish","type":"post","link":"https:\/\/www.em.com.br\/emfoco\/2026\/01\/30\/o-avanco-silencioso-das-doencas-cronicas-que-preocupa-o-brasil\/","title":{"rendered":"O avan\u00e7o silencioso das doen\u00e7as cr\u00f4nicas que preocupa o Brasil"},"content":{"rendered":"\n<p>A preval\u00eancia de doen\u00e7as cr\u00f4nicas no Brasil tem demonstrado um aumento significativo ao longo dos anos, refletindo mudan\u00e7as no estilo de vida e nos h\u00e1bitos alimentares da popula\u00e7\u00e3o. Entre 2006 e 2024, a preval\u00eancia de&nbsp;<strong>diabetes<\/strong>&nbsp;entre adultos registrou um aumento de 153%, passando de 5,5% para 12,9%. Este dado \u00e9 particularmente preocupante quando analisamos a popula\u00e7\u00e3o idosa, onde tr\u00eas em cada dez pessoas com 65 anos ou mais j\u00e1 foram diagnosticadas com a doen\u00e7a.<\/p>\n\n\n\n<p>A\u00a0<strong>Hipertens\u00e3o Arterial<\/strong>\u00a0tamb\u00e9m segue essa tend\u00eancia de crescimento, saltando de 22,6% para 29,7% no mesmo per\u00edodo. Destaca-se que a incid\u00eancia \u00e9 maior entre as mulheres e entre aqueles com menor n\u00edvel de escolaridade. Esse cen\u00e1rio ressalta a import\u00e2ncia de programas de educa\u00e7\u00e3o em sa\u00fade voltados para a preven\u00e7\u00e3o e controle dessas condi\u00e7\u00f5es.<\/p>\n\n\n\n<h2 class=\"wp-block-heading\">Quais fatores contribuem para o aumento das preval\u00eancias de diabetes e hipertens\u00e3o no Brasil?<\/h2>\n\n\n\n<p>Os principais fatores que contribuem para o aumento das preval\u00eancias de diabetes e hipertens\u00e3o incluem altera\u00e7\u00f5es nos h\u00e1bitos alimentares e a pr\u00e1tica reduzida de atividade f\u00edsica. O consumo inadequado de frutas e hortali\u00e7as piorou nos \u00faltimos anos, com uma queda na porcentagem de pessoas que consomem esses alimentos regularmente. Em 2008, cerca de 33% dos brasileiros tinham uma alimenta\u00e7\u00e3o balanceada, enquanto em 2024 este valor caiu para 31,4%. Esta redu\u00e7\u00e3o indica uma tend\u00eancia preocupante, j\u00e1 que uma dieta rica em alimentos frescos \u00e9 essencial para a preven\u00e7\u00e3o dessas condi\u00e7\u00f5es cr\u00f4nicas.<\/p>\n\n\n\n<h2 class=\"wp-block-heading\">Como a alimenta\u00e7\u00e3o inadequada impacta a sa\u00fade dos brasileiros?<\/h2>\n\n\n\n<p>A alimenta\u00e7\u00e3o inadequada tem um impacto direto na sa\u00fade da popula\u00e7\u00e3o, contribuindo para o aumento da obesidade e, consequentemente, de doen\u00e7as cr\u00f4nicas como diabetes e hipertens\u00e3o. Apenas 21% dos brasileiros atendem \u00e0 recomenda\u00e7\u00e3o de consumir cinco ou mais por\u00e7\u00f5es di\u00e1rias de frutas e hortali\u00e7as, um n\u00famero que praticamente n\u00e3o mudou desde 2008. A situa\u00e7\u00e3o \u00e9 ainda mais cr\u00edtica entre aqueles com n\u00edveis mais baixos de escolaridade, onde o consumo adequado \u00e9 limitado a 15,4%. Estas estat\u00edsticas refor\u00e7am a necessidade de campanhas de conscientiza\u00e7\u00e3o para promover h\u00e1bitos alimentares saud\u00e1veis.<\/p>\n\n\n<div class=\"wp-block-image\">\n<figure class=\"aligncenter size-large\"><img loading=\"lazy\" decoding=\"async\" width=\"1024\" height=\"576\" src=\"https:\/\/www.em.com.br\/emfoco\/wp-content\/uploads\/2026\/01\/Hipertensao-Arterial_1768780912290-1024x576.jpg\" alt=\"\" class=\"wp-image-156786\" srcset=\"https:\/\/www.em.com.br\/emfoco\/wp-content\/uploads\/2026\/01\/Hipertensao-Arterial_1768780912290-1024x576.jpg 1024w, https:\/\/www.em.com.br\/emfoco\/wp-content\/uploads\/2026\/01\/Hipertensao-Arterial_1768780912290-300x169.jpg 300w, https:\/\/www.em.com.br\/emfoco\/wp-content\/uploads\/2026\/01\/Hipertensao-Arterial_1768780912290-768x432.jpg 768w, https:\/\/www.em.com.br\/emfoco\/wp-content\/uploads\/2026\/01\/Hipertensao-Arterial_1768780912290-750x422.jpg 750w, https:\/\/www.em.com.br\/emfoco\/wp-content\/uploads\/2026\/01\/Hipertensao-Arterial_1768780912290-1140x641.jpg 1140w, https:\/\/www.em.com.br\/emfoco\/wp-content\/uploads\/2026\/01\/Hipertensao-Arterial_1768780912290.jpg 1280w\" sizes=\"auto, (max-width: 1024px) 100vw, 1024px\" \/><figcaption class=\"wp-element-caption\">Hipertens\u00e3o Arterial &#8211; Cr\u00e9ditos: depositphotos.com \/ Milkos<\/figcaption><\/figure><\/div>\n\n\n<h2 class=\"wp-block-heading\">Qual \u00e9 o impacto da escolaridade no consumo alimentar?<\/h2>\n\n\n\n<p>O n\u00edvel de escolaridade tem um papel fundamental nos h\u00e1bitos alimentares. Pessoas com ensino superior completo tendem a ter um maior consumo de frutas e hortali\u00e7as, atingindo 30% de adequa\u00e7\u00e3o ao recomendado. Em contraste, aqueles com ensino fundamental incompleto apresentam um consumo significativamente inferior, evidenciando como a educa\u00e7\u00e3o influencia decis\u00f5es relacionadas \u00e0 sa\u00fade. Este dado destaca a import\u00e2ncia de incluir nutri\u00e7\u00e3o e sa\u00fade como temas fundamentais nas pol\u00edticas educacionais.<\/p>\n\n\n\n<h2 class=\"wp-block-heading\">Como a pr\u00e1tica de atividades f\u00edsicas pode ajudar na preven\u00e7\u00e3o dessas doen\u00e7as?<\/h2>\n\n\n\n<p>A introdu\u00e7\u00e3o de atividades f\u00edsicas regulares na rotina di\u00e1ria \u00e9 essencial para prevenir o desenvolvimento de doen\u00e7as cr\u00f4nicas. O sedentarismo \u00e9 um dos principais fatores de risco para diabetes e hipertens\u00e3o, condi\u00e7\u00f5es que podem ser melhor controladas atrav\u00e9s de exerc\u00edcios f\u00edsicos regulares. O est\u00edmulo \u00e0 pr\u00e1tica de atividades f\u00edsicas dentro das comunidades, escolas e locais de trabalho deve ser uma prioridade na agenda de sa\u00fade p\u00fablica, a fim de reduzir a carga dessas doen\u00e7as na popula\u00e7\u00e3o brasileira.<\/p>\n\n\n\n<p>Com a crescente preval\u00eancia de diabetes e hipertens\u00e3o no Brasil, \u00e9 imperativo implementar estrat\u00e9gias abrangentes que promovam um estilo de vida mais saud\u00e1vel. Tais medidas devem incluir o incentivo \u00e0 educa\u00e7\u00e3o nutricional, a promo\u00e7\u00e3o de atividades f\u00edsicas e o acesso facilitado a alimentos frescos e de qualidade, destacando a import\u00e2ncia de interven\u00e7\u00f5es efetivas para melhorar a sa\u00fade p\u00fablica no pa\u00eds.<\/p>\n\n\n<a href=\"https:\/\/www.instagram.com\/dra.annaluisabf\/\" target=\"_blank\" style=\"text-decoration: none; color: inherit;\">\n  <span style=\"display:inline-block; border:1px solid #ccc; border-radius:10px; padding:15px; max-width:550px; font-family:sans-serif; box-shadow:0 2px 5px rgba(0,0,0,0.1);\">\n    <span style=\"margin:0 0 15px 0; font-weight:bold; color:#2c3e50; text-align: center;\">Entre em contato:<\/span>\n\n    <span style=\"display:flex; align-items:center;\">\n      <img decoding=\"async\" src=\"https:\/\/www.correiobraziliense.com.br\/cbradar\/wp-content\/uploads\/2025\/08\/dra_anna_luisa.jpeg\" alt=\"Dra Anna Lu\u00edsa\" style=\"border-radius:50%; width:80px; height:80px; margin-right:15px;\">\n      <span style=\"flex:1;\">\n        <h3 style=\"margin:0 0 5px 0;\">Dra. Anna Lu\u00edsa Barbosa Fernandes<\/h3>\n        <p style=\"margin:0 0 10px 0;\">CRM-GO 33.271<\/p>\n        <span style=\"display:flex; gap:10px;\">\n          <img decoding=\"async\" src=\"https:\/\/cdn-icons-png.flaticon.com\/24\/1384\/1384063.png\" alt=\"Instagram\">\n        <\/span>\n      <\/span>\n    <\/span>\n  <\/span>\n<\/a>\n\n\n<p><\/p>\n","protected":false},"excerpt":{"rendered":"<p>A preval\u00eancia de doen\u00e7as cr\u00f4nicas no Brasil tem demonstrado um aumento significativo ao longo dos anos, refletindo mudan\u00e7as no estilo de vida e nos h\u00e1bitos alimentares da popula\u00e7\u00e3o. Entre 2006 e 2024, a preval\u00eancia de&nbsp;diabetes&nbsp;entre adultos registrou um aumento de 153%, passando de 5,5% para 12,9%. Este dado \u00e9 particularmente preocupante quando analisamos a popula\u00e7\u00e3o [&hellip;]<\/p>\n","protected":false},"author":25,"featured_media":156785,"comment_status":"open","ping_status":"open","sticky":false,"template":"","format":"standard","meta":{"jnews-multi-image_gallery":[],"jnews_single_post":{"format":"standard"},"jnews_primary_category":[],"jnews_social_meta":[],"jnews_override_counter":[],"footnotes":""},"categories":[9053],"tags":[11261,327,415],"class_list":["post-162231","post","type-post","status-publish","format-standard","has-post-thumbnail","hentry","category-saude","tag-hipertensao-arterial","tag-qualidade-de-vida","tag-saude"],"yoast_head":"<!-- This site is optimized with the Yoast SEO plugin v23.8 - https:\/\/yoast.com\/wordpress\/plugins\/seo\/ -->\n<title>O avan\u00e7o silencioso das doen\u00e7as cr\u00f4nicas que preocupa o Brasil - Estado de Minas - Em foco<\/title>\n<meta name=\"description\" content=\"Diabetes e hipertens\u00e3o avan\u00e7am no Brasil com mudan\u00e7as no estilo de vida. Entenda os fatores por tr\u00e1s desse crescimento preocupante.\" \/>\n<meta name=\"robots\" content=\"index, follow, max-snippet:-1, max-image-preview:large, max-video-preview:-1\" \/>\n<link rel=\"canonical\" href=\"https:\/\/www.em.com.br\/emfoco\/2026\/01\/30\/o-avanco-silencioso-das-doencas-cronicas-que-preocupa-o-brasil\/\" \/>\n<meta property=\"og:locale\" content=\"pt_BR\" \/>\n<meta property=\"og:type\" content=\"article\" \/>\n<meta property=\"og:title\" content=\"O avan\u00e7o silencioso das doen\u00e7as cr\u00f4nicas que preocupa o Brasil - Estado de Minas - Em foco\" \/>\n<meta property=\"og:description\" content=\"Diabetes e hipertens\u00e3o avan\u00e7am no Brasil com mudan\u00e7as no estilo de vida. Entenda os fatores por tr\u00e1s desse crescimento preocupante.\" \/>\n<meta property=\"og:url\" content=\"https:\/\/www.em.com.br\/emfoco\/2026\/01\/30\/o-avanco-silencioso-das-doencas-cronicas-que-preocupa-o-brasil\/\" \/>\n<meta property=\"og:site_name\" content=\"Estado de Minas - Em foco\" \/>\n<meta property=\"article:published_time\" content=\"2026-01-30T11:05:00+00:00\" \/>\n<meta property=\"article:modified_time\" content=\"2026-01-29T23:08:35+00:00\" \/>\n<meta property=\"og:image\" content=\"https:\/\/www.em.com.br\/emfoco\/wp-content\/uploads\/2026\/01\/Hipertensao-Arterial_1768780883267.jpg\" \/>\n\t<meta property=\"og:image:width\" content=\"1280\" \/>\n\t<meta property=\"og:image:height\" content=\"720\" \/>\n\t<meta property=\"og:image:type\" content=\"image\/jpeg\" \/>\n<meta name=\"author\" content=\"Guilherme Lopes\" \/>\n<meta name=\"twitter:card\" content=\"summary_large_image\" \/>\n<meta name=\"twitter:label1\" content=\"Escrito por\" \/>\n\t<meta name=\"twitter:data1\" content=\"Guilherme Lopes\" \/>\n\t<meta name=\"twitter:label2\" content=\"Est. tempo de leitura\" \/>\n\t<meta name=\"twitter:data2\" content=\"4 minutos\" \/>\n<!-- \/ Yoast SEO plugin. -->","yoast_head_json":{"title":"O avan\u00e7o silencioso das doen\u00e7as cr\u00f4nicas que preocupa o Brasil - Estado de Minas - Em foco","description":"Diabetes e hipertens\u00e3o avan\u00e7am no Brasil com mudan\u00e7as no estilo de vida. Entenda os fatores por tr\u00e1s desse crescimento preocupante.","robots":{"index":"index","follow":"follow","max-snippet":"max-snippet:-1","max-image-preview":"max-image-preview:large","max-video-preview":"max-video-preview:-1"},"canonical":"https:\/\/www.em.com.br\/emfoco\/2026\/01\/30\/o-avanco-silencioso-das-doencas-cronicas-que-preocupa-o-brasil\/","og_locale":"pt_BR","og_type":"article","og_title":"O avan\u00e7o silencioso das doen\u00e7as cr\u00f4nicas que preocupa o Brasil - Estado de Minas - Em foco","og_description":"Diabetes e hipertens\u00e3o avan\u00e7am no Brasil com mudan\u00e7as no estilo de vida. Entenda os fatores por tr\u00e1s desse crescimento preocupante.","og_url":"https:\/\/www.em.com.br\/emfoco\/2026\/01\/30\/o-avanco-silencioso-das-doencas-cronicas-que-preocupa-o-brasil\/","og_site_name":"Estado de Minas - Em foco","article_published_time":"2026-01-30T11:05:00+00:00","article_modified_time":"2026-01-29T23:08:35+00:00","og_image":[{"width":1280,"height":720,"url":"https:\/\/www.em.com.br\/emfoco\/wp-content\/uploads\/2026\/01\/Hipertensao-Arterial_1768780883267.jpg","type":"image\/jpeg"}],"author":"Guilherme Lopes","twitter_card":"summary_large_image","twitter_misc":{"Escrito por":"Guilherme Lopes","Est. tempo de leitura":"4 minutos"},"schema":{"@context":"https:\/\/schema.org","@graph":[{"@type":"WebPage","@id":"https:\/\/www.em.com.br\/emfoco\/2026\/01\/30\/o-avanco-silencioso-das-doencas-cronicas-que-preocupa-o-brasil\/","url":"https:\/\/www.em.com.br\/emfoco\/2026\/01\/30\/o-avanco-silencioso-das-doencas-cronicas-que-preocupa-o-brasil\/","name":"O avan\u00e7o silencioso das doen\u00e7as cr\u00f4nicas que preocupa o Brasil - Estado de Minas - Em foco","isPartOf":{"@id":"https:\/\/www.em.com.br\/emfoco\/#website"},"primaryImageOfPage":{"@id":"https:\/\/www.em.com.br\/emfoco\/2026\/01\/30\/o-avanco-silencioso-das-doencas-cronicas-que-preocupa-o-brasil\/#primaryimage"},"image":{"@id":"https:\/\/www.em.com.br\/emfoco\/2026\/01\/30\/o-avanco-silencioso-das-doencas-cronicas-que-preocupa-o-brasil\/#primaryimage"},"thumbnailUrl":"https:\/\/www.em.com.br\/emfoco\/wp-content\/uploads\/2026\/01\/Hipertensao-Arterial_1768780883267.jpg","datePublished":"2026-01-30T11:05:00+00:00","dateModified":"2026-01-29T23:08:35+00:00","author":{"@id":"https:\/\/www.em.com.br\/emfoco\/#\/schema\/person\/f6eade2e287023da170a1b2b329f68e5"},"description":"Diabetes e hipertens\u00e3o avan\u00e7am no Brasil com mudan\u00e7as no estilo de vida. Entenda os fatores por tr\u00e1s desse crescimento preocupante.","breadcrumb":{"@id":"https:\/\/www.em.com.br\/emfoco\/2026\/01\/30\/o-avanco-silencioso-das-doencas-cronicas-que-preocupa-o-brasil\/#breadcrumb"},"inLanguage":"pt-BR","potentialAction":[{"@type":"ReadAction","target":["https:\/\/www.em.com.br\/emfoco\/2026\/01\/30\/o-avanco-silencioso-das-doencas-cronicas-que-preocupa-o-brasil\/"]}]},{"@type":"ImageObject","inLanguage":"pt-BR","@id":"https:\/\/www.em.com.br\/emfoco\/2026\/01\/30\/o-avanco-silencioso-das-doencas-cronicas-que-preocupa-o-brasil\/#primaryimage","url":"https:\/\/www.em.com.br\/emfoco\/wp-content\/uploads\/2026\/01\/Hipertensao-Arterial_1768780883267.jpg","contentUrl":"https:\/\/www.em.com.br\/emfoco\/wp-content\/uploads\/2026\/01\/Hipertensao-Arterial_1768780883267.jpg","width":1280,"height":720,"caption":"Hipertens\u00e3o Arterial - Cr\u00e9ditos: depositphotos.com \/ tsalko"},{"@type":"BreadcrumbList","@id":"https:\/\/www.em.com.br\/emfoco\/2026\/01\/30\/o-avanco-silencioso-das-doencas-cronicas-que-preocupa-o-brasil\/#breadcrumb","itemListElement":[{"@type":"ListItem","position":1,"name":"In\u00edcio","item":"https:\/\/www.em.com.br\/emfoco\/"},{"@type":"ListItem","position":2,"name":"O avan\u00e7o silencioso das doen\u00e7as cr\u00f4nicas que preocupa o Brasil"}]},{"@type":"WebSite","@id":"https:\/\/www.em.com.br\/emfoco\/#website","url":"https:\/\/www.em.com.br\/emfoco\/","name":"Estado de Minas - Em foco","description":"Acompanhe as \u00faltimas not\u00edcias e fique bem informado sobre tudo o que acontece em Minas Gerais, Brasil e no mundo.","potentialAction":[{"@type":"SearchAction","target":{"@type":"EntryPoint","urlTemplate":"https:\/\/www.em.com.br\/emfoco\/?s={search_term_string}"},"query-input":{"@type":"PropertyValueSpecification","valueRequired":true,"valueName":"search_term_string"}}],"inLanguage":"pt-BR"},{"@type":"Person","@id":"https:\/\/www.em.com.br\/emfoco\/#\/schema\/person\/f6eade2e287023da170a1b2b329f68e5","name":"Guilherme Lopes","image":{"@type":"ImageObject","inLanguage":"pt-BR","@id":"https:\/\/www.em.com.br\/emfoco\/#\/schema\/person\/image\/","url":"https:\/\/secure.gravatar.com\/avatar\/df9adfb835d344bc0af109d41756253f?s=96&d=mm&r=g","contentUrl":"https:\/\/secure.gravatar.com\/avatar\/df9adfb835d344bc0af109d41756253f?s=96&d=mm&r=g","caption":"Guilherme Lopes"},"url":"https:\/\/www.em.com.br\/emfoco\/author\/guilherme_saude\/"}]}},"_links":{"self":[{"href":"https:\/\/www.em.com.br\/emfoco\/wp-json\/wp\/v2\/posts\/162231","targetHints":{"allow":["GET"]}}],"collection":[{"href":"https:\/\/www.em.com.br\/emfoco\/wp-json\/wp\/v2\/posts"}],"about":[{"href":"https:\/\/www.em.com.br\/emfoco\/wp-json\/wp\/v2\/types\/post"}],"author":[{"embeddable":true,"href":"https:\/\/www.em.com.br\/emfoco\/wp-json\/wp\/v2\/users\/25"}],"replies":[{"embeddable":true,"href":"https:\/\/www.em.com.br\/emfoco\/wp-json\/wp\/v2\/comments?post=162231"}],"version-history":[{"count":1,"href":"https:\/\/www.em.com.br\/emfoco\/wp-json\/wp\/v2\/posts\/162231\/revisions"}],"predecessor-version":[{"id":162232,"href":"https:\/\/www.em.com.br\/emfoco\/wp-json\/wp\/v2\/posts\/162231\/revisions\/162232"}],"wp:featuredmedia":[{"embeddable":true,"href":"https:\/\/www.em.com.br\/emfoco\/wp-json\/wp\/v2\/media\/156785"}],"wp:attachment":[{"href":"https:\/\/www.em.com.br\/emfoco\/wp-json\/wp\/v2\/media?parent=162231"}],"wp:term":[{"taxonomy":"category","embeddable":true,"href":"https:\/\/www.em.com.br\/emfoco\/wp-json\/wp\/v2\/categories?post=162231"},{"taxonomy":"post_tag","embeddable":true,"href":"https:\/\/www.em.com.br\/emfoco\/wp-json\/wp\/v2\/tags?post=162231"}],"curies":[{"name":"wp","href":"https:\/\/api.w.org\/{rel}","templated":true}]}}