{"id":162220,"date":"2026-01-30T07:05:00","date_gmt":"2026-01-30T10:05:00","guid":{"rendered":"https:\/\/www.em.com.br\/emfoco\/?p=162220"},"modified":"2026-01-29T20:07:28","modified_gmt":"2026-01-29T23:07:28","slug":"a-inovacao-brasileira-que-pode-aliviar-a-boca-seca-no-cancer","status":"publish","type":"post","link":"https:\/\/www.em.com.br\/emfoco\/2026\/01\/30\/a-inovacao-brasileira-que-pode-aliviar-a-boca-seca-no-cancer\/","title":{"rendered":"A inova\u00e7\u00e3o brasileira que pode aliviar a boca seca no c\u00e2ncer"},"content":{"rendered":"\n<p>A <strong>Saliva Artificial<\/strong> tem se mostrado uma solu\u00e7\u00e3o promissora para pacientes que enfrentam complica\u00e7\u00f5es devido ao tratamento de c\u00e2ncer na regi\u00e3o da cabe\u00e7a e pesco\u00e7o. Com a radioterapia afetando gl\u00e2ndulas salivares, a produ\u00e7\u00e3o natural de saliva \u00e9 frequentemente comprometida, levando \u00e0 xerostomia, ou a sensa\u00e7\u00e3o de boca seca. Este problema pode ser mitigado por um novo enxaguante bucal feito a partir de uma prote\u00edna espec\u00edfica derivada da cana-de-a\u00e7\u00facar, a CaneCPI-5.<\/p>\n\n\n\n<p>Essa prote\u00edna tem sido estudada por um grupo de cientistas em diferentes universidades, incluindo a Universidade de S\u00e3o Paulo. O interesse por essa pesquisa aumenta \u00e0 medida que os resultados indicam sua efic\u00e1cia em proteger o esmalte dental contra \u00e1cidos danosos. O estudo foi recentemente publicado no Journal of Dentistry, destacando n\u00e3o apenas o potencial protetor da CaneCPI-5, mas tamb\u00e9m sua capacidade de intera\u00e7\u00e3o qu\u00edmica com o esmalte dent\u00e1rio, formando um \u201cescudo\u201d adicional contra o ataque bacteriano.<\/p>\n\n\n<div class=\"wp-block-image\">\n<figure class=\"aligncenter size-large\"><img loading=\"lazy\" decoding=\"async\" width=\"1024\" height=\"576\" src=\"https:\/\/www.em.com.br\/emfoco\/wp-content\/uploads\/2026\/01\/Saliva_1769728017312-1024x576.jpg\" alt=\"\" class=\"wp-image-162226\" srcset=\"https:\/\/www.em.com.br\/emfoco\/wp-content\/uploads\/2026\/01\/Saliva_1769728017312-1024x576.jpg 1024w, https:\/\/www.em.com.br\/emfoco\/wp-content\/uploads\/2026\/01\/Saliva_1769728017312-300x169.jpg 300w, https:\/\/www.em.com.br\/emfoco\/wp-content\/uploads\/2026\/01\/Saliva_1769728017312-768x432.jpg 768w, https:\/\/www.em.com.br\/emfoco\/wp-content\/uploads\/2026\/01\/Saliva_1769728017312-750x422.jpg 750w, https:\/\/www.em.com.br\/emfoco\/wp-content\/uploads\/2026\/01\/Saliva_1769728017312-1140x641.jpg 1140w, https:\/\/www.em.com.br\/emfoco\/wp-content\/uploads\/2026\/01\/Saliva_1769728017312.jpg 1280w\" sizes=\"auto, (max-width: 1024px) 100vw, 1024px\" \/><figcaption class=\"wp-element-caption\">Saliva Artificial &#8211; Cr\u00e9ditos: depositphotos.com \/ freefly<\/figcaption><\/figure><\/div>\n\n\n<h2 class=\"wp-block-heading\">Quais s\u00e3o os benef\u00edcios da CaneCPI-5 no tratamento odontol\u00f3gico?<\/h2>\n\n\n\n<p>A CaneCPI-5 emerge como um componente-chave no combate a complica\u00e7\u00f5es bucais, especialmente para aqueles em tratamento oncol\u00f3gico. Quando aplicada como enxaguante bucal, a prote\u00edna facilita a prote\u00e7\u00e3o dos dentes ao se ligar ao esmalte, garantindo uma defesa mais robusta contra \u00e1cidos estomacais e de alimentos. Al\u00e9m disso, a combina\u00e7\u00e3o da CaneCPI-5 com fl\u00faor e xilitol potencia os efeitos anti-c\u00e1rie, o que \u00e9 significativo para pacientes incapazes de manter a higiene bucal devido \u00e0 xerostomia. Testes demonstraram uma redu\u00e7\u00e3o efetiva na atividade bacteriana e na desmineraliza\u00e7\u00e3o dent\u00e1ria, mitigando a progress\u00e3o de c\u00e1ries.<\/p>\n\n\n\n<h2 class=\"wp-block-heading\">Como \u00e9 o desenvolvimento e aplica\u00e7\u00e3o desse produto?<\/h2>\n\n\n\n<p>O desenvolvimento dessa saliva artificial \u00e9 fruto de esfor\u00e7os colaborativos entre v\u00e1rias institui\u00e7\u00f5es. A prote\u00edna CaneCPI-5 foi primeiramente isolada e estudada por especialistas para maximizar seus benef\u00edcios odontol\u00f3gicos. Ela j\u00e1 foi testada em diversas formas, incluindo sprays, g\u00e9is e filmes orodispers\u00edveis. Cada um destes foi escolhido por suas caracter\u00edsticas \u00fanicas de libera\u00e7\u00e3o gradual, proporcionando um tratamento mais cont\u00ednuo e adaptativo \u00e0s diferentes necessidades dos pacientes.<\/p>\n\n\n\n<h2 class=\"wp-block-heading\">O que esperar do futuro das pesquisas com CaneCPI-5?<\/h2>\n\n\n\n<p>O caminho para o aprimoramento da CaneCPI-5 ainda est\u00e1 em andamento, com a pesquisa explorando diversas possibilidades de combina\u00e7\u00e3o dessa prote\u00edna com outras subst\u00e2ncias. Um dos pr\u00f3ximos passos envolve a fus\u00e3o com pept\u00eddeos derivados de estaterina, outra prote\u00edna salivar, para aumentar a efic\u00e1cia contra acidez g\u00e1strica. Pesquisadores tamb\u00e9m consideram a associa\u00e7\u00e3o da CaneCPI-5 com a vitamina E, visto que esta poderia facilitar a sua aplica\u00e7\u00e3o direta nos dentes, aumentando assim o acesso domiciliar por parte dos pacientes, capacitando-os a manter os cuidados bucais sem assist\u00eancia constante.<\/p>\n\n\n\n<p>A busca por solu\u00e7\u00f5es que integrem inova\u00e7\u00e3o tecnol\u00f3gica com a biologia molecular culmina em avan\u00e7os significativos, n\u00e3o apenas para o tratamento de xerostomia, mas tamb\u00e9m para interven\u00e7\u00f5es odontol\u00f3gicas mais amplas. A CaneCPI-5 representa um exemplo de como a biotecnologia pode revolucionar tratamentos cl\u00ednicos convencionais, oferecendo esperan\u00e7a e melhor qualidade de vida para pacientes que t\u00eam suas fun\u00e7\u00f5es salivares comprometidas.<\/p>\n\n\n<a href=\"https:\/\/www.instagram.com\/dra.annaluisabf\/\" target=\"_blank\" style=\"text-decoration: none; color: inherit;\">\n  <span style=\"display:inline-block; border:1px solid #ccc; border-radius:10px; padding:15px; max-width:550px; font-family:sans-serif; box-shadow:0 2px 5px rgba(0,0,0,0.1);\">\n    <span style=\"margin:0 0 15px 0; font-weight:bold; color:#2c3e50; text-align: center;\">Entre em contato:<\/span>\n\n    <span style=\"display:flex; align-items:center;\">\n      <img decoding=\"async\" src=\"https:\/\/www.correiobraziliense.com.br\/cbradar\/wp-content\/uploads\/2025\/08\/dra_anna_luisa.jpeg\" alt=\"Dra Anna Lu\u00edsa\" style=\"border-radius:50%; width:80px; height:80px; margin-right:15px;\">\n      <span style=\"flex:1;\">\n        <h3 style=\"margin:0 0 5px 0;\">Dra. Anna Lu\u00edsa Barbosa Fernandes<\/h3>\n        <p style=\"margin:0 0 10px 0;\">CRM-GO 33.271<\/p>\n        <span style=\"display:flex; gap:10px;\">\n          <img decoding=\"async\" src=\"https:\/\/cdn-icons-png.flaticon.com\/24\/1384\/1384063.png\" alt=\"Instagram\">\n        <\/span>\n      <\/span>\n    <\/span>\n  <\/span>\n<\/a>","protected":false},"excerpt":{"rendered":"<p>A Saliva Artificial tem se mostrado uma solu\u00e7\u00e3o promissora para pacientes que enfrentam complica\u00e7\u00f5es devido ao tratamento de c\u00e2ncer na regi\u00e3o da cabe\u00e7a e pesco\u00e7o. Com a radioterapia afetando gl\u00e2ndulas salivares, a produ\u00e7\u00e3o natural de saliva \u00e9 frequentemente comprometida, levando \u00e0 xerostomia, ou a sensa\u00e7\u00e3o de boca seca. Este problema pode ser mitigado por um [&hellip;]<\/p>\n","protected":false},"author":25,"featured_media":162224,"comment_status":"open","ping_status":"open","sticky":false,"template":"","format":"standard","meta":{"jnews-multi-image_gallery":[],"jnews_single_post":{"format":"standard"},"jnews_primary_category":[],"jnews_social_meta":[],"jnews_override_counter":[],"footnotes":""},"categories":[9053],"tags":[711,327,415],"class_list":["post-162220","post","type-post","status-publish","format-standard","has-post-thumbnail","hentry","category-saude","tag-bem-estar","tag-qualidade-de-vida","tag-saude"],"yoast_head":"<!-- This site is optimized with the Yoast SEO plugin v23.8 - https:\/\/yoast.com\/wordpress\/plugins\/seo\/ -->\n<title>A inova\u00e7\u00e3o brasileira que pode aliviar a boca seca no c\u00e2ncer - Estado de Minas - Em foco<\/title>\n<meta name=\"description\" content=\"Uma nova saliva artificial com prote\u00edna da cana mostra resultados promissores contra boca seca e c\u00e1ries em pacientes em radioterapia.\" \/>\n<meta name=\"robots\" content=\"index, follow, max-snippet:-1, max-image-preview:large, max-video-preview:-1\" \/>\n<link rel=\"canonical\" href=\"https:\/\/www.em.com.br\/emfoco\/2026\/01\/30\/a-inovacao-brasileira-que-pode-aliviar-a-boca-seca-no-cancer\/\" \/>\n<meta property=\"og:locale\" content=\"pt_BR\" \/>\n<meta property=\"og:type\" content=\"article\" \/>\n<meta property=\"og:title\" content=\"A inova\u00e7\u00e3o brasileira que pode aliviar a boca seca no c\u00e2ncer - Estado de Minas - Em foco\" \/>\n<meta property=\"og:description\" content=\"Uma nova saliva artificial com prote\u00edna da cana mostra resultados promissores contra boca seca e c\u00e1ries em pacientes em radioterapia.\" \/>\n<meta property=\"og:url\" content=\"https:\/\/www.em.com.br\/emfoco\/2026\/01\/30\/a-inovacao-brasileira-que-pode-aliviar-a-boca-seca-no-cancer\/\" \/>\n<meta property=\"og:site_name\" content=\"Estado de Minas - Em foco\" \/>\n<meta property=\"article:published_time\" content=\"2026-01-30T10:05:00+00:00\" \/>\n<meta property=\"article:modified_time\" content=\"2026-01-29T23:07:28+00:00\" \/>\n<meta property=\"og:image\" content=\"https:\/\/www.em.com.br\/emfoco\/wp-content\/uploads\/2026\/01\/Saliva_1769727992110.jpg\" \/>\n\t<meta property=\"og:image:width\" content=\"1280\" \/>\n\t<meta property=\"og:image:height\" content=\"720\" \/>\n\t<meta property=\"og:image:type\" content=\"image\/jpeg\" \/>\n<meta name=\"author\" content=\"Guilherme Lopes\" \/>\n<meta name=\"twitter:card\" content=\"summary_large_image\" \/>\n<meta name=\"twitter:label1\" content=\"Escrito por\" \/>\n\t<meta name=\"twitter:data1\" content=\"Guilherme Lopes\" \/>\n\t<meta name=\"twitter:label2\" content=\"Est. tempo de leitura\" \/>\n\t<meta name=\"twitter:data2\" content=\"4 minutos\" \/>\n<!-- \/ Yoast SEO plugin. -->","yoast_head_json":{"title":"A inova\u00e7\u00e3o brasileira que pode aliviar a boca seca no c\u00e2ncer - Estado de Minas - Em foco","description":"Uma nova saliva artificial com prote\u00edna da cana mostra resultados promissores contra boca seca e c\u00e1ries em pacientes em radioterapia.","robots":{"index":"index","follow":"follow","max-snippet":"max-snippet:-1","max-image-preview":"max-image-preview:large","max-video-preview":"max-video-preview:-1"},"canonical":"https:\/\/www.em.com.br\/emfoco\/2026\/01\/30\/a-inovacao-brasileira-que-pode-aliviar-a-boca-seca-no-cancer\/","og_locale":"pt_BR","og_type":"article","og_title":"A inova\u00e7\u00e3o brasileira que pode aliviar a boca seca no c\u00e2ncer - Estado de Minas - Em foco","og_description":"Uma nova saliva artificial com prote\u00edna da cana mostra resultados promissores contra boca seca e c\u00e1ries em pacientes em radioterapia.","og_url":"https:\/\/www.em.com.br\/emfoco\/2026\/01\/30\/a-inovacao-brasileira-que-pode-aliviar-a-boca-seca-no-cancer\/","og_site_name":"Estado de Minas - Em foco","article_published_time":"2026-01-30T10:05:00+00:00","article_modified_time":"2026-01-29T23:07:28+00:00","og_image":[{"width":1280,"height":720,"url":"https:\/\/www.em.com.br\/emfoco\/wp-content\/uploads\/2026\/01\/Saliva_1769727992110.jpg","type":"image\/jpeg"}],"author":"Guilherme Lopes","twitter_card":"summary_large_image","twitter_misc":{"Escrito por":"Guilherme Lopes","Est. tempo de leitura":"4 minutos"},"schema":{"@context":"https:\/\/schema.org","@graph":[{"@type":"WebPage","@id":"https:\/\/www.em.com.br\/emfoco\/2026\/01\/30\/a-inovacao-brasileira-que-pode-aliviar-a-boca-seca-no-cancer\/","url":"https:\/\/www.em.com.br\/emfoco\/2026\/01\/30\/a-inovacao-brasileira-que-pode-aliviar-a-boca-seca-no-cancer\/","name":"A inova\u00e7\u00e3o brasileira que pode aliviar a boca seca no c\u00e2ncer - Estado de Minas - Em foco","isPartOf":{"@id":"https:\/\/www.em.com.br\/emfoco\/#website"},"primaryImageOfPage":{"@id":"https:\/\/www.em.com.br\/emfoco\/2026\/01\/30\/a-inovacao-brasileira-que-pode-aliviar-a-boca-seca-no-cancer\/#primaryimage"},"image":{"@id":"https:\/\/www.em.com.br\/emfoco\/2026\/01\/30\/a-inovacao-brasileira-que-pode-aliviar-a-boca-seca-no-cancer\/#primaryimage"},"thumbnailUrl":"https:\/\/www.em.com.br\/emfoco\/wp-content\/uploads\/2026\/01\/Saliva_1769727992110.jpg","datePublished":"2026-01-30T10:05:00+00:00","dateModified":"2026-01-29T23:07:28+00:00","author":{"@id":"https:\/\/www.em.com.br\/emfoco\/#\/schema\/person\/f6eade2e287023da170a1b2b329f68e5"},"description":"Uma nova saliva artificial com prote\u00edna da cana mostra resultados promissores contra boca seca e c\u00e1ries em pacientes em radioterapia.","breadcrumb":{"@id":"https:\/\/www.em.com.br\/emfoco\/2026\/01\/30\/a-inovacao-brasileira-que-pode-aliviar-a-boca-seca-no-cancer\/#breadcrumb"},"inLanguage":"pt-BR","potentialAction":[{"@type":"ReadAction","target":["https:\/\/www.em.com.br\/emfoco\/2026\/01\/30\/a-inovacao-brasileira-que-pode-aliviar-a-boca-seca-no-cancer\/"]}]},{"@type":"ImageObject","inLanguage":"pt-BR","@id":"https:\/\/www.em.com.br\/emfoco\/2026\/01\/30\/a-inovacao-brasileira-que-pode-aliviar-a-boca-seca-no-cancer\/#primaryimage","url":"https:\/\/www.em.com.br\/emfoco\/wp-content\/uploads\/2026\/01\/Saliva_1769727992110.jpg","contentUrl":"https:\/\/www.em.com.br\/emfoco\/wp-content\/uploads\/2026\/01\/Saliva_1769727992110.jpg","width":1280,"height":720,"caption":"Sa\u00fade Bucal - Cr\u00e9ditos: depositphotos.com \/ room76photography"},{"@type":"BreadcrumbList","@id":"https:\/\/www.em.com.br\/emfoco\/2026\/01\/30\/a-inovacao-brasileira-que-pode-aliviar-a-boca-seca-no-cancer\/#breadcrumb","itemListElement":[{"@type":"ListItem","position":1,"name":"In\u00edcio","item":"https:\/\/www.em.com.br\/emfoco\/"},{"@type":"ListItem","position":2,"name":"A inova\u00e7\u00e3o brasileira que pode aliviar a boca seca no c\u00e2ncer"}]},{"@type":"WebSite","@id":"https:\/\/www.em.com.br\/emfoco\/#website","url":"https:\/\/www.em.com.br\/emfoco\/","name":"Estado de Minas - Em foco","description":"Acompanhe as \u00faltimas not\u00edcias e fique bem informado sobre tudo o que acontece em Minas Gerais, Brasil e no mundo.","potentialAction":[{"@type":"SearchAction","target":{"@type":"EntryPoint","urlTemplate":"https:\/\/www.em.com.br\/emfoco\/?s={search_term_string}"},"query-input":{"@type":"PropertyValueSpecification","valueRequired":true,"valueName":"search_term_string"}}],"inLanguage":"pt-BR"},{"@type":"Person","@id":"https:\/\/www.em.com.br\/emfoco\/#\/schema\/person\/f6eade2e287023da170a1b2b329f68e5","name":"Guilherme Lopes","image":{"@type":"ImageObject","inLanguage":"pt-BR","@id":"https:\/\/www.em.com.br\/emfoco\/#\/schema\/person\/image\/","url":"https:\/\/secure.gravatar.com\/avatar\/df9adfb835d344bc0af109d41756253f?s=96&d=mm&r=g","contentUrl":"https:\/\/secure.gravatar.com\/avatar\/df9adfb835d344bc0af109d41756253f?s=96&d=mm&r=g","caption":"Guilherme Lopes"},"url":"https:\/\/www.em.com.br\/emfoco\/author\/guilherme_saude\/"}]}},"_links":{"self":[{"href":"https:\/\/www.em.com.br\/emfoco\/wp-json\/wp\/v2\/posts\/162220","targetHints":{"allow":["GET"]}}],"collection":[{"href":"https:\/\/www.em.com.br\/emfoco\/wp-json\/wp\/v2\/posts"}],"about":[{"href":"https:\/\/www.em.com.br\/emfoco\/wp-json\/wp\/v2\/types\/post"}],"author":[{"embeddable":true,"href":"https:\/\/www.em.com.br\/emfoco\/wp-json\/wp\/v2\/users\/25"}],"replies":[{"embeddable":true,"href":"https:\/\/www.em.com.br\/emfoco\/wp-json\/wp\/v2\/comments?post=162220"}],"version-history":[{"count":1,"href":"https:\/\/www.em.com.br\/emfoco\/wp-json\/wp\/v2\/posts\/162220\/revisions"}],"predecessor-version":[{"id":162227,"href":"https:\/\/www.em.com.br\/emfoco\/wp-json\/wp\/v2\/posts\/162220\/revisions\/162227"}],"wp:featuredmedia":[{"embeddable":true,"href":"https:\/\/www.em.com.br\/emfoco\/wp-json\/wp\/v2\/media\/162224"}],"wp:attachment":[{"href":"https:\/\/www.em.com.br\/emfoco\/wp-json\/wp\/v2\/media?parent=162220"}],"wp:term":[{"taxonomy":"category","embeddable":true,"href":"https:\/\/www.em.com.br\/emfoco\/wp-json\/wp\/v2\/categories?post=162220"},{"taxonomy":"post_tag","embeddable":true,"href":"https:\/\/www.em.com.br\/emfoco\/wp-json\/wp\/v2\/tags?post=162220"}],"curies":[{"name":"wp","href":"https:\/\/api.w.org\/{rel}","templated":true}]}}