{"id":162097,"date":"2026-01-30T16:45:00","date_gmt":"2026-01-30T19:45:00","guid":{"rendered":"https:\/\/www.em.com.br\/emfoco\/?p=162097"},"modified":"2026-01-29T21:41:12","modified_gmt":"2026-01-30T00:41:12","slug":"dicas-e-truques-para-decorar-seu-apartamento-sem-gastar-todo-o-seu-salario","status":"publish","type":"post","link":"https:\/\/www.em.com.br\/emfoco\/2026\/01\/30\/dicas-e-truques-para-decorar-seu-apartamento-sem-gastar-todo-o-seu-salario\/","title":{"rendered":"Dicas e truques para decorar seu apartamento sem gastar todo o seu sal\u00e1rio"},"content":{"rendered":"\n<p>Decorar o primeiro apartamento costuma ser um momento marcante e, ao mesmo tempo, desafiador. Entre mudan\u00e7a, boletos e adapta\u00e7\u00e3o \u00e0 nova rotina, o or\u00e7amento fica apertado, mas ainda assim \u00e9 poss\u00edvel criar um ambiente aconchegante, funcional e com a sua cara, desde que as escolhas sejam feitas com um m\u00ednimo de planejamento e sem pressa de ter tudo pronto de uma vez.<\/p>\n\n\n\n<h2 class=\"wp-block-heading\">Como decorar o primeiro apartamento gastando pouco<\/h2>\n\n\n\n<p>A express\u00e3o&nbsp;<strong>decorar o primeiro apartamento<\/strong>&nbsp;costuma vir acompanhada da ideia de grandes gastos, mas n\u00e3o precisa ser assim. O primeiro passo \u00e9 separar o que \u00e9 necessidade imediata do que \u00e9 apenas desejo est\u00e9tico, priorizando o que impacta diretamente o conforto di\u00e1rio.<\/p>\n\n\n\n<p>Cama, mesa de apoio para refei\u00e7\u00f5es, um lugar para guardar roupas e utens\u00edlios b\u00e1sicos formam a base da casa. J\u00e1 televis\u00e3o grande, poltronas extras, aparadores e objetos puramente decorativos podem ficar para uma segunda etapa, quando o or\u00e7amento estiver mais folgado.<\/p>\n\n\n\n<iframe loading=\"lazy\" src=\"https:\/\/assets.pinterest.com\/ext\/embed.html?id=130463720449186356\" height=\"714\" width=\"345\" frameborder=\"0\" scrolling=\"no\" ><\/iframe>\n\n\n\n<h2 class=\"wp-block-heading\">Quais m\u00f3veis priorizar ao montar o primeiro lar<\/h2>\n\n\n\n<p>Na hora de\u00a0<strong>decorar o primeiro apartamento gastando pouco<\/strong>, a escolha dos m\u00f3veis influ\u00eancia diretamente o or\u00e7amento. Nem tudo precisa ser comprado de uma s\u00f3 vez: apostar em solu\u00e7\u00f5es provis\u00f3rias, mas funcionais, ajuda a evitar d\u00edvidas logo no in\u00edcio.<\/p>\n\n\n\n<p>Em muitos casos, um colch\u00e3o confort\u00e1vel no ch\u00e3o, uma mesa pequena e algumas cadeiras dobr\u00e1veis garantem o funcionamento inicial da casa. O <a href=\"https:\/\/www.em.com.br\/emfoco\/2026\/01\/15\/como-remover-manchas-dificeis-do-sofa-usando-percarbonato-de-sodio-2\/\" target=\"_blank\" rel=\"noreferrer noopener\">sof\u00e1 <\/a>pode ser adiado, substitu\u00eddo por um futon, um banco de madeira com almofadas ou um puff grande, at\u00e9 que valha investir em uma pe\u00e7a melhor.<\/p>\n\n\n\n<h2 class=\"wp-block-heading\">Como dividir ambientes pequenos e criar sensa\u00e7\u00e3o de amplitude<\/h2>\n\n\n\n<p>Em apartamentos pequenos ou tipo est\u00fadio, separar o espa\u00e7o de dormir da \u00e1rea social ajuda a manter a casa visualmente organizada. Sem reformas, \u00e9 poss\u00edvel criar essa divis\u00e3o com elementos simples, que ainda acrescentam personalidade ao ambiente.<\/p>\n\n\n\n<p>Algumas solu\u00e7\u00f5es acess\u00edveis costumam funcionar bem nesse tipo de projeto, ajudando a delimitar \u00e1reas sem pesar visualmente o espa\u00e7o:<\/p>\n\n\n\n<ul class=\"wp-block-list\">\n<li><strong>Estantes abertas:<\/strong>\u00a0funcionam como divis\u00f3rias e oferecem espa\u00e7o para livros, plantas e objetos.<\/li>\n\n\n\n<li><strong>Tapetes:<\/strong>\u00a0ajudam a marcar salas e quartos sem bloquear a passagem de luz.<\/li>\n\n\n\n<li><strong>Cortinas ou pain\u00e9is de tecido:<\/strong>\u00a0criam privacidade em torno da cama em ambientes integrados.<\/li>\n<\/ul>\n\n\n\n<iframe loading=\"lazy\" src=\"https:\/\/assets.pinterest.com\/ext\/embed.html?id=17732992278009913\" height=\"618\" width=\"345\" frameborder=\"0\" scrolling=\"no\" ><\/iframe>\n\n\n\n<h2 class=\"wp-block-heading\">Como usar plantas, quadros e ilumina\u00e7\u00e3o na decora\u00e7\u00e3o<\/h2>\n\n\n\n<p>Quando a estrutura b\u00e1sica j\u00e1 est\u00e1 montada, chega a parte mais vis\u00edvel da&nbsp;<strong>decora\u00e7\u00e3o do primeiro apartamento<\/strong>. Pequenos elementos, como plantas, quadros e pontos de luz estrat\u00e9gicos, podem transformar o ambiente sem exigir grandes investimentos.<\/p>\n\n\n\n<p>Esp\u00e9cies de f\u00e1cil manuten\u00e7\u00e3o, como jiboia, zamioculca, cactos e suculentas, trazem cor e frescor. Quadros, p\u00f4steres e fotos criam identidade, e a ilumina\u00e7\u00e3o com l\u00e2mpadas mais amareladas, abajures ou <a href=\"https:\/\/br.pinterest.com\/casapensada\/fita-de-led-na-decora%C3%A7%C3%A3o\/\" target=\"_blank\" rel=\"noreferrer noopener\">fitas de LED<\/a> deixa o clima mais aconchegante, muitas vezes com apenas uma troca simples de l\u00e2mpadas.<\/p>\n\n\n\n<h2 class=\"wp-block-heading\">Quais s\u00e3o os passos pr\u00e1ticos para decorar sem estourar o or\u00e7amento<\/h2>\n\n\n\n<p>Organizar o processo de decora\u00e7\u00e3o em etapas ajuda a manter o controle financeiro e a evitar compras por impulso. Com um roteiro simples, o primeiro lar vai ganhando forma aos poucos, alinhado ao seu or\u00e7amento e ao seu estilo de vida real.<\/p>\n\n\n\n<p>Agora \u00e9 o momento de agir: defina um teto de gastos mensal, comece pela lista do essencial e j\u00e1 pesquise hoje mesmo m\u00f3veis multifuncionais e op\u00e7\u00f5es de segunda m\u00e3o. N\u00e3o adie sua casa dos sonhos para \u201cquando sobrar dinheiro\u201d; comece com o que voc\u00ea tem, d\u00ea o primeiro passo ainda esta semana e transforme seu apartamento em um espa\u00e7o que voc\u00ea tenha orgulho de chamar de lar.<\/p>\n\n\n\n<p><\/p>\n","protected":false},"excerpt":{"rendered":"<p>Decorar o primeiro apartamento costuma ser um momento marcante e, ao mesmo tempo, desafiador. Entre mudan\u00e7a, boletos e adapta\u00e7\u00e3o \u00e0 nova rotina, o or\u00e7amento fica apertado, mas ainda assim \u00e9 poss\u00edvel criar um ambiente aconchegante, funcional e com a sua cara, desde que as escolhas sejam feitas com um m\u00ednimo de planejamento e sem pressa [&hellip;]<\/p>\n","protected":false},"author":11,"featured_media":155710,"comment_status":"open","ping_status":"open","sticky":false,"template":"","format":"standard","meta":{"jnews-multi-image_gallery":[],"jnews_single_post":{"format":"standard"},"jnews_primary_category":[],"jnews_social_meta":[],"jnews_override_counter":[],"footnotes":""},"categories":[8819,1],"tags":[11844,10428,812,14830,23728],"class_list":["post-162097","post","type-post","status-publish","format-standard","has-post-thumbnail","hentry","category-curiosidades","category-noticias","tag-apartamento","tag-decorar","tag-planejamento-2","tag-pouco-dinheiro","tag-sem-gastar-muito"],"yoast_head":"<!-- This site is optimized with the Yoast SEO plugin v23.8 - https:\/\/yoast.com\/wordpress\/plugins\/seo\/ -->\n<title>Dicas e truques para decorar seu apartamento sem gastar todo o seu sal\u00e1rio - Estado de Minas - Em foco<\/title>\n<meta name=\"description\" content=\"Com planejamento e escolhas simples, seu primeiro apartamento pode ficar funcional e aconchegante sem grandes gastos.\" \/>\n<meta name=\"robots\" content=\"index, follow, max-snippet:-1, max-image-preview:large, max-video-preview:-1\" \/>\n<link rel=\"canonical\" href=\"https:\/\/www.em.com.br\/emfoco\/2026\/01\/30\/dicas-e-truques-para-decorar-seu-apartamento-sem-gastar-todo-o-seu-salario\/\" \/>\n<meta property=\"og:locale\" content=\"pt_BR\" \/>\n<meta property=\"og:type\" content=\"article\" \/>\n<meta property=\"og:title\" content=\"Dicas e truques para decorar seu apartamento sem gastar todo o seu sal\u00e1rio - Estado de Minas - Em foco\" \/>\n<meta property=\"og:description\" content=\"Com planejamento e escolhas simples, seu primeiro apartamento pode ficar funcional e aconchegante sem grandes gastos.\" \/>\n<meta property=\"og:url\" content=\"https:\/\/www.em.com.br\/emfoco\/2026\/01\/30\/dicas-e-truques-para-decorar-seu-apartamento-sem-gastar-todo-o-seu-salario\/\" \/>\n<meta property=\"og:site_name\" content=\"Estado de Minas - Em foco\" \/>\n<meta property=\"article:published_time\" content=\"2026-01-30T19:45:00+00:00\" \/>\n<meta property=\"article:modified_time\" content=\"2026-01-30T00:41:12+00:00\" \/>\n<meta property=\"og:image\" content=\"https:\/\/www.em.com.br\/emfoco\/wp-content\/uploads\/2026\/01\/Gemini_Generated_Image_ulghaiulghaiulgh-1.png\" \/>\n\t<meta property=\"og:image:width\" content=\"1280\" \/>\n\t<meta property=\"og:image:height\" content=\"720\" \/>\n\t<meta property=\"og:image:type\" content=\"image\/png\" \/>\n<meta name=\"author\" content=\"Andre\u0301 Rangel\u00a0\" \/>\n<meta name=\"twitter:card\" content=\"summary_large_image\" \/>\n<meta name=\"twitter:label1\" content=\"Escrito por\" \/>\n\t<meta name=\"twitter:data1\" content=\"Andre\u0301 Rangel\u00a0\" \/>\n\t<meta name=\"twitter:label2\" content=\"Est. tempo de leitura\" \/>\n\t<meta name=\"twitter:data2\" content=\"4 minutos\" \/>\n<!-- \/ Yoast SEO plugin. -->","yoast_head_json":{"title":"Dicas e truques para decorar seu apartamento sem gastar todo o seu sal\u00e1rio - Estado de Minas - Em foco","description":"Com planejamento e escolhas simples, seu primeiro apartamento pode ficar funcional e aconchegante sem grandes gastos.","robots":{"index":"index","follow":"follow","max-snippet":"max-snippet:-1","max-image-preview":"max-image-preview:large","max-video-preview":"max-video-preview:-1"},"canonical":"https:\/\/www.em.com.br\/emfoco\/2026\/01\/30\/dicas-e-truques-para-decorar-seu-apartamento-sem-gastar-todo-o-seu-salario\/","og_locale":"pt_BR","og_type":"article","og_title":"Dicas e truques para decorar seu apartamento sem gastar todo o seu sal\u00e1rio - Estado de Minas - Em foco","og_description":"Com planejamento e escolhas simples, seu primeiro apartamento pode ficar funcional e aconchegante sem grandes gastos.","og_url":"https:\/\/www.em.com.br\/emfoco\/2026\/01\/30\/dicas-e-truques-para-decorar-seu-apartamento-sem-gastar-todo-o-seu-salario\/","og_site_name":"Estado de Minas - Em foco","article_published_time":"2026-01-30T19:45:00+00:00","article_modified_time":"2026-01-30T00:41:12+00:00","og_image":[{"width":1280,"height":720,"url":"https:\/\/www.em.com.br\/emfoco\/wp-content\/uploads\/2026\/01\/Gemini_Generated_Image_ulghaiulghaiulgh-1.png","type":"image\/png"}],"author":"Andre\u0301 Rangel\u00a0","twitter_card":"summary_large_image","twitter_misc":{"Escrito por":"Andre\u0301 Rangel\u00a0","Est. tempo de leitura":"4 minutos"},"schema":{"@context":"https:\/\/schema.org","@graph":[{"@type":"WebPage","@id":"https:\/\/www.em.com.br\/emfoco\/2026\/01\/30\/dicas-e-truques-para-decorar-seu-apartamento-sem-gastar-todo-o-seu-salario\/","url":"https:\/\/www.em.com.br\/emfoco\/2026\/01\/30\/dicas-e-truques-para-decorar-seu-apartamento-sem-gastar-todo-o-seu-salario\/","name":"Dicas e truques para decorar seu apartamento sem gastar todo o seu sal\u00e1rio - Estado de Minas - Em foco","isPartOf":{"@id":"https:\/\/www.em.com.br\/emfoco\/#website"},"primaryImageOfPage":{"@id":"https:\/\/www.em.com.br\/emfoco\/2026\/01\/30\/dicas-e-truques-para-decorar-seu-apartamento-sem-gastar-todo-o-seu-salario\/#primaryimage"},"image":{"@id":"https:\/\/www.em.com.br\/emfoco\/2026\/01\/30\/dicas-e-truques-para-decorar-seu-apartamento-sem-gastar-todo-o-seu-salario\/#primaryimage"},"thumbnailUrl":"https:\/\/www.em.com.br\/emfoco\/wp-content\/uploads\/2026\/01\/Gemini_Generated_Image_ulghaiulghaiulgh-1.png","datePublished":"2026-01-30T19:45:00+00:00","dateModified":"2026-01-30T00:41:12+00:00","author":{"@id":"https:\/\/www.em.com.br\/emfoco\/#\/schema\/person\/60eda09c1fedf0d6891f4cef4b60b8b8"},"description":"Com planejamento e escolhas simples, seu primeiro apartamento pode ficar funcional e aconchegante sem grandes gastos.","breadcrumb":{"@id":"https:\/\/www.em.com.br\/emfoco\/2026\/01\/30\/dicas-e-truques-para-decorar-seu-apartamento-sem-gastar-todo-o-seu-salario\/#breadcrumb"},"inLanguage":"pt-BR","potentialAction":[{"@type":"ReadAction","target":["https:\/\/www.em.com.br\/emfoco\/2026\/01\/30\/dicas-e-truques-para-decorar-seu-apartamento-sem-gastar-todo-o-seu-salario\/"]}]},{"@type":"ImageObject","inLanguage":"pt-BR","@id":"https:\/\/www.em.com.br\/emfoco\/2026\/01\/30\/dicas-e-truques-para-decorar-seu-apartamento-sem-gastar-todo-o-seu-salario\/#primaryimage","url":"https:\/\/www.em.com.br\/emfoco\/wp-content\/uploads\/2026\/01\/Gemini_Generated_Image_ulghaiulghaiulgh-1.png","contentUrl":"https:\/\/www.em.com.br\/emfoco\/wp-content\/uploads\/2026\/01\/Gemini_Generated_Image_ulghaiulghaiulgh-1.png","width":1280,"height":720,"caption":"Decora\u00e7\u00e3o de varanda virou prioridade nos apartamentos"},{"@type":"BreadcrumbList","@id":"https:\/\/www.em.com.br\/emfoco\/2026\/01\/30\/dicas-e-truques-para-decorar-seu-apartamento-sem-gastar-todo-o-seu-salario\/#breadcrumb","itemListElement":[{"@type":"ListItem","position":1,"name":"In\u00edcio","item":"https:\/\/www.em.com.br\/emfoco\/"},{"@type":"ListItem","position":2,"name":"Dicas e truques para decorar seu apartamento sem gastar todo o seu sal\u00e1rio"}]},{"@type":"WebSite","@id":"https:\/\/www.em.com.br\/emfoco\/#website","url":"https:\/\/www.em.com.br\/emfoco\/","name":"Estado de Minas - Em foco","description":"Acompanhe as \u00faltimas not\u00edcias e fique bem informado sobre tudo o que acontece em Minas Gerais, Brasil e no mundo.","potentialAction":[{"@type":"SearchAction","target":{"@type":"EntryPoint","urlTemplate":"https:\/\/www.em.com.br\/emfoco\/?s={search_term_string}"},"query-input":{"@type":"PropertyValueSpecification","valueRequired":true,"valueName":"search_term_string"}}],"inLanguage":"pt-BR"},{"@type":"Person","@id":"https:\/\/www.em.com.br\/emfoco\/#\/schema\/person\/60eda09c1fedf0d6891f4cef4b60b8b8","name":"Andre\u0301 Rangel\u00a0","image":{"@type":"ImageObject","inLanguage":"pt-BR","@id":"https:\/\/www.em.com.br\/emfoco\/#\/schema\/person\/image\/","url":"https:\/\/secure.gravatar.com\/avatar\/6234dc814c77c8ef6d8bba622c787efc?s=96&d=mm&r=g","contentUrl":"https:\/\/secure.gravatar.com\/avatar\/6234dc814c77c8ef6d8bba622c787efc?s=96&d=mm&r=g","caption":"Andre\u0301 Rangel\u00a0"},"url":"https:\/\/www.em.com.br\/emfoco\/author\/luizmyth\/"}]}},"_links":{"self":[{"href":"https:\/\/www.em.com.br\/emfoco\/wp-json\/wp\/v2\/posts\/162097","targetHints":{"allow":["GET"]}}],"collection":[{"href":"https:\/\/www.em.com.br\/emfoco\/wp-json\/wp\/v2\/posts"}],"about":[{"href":"https:\/\/www.em.com.br\/emfoco\/wp-json\/wp\/v2\/types\/post"}],"author":[{"embeddable":true,"href":"https:\/\/www.em.com.br\/emfoco\/wp-json\/wp\/v2\/users\/11"}],"replies":[{"embeddable":true,"href":"https:\/\/www.em.com.br\/emfoco\/wp-json\/wp\/v2\/comments?post=162097"}],"version-history":[{"count":4,"href":"https:\/\/www.em.com.br\/emfoco\/wp-json\/wp\/v2\/posts\/162097\/revisions"}],"predecessor-version":[{"id":162152,"href":"https:\/\/www.em.com.br\/emfoco\/wp-json\/wp\/v2\/posts\/162097\/revisions\/162152"}],"wp:featuredmedia":[{"embeddable":true,"href":"https:\/\/www.em.com.br\/emfoco\/wp-json\/wp\/v2\/media\/155710"}],"wp:attachment":[{"href":"https:\/\/www.em.com.br\/emfoco\/wp-json\/wp\/v2\/media?parent=162097"}],"wp:term":[{"taxonomy":"category","embeddable":true,"href":"https:\/\/www.em.com.br\/emfoco\/wp-json\/wp\/v2\/categories?post=162097"},{"taxonomy":"post_tag","embeddable":true,"href":"https:\/\/www.em.com.br\/emfoco\/wp-json\/wp\/v2\/tags?post=162097"}],"curies":[{"name":"wp","href":"https:\/\/api.w.org\/{rel}","templated":true}]}}