{"id":16204,"date":"2025-02-11T12:20:00","date_gmt":"2025-02-11T15:20:00","guid":{"rendered":"https:\/\/www.em.com.br\/emfoco\/?p=16204"},"modified":"2025-02-10T16:03:15","modified_gmt":"2025-02-10T19:03:15","slug":"de-high-school-musical-ao-estrelato-conheca-a-vida-privada-de-zac-efron","status":"publish","type":"post","link":"https:\/\/www.em.com.br\/emfoco\/2025\/02\/11\/de-high-school-musical-ao-estrelato-conheca-a-vida-privada-de-zac-efron\/","title":{"rendered":"De High School Musical ao estrelato! Conhe\u00e7a a vida privada de Zac Efron"},"content":{"rendered":"\n<p>Desde seus primeiros passos na atua\u00e7\u00e3o, <strong>Zac Efron<\/strong> destacou-se como uma promissora estrela de<strong> <a href=\"https:\/\/www.em.com.br\/emfoco\/2025\/02\/01\/descubra-a-trajetoria-da-nova-sensacao-de-hollywood\/\" target=\"_blank\" rel=\"noreferrer noopener\">Hollywood<\/a><\/strong>. Nascido em <strong>San Luis Obispo, Calif\u00f3rnia,<\/strong> ele iniciou sua jornada art\u00edstica ainda adolescente, participando de produ\u00e7\u00f5es teatrais. Seu talento rapidamente chamou a aten\u00e7\u00e3o, abrindo caminho para suas primeiras apari\u00e7\u00f5es na televis\u00e3o.<\/p>\n\n\n\n<p>Seu reconhecimento veio com pap\u00e9is em s\u00e9ries populares, mas foi \u00e0 franquia <em><strong>High School Musical<\/strong><\/em> que sua fama consolidou-se entre o p\u00fablico jovem. Este filme televisivo n\u00e3o apenas impulsionou sua carreira, como tamb\u00e9m o transformou em um \u00edcone cultural amplamente reconhecido.<\/p>\n\n\n\n<h2 class=\"wp-block-heading\">Sucessos de Zac Efron na carreira<\/h2>\n\n\n\n<p>Ap\u00f3s o fen\u00f4meno <strong><a href=\"https:\/\/www.disneyplus.com\/pt-br\/movies\/high-school-musical\/1Wh1xI8luhe4\" target=\"_blank\" rel=\"noreferrer noopener\">High School Musical<\/a><\/strong>, Zac Efron teve uma ascens\u00e3o mete\u00f3rica na ind\u00fastria cinematogr\u00e1fica. A s\u00e9rie de filmes tornou seu nome conhecido mundialmente e abriu portas para outras produ\u00e7\u00f5es not\u00e1veis. Ele mostrou suas habilidades em canto e dan\u00e7a em <em><strong>Hairspray<\/strong><\/em>, aumentando ainda mais sua popularidade.<\/p>\n\n\n\n<p>\u00c0 medida que sua carreira progredia, Efron diversificou seus pap\u00e9is, explorou diferentes g\u00eaneros e assumiu personagens complexos. Filmes como <em><strong>17 Again<\/strong><\/em> e <em><strong>The Greatest Showman<\/strong><\/em> evidenciam essa transi\u00e7\u00e3o, mostrando sua evolu\u00e7\u00e3o como ator e sua capacidade de enfrentar novos desafios cinematogr\u00e1ficos.<\/p>\n\n\n\n<figure class=\"wp-block-image size-large\"><img loading=\"lazy\" decoding=\"async\" width=\"1024\" height=\"576\" src=\"https:\/\/www.em.com.br\/emfoco\/wp-content\/uploads\/2025\/02\/zac-efron_1738533899832-1024x576.jpg\" alt=\"De High School Musical ao estrelato! Conhe\u00e7a a vida privada de Zac Efron\" class=\"wp-image-16207\" srcset=\"https:\/\/www.em.com.br\/emfoco\/wp-content\/uploads\/2025\/02\/zac-efron_1738533899832-1024x576.jpg 1024w, https:\/\/www.em.com.br\/emfoco\/wp-content\/uploads\/2025\/02\/zac-efron_1738533899832-300x169.jpg 300w, https:\/\/www.em.com.br\/emfoco\/wp-content\/uploads\/2025\/02\/zac-efron_1738533899832-768x432.jpg 768w, https:\/\/www.em.com.br\/emfoco\/wp-content\/uploads\/2025\/02\/zac-efron_1738533899832-750x422.jpg 750w, https:\/\/www.em.com.br\/emfoco\/wp-content\/uploads\/2025\/02\/zac-efron_1738533899832-1140x641.jpg 1140w, https:\/\/www.em.com.br\/emfoco\/wp-content\/uploads\/2025\/02\/zac-efron_1738533899832.jpg 1280w\" sizes=\"auto, (max-width: 1024px) 100vw, 1024px\" \/><figcaption class=\"wp-element-caption\">Zac Efron &#8211; Cr\u00e9ditos: depositphotos.com \/ imagepressagency<\/figcaption><\/figure>\n\n\n\n<h2 class=\"wp-block-heading\">Melhores filmes e s\u00e9ries de Zac Efron<\/h2>\n\n\n\n<p>A versatilidade de <strong>Zac Efron<\/strong> pode ser apreciada em algumas de suas produ\u00e7\u00f5es mais memor\u00e1veis. Entre seus filmes mais aclamados est\u00e3o:<\/p>\n\n\n\n<ul class=\"wp-block-list\">\n<li><em><strong>High School Musical<\/strong><\/em> (s\u00e9rie de filmes) &#8211; que o catapultou ao estrelato global.<\/li>\n\n\n\n<li><em><strong>The Greatest Showman<\/strong><\/em> &#8211; onde ele brilhou ao lado de Hugh Jackman.<\/li>\n\n\n\n<li><em><strong>17 Again<\/strong><\/em> &#8211; uma com\u00e9dia que agradou tanto cr\u00edticos quanto o p\u00fablico.<\/li>\n\n\n\n<li><em><strong>Extremely Wicked, Shockingly Evil and Vile<\/strong><\/em> &#8211; um drama criminal que destacou sua amplitude como ator.<\/li>\n<\/ul>\n\n\n\n<p>Ainda, suas participa\u00e7\u00f5es em produ\u00e7\u00f5es para a TV e streaming, como a s\u00e9rie documental <em>Down to Earth with Zac Efron<\/em>, tamb\u00e9m contribu\u00edram para demonstrar sua versatilidade e seu interesse em temas ambientais.<\/p>\n\n\n\n<h2 class=\"wp-block-heading\">Zac Efron e o sucesso na carreira musical<\/h2>\n\n\n\n<p>Embora celebre principalmente como ator, <strong>Zac Efron<\/strong> tamb\u00e9m deixou sua marca no mundo da m\u00fasica. Em <em>High School Musical<\/em>, ele revelou suas habilidades musicais, com v\u00e1rias m\u00fasicas liderando as paradas. Ele continuou a explorar essa faceta em <em>The Greatest Showman<\/em>, cuja trilha sonora foi aclamada.<\/p>\n\n\n\n<p>No entanto, Efron preferiu focar sua energia na atua\u00e7\u00e3o, onde continua a expandir seu legado art\u00edstico.<\/p>\n\n\n\n<h2 class=\"wp-block-heading\">Projetos atuais de Zac Efron<\/h2>\n\n\n\n<p>Em 2024, Zac Efron continua ativo tanto em produ\u00e7\u00f5es cinematogr\u00e1ficas quanto televisivas. Ele est\u00e1 escalado para estrelar em novos filmes que destacam seu talento para pap\u00e9is dram\u00e1ticos e de a\u00e7\u00e3o. Al\u00e9m disso, Efron demonstrou interesse em projetos sustent\u00e1veis, como o programa <em>Down to Earth with Zac Efron<\/em>.<\/p>\n\n\n\n<p>Seu engajamento nessas \u00e1reas mostra n\u00e3o apenas sua busca por diversidade em seus projetos, mas tamb\u00e9m seu desejo de aprender e se envolver em temas al\u00e9m do entretenimento.<\/p>\n\n\n\n<h2 class=\"wp-block-heading\">Fortuna estimada e fontes de renda de Zac Efron<\/h2>\n\n\n\n<p>Com mais de uma d\u00e9cada de sucessos em filmes e s\u00e9ries, <strong>Zac Efron<\/strong> acumulou uma consider\u00e1vel fortuna. Em 2025, estima-se que seu patrim\u00f4nio l\u00edquido ultrapasse <strong>20 milh\u00f5es de d\u00f3lares<\/strong>. Suas maiores fontes de renda s\u00e3o cach\u00eas de filmes, vendas de produtos associados e acordos de patroc\u00ednio.<\/p>\n\n\n\n<p>Al\u00e9m disso, Efron diversificou suas fontes de receita, envolvendo-se em produ\u00e7\u00f5es e empreendimentos relacionados \u00e0 sa\u00fade e bem-estar, refletindo seu interesse em promover um estilo de vida saud\u00e1vel.<\/p>\n","protected":false},"excerpt":{"rendered":"<p>Desde seus primeiros passos na atua\u00e7\u00e3o, Zac Efron destacou-se como uma promissora estrela de Hollywood. Nascido em San Luis Obispo, Calif\u00f3rnia, ele iniciou sua jornada art\u00edstica ainda adolescente, participando de produ\u00e7\u00f5es teatrais. Seu talento rapidamente chamou a aten\u00e7\u00e3o, abrindo caminho para suas primeiras apari\u00e7\u00f5es na televis\u00e3o. Seu reconhecimento veio com pap\u00e9is em s\u00e9ries populares, mas [&hellip;]<\/p>\n","protected":false},"author":5,"featured_media":16206,"comment_status":"open","ping_status":"open","sticky":false,"template":"","format":"standard","meta":{"jnews-multi-image_gallery":[],"jnews_single_post":{"format":"standard"},"jnews_primary_category":[],"jnews_social_meta":[],"jnews_override_counter":[],"footnotes":""},"categories":[29,137,190,1],"tags":[296,1149,188,4512],"class_list":["post-16204","post","type-post","status-publish","format-standard","has-post-thumbnail","hentry","category-entretenimento","category-filmes","category-fortuna","category-noticias","tag-dinheiro","tag-filme","tag-fortuna","tag-zac-efron"],"yoast_head":"<!-- This site is optimized with the Yoast SEO plugin v23.8 - https:\/\/yoast.com\/wordpress\/plugins\/seo\/ -->\n<title>De High School Musical ao estrelato! Conhe\u00e7a a vida privada de Zac Efron - Estado de Minas - Em foco<\/title>\n<meta name=\"description\" content=\"Ele saiu dos musicais e virou estrela de Hollywood, acumulando uma fortuna de milh\u00f5es. Descubra como Zac Efron segue fazendo sucesso!\" \/>\n<meta name=\"robots\" content=\"index, follow, max-snippet:-1, max-image-preview:large, max-video-preview:-1\" \/>\n<link rel=\"canonical\" href=\"https:\/\/www.em.com.br\/emfoco\/2025\/02\/11\/de-high-school-musical-ao-estrelato-conheca-a-vida-privada-de-zac-efron\/\" \/>\n<meta property=\"og:locale\" content=\"pt_BR\" \/>\n<meta property=\"og:type\" content=\"article\" \/>\n<meta property=\"og:title\" content=\"De High School Musical ao estrelato! Conhe\u00e7a a vida privada de Zac Efron - Estado de Minas - Em foco\" \/>\n<meta property=\"og:description\" content=\"Ele saiu dos musicais e virou estrela de Hollywood, acumulando uma fortuna de milh\u00f5es. Descubra como Zac Efron segue fazendo sucesso!\" \/>\n<meta property=\"og:url\" content=\"https:\/\/www.em.com.br\/emfoco\/2025\/02\/11\/de-high-school-musical-ao-estrelato-conheca-a-vida-privada-de-zac-efron\/\" \/>\n<meta property=\"og:site_name\" content=\"Estado de Minas - Em foco\" \/>\n<meta property=\"article:published_time\" content=\"2025-02-11T15:20:00+00:00\" \/>\n<meta property=\"article:modified_time\" content=\"2025-02-10T19:03:15+00:00\" \/>\n<meta property=\"og:image\" content=\"https:\/\/www.em.com.br\/emfoco\/wp-content\/uploads\/2025\/02\/esse-43.jpg\" \/>\n\t<meta property=\"og:image:width\" content=\"1280\" \/>\n\t<meta property=\"og:image:height\" content=\"720\" \/>\n\t<meta property=\"og:image:type\" content=\"image\/jpeg\" \/>\n<meta name=\"author\" content=\"N\u00fabia Rangel\" \/>\n<meta name=\"twitter:card\" content=\"summary_large_image\" \/>\n<meta name=\"twitter:label1\" content=\"Escrito por\" \/>\n\t<meta name=\"twitter:data1\" content=\"N\u00fabia Rangel\" \/>\n\t<meta name=\"twitter:label2\" content=\"Est. tempo de leitura\" \/>\n\t<meta name=\"twitter:data2\" content=\"4 minutos\" \/>\n<!-- \/ Yoast SEO plugin. -->","yoast_head_json":{"title":"De High School Musical ao estrelato! Conhe\u00e7a a vida privada de Zac Efron - Estado de Minas - Em foco","description":"Ele saiu dos musicais e virou estrela de Hollywood, acumulando uma fortuna de milh\u00f5es. Descubra como Zac Efron segue fazendo sucesso!","robots":{"index":"index","follow":"follow","max-snippet":"max-snippet:-1","max-image-preview":"max-image-preview:large","max-video-preview":"max-video-preview:-1"},"canonical":"https:\/\/www.em.com.br\/emfoco\/2025\/02\/11\/de-high-school-musical-ao-estrelato-conheca-a-vida-privada-de-zac-efron\/","og_locale":"pt_BR","og_type":"article","og_title":"De High School Musical ao estrelato! Conhe\u00e7a a vida privada de Zac Efron - Estado de Minas - Em foco","og_description":"Ele saiu dos musicais e virou estrela de Hollywood, acumulando uma fortuna de milh\u00f5es. Descubra como Zac Efron segue fazendo sucesso!","og_url":"https:\/\/www.em.com.br\/emfoco\/2025\/02\/11\/de-high-school-musical-ao-estrelato-conheca-a-vida-privada-de-zac-efron\/","og_site_name":"Estado de Minas - Em foco","article_published_time":"2025-02-11T15:20:00+00:00","article_modified_time":"2025-02-10T19:03:15+00:00","og_image":[{"width":1280,"height":720,"url":"https:\/\/www.em.com.br\/emfoco\/wp-content\/uploads\/2025\/02\/esse-43.jpg","type":"image\/jpeg"}],"author":"N\u00fabia Rangel","twitter_card":"summary_large_image","twitter_misc":{"Escrito por":"N\u00fabia Rangel","Est. tempo de leitura":"4 minutos"},"schema":{"@context":"https:\/\/schema.org","@graph":[{"@type":"WebPage","@id":"https:\/\/www.em.com.br\/emfoco\/2025\/02\/11\/de-high-school-musical-ao-estrelato-conheca-a-vida-privada-de-zac-efron\/","url":"https:\/\/www.em.com.br\/emfoco\/2025\/02\/11\/de-high-school-musical-ao-estrelato-conheca-a-vida-privada-de-zac-efron\/","name":"De High School Musical ao estrelato! Conhe\u00e7a a vida privada de Zac Efron - Estado de Minas - Em foco","isPartOf":{"@id":"https:\/\/www.em.com.br\/emfoco\/#website"},"primaryImageOfPage":{"@id":"https:\/\/www.em.com.br\/emfoco\/2025\/02\/11\/de-high-school-musical-ao-estrelato-conheca-a-vida-privada-de-zac-efron\/#primaryimage"},"image":{"@id":"https:\/\/www.em.com.br\/emfoco\/2025\/02\/11\/de-high-school-musical-ao-estrelato-conheca-a-vida-privada-de-zac-efron\/#primaryimage"},"thumbnailUrl":"https:\/\/www.em.com.br\/emfoco\/wp-content\/uploads\/2025\/02\/esse-43.jpg","datePublished":"2025-02-11T15:20:00+00:00","dateModified":"2025-02-10T19:03:15+00:00","author":{"@id":"https:\/\/www.em.com.br\/emfoco\/#\/schema\/person\/524437ef54f8a5d32591b143307f2e20"},"description":"Ele saiu dos musicais e virou estrela de Hollywood, acumulando uma fortuna de milh\u00f5es. Descubra como Zac Efron segue fazendo sucesso!","breadcrumb":{"@id":"https:\/\/www.em.com.br\/emfoco\/2025\/02\/11\/de-high-school-musical-ao-estrelato-conheca-a-vida-privada-de-zac-efron\/#breadcrumb"},"inLanguage":"pt-BR","potentialAction":[{"@type":"ReadAction","target":["https:\/\/www.em.com.br\/emfoco\/2025\/02\/11\/de-high-school-musical-ao-estrelato-conheca-a-vida-privada-de-zac-efron\/"]}]},{"@type":"ImageObject","inLanguage":"pt-BR","@id":"https:\/\/www.em.com.br\/emfoco\/2025\/02\/11\/de-high-school-musical-ao-estrelato-conheca-a-vida-privada-de-zac-efron\/#primaryimage","url":"https:\/\/www.em.com.br\/emfoco\/wp-content\/uploads\/2025\/02\/esse-43.jpg","contentUrl":"https:\/\/www.em.com.br\/emfoco\/wp-content\/uploads\/2025\/02\/esse-43.jpg","width":1280,"height":720,"caption":"High School Musical - Cr\u00e9ditos: Imagem Divulga\u00e7\u00e3o Disney Plus"},{"@type":"BreadcrumbList","@id":"https:\/\/www.em.com.br\/emfoco\/2025\/02\/11\/de-high-school-musical-ao-estrelato-conheca-a-vida-privada-de-zac-efron\/#breadcrumb","itemListElement":[{"@type":"ListItem","position":1,"name":"In\u00edcio","item":"https:\/\/www.em.com.br\/emfoco\/"},{"@type":"ListItem","position":2,"name":"De High School Musical ao estrelato! Conhe\u00e7a a vida privada de Zac Efron"}]},{"@type":"WebSite","@id":"https:\/\/www.em.com.br\/emfoco\/#website","url":"https:\/\/www.em.com.br\/emfoco\/","name":"Estado de Minas - Em foco","description":"Acompanhe as \u00faltimas not\u00edcias e fique bem informado sobre tudo o que acontece em Minas Gerais, Brasil e no mundo.","potentialAction":[{"@type":"SearchAction","target":{"@type":"EntryPoint","urlTemplate":"https:\/\/www.em.com.br\/emfoco\/?s={search_term_string}"},"query-input":{"@type":"PropertyValueSpecification","valueRequired":true,"valueName":"search_term_string"}}],"inLanguage":"pt-BR"},{"@type":"Person","@id":"https:\/\/www.em.com.br\/emfoco\/#\/schema\/person\/524437ef54f8a5d32591b143307f2e20","name":"N\u00fabia Rangel","image":{"@type":"ImageObject","inLanguage":"pt-BR","@id":"https:\/\/www.em.com.br\/emfoco\/#\/schema\/person\/image\/","url":"https:\/\/secure.gravatar.com\/avatar\/47cff2827a5ba23c37e8068c86817ea4?s=96&d=mm&r=g","contentUrl":"https:\/\/secure.gravatar.com\/avatar\/47cff2827a5ba23c37e8068c86817ea4?s=96&d=mm&r=g","caption":"N\u00fabia Rangel"},"sameAs":["https:\/\/www.em.com.br\/emfoco\/"],"url":"https:\/\/www.em.com.br\/emfoco\/author\/nubiamyth\/"}]}},"_links":{"self":[{"href":"https:\/\/www.em.com.br\/emfoco\/wp-json\/wp\/v2\/posts\/16204","targetHints":{"allow":["GET"]}}],"collection":[{"href":"https:\/\/www.em.com.br\/emfoco\/wp-json\/wp\/v2\/posts"}],"about":[{"href":"https:\/\/www.em.com.br\/emfoco\/wp-json\/wp\/v2\/types\/post"}],"author":[{"embeddable":true,"href":"https:\/\/www.em.com.br\/emfoco\/wp-json\/wp\/v2\/users\/5"}],"replies":[{"embeddable":true,"href":"https:\/\/www.em.com.br\/emfoco\/wp-json\/wp\/v2\/comments?post=16204"}],"version-history":[{"count":3,"href":"https:\/\/www.em.com.br\/emfoco\/wp-json\/wp\/v2\/posts\/16204\/revisions"}],"predecessor-version":[{"id":16210,"href":"https:\/\/www.em.com.br\/emfoco\/wp-json\/wp\/v2\/posts\/16204\/revisions\/16210"}],"wp:featuredmedia":[{"embeddable":true,"href":"https:\/\/www.em.com.br\/emfoco\/wp-json\/wp\/v2\/media\/16206"}],"wp:attachment":[{"href":"https:\/\/www.em.com.br\/emfoco\/wp-json\/wp\/v2\/media?parent=16204"}],"wp:term":[{"taxonomy":"category","embeddable":true,"href":"https:\/\/www.em.com.br\/emfoco\/wp-json\/wp\/v2\/categories?post=16204"},{"taxonomy":"post_tag","embeddable":true,"href":"https:\/\/www.em.com.br\/emfoco\/wp-json\/wp\/v2\/tags?post=16204"}],"curies":[{"name":"wp","href":"https:\/\/api.w.org\/{rel}","templated":true}]}}