{"id":161731,"date":"2026-01-30T20:45:00","date_gmt":"2026-01-30T23:45:00","guid":{"rendered":"https:\/\/www.em.com.br\/emfoco\/?p=161731"},"modified":"2026-01-29T22:12:05","modified_gmt":"2026-01-30T01:12:05","slug":"como-10-minutos-de-exercicios-leves-durante-o-expediente-melhoram-postura-e-disposicao","status":"publish","type":"post","link":"https:\/\/www.em.com.br\/emfoco\/2026\/01\/30\/como-10-minutos-de-exercicios-leves-durante-o-expediente-melhoram-postura-e-disposicao\/","title":{"rendered":"Como 10 minutos de exerc\u00edcios leves durante o expediente melhoram postura e disposi\u00e7\u00e3o"},"content":{"rendered":"\n<h2 class=\"wp-block-heading\">A pausa ativa de 10 minutos combate o sedentarismo no trabalho. Divida o tempo entre respira\u00e7\u00e3o, alongamentos de ombros e punhos, e caminhadas curtas. Essa rotina melhora a postura, reduz o estresse e aumenta a produtividade.<\/h2>\n\n\n\n<p><b>Voc\u00ea j\u00e1 se pegou no meio do expediente<\/b> sentindo o corpo pesado, a mente cansada e a vontade de \u201cdesligar\u201d por alguns minutos? \u00c9 justamente para esses momentos que a <b>pausa ativa de 10 minutos<\/b> entra como uma aliada simples, r\u00e1pida e poss\u00edvel tanto no escrit\u00f3rio quanto no home office.<\/p>\n\n\n\n<h2 class=\"wp-block-heading\">Como organizar uma pausa ativa de 10 minutos no meio do expediente<\/h2>\n\n\n\n<p>Para encaixar a <b>pausa ativa de 10 minutos no meio do expediente<\/b>, vale escolher um hor\u00e1rio em que voc\u00ea costuma sentir mais cansa\u00e7o, como no meio da manh\u00e3 ou da tarde. O segredo \u00e9 enxergar esse momento como <b>parte do trabalho<\/b>, e n\u00e3o como perda de tempo: \u00e9 um investimento para render melhor depois.<\/p>\n\n\n\n<figure class=\"wp-block-embed is-type-rich is-provider-pinterest wp-block-embed-pinterest\"><div class=\"wp-block-embed__wrapper\">\n<iframe loading=\"lazy\" title=\"Correria demais, sempre.E nesse contexto, seja por causa do trabalho, filhos ou objetivos tempor\u00e1rios, precisamos ter plantas.S\u00e3o as plantas que trazem respiro, pausa e at\u00e9 parte da nossa sanidade em meio a tanta press\u00e3o do dia a dia.\ud83d\udcd3Essa percep\u00e7\u00e3o \u00e9 clara mas tem muita ajuda cient\u00edfica que comprova:H\u00e1 estudos no mundo inteiro que apontam o simples tirar de folhinha feia como algo terap\u00eautico.Por isso repito, quem n\u00e3o enche a casa de plantas est\u00e1 perdendo uma grande chance de ser m...\" src=\"https:\/\/assets.pinterest.com\/ext\/embed.html?id=965951820088806804&#038;src=oembed\" height=\"898\" width=\"450\" frameborder=\"0\" scrolling=\"no\" ><\/iframe>\n<\/div><\/figure>\n\n\n\n<p>Uma forma simples de organizar esse intervalo \u00e9 dividir os <b>10 minutos em etapas r\u00e1pidas<\/b>, que ajudam a sair das telas, movimentar o corpo e depois retomar o foco de forma mais leve e organizada. Com o tempo, essa estrutura pode ser adaptada \u00e0 sua rotina, mantendo sempre um momento para <b>desconectar, movimentar e voltar ao foco<\/b>.<\/p>\n\n\n\n<ol class=\"wp-block-list\">\n<li><b>1 a 2 minutos de respira\u00e7\u00e3o<\/b> e desligamento das telas: afastar-se do computador, relaxar os ombros e direcionar o olhar para longe, permitindo que os <b>olhos descansem<\/b> e a mente desacelere.<\/li>\n\n\n\n<li><b>3 a 4 minutos de alongamentos leves<\/b>: priorizar regi\u00f5es mais exigidas, como pesco\u00e7o, ombros, costas, punhos e quadris, sempre respeitando o <b>limite de conforto<\/b> do corpo.<\/li>\n\n\n\n<li><b>2 a 3 minutos de caminhada<\/b> ou mobilidade: dar alguns passos pelo ambiente ou subir e descer um pequeno lance de escada, quando poss\u00edvel, estimulando a <b>circula\u00e7\u00e3o sangu\u00ednea<\/b> e a sensa\u00e7\u00e3o de disposi\u00e7\u00e3o.<\/li>\n\n\n\n<li><b>1 a 2 minutos para retomar o foco<\/b>: voltar ao posto de trabalho, organizar a mesa e planejar a pr\u00f3xima tarefa, criando um <b>pequeno ritual de rein\u00edcio<\/b> do trabalho.<\/li>\n<\/ol>\n\n\n\n<figure class=\"wp-block-embed is-type-rich is-provider-pinterest wp-block-embed-pinterest\"><div class=\"wp-block-embed__wrapper\">\n<iframe loading=\"lazy\" title=\"Alongamentos para fazer no mocho\" src=\"https:\/\/assets.pinterest.com\/ext\/embed.html?id=107523509833677365&#038;src=oembed\" height=\"417\" width=\"450\" frameborder=\"0\" scrolling=\"no\" ><\/iframe>\n<\/div><\/figure>\n\n\n\n<p>Leia tamb\u00e9m:&nbsp;<a href=\"https:\/\/www.em.com.br\/emfoco\/2026\/01\/18\/sem-tempo-para-nada-cinco-habitos-de-autocuidado-que-cabem-em-apenas-10-minutos-por-dia\/\" target=\"_blank\" rel=\"noopener\">Sem tempo para nada? Cinco h\u00e1bitos de autocuidado que cabem em apenas 10 minutos por dia<\/a><\/p>\n\n\n\n<h2 class=\"wp-block-heading\">Quais exerc\u00edcios e alongamentos incluir na pausa ativa de forma simples<\/h2>\n\n\n\n<p>Os movimentos da <b>pausa ativa<\/b> devem ser f\u00e1ceis, confort\u00e1veis e poss\u00edveis para quem passa boa parte do dia sentado. N\u00e3o \u00e9 treino pesado de academia: s\u00e3o gestos suaves para <b>\u201cdestravar\u201d o corpo<\/b>, soltar a musculatura e aliviar a rigidez de quem fica muito tempo na mesma posi\u00e7\u00e3o.<\/p>\n\n\n\n<p>Para organizar melhor as ideias, abaixo est\u00e3o alguns exemplos de <b>exerc\u00edcios que podem ser feitos em escrit\u00f3rios<\/b> ou em casa, sem equipamentos e respeitando o limite de cada pessoa. A ideia \u00e9 criar um repert\u00f3rio simples de movimentos que se tornem <b>h\u00e1bitos incorporados na rotina<\/b>.<\/p>\n\n\n\n<ul class=\"wp-block-list\">\n<li><b>Pesco\u00e7o e ombros<\/b>: inclinar a cabe\u00e7a lentamente para os lados; fazer rota\u00e7\u00f5es suaves dos ombros para frente e para tr\u00e1s, mantendo cada posi\u00e7\u00e3o por alguns segundos, <b>sem for\u00e7ar a articula\u00e7\u00e3o<\/b>.<\/li>\n\n\n\n<li><b>Punhos e m\u00e3os<\/b>: girar os punhos em c\u00edrculos, abrir e fechar as m\u00e3os com for\u00e7a moderada e alongar os dedos puxando-os levemente para tr\u00e1s com a outra m\u00e3o, prevenindo <b>tens\u00f5es causadas pela digita\u00e7\u00e3o<\/b>.<\/li>\n\n\n\n<li><b>Coluna e quadris<\/b>: em p\u00e9, fazer rota\u00e7\u00f5es suaves de tronco para a direita e para a esquerda; sentado na ponta da cadeira, alongar a coluna levando o peito levemente para frente, ajudando a <b>reduzir a postura curvada<\/b>.<\/li>\n\n\n\n<li><b>Pernas<\/b>: estender uma perna \u00e0 frente, com o calcanhar no ch\u00e3o, e inclinar o tronco at\u00e9 sentir alongar a parte de tr\u00e1s da coxa; depois alternar a perna, favorecendo a <b>circula\u00e7\u00e3o nas pernas<\/b>.<\/li>\n\n\n\n<li><b>Respira\u00e7\u00e3o<\/b>: inspirar pelo nariz contando at\u00e9 quatro, segurar um instante e soltar o ar pela boca devagar, repetindo por alguns ciclos para <b>diminuir a tens\u00e3o<\/b> e acalmar a mente.<\/li>\n<\/ul>\n\n\n\n<p>Para voc\u00ea que gosta de se cuidar, separamos um v\u00eddeo do canal\u00a0<a href=\"https:\/\/www.youtube.com\/@pausaativaocupacional\" target=\"_blank\" rel=\"noreferrer noopener\">Pausa Ativa Ocupacional<\/a> com dicas para fazer pausas ativas no dia a dia:<\/p>\n\n\n\n<figure class=\"wp-block-embed is-type-video is-provider-youtube wp-block-embed-youtube wp-embed-aspect-16-9 wp-has-aspect-ratio\"><div class=\"wp-block-embed__wrapper\">\n<div class=\"jeg_video_container jeg_video_content\"><iframe loading=\"lazy\" title=\"A Rotina de Pausa Ativa\" width=\"500\" height=\"281\" src=\"https:\/\/www.youtube.com\/embed\/-2qEGbfTXBQ?feature=oembed\" frameborder=\"0\" allow=\"accelerometer; autoplay; clipboard-write; encrypted-media; gyroscope; picture-in-picture; web-share\" referrerpolicy=\"strict-origin-when-cross-origin\" allowfullscreen><\/iframe><\/div>\n<\/div><\/figure>\n\n\n\n<h2 class=\"wp-block-heading\">Como adaptar a pausa ativa ao home office e diferentes rotinas de trabalho<\/h2>\n\n\n\n<p>No home office, a <b>pausa ativa de 10 minutos<\/b> pode ser feita usando o que voc\u00ea j\u00e1 tem em casa: uma cadeira firme para apoiar alongamentos, uma parede para exerc\u00edcios de peito e ombros ou at\u00e9 um corredor para caminhar alguns minutos. Quem divide o espa\u00e7o com outras pessoas pode <b>combinar hor\u00e1rios<\/b> para evitar interrup\u00e7\u00f5es e tornar o h\u00e1bito mais constante.<\/p>\n\n\n\n<p>Para que essa pr\u00e1tica n\u00e3o fique s\u00f3 na teoria, pequenas estrat\u00e9gias ajudam a manter a <b>regularidade ao longo das semanas<\/b>, tornando a pausa algo natural no seu dia de trabalho. Com o tempo, essa organiza\u00e7\u00e3o contribui para <b>mais bem-estar, produtividade<\/b> e menor sensa\u00e7\u00e3o de esgotamento.<\/p>\n","protected":false},"excerpt":{"rendered":"<p>A pausa ativa de 10 minutos combate o sedentarismo no trabalho. Divida o tempo entre respira\u00e7\u00e3o, alongamentos de ombros e punhos, e caminhadas curtas. Essa rotina melhora a postura, reduz o estresse e aumenta a produtividade. Voc\u00ea j\u00e1 se pegou no meio do expediente sentindo o corpo pesado, a mente cansada e a vontade de [&hellip;]<\/p>\n","protected":false},"author":9,"featured_media":161933,"comment_status":"open","ping_status":"open","sticky":false,"template":"","format":"standard","meta":{"jnews-multi-image_gallery":[],"jnews_single_post":{"format":"standard"},"jnews_primary_category":[],"jnews_social_meta":[],"jnews_override_counter":[],"footnotes":""},"categories":[8691,8819,1],"tags":[22121,11260,23680],"class_list":["post-161731","post","type-post","status-publish","format-standard","has-post-thumbnail","hentry","category-bem-estar","category-curiosidades","category-noticias","tag-auto-cuidado","tag-barriga","tag-pausa-ativa"],"yoast_head":"<!-- This site is optimized with the Yoast SEO plugin v23.8 - https:\/\/yoast.com\/wordpress\/plugins\/seo\/ -->\n<title>Como 10 minutos de exerc\u00edcios leves durante o expediente melhoram postura e disposi\u00e7\u00e3o - Estado de Minas - Em foco<\/title>\n<meta name=\"description\" content=\"Aumente seu foco em 2026! A pausa ativa de 10 minutos alivia dores, melhora a circula\u00e7\u00e3o e renova sua energia mental.\" \/>\n<meta name=\"robots\" content=\"index, follow, max-snippet:-1, max-image-preview:large, max-video-preview:-1\" \/>\n<link rel=\"canonical\" href=\"https:\/\/www.em.com.br\/emfoco\/2026\/01\/30\/como-10-minutos-de-exercicios-leves-durante-o-expediente-melhoram-postura-e-disposicao\/\" \/>\n<meta property=\"og:locale\" content=\"pt_BR\" \/>\n<meta property=\"og:type\" content=\"article\" \/>\n<meta property=\"og:title\" content=\"Como 10 minutos de exerc\u00edcios leves durante o expediente melhoram postura e disposi\u00e7\u00e3o - Estado de Minas - Em foco\" \/>\n<meta property=\"og:description\" content=\"Aumente seu foco em 2026! A pausa ativa de 10 minutos alivia dores, melhora a circula\u00e7\u00e3o e renova sua energia mental.\" \/>\n<meta property=\"og:url\" content=\"https:\/\/www.em.com.br\/emfoco\/2026\/01\/30\/como-10-minutos-de-exercicios-leves-durante-o-expediente-melhoram-postura-e-disposicao\/\" \/>\n<meta property=\"og:site_name\" content=\"Estado de Minas - Em foco\" \/>\n<meta property=\"article:published_time\" content=\"2026-01-30T23:45:00+00:00\" \/>\n<meta property=\"article:modified_time\" content=\"2026-01-30T01:12:05+00:00\" \/>\n<meta property=\"og:image\" content=\"https:\/\/www.em.com.br\/emfoco\/wp-content\/uploads\/2026\/01\/trabalho-alongamento_1769707372237.jpg\" \/>\n\t<meta property=\"og:image:width\" content=\"1280\" \/>\n\t<meta property=\"og:image:height\" content=\"720\" \/>\n\t<meta property=\"og:image:type\" content=\"image\/jpeg\" \/>\n<meta name=\"author\" content=\"Daniely Cardoso\" \/>\n<meta name=\"twitter:card\" content=\"summary_large_image\" \/>\n<meta name=\"twitter:label1\" content=\"Escrito por\" \/>\n\t<meta name=\"twitter:data1\" content=\"Daniely Cardoso\" \/>\n\t<meta name=\"twitter:label2\" content=\"Est. tempo de leitura\" \/>\n\t<meta name=\"twitter:data2\" content=\"5 minutos\" \/>\n<!-- \/ Yoast SEO plugin. -->","yoast_head_json":{"title":"Como 10 minutos de exerc\u00edcios leves durante o expediente melhoram postura e disposi\u00e7\u00e3o - Estado de Minas - Em foco","description":"Aumente seu foco em 2026! A pausa ativa de 10 minutos alivia dores, melhora a circula\u00e7\u00e3o e renova sua energia mental.","robots":{"index":"index","follow":"follow","max-snippet":"max-snippet:-1","max-image-preview":"max-image-preview:large","max-video-preview":"max-video-preview:-1"},"canonical":"https:\/\/www.em.com.br\/emfoco\/2026\/01\/30\/como-10-minutos-de-exercicios-leves-durante-o-expediente-melhoram-postura-e-disposicao\/","og_locale":"pt_BR","og_type":"article","og_title":"Como 10 minutos de exerc\u00edcios leves durante o expediente melhoram postura e disposi\u00e7\u00e3o - Estado de Minas - Em foco","og_description":"Aumente seu foco em 2026! A pausa ativa de 10 minutos alivia dores, melhora a circula\u00e7\u00e3o e renova sua energia mental.","og_url":"https:\/\/www.em.com.br\/emfoco\/2026\/01\/30\/como-10-minutos-de-exercicios-leves-durante-o-expediente-melhoram-postura-e-disposicao\/","og_site_name":"Estado de Minas - Em foco","article_published_time":"2026-01-30T23:45:00+00:00","article_modified_time":"2026-01-30T01:12:05+00:00","og_image":[{"width":1280,"height":720,"url":"https:\/\/www.em.com.br\/emfoco\/wp-content\/uploads\/2026\/01\/trabalho-alongamento_1769707372237.jpg","type":"image\/jpeg"}],"author":"Daniely Cardoso","twitter_card":"summary_large_image","twitter_misc":{"Escrito por":"Daniely Cardoso","Est. tempo de leitura":"5 minutos"},"schema":{"@context":"https:\/\/schema.org","@graph":[{"@type":"WebPage","@id":"https:\/\/www.em.com.br\/emfoco\/2026\/01\/30\/como-10-minutos-de-exercicios-leves-durante-o-expediente-melhoram-postura-e-disposicao\/","url":"https:\/\/www.em.com.br\/emfoco\/2026\/01\/30\/como-10-minutos-de-exercicios-leves-durante-o-expediente-melhoram-postura-e-disposicao\/","name":"Como 10 minutos de exerc\u00edcios leves durante o expediente melhoram postura e disposi\u00e7\u00e3o - Estado de Minas - Em foco","isPartOf":{"@id":"https:\/\/www.em.com.br\/emfoco\/#website"},"primaryImageOfPage":{"@id":"https:\/\/www.em.com.br\/emfoco\/2026\/01\/30\/como-10-minutos-de-exercicios-leves-durante-o-expediente-melhoram-postura-e-disposicao\/#primaryimage"},"image":{"@id":"https:\/\/www.em.com.br\/emfoco\/2026\/01\/30\/como-10-minutos-de-exercicios-leves-durante-o-expediente-melhoram-postura-e-disposicao\/#primaryimage"},"thumbnailUrl":"https:\/\/www.em.com.br\/emfoco\/wp-content\/uploads\/2026\/01\/trabalho-alongamento_1769707372237.jpg","datePublished":"2026-01-30T23:45:00+00:00","dateModified":"2026-01-30T01:12:05+00:00","author":{"@id":"https:\/\/www.em.com.br\/emfoco\/#\/schema\/person\/0a8186d72f2c3a5c6276d90b41f271a0"},"description":"Aumente seu foco em 2026! A pausa ativa de 10 minutos alivia dores, melhora a circula\u00e7\u00e3o e renova sua energia mental.","breadcrumb":{"@id":"https:\/\/www.em.com.br\/emfoco\/2026\/01\/30\/como-10-minutos-de-exercicios-leves-durante-o-expediente-melhoram-postura-e-disposicao\/#breadcrumb"},"inLanguage":"pt-BR","potentialAction":[{"@type":"ReadAction","target":["https:\/\/www.em.com.br\/emfoco\/2026\/01\/30\/como-10-minutos-de-exercicios-leves-durante-o-expediente-melhoram-postura-e-disposicao\/"]}]},{"@type":"ImageObject","inLanguage":"pt-BR","@id":"https:\/\/www.em.com.br\/emfoco\/2026\/01\/30\/como-10-minutos-de-exercicios-leves-durante-o-expediente-melhoram-postura-e-disposicao\/#primaryimage","url":"https:\/\/www.em.com.br\/emfoco\/wp-content\/uploads\/2026\/01\/trabalho-alongamento_1769707372237.jpg","contentUrl":"https:\/\/www.em.com.br\/emfoco\/wp-content\/uploads\/2026\/01\/trabalho-alongamento_1769707372237.jpg","width":1280,"height":720,"caption":"Para encaixar a pausa ativa de 10 minutos no meio do expediente, vale escolher um hor\u00e1rio em que voc\u00ea costuma sentir mais cansa\u00e7o - Cr\u00e9ditos: depositphotos.com \/ sebastiangauert"},{"@type":"BreadcrumbList","@id":"https:\/\/www.em.com.br\/emfoco\/2026\/01\/30\/como-10-minutos-de-exercicios-leves-durante-o-expediente-melhoram-postura-e-disposicao\/#breadcrumb","itemListElement":[{"@type":"ListItem","position":1,"name":"In\u00edcio","item":"https:\/\/www.em.com.br\/emfoco\/"},{"@type":"ListItem","position":2,"name":"Como 10 minutos de exerc\u00edcios leves durante o expediente melhoram postura e disposi\u00e7\u00e3o"}]},{"@type":"WebSite","@id":"https:\/\/www.em.com.br\/emfoco\/#website","url":"https:\/\/www.em.com.br\/emfoco\/","name":"Estado de Minas - Em foco","description":"Acompanhe as \u00faltimas not\u00edcias e fique bem informado sobre tudo o que acontece em Minas Gerais, Brasil e no mundo.","potentialAction":[{"@type":"SearchAction","target":{"@type":"EntryPoint","urlTemplate":"https:\/\/www.em.com.br\/emfoco\/?s={search_term_string}"},"query-input":{"@type":"PropertyValueSpecification","valueRequired":true,"valueName":"search_term_string"}}],"inLanguage":"pt-BR"},{"@type":"Person","@id":"https:\/\/www.em.com.br\/emfoco\/#\/schema\/person\/0a8186d72f2c3a5c6276d90b41f271a0","name":"Daniely Cardoso","image":{"@type":"ImageObject","inLanguage":"pt-BR","@id":"https:\/\/www.em.com.br\/emfoco\/#\/schema\/person\/image\/","url":"https:\/\/secure.gravatar.com\/avatar\/4b80ddbd124d1f071b626d52d62e5dff?s=96&d=mm&r=g","contentUrl":"https:\/\/secure.gravatar.com\/avatar\/4b80ddbd124d1f071b626d52d62e5dff?s=96&d=mm&r=g","caption":"Daniely Cardoso"},"url":"https:\/\/www.em.com.br\/emfoco\/author\/danielymyth\/"}]}},"_links":{"self":[{"href":"https:\/\/www.em.com.br\/emfoco\/wp-json\/wp\/v2\/posts\/161731","targetHints":{"allow":["GET"]}}],"collection":[{"href":"https:\/\/www.em.com.br\/emfoco\/wp-json\/wp\/v2\/posts"}],"about":[{"href":"https:\/\/www.em.com.br\/emfoco\/wp-json\/wp\/v2\/types\/post"}],"author":[{"embeddable":true,"href":"https:\/\/www.em.com.br\/emfoco\/wp-json\/wp\/v2\/users\/9"}],"replies":[{"embeddable":true,"href":"https:\/\/www.em.com.br\/emfoco\/wp-json\/wp\/v2\/comments?post=161731"}],"version-history":[{"count":3,"href":"https:\/\/www.em.com.br\/emfoco\/wp-json\/wp\/v2\/posts\/161731\/revisions"}],"predecessor-version":[{"id":162106,"href":"https:\/\/www.em.com.br\/emfoco\/wp-json\/wp\/v2\/posts\/161731\/revisions\/162106"}],"wp:featuredmedia":[{"embeddable":true,"href":"https:\/\/www.em.com.br\/emfoco\/wp-json\/wp\/v2\/media\/161933"}],"wp:attachment":[{"href":"https:\/\/www.em.com.br\/emfoco\/wp-json\/wp\/v2\/media?parent=161731"}],"wp:term":[{"taxonomy":"category","embeddable":true,"href":"https:\/\/www.em.com.br\/emfoco\/wp-json\/wp\/v2\/categories?post=161731"},{"taxonomy":"post_tag","embeddable":true,"href":"https:\/\/www.em.com.br\/emfoco\/wp-json\/wp\/v2\/tags?post=161731"}],"curies":[{"name":"wp","href":"https:\/\/api.w.org\/{rel}","templated":true}]}}