{"id":161691,"date":"2026-01-29T12:29:00","date_gmt":"2026-01-29T15:29:00","guid":{"rendered":"https:\/\/www.em.com.br\/emfoco\/?p=161691"},"modified":"2026-01-29T12:05:04","modified_gmt":"2026-01-29T15:05:04","slug":"salario-minimo-29-01-sobe-para-r-1-789-e-traz-alegria-para-o-pais","status":"publish","type":"post","link":"https:\/\/www.em.com.br\/emfoco\/2026\/01\/29\/salario-minimo-29-01-sobe-para-r-1-789-e-traz-alegria-para-o-pais\/","title":{"rendered":"Sal\u00e1rio m\u00ednimo (29\/01) sobe para R$ 1.789 e traz alegria para o pa\u00eds"},"content":{"rendered":"\n<p>Entender como funciona o<a href=\"https:\/\/www.al.rs.gov.br\/\" target=\"_blank\" rel=\"noreferrer noopener\">\u00a0<strong>sal\u00e1rio m\u00ednimo no Rio Grande do Sul em 2026<\/strong>\u00a0<\/a>\u00e9 fundamental para quem deseja organizar o or\u00e7amento, planejar metas financeiras pessoais e tomar decis\u00f5es mais conscientes sobre carreira, consumo e investimentos. O ponto central \u00e9 que, no estado, convivem dois referenciais importantes, o piso nacional e o piso regional ga\u00facho, e essa diferen\u00e7a impacta tanto a renda dispon\u00edvel quanto a forma de equilibrar gastos fixos, poupan\u00e7a e qualidade de vida ao longo do ano.<\/p>\n\n\n\n<h2 class=\"wp-block-heading\">O que \u00e9 o sal\u00e1rio m\u00ednimo no Brasil em 2026 e como ele afeta o seu bolso?<\/h2>\n\n\n\n<p>O sal\u00e1rio m\u00ednimo nacional em 2026, fixado em&nbsp;<strong>R$ 1.621,00<\/strong>, funciona como a base de c\u00e1lculo para a maior parte das rendas de trabalhadores que n\u00e3o possuem pisos espec\u00edficos definidos em conven\u00e7\u00f5es coletivas ou leis pr\u00f3prias. Na pr\u00e1tica, este valor define o patamar m\u00ednimo de entrada para quem est\u00e1 come\u00e7ando no mercado formal, influenciando diretamente quanto ser\u00e1 poss\u00edvel destinar a moradia, alimenta\u00e7\u00e3o, transporte e, principalmente, \u00e0 constru\u00e7\u00e3o de uma reserva financeira.<\/p>\n\n\n\n<p>Al\u00e9m do mercado de trabalho, esse valor \u00e9 a refer\u00eancia para benef\u00edcios como aposentadorias de menor faixa do INSS,&nbsp;<em>Benef\u00edcio de Presta\u00e7\u00e3o Continuada (BPC)<\/em>, seguro-desemprego em seus valores m\u00ednimos e outros aux\u00edlios que utilizam o sal\u00e1rio m\u00ednimo como crit\u00e9rio de c\u00e1lculo. Para quem recebe exatamente um sal\u00e1rio m\u00ednimo, conhecer esse montante \u00e9 essencial para montar uma planilha de gastos realista, definir prioridades e evitar comprometer toda a renda apenas com despesas b\u00e1sicas mensais.<\/p>\n\n\n\n<figure class=\"wp-block-image size-large\"><img loading=\"lazy\" decoding=\"async\" width=\"1024\" height=\"559\" src=\"https:\/\/www.em.com.br\/emfoco\/wp-content\/uploads\/2026\/01\/freepik__trabalhador-gacho-adulto-em-ambiente-urbano-do-rio__6803-1024x559.png\" alt=\"\" class=\"wp-image-161801\" srcset=\"https:\/\/www.em.com.br\/emfoco\/wp-content\/uploads\/2026\/01\/freepik__trabalhador-gacho-adulto-em-ambiente-urbano-do-rio__6803-1024x559.png 1024w, https:\/\/www.em.com.br\/emfoco\/wp-content\/uploads\/2026\/01\/freepik__trabalhador-gacho-adulto-em-ambiente-urbano-do-rio__6803-300x164.png 300w, https:\/\/www.em.com.br\/emfoco\/wp-content\/uploads\/2026\/01\/freepik__trabalhador-gacho-adulto-em-ambiente-urbano-do-rio__6803-768x419.png 768w, https:\/\/www.em.com.br\/emfoco\/wp-content\/uploads\/2026\/01\/freepik__trabalhador-gacho-adulto-em-ambiente-urbano-do-rio__6803-750x409.png 750w, https:\/\/www.em.com.br\/emfoco\/wp-content\/uploads\/2026\/01\/freepik__trabalhador-gacho-adulto-em-ambiente-urbano-do-rio__6803-1140x622.png 1140w, https:\/\/www.em.com.br\/emfoco\/wp-content\/uploads\/2026\/01\/freepik__trabalhador-gacho-adulto-em-ambiente-urbano-do-rio__6803.png 1408w\" sizes=\"auto, (max-width: 1024px) 100vw, 1024px\" \/><figcaption class=\"wp-element-caption\">Novo sal\u00e1rio m\u00ednimo de R$ 1.789 entra em vigor e anima brasileiros<\/figcaption><\/figure>\n\n\n\n<h2 class=\"wp-block-heading\">Como funciona o sal\u00e1rio m\u00ednimo no Rio Grande do Sul em 2026 na pr\u00e1tica do dia a dia?<\/h2>\n\n\n\n<p>No&nbsp;<strong>sal\u00e1rio m\u00ednimo no Rio Grande do Sul em 2026<\/strong>, entra em cena o chamado&nbsp;<strong>piso regional<\/strong>, que representa um valor superior ao m\u00ednimo federal e varia conforme a atividade exercida. As faixas regionais ficam entre aproximadamente&nbsp;<strong>R$ 1.789,04<\/strong>&nbsp;e&nbsp;<strong>R$ 2.267,27<\/strong>&nbsp;mensais, o que significa que, para muitos trabalhadores ga\u00fachos, a renda m\u00ednima mensal \u00e9 naturalmente maior que o piso nacional, abrindo algum espa\u00e7o adicional no or\u00e7amento.<\/p>\n\n\n\n<p>Esse piso regional costuma abranger trabalhadores do com\u00e9rcio, servi\u00e7os, agricultura, ind\u00fastria e outras atividades que n\u00e3o tenham piso definido em conven\u00e7\u00f5es coletivas espec\u00edficas. Para quem est\u00e1 enquadrado nessas faixas, a renda mensal tende a permitir um planejamento financeiro mais estruturado, como separar uma porcentagem para emerg\u00eancia, outra para objetivos de m\u00e9dio prazo, al\u00e9m de organizar o pagamento de d\u00edvidas com mais seguran\u00e7a e previsibilidade.<\/p>\n\n\n\n<h2 class=\"wp-block-heading\">Qual a diferen\u00e7a entre sal\u00e1rio m\u00ednimo nacional e piso regional ga\u00facho para o planejamento financeiro?<\/h2>\n\n\n\n<p>A diferen\u00e7a entre o&nbsp;<strong>sal\u00e1rio m\u00ednimo nacional<\/strong>&nbsp;e o&nbsp;<strong>piso regional do Rio Grande do Sul<\/strong>&nbsp;vai al\u00e9m da legisla\u00e7\u00e3o trabalhista e influencia diretamente a forma de cuidar do dinheiro ao longo do m\u00eas. Enquanto os&nbsp;<strong>R$ 1.621,00<\/strong>&nbsp;representam o menor valor permitido em todo o pa\u00eds, as faixas regionais entre&nbsp;<strong>R$ 1.789,00<\/strong>&nbsp;e&nbsp;<strong>R$ 2.267,00<\/strong>&nbsp;criam um patamar de renda mais elevado para parte dos trabalhadores ga\u00fachos, o que muda o limite dispon\u00edvel para consumo e poupan\u00e7a.<\/p>\n\n\n\n<p>Quando a remunera\u00e7\u00e3o \u00e9 maior que o piso nacional, o trabalhador ganha margem para estruturar melhor seu or\u00e7amento, desde que controle o padr\u00e3o de vida e evite o aumento autom\u00e1tico de gastos conforme o sal\u00e1rio sobe. Em muitos casos, conven\u00e7\u00f5es coletivas e acordos de categoria ainda garantem valores superiores ao piso regional, e sempre que isso ocorrer, \u00e9 poss\u00edvel utilizar essa renda adicional para:<\/p>\n\n\n\n<ul class=\"wp-block-list\">\n<li>Construir uma reserva de emerg\u00eancia equivalente a alguns meses de sal\u00e1rio.<\/li>\n\n\n\n<li>Quitar d\u00edvidas mais caras, como cheque especial e cart\u00e3o de cr\u00e9dito.<\/li>\n\n\n\n<li>Planejar objetivos de m\u00e9dio e longo prazo, como cursos, moradia e aposentadoria.<\/li>\n\n\n\n<li>Organizar o consumo de forma consciente, evitando comprometer a renda com parcelas excessivas.<\/li>\n<\/ul>\n\n\n\n<figure class=\"wp-block-image size-large\"><img loading=\"lazy\" decoding=\"async\" width=\"1024\" height=\"585\" src=\"https:\/\/www.em.com.br\/emfoco\/wp-content\/uploads\/2026\/01\/freepik__mesa-simples-de-casa-brasileira-com-planilha-de-ga__6801-1024x585.png\" alt=\"\" class=\"wp-image-161790\" srcset=\"https:\/\/www.em.com.br\/emfoco\/wp-content\/uploads\/2026\/01\/freepik__mesa-simples-de-casa-brasileira-com-planilha-de-ga__6801-1024x585.png 1024w, https:\/\/www.em.com.br\/emfoco\/wp-content\/uploads\/2026\/01\/freepik__mesa-simples-de-casa-brasileira-com-planilha-de-ga__6801-300x171.png 300w, https:\/\/www.em.com.br\/emfoco\/wp-content\/uploads\/2026\/01\/freepik__mesa-simples-de-casa-brasileira-com-planilha-de-ga__6801-768x439.png 768w, https:\/\/www.em.com.br\/emfoco\/wp-content\/uploads\/2026\/01\/freepik__mesa-simples-de-casa-brasileira-com-planilha-de-ga__6801-1536x878.png 1536w, https:\/\/www.em.com.br\/emfoco\/wp-content\/uploads\/2026\/01\/freepik__mesa-simples-de-casa-brasileira-com-planilha-de-ga__6801-2048x1170.png 2048w, https:\/\/www.em.com.br\/emfoco\/wp-content\/uploads\/2026\/01\/freepik__mesa-simples-de-casa-brasileira-com-planilha-de-ga__6801-750x429.png 750w, https:\/\/www.em.com.br\/emfoco\/wp-content\/uploads\/2026\/01\/freepik__mesa-simples-de-casa-brasileira-com-planilha-de-ga__6801-1140x651.png 1140w\" sizes=\"auto, (max-width: 1024px) 100vw, 1024px\" \/><figcaption class=\"wp-element-caption\">Aumento do sal\u00e1rio m\u00ednimo para R$ 1.789 gera esperan\u00e7a no pa\u00eds<\/figcaption><\/figure>\n\n\n\n<h2 class=\"wp-block-heading\">Quem recebe o sal\u00e1rio m\u00ednimo no Rio Grande do Sul em 2026 e como organizar essa renda?<\/h2>\n\n\n\n<p>No Rio Grande do Sul, o sal\u00e1rio m\u00ednimo nacional de&nbsp;<strong>R$ 1.621,00<\/strong>&nbsp;continua sendo refer\u00eancia para diversos grupos, como aposentados que recebem um sal\u00e1rio m\u00ednimo, benefici\u00e1rios de BPC e trabalhadores de atividades n\u00e3o alcan\u00e7adas pelo piso regional. Para essas pessoas, o desafio \u00e9 montar um or\u00e7amento bastante enxuto, priorizando necessidades essenciais e buscando complementar renda quando poss\u00edvel, com atividades extras ou reorganiza\u00e7\u00e3o de despesas.<\/p>\n\n\n\n<p>J\u00e1 o piso regional, mais presente em v\u00ednculos formais de com\u00e9rcio, servi\u00e7os, ind\u00fastria e campo, garante uma renda um pouco maior para muitos trabalhadores, o que permite ir al\u00e9m da sobreviv\u00eancia b\u00e1sica. Quem recebe de acordo com as faixas estaduais deve ficar atento ao valor enquadrado em sua fun\u00e7\u00e3o para calcular com precis\u00e3o quanto pode destinar a moradia, alimenta\u00e7\u00e3o, transporte, lazer e, principalmente, \u00e0 forma\u00e7\u00e3o de uma reserva financeira que traga seguran\u00e7a em momentos de instabilidade.<\/p>\n\n\n\n<h2 class=\"wp-block-heading\">Como saber qual piso se aplica ao seu caso e usar essa informa\u00e7\u00e3o para planejar melhor as finan\u00e7as?<\/h2>\n\n\n\n<p>Para descobrir qual&nbsp;<strong>piso salarial<\/strong>&nbsp;se aplica em 2026 no Rio Grande do Sul e conseguir planejar com clareza o or\u00e7amento mensal, \u00e9 importante seguir alguns passos simples de organiza\u00e7\u00e3o. Essa verifica\u00e7\u00e3o permite conferir se o valor recebido est\u00e1 correto e, a partir da\u00ed, distribuir a renda entre despesas essenciais, metas financeiras e eventuais investimentos de forma equilibrada.<\/p>\n\n\n\n<p>Algumas a\u00e7\u00f5es pr\u00e1ticas ajudam a identificar o piso correto e a transformar essa informa\u00e7\u00e3o em base para um planejamento financeiro consistente e seguro:<\/p>\n\n\n\n<ul class=\"wp-block-list\">\n<li>Consultar a\u00a0<strong>carteira de trabalho<\/strong>\u00a0e o contrato para conferir a fun\u00e7\u00e3o registrada e o sal\u00e1rio contratado.<\/li>\n\n\n\n<li>Verificar se existe\u00a0<strong>conven\u00e7\u00e3o ou acordo coletivo<\/strong>\u00a0que determine piso espec\u00edfico para a categoria.<\/li>\n\n\n\n<li>Checar se a fun\u00e7\u00e3o se enquadra em alguma\u00a0<strong>faixa do piso regional ga\u00facho<\/strong>\u00a0prevista em lei estadual.<\/li>\n\n\n\n<li>Comparar o valor recebido com o\u00a0<strong>sal\u00e1rio m\u00ednimo nacional<\/strong>\u00a0de R$ 1.621,00 e com o piso regional aplic\u00e1vel.<\/li>\n\n\n\n<li>Ap\u00f3s confirmar o valor correto, montar um or\u00e7amento separando porcentagens para despesas fixas, vari\u00e1veis, d\u00edvidas e reserva.<\/li>\n<\/ul>\n\n\n\n<h2 class=\"wp-block-heading\">Quais s\u00e3o os impactos pr\u00e1ticos do sal\u00e1rio m\u00ednimo no Rio Grande do Sul em 2026 no or\u00e7amento familiar?<\/h2>\n\n\n\n<p>Os valores do&nbsp;<strong>sal\u00e1rio m\u00ednimo no Rio Grande do Sul em 2026<\/strong>&nbsp;influenciam diretamente o or\u00e7amento das fam\u00edlias, o padr\u00e3o de consumo e a capacidade de poupar. Um piso nacional de R$ 1.621,00, somado a faixas regionais que podem superar R$ 2.200,00, modifica o quanto cada fam\u00edlia consegue destinar a alimenta\u00e7\u00e3o, moradia, transporte, educa\u00e7\u00e3o, lazer e forma\u00e7\u00e3o de patrim\u00f4nio, afetando inclusive decis\u00f5es de cr\u00e9dito e endividamento.<\/p>\n\n\n\n<p>Ao mesmo tempo, um piso regional mais elevado tende a fortalecer o poder de compra local, o que aumenta a circula\u00e7\u00e3o de dinheiro em com\u00e9rcios e servi\u00e7os. Para o trabalhador, essa realidade significa oportunidade de organizar melhor a vida financeira, desde que exista disciplina para n\u00e3o transformar todo ganho adicional em aumento de gastos. Utilizar planilhas, aplicativos ou planifica\u00e7\u00f5es simples em papel ajuda a transformar o sal\u00e1rio recebido, seja nacional ou regional, em uma base s\u00f3lida para um futuro financeiro mais est\u00e1vel e planejado.<\/p>\n","protected":false},"excerpt":{"rendered":"<p>Entender como funciona o\u00a0sal\u00e1rio m\u00ednimo no Rio Grande do Sul em 2026\u00a0\u00e9 fundamental para quem deseja organizar o or\u00e7amento, planejar metas financeiras pessoais e tomar decis\u00f5es mais conscientes sobre carreira, consumo e investimentos. O ponto central \u00e9 que, no estado, convivem dois referenciais importantes, o piso nacional e o piso regional ga\u00facho, e essa diferen\u00e7a [&hellip;]<\/p>\n","protected":false},"author":19,"featured_media":161802,"comment_status":"open","ping_status":"open","sticky":false,"template":"","format":"standard","meta":{"jnews-multi-image_gallery":[],"jnews_single_post":{"format":"standard"},"jnews_primary_category":[],"jnews_social_meta":[],"jnews_override_counter":[],"footnotes":""},"categories":[28],"tags":[1877,717],"class_list":["post-161691","post","type-post","status-publish","format-standard","has-post-thumbnail","hentry","category-economia","tag-salario","tag-salario-minimo"],"yoast_head":"<!-- This site is optimized with the Yoast SEO plugin v23.8 - https:\/\/yoast.com\/wordpress\/plugins\/seo\/ -->\n<title>Sal\u00e1rio m\u00ednimo (29\/01) sobe para R$ 1.789 e traz alegria para o pa\u00eds - Estado de Minas - Em foco<\/title>\n<meta name=\"description\" content=\"Sal\u00e1rio m\u00ednimo 2026 no RS: veja valor nacional de R 1.621 e pisos regionais entre R 1.789 e R 2.267, categorias e impacto no bolso.\" \/>\n<meta name=\"robots\" content=\"index, follow, max-snippet:-1, max-image-preview:large, max-video-preview:-1\" \/>\n<link rel=\"canonical\" href=\"https:\/\/www.em.com.br\/emfoco\/2026\/01\/29\/salario-minimo-29-01-sobe-para-r-1-789-e-traz-alegria-para-o-pais\/\" \/>\n<meta property=\"og:locale\" content=\"pt_BR\" \/>\n<meta property=\"og:type\" content=\"article\" \/>\n<meta property=\"og:title\" content=\"Sal\u00e1rio m\u00ednimo (29\/01) sobe para R$ 1.789 e traz alegria para o pa\u00eds - Estado de Minas - Em foco\" \/>\n<meta property=\"og:description\" content=\"Sal\u00e1rio m\u00ednimo 2026 no RS: veja valor nacional de R 1.621 e pisos regionais entre R 1.789 e R 2.267, categorias e impacto no bolso.\" \/>\n<meta property=\"og:url\" content=\"https:\/\/www.em.com.br\/emfoco\/2026\/01\/29\/salario-minimo-29-01-sobe-para-r-1-789-e-traz-alegria-para-o-pais\/\" \/>\n<meta property=\"og:site_name\" content=\"Estado de Minas - Em foco\" \/>\n<meta property=\"article:published_time\" content=\"2026-01-29T15:29:00+00:00\" \/>\n<meta property=\"article:modified_time\" content=\"2026-01-29T15:05:04+00:00\" \/>\n<meta property=\"og:image\" content=\"https:\/\/www.em.com.br\/emfoco\/wp-content\/uploads\/2026\/01\/freepik__trabalhador-brasileiro-segurando-carteira-e-celula__6804-scaled.jpeg\" \/>\n\t<meta property=\"og:image:width\" content=\"2560\" \/>\n\t<meta property=\"og:image:height\" content=\"1463\" \/>\n\t<meta property=\"og:image:type\" content=\"image\/jpeg\" \/>\n<meta name=\"author\" content=\"Vanessa Tavares\" \/>\n<meta name=\"twitter:card\" content=\"summary_large_image\" \/>\n<meta name=\"twitter:label1\" content=\"Escrito por\" \/>\n\t<meta name=\"twitter:data1\" content=\"Vanessa Tavares\" \/>\n\t<meta name=\"twitter:label2\" content=\"Est. tempo de leitura\" \/>\n\t<meta name=\"twitter:data2\" content=\"7 minutos\" \/>\n<!-- \/ Yoast SEO plugin. -->","yoast_head_json":{"title":"Sal\u00e1rio m\u00ednimo (29\/01) sobe para R$ 1.789 e traz alegria para o pa\u00eds - Estado de Minas - Em foco","description":"Sal\u00e1rio m\u00ednimo 2026 no RS: veja valor nacional de R 1.621 e pisos regionais entre R 1.789 e R 2.267, categorias e impacto no bolso.","robots":{"index":"index","follow":"follow","max-snippet":"max-snippet:-1","max-image-preview":"max-image-preview:large","max-video-preview":"max-video-preview:-1"},"canonical":"https:\/\/www.em.com.br\/emfoco\/2026\/01\/29\/salario-minimo-29-01-sobe-para-r-1-789-e-traz-alegria-para-o-pais\/","og_locale":"pt_BR","og_type":"article","og_title":"Sal\u00e1rio m\u00ednimo (29\/01) sobe para R$ 1.789 e traz alegria para o pa\u00eds - Estado de Minas - Em foco","og_description":"Sal\u00e1rio m\u00ednimo 2026 no RS: veja valor nacional de R 1.621 e pisos regionais entre R 1.789 e R 2.267, categorias e impacto no bolso.","og_url":"https:\/\/www.em.com.br\/emfoco\/2026\/01\/29\/salario-minimo-29-01-sobe-para-r-1-789-e-traz-alegria-para-o-pais\/","og_site_name":"Estado de Minas - Em foco","article_published_time":"2026-01-29T15:29:00+00:00","article_modified_time":"2026-01-29T15:05:04+00:00","og_image":[{"width":2560,"height":1463,"url":"https:\/\/www.em.com.br\/emfoco\/wp-content\/uploads\/2026\/01\/freepik__trabalhador-brasileiro-segurando-carteira-e-celula__6804-scaled.jpeg","type":"image\/jpeg"}],"author":"Vanessa Tavares","twitter_card":"summary_large_image","twitter_misc":{"Escrito por":"Vanessa Tavares","Est. tempo de leitura":"7 minutos"},"schema":{"@context":"https:\/\/schema.org","@graph":[{"@type":"WebPage","@id":"https:\/\/www.em.com.br\/emfoco\/2026\/01\/29\/salario-minimo-29-01-sobe-para-r-1-789-e-traz-alegria-para-o-pais\/","url":"https:\/\/www.em.com.br\/emfoco\/2026\/01\/29\/salario-minimo-29-01-sobe-para-r-1-789-e-traz-alegria-para-o-pais\/","name":"Sal\u00e1rio m\u00ednimo (29\/01) sobe para R$ 1.789 e traz alegria para o pa\u00eds - Estado de Minas - Em foco","isPartOf":{"@id":"https:\/\/www.em.com.br\/emfoco\/#website"},"primaryImageOfPage":{"@id":"https:\/\/www.em.com.br\/emfoco\/2026\/01\/29\/salario-minimo-29-01-sobe-para-r-1-789-e-traz-alegria-para-o-pais\/#primaryimage"},"image":{"@id":"https:\/\/www.em.com.br\/emfoco\/2026\/01\/29\/salario-minimo-29-01-sobe-para-r-1-789-e-traz-alegria-para-o-pais\/#primaryimage"},"thumbnailUrl":"https:\/\/www.em.com.br\/emfoco\/wp-content\/uploads\/2026\/01\/freepik__trabalhador-brasileiro-segurando-carteira-e-celula__6804-scaled.jpeg","datePublished":"2026-01-29T15:29:00+00:00","dateModified":"2026-01-29T15:05:04+00:00","author":{"@id":"https:\/\/www.em.com.br\/emfoco\/#\/schema\/person\/4a7a157aac450b98edc86f15a7434f0b"},"description":"Sal\u00e1rio m\u00ednimo 2026 no RS: veja valor nacional de R 1.621 e pisos regionais entre R 1.789 e R 2.267, categorias e impacto no bolso.","breadcrumb":{"@id":"https:\/\/www.em.com.br\/emfoco\/2026\/01\/29\/salario-minimo-29-01-sobe-para-r-1-789-e-traz-alegria-para-o-pais\/#breadcrumb"},"inLanguage":"pt-BR","potentialAction":[{"@type":"ReadAction","target":["https:\/\/www.em.com.br\/emfoco\/2026\/01\/29\/salario-minimo-29-01-sobe-para-r-1-789-e-traz-alegria-para-o-pais\/"]}]},{"@type":"ImageObject","inLanguage":"pt-BR","@id":"https:\/\/www.em.com.br\/emfoco\/2026\/01\/29\/salario-minimo-29-01-sobe-para-r-1-789-e-traz-alegria-para-o-pais\/#primaryimage","url":"https:\/\/www.em.com.br\/emfoco\/wp-content\/uploads\/2026\/01\/freepik__trabalhador-brasileiro-segurando-carteira-e-celula__6804-scaled.jpeg","contentUrl":"https:\/\/www.em.com.br\/emfoco\/wp-content\/uploads\/2026\/01\/freepik__trabalhador-brasileiro-segurando-carteira-e-celula__6804-scaled.jpeg","width":2560,"height":1463,"caption":"Sal\u00e1rio m\u00ednimo sobe para R$ 1.789 e reacende o otimismo no pa\u00eds"},{"@type":"BreadcrumbList","@id":"https:\/\/www.em.com.br\/emfoco\/2026\/01\/29\/salario-minimo-29-01-sobe-para-r-1-789-e-traz-alegria-para-o-pais\/#breadcrumb","itemListElement":[{"@type":"ListItem","position":1,"name":"In\u00edcio","item":"https:\/\/www.em.com.br\/emfoco\/"},{"@type":"ListItem","position":2,"name":"Sal\u00e1rio m\u00ednimo (29\/01) sobe para R$ 1.789 e traz alegria para o pa\u00eds"}]},{"@type":"WebSite","@id":"https:\/\/www.em.com.br\/emfoco\/#website","url":"https:\/\/www.em.com.br\/emfoco\/","name":"Estado de Minas - Em foco","description":"Acompanhe as \u00faltimas not\u00edcias e fique bem informado sobre tudo o que acontece em Minas Gerais, Brasil e no mundo.","potentialAction":[{"@type":"SearchAction","target":{"@type":"EntryPoint","urlTemplate":"https:\/\/www.em.com.br\/emfoco\/?s={search_term_string}"},"query-input":{"@type":"PropertyValueSpecification","valueRequired":true,"valueName":"search_term_string"}}],"inLanguage":"pt-BR"},{"@type":"Person","@id":"https:\/\/www.em.com.br\/emfoco\/#\/schema\/person\/4a7a157aac450b98edc86f15a7434f0b","name":"Vanessa Tavares","image":{"@type":"ImageObject","inLanguage":"pt-BR","@id":"https:\/\/www.em.com.br\/emfoco\/#\/schema\/person\/image\/","url":"https:\/\/secure.gravatar.com\/avatar\/088c9372da58da00f00f8e508f13d635?s=96&d=mm&r=g","contentUrl":"https:\/\/secure.gravatar.com\/avatar\/088c9372da58da00f00f8e508f13d635?s=96&d=mm&r=g","caption":"Vanessa Tavares"},"sameAs":["https:\/\/www.em.com.br\/emfoco"],"url":"https:\/\/www.em.com.br\/emfoco\/author\/vanessamyth\/"}]}},"_links":{"self":[{"href":"https:\/\/www.em.com.br\/emfoco\/wp-json\/wp\/v2\/posts\/161691","targetHints":{"allow":["GET"]}}],"collection":[{"href":"https:\/\/www.em.com.br\/emfoco\/wp-json\/wp\/v2\/posts"}],"about":[{"href":"https:\/\/www.em.com.br\/emfoco\/wp-json\/wp\/v2\/types\/post"}],"author":[{"embeddable":true,"href":"https:\/\/www.em.com.br\/emfoco\/wp-json\/wp\/v2\/users\/19"}],"replies":[{"embeddable":true,"href":"https:\/\/www.em.com.br\/emfoco\/wp-json\/wp\/v2\/comments?post=161691"}],"version-history":[{"count":2,"href":"https:\/\/www.em.com.br\/emfoco\/wp-json\/wp\/v2\/posts\/161691\/revisions"}],"predecessor-version":[{"id":161809,"href":"https:\/\/www.em.com.br\/emfoco\/wp-json\/wp\/v2\/posts\/161691\/revisions\/161809"}],"wp:featuredmedia":[{"embeddable":true,"href":"https:\/\/www.em.com.br\/emfoco\/wp-json\/wp\/v2\/media\/161802"}],"wp:attachment":[{"href":"https:\/\/www.em.com.br\/emfoco\/wp-json\/wp\/v2\/media?parent=161691"}],"wp:term":[{"taxonomy":"category","embeddable":true,"href":"https:\/\/www.em.com.br\/emfoco\/wp-json\/wp\/v2\/categories?post=161691"},{"taxonomy":"post_tag","embeddable":true,"href":"https:\/\/www.em.com.br\/emfoco\/wp-json\/wp\/v2\/tags?post=161691"}],"curies":[{"name":"wp","href":"https:\/\/api.w.org\/{rel}","templated":true}]}}